{"id":46610,"date":"2025-01-27T21:22:16","date_gmt":"2025-01-27T21:22:16","guid":{"rendered":"https:\/\/enfoquenoticioso.com\/entretenimiento\/las-tres-mellizas-y-la-extrana-censura-que-sufrio-la-mitica-serie-animada-por-motivos-inesperados\/"},"modified":"2025-01-27T21:22:16","modified_gmt":"2025-01-27T21:22:16","slug":"las-tres-mellizas-y-la-extrana-censura-que-sufrio-la-mitica-serie-animada-por-motivos-inesperados","status":"publish","type":"post","link":"https:\/\/enfoquenoticioso.com\/?p=46610","title":{"rendered":"&#8216;Las tres mellizas&#8217; y la extra\u00f1a censura que sufri\u00f3 la m\u00edtica serie animada por motivos inesperados"},"content":{"rendered":"<div>\n<p>A estas alturas ya cuesta sorprenderse al saber que una serie infantil fuera censurada en alg\u00fan pa\u00eds, por muy inofensivas que nos parezcan. <a class=\"text-outboundlink\" href=\"https:\/\/www.espinof.com\/animacion\/aquella-vez-que-censuraron-david-gnomo-ee-uu-unas-escenas-mal-gusto\" data-vars-post-title=\"Aquella vez que censuraron &#039;David, el gnomo&#039; en EE.UU. por unas escenas &quot;de mal gusto&quot;\" data-vars-post-url=\"https:\/\/www.espinof.com\/animacion\/aquella-vez-que-censuraron-david-gnomo-ee-uu-unas-escenas-mal-gusto\" target=\"_blank\" rel=\"noopener\">Le pas\u00f3 a &#8216;David, el gnomo&#8217;<\/a> y tambi\u00e9n a <a href=\"https:\/\/www.espinof.com\/tag\/las-tres-mellizas\" target=\"_blank\" rel=\"noopener\">&#8216;Las tres mellizas&#8217;<\/a>, que <strong>no pudo emitir casi la mitad de sus episodios en Al Jazeera por motivos religiosos<\/strong>.<\/p>\n<p><!-- BREAK 1 --> <\/p>\n<div id=\"ez-toc-container\" class=\"ez-toc-v2_0_81 counter-hierarchy ez-toc-counter ez-toc-grey ez-toc-container-direction\">\n<div class=\"ez-toc-title-container\">\n<p class=\"ez-toc-title\" style=\"cursor:inherit\">Tabla de Contenido<\/p>\n<span class=\"ez-toc-title-toggle\"><a href=\"#\" class=\"ez-toc-pull-right ez-toc-btn ez-toc-btn-xs ez-toc-btn-default ez-toc-toggle\" aria-label=\"Alternar tabla de contenidos\"><span class=\"ez-toc-js-icon-con\"><span class=\"\"><span class=\"eztoc-hide\" style=\"display:none;\">Toggle<\/span><span class=\"ez-toc-icon-toggle-span\"><svg style=\"fill: #999;color:#999\" xmlns=\"http:\/\/www.w3.org\/2000\/svg\" class=\"list-377408\" width=\"20px\" height=\"20px\" viewBox=\"0 0 24 24\" fill=\"none\"><path d=\"M6 6H4v2h2V6zm14 0H8v2h12V6zM4 11h2v2H4v-2zm16 0H8v2h12v-2zM4 16h2v2H4v-2zm16 0H8v2h12v-2z\" fill=\"currentColor\"><\/path><\/svg><svg style=\"fill: #999;color:#999\" class=\"arrow-unsorted-368013\" xmlns=\"http:\/\/www.w3.org\/2000\/svg\" width=\"10px\" height=\"10px\" viewBox=\"0 0 24 24\" version=\"1.2\" baseProfile=\"tiny\"><path d=\"M18.2 9.3l-6.2-6.3-6.2 6.3c-.2.2-.3.4-.3.7s.1.5.3.7c.2.2.4.3.7.3h11c.3 0 .5-.1.7-.3.2-.2.3-.5.3-.7s-.1-.5-.3-.7zM5.8 14.7l6.2 6.3 6.2-6.3c.2-.2.3-.5.3-.7s-.1-.5-.3-.7c-.2-.2-.4-.3-.7-.3h-11c-.3 0-.5.1-.7.3-.2.2-.3.5-.3.7s.1.5.3.7z\"\/><\/svg><\/span><\/span><\/span><\/a><\/span><\/div>\n<nav><ul class='ez-toc-list ez-toc-list-level-1 ' ><li class='ez-toc-page-1 ez-toc-heading-level-2'><a class=\"ez-toc-link ez-toc-heading-1\" href=\"https:\/\/enfoquenoticioso.com\/?p=46610\/#Ya_hay_otro_cuento_que_contar\" >Ya hay otro cuento que contar<\/a><\/li><\/ul><\/nav><\/div>\n<h2><span class=\"ez-toc-section\" id=\"Ya_hay_otro_cuento_que_contar\"><\/span>Ya hay otro cuento que contar<span class=\"ez-toc-section-end\"><\/span><\/h2>\n<p>&#8216;Las tres mellizas&#8217; (&#8216;Les tres bessones&#8217;) es una de las series de animaci\u00f3n espa\u00f1olas m\u00e1s reconocibles de la historia de nuestra TV. <strong>Basada en los libros ilustrados de Roser Capdevila<\/strong>, estos comenzaron a publicarse en 1983 y dieron el salto a la peque\u00f1a pantalla en 1995.<\/p>\n<p><!-- BREAK 2 --><\/p>\n<div class=\"article-asset article-asset-normal article-asset-center\">\n<div class=\"desvio-container\">\n<div class=\"desvio\">\n<div class=\"desvio-figure js-desvio-figure\">\n    <a href=\"https:\/\/www.espinof.com\/listas\/david-gnomo-otras-series-dibujos-clasicas-que-puedes-ver-streaming-para-recordar-mejor-tu-infancia\" class=\"pivot-outboundlink\" data-vars-post-title=\"&#039;David el Gnomo&#039; y otras 6 series de dibujos cl\u00e1sicas que puedes ver en streaming para recordar lo mejor de tu infancia\" target=\"_blank\" rel=\"noopener\"><br \/>\n     <img loading=\"lazy\" decoding=\"async\" alt=\"'David el Gnomo' y otras 6 series de dibujos cl\u00e1sicas que puedes ver en streaming para recordar lo mejor de tu infancia\" width=\"375\" height=\"142\" src=\"https:\/\/i.blogs.es\/2738c6\/series-de-infancia\/375_142.jpeg\"\/><br \/>\n    <\/a>\n   <\/div>\n<\/p><\/div>\n<\/p><\/div>\n<\/div>\n<p>Durante dos temporadas y 104 cap\u00edtulos, toda una generaci\u00f3n acompa\u00f1\u00f3 en sus aventuras a estas tres mellizas que, cada vez que hac\u00edan travesuras, terminaban siendo<strong> castigadas por la Bruja Aburrida y las enviaba directas a alg\u00fan cuento o historia cl\u00e1sica<\/strong> para que aprendieran la lecci\u00f3n.<\/p>\n<p><!-- BREAK 3 --> <\/p>\n<p>Anna, Helena y Teresa fueron un aut\u00e9ntico <em>boom <\/em>televisivo no solo a nivel nacional. La serie se export\u00f3 con \u00e9xito internacionalmente a pa\u00edses como China, Jap\u00f3n, Italia, Francia, Portugal o Grecia. Sin embargo, <strong>hubo un pa\u00eds en concreto que les puso pegas a la emisi\u00f3n: Al Jazeera<\/strong>. As\u00ed <a rel=\"noopener, noreferrer\" href=\"https:\/\/www.rtve.es\/television\/20240205\/tres-mellizas-realidad-a-ficcion\/15956577.shtml\" target=\"_blank\">lo relat\u00f3<\/a> Capdevila:<\/p>\n<p><!-- BREAK 4 --><\/p>\n<blockquote><p>\u00abEn Al Jazeera quer\u00edan la serie. Entonces fundamos un grupo de crisis en Cromosoma, que era la productora. Decidimos que unos pa\u00edses donde las mujeres no eran nada, las ni\u00f1as menos, que cogieran una serie con tres ni\u00f1as, pues nos apetec\u00eda. Y les pusimos una condici\u00f3n: nada de censuras. Es que son 104 los episodios de media hora cada uno. Y que si algo no les gustaba, pues que aquel episodio no lo aceptaran. \u00a1Quitaron 50!\u00bb.<\/p><\/blockquote>\n<div class=\"article-asset-image article-asset-normal article-asset-center\">\n<div class=\"asset-content\">\n                   <img class=\"centro_sinmarco\" height=\"397\" width=\"624\" loading=\"lazy\" decoding=\"async\" sizes=\"auto, 100vw\" fetchpriority=\"high\" srcset=\"https:\/\/i.blogs.es\/1c1346\/tres-mellizas\/450_1000.jpeg 450w, https:\/\/i.blogs.es\/1c1346\/tres-mellizas\/650_1200.jpeg 681w,https:\/\/i.blogs.es\/1c1346\/tres-mellizas\/1024_2000.jpeg 1024w, https:\/\/i.blogs.es\/1c1346\/tres-mellizas\/1366_2000.jpeg 1366w\" src=\"https:\/\/i.blogs.es\/1c1346\/tres-mellizas\/450_1000.jpeg\" alt=\"Tres Mellizas\"\/><br \/>\n   <img decoding=\"async\" alt=\"Tres Mellizas\" class=\"centro_sinmarco\" src=\"https:\/\/i.blogs.es\/1c1346\/tres-mellizas\/450_1000.jpeg\"\/><\/p><\/div>\n<\/div>\n<p>El motivo de la censura ni siquiera ten\u00eda que ver con alguno de los elementos principales, sino con los de fondo: Capdevila se encargaba de hacer <strong>los fondos de la serie<\/strong> y a menudo<strong> inclu\u00eda ermitas con una cruz <\/strong>en ellos. La aparici\u00f3n de esos s\u00edmbolos religiosos no gust\u00f3 al canal de TV catar\u00ed y rechazaron emitir pr\u00e1cticamente la mitad de los cap\u00edtulos de la serie.<\/p>\n<p><!-- BREAK 5 --><\/p>\n<p><strong>\u00abAdem\u00e1s, como estaba doblada en \u00e1rabe, yo no s\u00e9 el texto c\u00f3mo lo hicieron\u00bb<\/strong> a\u00f1adi\u00f3 Capdevila, dejando caer la posibilidad de que todav\u00eda se hicieran m\u00e1s modificaciones que escaparon a su control aprovechando esa laguna (nunca lo sabremos, aunque desde luego no es la primera vez que ha pasado algo as\u00ed).<\/p>\n<p><!-- BREAK 6 --> <\/p>\n<div class=\"article-asset article-asset-normal article-asset-center\">\n<div class=\"desvio-container\">\n<div class=\"desvio\">\n<div class=\"desvio-figure js-desvio-figure\">\n    <a href=\"https:\/\/www.espinof.com\/animacion\/telecinco-no-tendriamos-a-sonic-como-cadena-espanola-fue-vital-primeros-anos-erizo-azul\" class=\"pivot-outboundlink\" data-vars-post-title=\"Sin Telecinco no tendr\u00edamos a Sonic. C\u00f3mo la cadena espa\u00f1ola fue vital en los primeros a\u00f1os del erizo azul\" target=\"_blank\" rel=\"noopener\"><br \/>\n     <img loading=\"lazy\" decoding=\"async\" alt=\"Sin Telecinco no tendr\u00edamos a Sonic. C\u00f3mo la cadena espa\u00f1ola fue vital en los primeros a\u00f1os del erizo azul\" width=\"375\" height=\"142\" src=\"https:\/\/i.blogs.es\/17b725\/sonic-1-\/375_142.jpeg\"\/><br \/>\n    <\/a>\n   <\/div>\n<\/p><\/div>\n<\/p><\/div>\n<\/div>\n<p>La serie se emiti\u00f3 hasta 2004 en TV3, La 2 y algunas auton\u00f3micas, pero fue tan popular que <strong>tuvo tambi\u00e9n varios <\/strong><em><strong>spin-offs<\/strong><\/em><strong>: el de &#8216;La Bruja Aburrida&#8217;<\/strong> (emitido entre 1999 y 2000) <strong>y &#8216;Las tres mellizas beb\u00e9s&#8217; <\/strong>(2006). En 2020, se anunci\u00f3 que<a class=\"text-outboundlink\" href=\"https:\/\/www.espinof.com\/proyectos\/vuelven-bruja-aburrida-tres-mellizas-marcha-reboot-serie-animada-espanola-guionista-tadeo-jones\" data-vars-post-title=\"Vuelven la Bruja Aburrida y &#039;Las tres mellizas&#039;: en marcha un reboot de la serie animada espa\u00f1ola con el guionista de &#039;Tadeo Jones&#039; \" data-vars-post-url=\"https:\/\/www.espinof.com\/proyectos\/vuelven-bruja-aburrida-tres-mellizas-marcha-reboot-serie-animada-espanola-guionista-tadeo-jones\" target=\"_blank\" rel=\"noopener\"> ten\u00eda en marcha un <em>reboot<\/em><\/a>, pero a d\u00eda de hoy sigue sin haberse llevado a cabo.<\/p>\n<p><!-- BREAK 7 --><\/p>\n<p>En Espa\u00f1a, la serie est\u00e1 disponible a trav\u00e9s de <a rel=\"nofollow, sponsored, noopener, noreferrer\" target=\"_blank\" class=\"js-ecommerce\" id=\"link-ecommerce-1\" href=\"https:\/\/www.espinof.com\/redirect?url=https%3A%2F%2Fwww.primevideo.com%2Fdetail%2F0R1CCRB1XI05B1FSNGODSPIUKA%2Fref%3Datv_sr_fle_c_Tn74RA_1_1_1%3Fsr%3D1-1%26pageTypeIdSource%3DASIN%26pageTypeId%3DB07C11M6F1%26qid%3D1737987158900&amp;category=animacion&amp;ecomPostExpiration=everlasting&amp;postId=243457\" data-vars-affiliate-url=\"https:\/\/www.primevideo.com\/detail\/0R1CCRB1XI05B1FSNGODSPIUKA\/ref=atv_sr_fle_c_Tn74RA_1_1_1?sr=1-1&amp;pageTypeIdSource=ASIN&amp;pageTypeId=B07C11M6F1&amp;qid=1737987158900\">Amazon Prime Video<\/a> y <a rel=\"nofollow, sponsored, noopener, noreferrer\" target=\"_blank\" class=\"js-ecommerce\" id=\"link-ecommerce-2\" href=\"https:\/\/www.espinof.com\/redirect?url=https%3A%2F%2Fwww.filmin.es%2Fserie%2Flas-tres-mellizas&amp;category=animacion&amp;ecomPostExpiration=everlasting&amp;postId=243457\" data-vars-affiliate-url=\"https:\/\/www.filmin.es\/serie\/las-tres-mellizas\">Filmin<\/a><\/p>\n<p>En Espinof | <a class=\"text-outboundlink\" href=\"https:\/\/www.espinof.com\/animacion\/world-masterpiece-theater-coleccion-animes-que-adaptaban-clasicos-europeos-que-hayao-miyazaki-dio-sus-primeros-pasos\" data-vars-post-title=\"World Masterpiece Theater, la colecci\u00f3n de animes que adaptaban cl\u00e1sicos europeos en la que Hayao Miyazaki dio sus primeros pasos\" data-vars-post-url=\"https:\/\/www.espinof.com\/animacion\/world-masterpiece-theater-coleccion-animes-que-adaptaban-clasicos-europeos-que-hayao-miyazaki-dio-sus-primeros-pasos\" target=\"_blank\" rel=\"noopener\">World \u00a0Masterpiece Theater, la colecci\u00f3n \u00a0de animes que adaptaban cl\u00e1sicos \u00a0europeos en la que Hayao Miyazaki dio \u00a0sus primeros pasos<\/a><\/p>\n<p>En Espinof | <a class=\"text-outboundlink\" href=\"https:\/\/www.espinof.com\/listas\/mejores-peliculas-animacion-2024\" data-vars-post-title=\"Las mejores pel\u00edculas de animaci\u00f3n de 2024\" data-vars-post-url=\"https:\/\/www.espinof.com\/listas\/mejores-peliculas-animacion-2024\" target=\"_blank\" rel=\"noopener\">Las mejores pel\u00edculas de animaci\u00f3n de 2024<\/a><\/p>\n<\/p><\/div>\n<p><a href=\"https:\/\/www.espinof.com\/animacion\/tres-mellizas-extrana-censura-que-sufrio-mitica-serie-animada-motivos-inesperados\" class=\" target=\" title=\"&#039;Las tres mellizas&#039; y la extra\u00f1a censura que sufri\u00f3 la m\u00edtica serie animada por motivos inesperados\" target=\"_blank\" rel=\"noopener\">Ver fuente<\/a><\/p>\n","protected":false},"excerpt":{"rendered":"<p>A estas alturas ya cuesta sorprenderse al saber que una serie infantil fuera censurada en alg\u00fan pa\u00eds, por muy inofensivas que nos parezcan. Le pas\u00f3 a &#8216;David, el gnomo&#8217; y tambi\u00e9n a &#8216;Las tres mellizas&#8217;, que no pudo emitir casi la mitad de sus episodios en Al Jazeera por motivos religiosos. Ya hay otro cuento [&hellip;]<\/p>\n","protected":false},"author":2,"featured_media":46611,"comment_status":"open","ping_status":"closed","sticky":false,"template":"","format":"standard","meta":{"footnotes":""},"categories":[8],"tags":[],"class_list":["post-46610","post","type-post","status-publish","format-standard","has-post-thumbnail","hentry","category-entretenimiento"],"_links":{"self":[{"href":"https:\/\/enfoquenoticioso.com\/index.php?rest_route=\/wp\/v2\/posts\/46610","targetHints":{"allow":["GET"]}}],"collection":[{"href":"https:\/\/enfoquenoticioso.com\/index.php?rest_route=\/wp\/v2\/posts"}],"about":[{"href":"https:\/\/enfoquenoticioso.com\/index.php?rest_route=\/wp\/v2\/types\/post"}],"author":[{"embeddable":true,"href":"https:\/\/enfoquenoticioso.com\/index.php?rest_route=\/wp\/v2\/users\/2"}],"replies":[{"embeddable":true,"href":"https:\/\/enfoquenoticioso.com\/index.php?rest_route=%2Fwp%2Fv2%2Fcomments&post=46610"}],"version-history":[{"count":0,"href":"https:\/\/enfoquenoticioso.com\/index.php?rest_route=\/wp\/v2\/posts\/46610\/revisions"}],"wp:featuredmedia":[{"embeddable":true,"href":"https:\/\/enfoquenoticioso.com\/index.php?rest_route=\/wp\/v2\/media\/46611"}],"wp:attachment":[{"href":"https:\/\/enfoquenoticioso.com\/index.php?rest_route=%2Fwp%2Fv2%2Fmedia&parent=46610"}],"wp:term":[{"taxonomy":"category","embeddable":true,"href":"https:\/\/enfoquenoticioso.com\/index.php?rest_route=%2Fwp%2Fv2%2Fcategories&post=46610"},{"taxonomy":"post_tag","embeddable":true,"href":"https:\/\/enfoquenoticioso.com\/index.php?rest_route=%2Fwp%2Fv2%2Ftags&post=46610"}],"curies":[{"name":"wp","href":"https:\/\/api.w.org\/{rel}","templated":true}]}}