{"id":46624,"date":"2025-01-27T22:23:48","date_gmt":"2025-01-27T22:23:48","guid":{"rendered":"https:\/\/enfoquenoticioso.com\/entretenimiento\/los-anillos-de-poder-la-temporada-2-de-la-epica-serie-de-prime-video-ha-sufrido-un-bajon-durisimo-de-audiencias\/"},"modified":"2025-01-27T22:23:48","modified_gmt":"2025-01-27T22:23:48","slug":"los-anillos-de-poder-la-temporada-2-de-la-epica-serie-de-prime-video-ha-sufrido-un-bajon-durisimo-de-audiencias","status":"publish","type":"post","link":"https:\/\/enfoquenoticioso.com\/?p=46624","title":{"rendered":"Los anillos de poder&#8217;? La temporada 2 de la \u00e9pica serie de Prime Video ha sufrido un baj\u00f3n dur\u00edsimo de audiencias"},"content":{"rendered":"<div>\n<p>En <strong>Amazon<\/strong> hicieron una apuesta tremenda por <a class=\"text-outboundlink\" href=\"https:\/\/www.espinof.com\/criticas\/senor-anillos-anillos-poder-2x08-limpieza-etnica-numenor-quema-pergaminos-formidable-final-temporada\" data-vars-post-title=\"&#039;El se\u00f1or de los anillos: Los anillos de poder&#039; (2x08) - Limpieza \u00e9tnica en N\u00famenor y quema de pergaminos en un formidable final de temporada\" data-vars-post-url=\"https:\/\/www.espinof.com\/criticas\/senor-anillos-anillos-poder-2x08-limpieza-etnica-numenor-quema-pergaminos-formidable-final-temporada\" target=\"_blank\" rel=\"noopener\">&#8216;El se\u00f1or de los anillos: Los anillos de poder&#8217;<\/a>, pues la convirtieron en la serie m\u00e1s cara de la historia, y parece complicada que ninguna vaya a superarla en breve. Sin embargo, sus datos de audiencia siempre <a class=\"text-outboundlink\" href=\"https:\/\/www.espinof.com\/series-de-ficcion\/triste-verdad-exito-senor-anillos-anillos-poder-deja-claro-que-amazon-prime-video-todavia-esta-muy-lejos-netflix\" data-vars-post-title=\"La triste verdad sobre el \u00e9xito de &#039;El se\u00f1or de los anillos: Los anillos de poder&#039; deja claro que Amazon Prime Video todav\u00eda est\u00e1 muy lejos de Netflix\" data-vars-post-url=\"https:\/\/www.espinof.com\/series-de-ficcion\/triste-verdad-exito-senor-anillos-anillos-poder-deja-claro-que-amazon-prime-video-todavia-esta-muy-lejos-netflix\" target=\"_blank\" rel=\"noopener\">despertaron ciertas dudas<\/a> y la \u00faltima informaci\u00f3n que hemos tenido sobre su temporada 2 <strong>lleva a pensar en una m\u00e1s que posible crisis para la serie<\/strong>.<\/p>\n<p><!-- BREAK 1 --> <\/p>\n<div id=\"ez-toc-container\" class=\"ez-toc-v2_0_81 counter-hierarchy ez-toc-counter ez-toc-grey ez-toc-container-direction\">\n<div class=\"ez-toc-title-container\">\n<p class=\"ez-toc-title\" style=\"cursor:inherit\">Tabla de Contenido<\/p>\n<span class=\"ez-toc-title-toggle\"><a href=\"#\" class=\"ez-toc-pull-right ez-toc-btn ez-toc-btn-xs ez-toc-btn-default ez-toc-toggle\" aria-label=\"Alternar tabla de contenidos\"><span class=\"ez-toc-js-icon-con\"><span class=\"\"><span class=\"eztoc-hide\" style=\"display:none;\">Toggle<\/span><span class=\"ez-toc-icon-toggle-span\"><svg style=\"fill: #999;color:#999\" xmlns=\"http:\/\/www.w3.org\/2000\/svg\" class=\"list-377408\" width=\"20px\" height=\"20px\" viewBox=\"0 0 24 24\" fill=\"none\"><path d=\"M6 6H4v2h2V6zm14 0H8v2h12V6zM4 11h2v2H4v-2zm16 0H8v2h12v-2zM4 16h2v2H4v-2zm16 0H8v2h12v-2z\" fill=\"currentColor\"><\/path><\/svg><svg style=\"fill: #999;color:#999\" class=\"arrow-unsorted-368013\" xmlns=\"http:\/\/www.w3.org\/2000\/svg\" width=\"10px\" height=\"10px\" viewBox=\"0 0 24 24\" version=\"1.2\" baseProfile=\"tiny\"><path d=\"M18.2 9.3l-6.2-6.3-6.2 6.3c-.2.2-.3.4-.3.7s.1.5.3.7c.2.2.4.3.7.3h11c.3 0 .5-.1.7-.3.2-.2.3-.5.3-.7s-.1-.5-.3-.7zM5.8 14.7l6.2 6.3 6.2-6.3c.2-.2.3-.5.3-.7s-.1-.5-.3-.7c-.2-.2-.4-.3-.7-.3h-11c-.3 0-.5.1-.7.3-.2.2-.3.5-.3.7s.1.5.3.7z\"\/><\/svg><\/span><\/span><\/span><\/a><\/span><\/div>\n<nav><ul class='ez-toc-list ez-toc-list-level-1 ' ><li class='ez-toc-page-1 ez-toc-heading-level-2'><a class=\"ez-toc-link ez-toc-heading-1\" href=\"https:\/\/enfoquenoticioso.com\/?p=46624\/#Una_caida_muy_preocupante\" >Una ca\u00edda muy preocupante<\/a><\/li><\/ul><\/nav><\/div>\n<h2><span class=\"ez-toc-section\" id=\"Una_caida_muy_preocupante\"><\/span>Una ca\u00edda muy preocupante<span class=\"ez-toc-section-end\"><\/span><\/h2>\n<p>Ha sido el estudio anual de <a rel=\"noopener, noreferrer\" href=\"https:\/\/luminatedata.com\/reports\/yearend-filmtv-industry-report-2024\" target=\"_blank\">Luminate<\/a> sobre el consumo de cine y televisi\u00f3n el que ha desvelado un dato muy preocupante para <a rel=\"nofollow, sponsored, noopener, noreferrer\" target=\"_blank\" class=\"js-ecommerce\" id=\"link-ecommerce-1\" href=\"https:\/\/www.espinof.com\/redirect?url=https%3A%2F%2Fwww.primevideo.com%2Foffers%2Fnonprimehomepage&amp;category=amazon-prime-video&amp;ecomPostExpiration=perish&amp;postId=243470\" data-vars-affiliate-url=\"https:\/\/www.primevideo.com\/offers\/nonprimehomepage\">Prime Video<\/a>: la temporada 2 de &#8216;El se\u00f1or de los anillos: Los anillos de poder&#8217; <strong>ha sufrido un baj\u00f3n del 60% en el n\u00famero total de minutos vistos con respecto a los que tuvo la primera entrega<\/strong>.<\/p>\n<p><!-- BREAK 2 --><\/p>\n<div class=\"article-asset-image article-asset-normal article-asset-center\">\n<div class=\"asset-content\">\n                   <img class=\"centro_sinmarco\" height=\"900\" width=\"1600\" loading=\"lazy\" decoding=\"async\" sizes=\"auto, 100vw\" fetchpriority=\"high\" srcset=\"https:\/\/i.blogs.es\/56ed88\/anillos-poder-final-temporada-2\/450_1000.jpeg 450w, https:\/\/i.blogs.es\/56ed88\/anillos-poder-final-temporada-2\/650_1200.jpeg 681w,https:\/\/i.blogs.es\/56ed88\/anillos-poder-final-temporada-2\/1024_2000.jpeg 1024w, https:\/\/i.blogs.es\/56ed88\/anillos-poder-final-temporada-2\/1366_2000.jpeg 1366w\" src=\"https:\/\/i.blogs.es\/56ed88\/anillos-poder-final-temporada-2\/450_1000.jpeg\" alt=\"Anillos Poder Final Temporada 2\"\/><br \/>\n   <img decoding=\"async\" alt=\"Anillos Poder Final Temporada 2\" class=\"centro_sinmarco\" src=\"https:\/\/i.blogs.es\/56ed88\/anillos-poder-final-temporada-2\/450_1000.jpeg\"\/><\/p><\/div>\n<\/div>\n<p>Ah\u00ed adem\u00e1s no existe el clavo ardiendo de que haya una gran diferencia en la duraci\u00f3n de ambas temporadas, pues <strong>las dos tuvieron 8 episodios<\/strong>. Luego la diferencia en el total de minutos es nimia, pues, por ejemplo, es cierto que el episodio m\u00e1s corto de la serie est\u00e1 en la segunda temporada&#8230; pero tambi\u00e9n el m\u00e1s largo.<\/p>\n<p><!-- BREAK 3 --> <\/p>\n<p>Adem\u00e1s, la temporada 2 ha tenido un poco m\u00e1s de tiempo para sumar minutos vistos, pues se estren\u00f3 un 29 de agosto y concluy\u00f3 un 3 de octubre, mientras que la primera arranc\u00f3 un 1 de septiembre y finaliz\u00f3 un 14 de octubre.<strong> No hay nada a lo que agarrarse para explicarlo por ese lado.<\/strong><\/p>\n<p><!-- BREAK 4 --><\/p>\n<div class=\"article-asset article-asset-normal article-asset-center\">\n<div class=\"desvio-container\">\n<div class=\"desvio\">\n<div class=\"desvio-figure js-desvio-figure\">\n    <a href=\"https:\/\/www.espinof.com\/directores-y-guionistas\/no-queremos-contaminacion-cruzada-guionista-trilogia-senor-anillos-se-niega-a-ver-anillos-poder\" class=\"pivot-outboundlink\" data-vars-post-title=\"&quot;No queremos contaminaci\u00f3n cruzada&quot;. La guionista de la trilog\u00eda de &#039;El se\u00f1or de los anillos&#039; se niega a ver &#039;Los anillos de poder&#039; \" target=\"_blank\" rel=\"noopener\"><br \/>\n     <img loading=\"lazy\" decoding=\"async\" alt=\"&quot;No queremos contaminaci\u00f3n cruzada&quot;. La guionista de la trilog\u00eda de 'El se\u00f1or de los anillos' se niega a ver 'Los anillos de poder' \" width=\"375\" height=\"142\" src=\"https:\/\/i.blogs.es\/f3a02e\/los-anillos-de-poder-temporada-2-final\/375_142.jpeg\"\/><br \/>\n    <\/a>\n   <\/div>\n<\/p><\/div>\n<\/p><\/div>\n<\/div>\n<p>Esto adem\u00e1s confirma <strong>una tendencia preocupante que ya se dej\u00f3 notar en la primera temporada<\/strong>. Recordemos que en abril de 2023 <a class=\"text-outboundlink\" href=\"https:\/\/www.espinof.com\/series-de-ficcion\/mayor-fracaso-senor-anillos-anillos-poder-sale-fin-a-luz-serie-amazon-prime-video-pincha-estrepito-pierde-camino-a-mitad-sus-espectadores\" data-vars-post-title=\"El mayor fracaso de &#039;El se\u00f1or de los anillos: Los anillos de poder&#039; sale por fin a la luz: la serie de Amazon pierde por el camino a m\u00e1s de la mitad de sus espectadores\" data-vars-post-url=\"https:\/\/www.espinof.com\/series-de-ficcion\/mayor-fracaso-senor-anillos-anillos-poder-sale-fin-a-luz-serie-amazon-prime-video-pincha-estrepito-pierde-camino-a-mitad-sus-espectadores\" target=\"_blank\" rel=\"noopener\">supimos<\/a> que la tasa de completaci\u00f3n de la misma era muy decepcionante: solamente un 37% de los espectadores de Estados Unidos que hab\u00edan empezado a verla la hab\u00edan acabado, porcentaje que crec\u00eda hasta el 45% en el resto del mundo.<\/p>\n<p><!-- BREAK 5 --><\/p>\n<div class=\"article-asset-image article-asset-normal article-asset-center\">\n<div class=\"asset-content\">\n                   <img class=\"centro_sinmarco\" height=\"1000\" width=\"1500\" loading=\"lazy\" decoding=\"async\" sizes=\"auto, 100vw\" fetchpriority=\"high\" srcset=\"https:\/\/i.blogs.es\/391431\/los-anillos-de-poder-temporada-2-final\/450_1000.jpeg 450w, https:\/\/i.blogs.es\/391431\/los-anillos-de-poder-temporada-2-final\/650_1200.jpeg 681w,https:\/\/i.blogs.es\/391431\/los-anillos-de-poder-temporada-2-final\/1024_2000.jpeg 1024w, https:\/\/i.blogs.es\/391431\/los-anillos-de-poder-temporada-2-final\/1366_2000.jpeg 1366w\" src=\"https:\/\/i.blogs.es\/391431\/los-anillos-de-poder-temporada-2-final\/450_1000.jpeg\" alt=\"Los Anillos De Poder Temporada 2 Final\"\/><br \/>\n   <img decoding=\"async\" alt=\"Los Anillos De Poder Temporada 2 Final\" class=\"centro_sinmarco\" src=\"https:\/\/i.blogs.es\/391431\/los-anillos-de-poder-temporada-2-final\/450_1000.jpeg\"\/><\/p><\/div>\n<\/div>\n<p>Parece l\u00f3gico llegar a la conclusi\u00f3n de que muchos espectadores abandonaron la serie de forma definitiva y <strong>ha sido en la segunda entrega donde m\u00e1s se ha dejado notar<\/strong>. Quiz\u00e1 por ello no se est\u00e9 hablando tanto sobre <a class=\"text-outboundlink\" href=\"https:\/\/www.espinof.com\/fecha-de-estreno\/senor-anillos-anillos-poder-temporada-3-fecha-estreno-quien-vuelve-quien-no-cambios-todo-que-sabemos-serie-fantasia-amazon-prime-video\" data-vars-post-title=\"&#039;El se\u00f1or de los anillos: Los anillos de poder&#039; temporada 3 - todo lo que sabemos sobre los nuevos episodios la serie de fantas\u00eda de Amazon Prime Video\" data-vars-post-url=\"https:\/\/www.espinof.com\/fecha-de-estreno\/senor-anillos-anillos-poder-temporada-3-fecha-estreno-quien-vuelve-quien-no-cambios-todo-que-sabemos-serie-fantasia-amazon-prime-video\" target=\"_blank\" rel=\"noopener\">la temporada 3<\/a>, hasta el punto de que fueron sus showrunners los que confirmaron que estaban trabajando ya en ella y no la propia Amazon&#8230;<\/p>\n<p><!-- BREAK 6 --> <\/p>\n<p>En Espinof | <a class=\"text-outboundlink\" href=\"https:\/\/www.espinof.com\/listas\/mejores-series-amazon-prime-video-2024\" data-vars-post-title=\"Las 14 mejores series de Amazon Prime Video en 2024\" data-vars-post-url=\"https:\/\/www.espinof.com\/listas\/mejores-series-amazon-prime-video-2024\" target=\"_blank\" rel=\"noopener\">Las 14 mejores series de Amazon Prime Video en 2024<\/a><\/p>\n<p>En Espinof | <a class=\"text-outboundlink\" href=\"https:\/\/www.espinof.com\/listas\/mejores-peliculas-amazon-prime-video-2024\" data-vars-post-title=\"Las 20 mejores pel\u00edculas en Amazon Prime Video de 2024\" data-vars-post-url=\"https:\/\/www.espinof.com\/listas\/mejores-peliculas-amazon-prime-video-2024\" target=\"_blank\" rel=\"noopener\">Las 20 mejores pel\u00edculas en Amazon Prime Video de 2024<\/a><\/p>\n<\/p><\/div>\n<p><a href=\"https:\/\/www.espinof.com\/amazon-prime-video\/crisis-senor-anillos-anillos-poder-temporada-2-epica-serie-prime-video-ha-sufrido-bajon-durisimo-audiencias\" class=\" target=\" title=\"Los anillos de poder&#039;? La temporada 2 de la \u00e9pica serie de Prime Video ha sufrido un baj\u00f3n dur\u00edsimo de audiencias\" target=\"_blank\" rel=\"noopener\">Ver fuente<\/a><\/p>\n","protected":false},"excerpt":{"rendered":"<p>En Amazon hicieron una apuesta tremenda por &#8216;El se\u00f1or de los anillos: Los anillos de poder&#8217;, pues la convirtieron en la serie m\u00e1s cara de la historia, y parece complicada que ninguna vaya a superarla en breve. Sin embargo, sus datos de audiencia siempre despertaron ciertas dudas y la \u00faltima informaci\u00f3n que hemos tenido sobre [&hellip;]<\/p>\n","protected":false},"author":2,"featured_media":46625,"comment_status":"open","ping_status":"closed","sticky":false,"template":"","format":"standard","meta":{"footnotes":""},"categories":[8],"tags":[],"class_list":["post-46624","post","type-post","status-publish","format-standard","has-post-thumbnail","hentry","category-entretenimiento"],"_links":{"self":[{"href":"https:\/\/enfoquenoticioso.com\/index.php?rest_route=\/wp\/v2\/posts\/46624","targetHints":{"allow":["GET"]}}],"collection":[{"href":"https:\/\/enfoquenoticioso.com\/index.php?rest_route=\/wp\/v2\/posts"}],"about":[{"href":"https:\/\/enfoquenoticioso.com\/index.php?rest_route=\/wp\/v2\/types\/post"}],"author":[{"embeddable":true,"href":"https:\/\/enfoquenoticioso.com\/index.php?rest_route=\/wp\/v2\/users\/2"}],"replies":[{"embeddable":true,"href":"https:\/\/enfoquenoticioso.com\/index.php?rest_route=%2Fwp%2Fv2%2Fcomments&post=46624"}],"version-history":[{"count":0,"href":"https:\/\/enfoquenoticioso.com\/index.php?rest_route=\/wp\/v2\/posts\/46624\/revisions"}],"wp:featuredmedia":[{"embeddable":true,"href":"https:\/\/enfoquenoticioso.com\/index.php?rest_route=\/wp\/v2\/media\/46625"}],"wp:attachment":[{"href":"https:\/\/enfoquenoticioso.com\/index.php?rest_route=%2Fwp%2Fv2%2Fmedia&parent=46624"}],"wp:term":[{"taxonomy":"category","embeddable":true,"href":"https:\/\/enfoquenoticioso.com\/index.php?rest_route=%2Fwp%2Fv2%2Fcategories&post=46624"},{"taxonomy":"post_tag","embeddable":true,"href":"https:\/\/enfoquenoticioso.com\/index.php?rest_route=%2Fwp%2Fv2%2Ftags&post=46624"}],"curies":[{"name":"wp","href":"https:\/\/api.w.org\/{rel}","templated":true}]}}