{"id":46714,"date":"2025-01-28T10:50:11","date_gmt":"2025-01-28T10:50:11","guid":{"rendered":"https:\/\/enfoquenoticioso.com\/entretenimiento\/selena-gomez-se-muestra-impactada-por-las-deportaciones-masivas-en-eeuu\/"},"modified":"2025-01-28T10:50:11","modified_gmt":"2025-01-28T10:50:11","slug":"selena-gomez-se-muestra-impactada-por-las-deportaciones-masivas-en-eeuu","status":"publish","type":"post","link":"https:\/\/enfoquenoticioso.com\/?p=46714","title":{"rendered":"Selena G\u00f3mez se muestra impactada por las deportaciones masivas en EEUU"},"content":{"rendered":"<div id=\"post-547083\">\n<div class=\"entry-thumbnail\">\n<img width=\"772\" height=\"383\" src=\"https:\/\/i0.wp.com\/noticiasaldiayalahora.co\/wp-content\/uploads\/2025\/01\/Selena.png?resize=772%2C383&amp;ssl=1\" class=\"attachment-content-single size-content-single wp-post-image\" alt=\"\" decoding=\"async\" fetchpriority=\"high\" srcset=\"https:\/\/i0.wp.com\/noticiasaldiayalahora.co\/wp-content\/uploads\/2025\/01\/Selena.png?w=772&amp;ssl=1 772w, https:\/\/i0.wp.com\/noticiasaldiayalahora.co\/wp-content\/uploads\/2025\/01\/Selena.png?resize=300%2C149&amp;ssl=1 300w, https:\/\/i0.wp.com\/noticiasaldiayalahora.co\/wp-content\/uploads\/2025\/01\/Selena.png?resize=768%2C381&amp;ssl=1 768w\" sizes=\"(max-width: 772px) 100vw, 772px\"\/><\/div>\n<p class=\"entry-meta\">\n<span class=\"entry-meta-author vcard author\">Por: <a class=\"fn\" href=\"https:\/\/noticiasaldiayalahora.co\/author\/redaccion\/\" target=\"_blank\" rel=\"noopener\">Redacci\u00f3n Noticias al Dia y a la Hora<\/a><\/span><br \/>\n<span class=\"entry-meta-date updated\">28 enero, 2025<\/span>\n<\/p>\n<div class=\"entry-content clearfix\">\n<div id=\"ez-toc-container\" class=\"ez-toc-v2_0_81 counter-hierarchy ez-toc-counter ez-toc-grey ez-toc-container-direction\">\n<div class=\"ez-toc-title-container\">\n<p class=\"ez-toc-title\" style=\"cursor:inherit\">Tabla de Contenido<\/p>\n<span class=\"ez-toc-title-toggle\"><a href=\"#\" class=\"ez-toc-pull-right ez-toc-btn ez-toc-btn-xs ez-toc-btn-default ez-toc-toggle\" aria-label=\"Alternar tabla de contenidos\"><span class=\"ez-toc-js-icon-con\"><span class=\"\"><span class=\"eztoc-hide\" style=\"display:none;\">Toggle<\/span><span class=\"ez-toc-icon-toggle-span\"><svg style=\"fill: #999;color:#999\" xmlns=\"http:\/\/www.w3.org\/2000\/svg\" class=\"list-377408\" width=\"20px\" height=\"20px\" viewBox=\"0 0 24 24\" fill=\"none\"><path d=\"M6 6H4v2h2V6zm14 0H8v2h12V6zM4 11h2v2H4v-2zm16 0H8v2h12v-2zM4 16h2v2H4v-2zm16 0H8v2h12v-2z\" fill=\"currentColor\"><\/path><\/svg><svg style=\"fill: #999;color:#999\" class=\"arrow-unsorted-368013\" xmlns=\"http:\/\/www.w3.org\/2000\/svg\" width=\"10px\" height=\"10px\" viewBox=\"0 0 24 24\" version=\"1.2\" baseProfile=\"tiny\"><path d=\"M18.2 9.3l-6.2-6.3-6.2 6.3c-.2.2-.3.4-.3.7s.1.5.3.7c.2.2.4.3.7.3h11c.3 0 .5-.1.7-.3.2-.2.3-.5.3-.7s-.1-.5-.3-.7zM5.8 14.7l6.2 6.3 6.2-6.3c.2-.2.3-.5.3-.7s-.1-.5-.3-.7c-.2-.2-.4-.3-.7-.3h-11c-.3 0-.5.1-.7.3-.2.2-.3.5-.3.7s.1.5.3.7z\"\/><\/svg><\/span><\/span><\/span><\/a><\/span><\/div>\n<nav><ul class='ez-toc-list ez-toc-list-level-1 ' ><li class='ez-toc-page-1 ez-toc-heading-level-4'><a class=\"ez-toc-link ez-toc-heading-1\" href=\"https:\/\/enfoquenoticioso.com\/?p=46714\/#%E2%80%9CLo_siento_mucho_desearia_poder_hacer_algo_pero_no_puedo_No_se_que_hacer_lo_intentare_todo%E2%80%9D_dijo_Selena_Gomez\" >\u201cLo siento mucho, desear\u00eda poder hacer algo, pero no puedo. No s\u00e9 qu\u00e9 hacer, lo intentar\u00e9 todo\u201d, dijo Selena G\u00f3mez<\/a><\/li><\/ul><\/nav><\/div>\n<h4 class=\"wp-block-heading\"><span class=\"ez-toc-section\" id=\"%E2%80%9CLo_siento_mucho_desearia_poder_hacer_algo_pero_no_puedo_No_se_que_hacer_lo_intentare_todo%E2%80%9D_dijo_Selena_Gomez\"><\/span>\u201cLo siento mucho, desear\u00eda poder hacer algo, pero no puedo. No s\u00e9 qu\u00e9 hacer, lo intentar\u00e9 todo\u201d, dijo Selena G\u00f3mez<span class=\"ez-toc-section-end\"><\/span><\/h4>\n<p>La estrella del cine de origen hispano Selena G\u00f3mez rompi\u00f3 en llanto al ver como se ha dado el proceso de deportaciones masiva, que han generado una ola de terror y angustia entre miles de migrantes que viven en los Estados Unidos.<\/p>\n<p>Visiblemente afectada, Selena expres\u00f3 en medio del llanto: \u201cToda mi gente est\u00e1 siendo atacada, los ni\u00f1os. Yo no comprendo. Lo siento mucho, desear\u00eda poder hacer algo pero no puedo. No s\u00e9 qu\u00e9 hacer, lo intentar\u00e9 todo. Lo prometo\u201d.<\/p>\n<blockquote class=\"instagram-media\" style=\"background: #FFF; border: 0; border-radius: 3px; box-shadow: 0 0 1px 0 rgba(0,0,0,0.5),0 1px 10px 0 rgba(0,0,0,0.15); margin: 1px; max-width: 540px; min-width: 326px; padding: 0; width: calc(100% - 2px);\" data-instgrm-captioned=\"\" data-instgrm-permalink=\"https:\/\/www.instagram.com\/reel\/DFVngGAvKIS\/?utm_source=ig_embed&amp;utm_campaign=loading\" data-instgrm-version=\"14\">\n<\/blockquote>\n<p>Cabe destacar que solo en la primera semana del gobierno del presidente Donald Trump, han detenido a unos 2.382 migrantes indocumentados y hay 1.797 \u00f3rdenes de captura migrantes que pueden ser deportados.<\/p>\n<p>Los datos son en base las actualizaciones diarias que hace el Servicio de Inmigraci\u00f3n y Control de Aduanas de Estados Unidos (ICE, por sus siglas en ingl\u00e9s).<\/p>\n<p>\u00a0<\/p>\n<\/p><\/div>\n<\/div>\n<p><script async src=\"\/\/www.instagram.com\/embed.js\"><\/script><br \/>\n<br \/><a href=\"https:\/\/noticiasaldiayalahora.co\/entretenimiento\/selena-gomez-se-muestra-impactada-por-las-deportaciones-masivas-en-eeuu\/\" class=\" target=\" title=\"Selena G\u00f3mez se muestra impactada por las deportaciones masivas en EEUU\" target=\"_blank\" rel=\"noopener\">Ver fuente<\/a><\/p>\n","protected":false},"excerpt":{"rendered":"<p>Por: Redacci\u00f3n Noticias al Dia y a la Hora 28 enero, 2025 \u201cLo siento mucho, desear\u00eda poder hacer algo, pero no puedo. No s\u00e9 qu\u00e9 hacer, lo intentar\u00e9 todo\u201d, dijo Selena G\u00f3mez La estrella del cine de origen hispano Selena G\u00f3mez rompi\u00f3 en llanto al ver como se ha dado el proceso de deportaciones masiva, [&hellip;]<\/p>\n","protected":false},"author":2,"featured_media":46715,"comment_status":"open","ping_status":"closed","sticky":false,"template":"","format":"standard","meta":{"footnotes":""},"categories":[8],"tags":[],"class_list":["post-46714","post","type-post","status-publish","format-standard","has-post-thumbnail","hentry","category-entretenimiento"],"_links":{"self":[{"href":"https:\/\/enfoquenoticioso.com\/index.php?rest_route=\/wp\/v2\/posts\/46714","targetHints":{"allow":["GET"]}}],"collection":[{"href":"https:\/\/enfoquenoticioso.com\/index.php?rest_route=\/wp\/v2\/posts"}],"about":[{"href":"https:\/\/enfoquenoticioso.com\/index.php?rest_route=\/wp\/v2\/types\/post"}],"author":[{"embeddable":true,"href":"https:\/\/enfoquenoticioso.com\/index.php?rest_route=\/wp\/v2\/users\/2"}],"replies":[{"embeddable":true,"href":"https:\/\/enfoquenoticioso.com\/index.php?rest_route=%2Fwp%2Fv2%2Fcomments&post=46714"}],"version-history":[{"count":0,"href":"https:\/\/enfoquenoticioso.com\/index.php?rest_route=\/wp\/v2\/posts\/46714\/revisions"}],"wp:featuredmedia":[{"embeddable":true,"href":"https:\/\/enfoquenoticioso.com\/index.php?rest_route=\/wp\/v2\/media\/46715"}],"wp:attachment":[{"href":"https:\/\/enfoquenoticioso.com\/index.php?rest_route=%2Fwp%2Fv2%2Fmedia&parent=46714"}],"wp:term":[{"taxonomy":"category","embeddable":true,"href":"https:\/\/enfoquenoticioso.com\/index.php?rest_route=%2Fwp%2Fv2%2Fcategories&post=46714"},{"taxonomy":"post_tag","embeddable":true,"href":"https:\/\/enfoquenoticioso.com\/index.php?rest_route=%2Fwp%2Fv2%2Ftags&post=46714"}],"curies":[{"name":"wp","href":"https:\/\/api.w.org\/{rel}","templated":true}]}}