{"id":46731,"date":"2025-01-28T11:59:37","date_gmt":"2025-01-28T11:59:37","guid":{"rendered":"https:\/\/enfoquenoticioso.com\/entretenimiento\/david-broncano-responde-a-la-carta-de-pablo-motos-con-una-propuesta-para-el-hormiguero-esto-se-esta-llevando-a-unos-niveles-innecesarios\/"},"modified":"2025-01-28T11:59:37","modified_gmt":"2025-01-28T11:59:37","slug":"david-broncano-responde-a-la-carta-de-pablo-motos-con-una-propuesta-para-el-hormiguero-esto-se-esta-llevando-a-unos-niveles-innecesarios","status":"publish","type":"post","link":"https:\/\/enfoquenoticioso.com\/?p=46731","title":{"rendered":"David Broncano responde a la carta de Pablo Motos con una propuesta para &#8216;El hormiguero&#8217;. \u00abEsto se est\u00e1 llevando a unos niveles innecesarios\u00bb"},"content":{"rendered":"<div>\n<p>Despu\u00e9s de que la semana pasada Alejandro Sanz <a class=\"text-outboundlink\" href=\"https:\/\/www.espinof.com\/reality\/alejandro-sanz-hace-que-pablo-motos-le-escriba-carta-a-david-broncano-para-enterrar-hacha-guerra-que-te-pasa\" data-vars-post-title=\"Alejandro Sanz hace que Pablo Motos le escriba una carta a David Broncano para enterrar el hacha de guerra. &quot;\u00bfQu\u00e9 te pasa con \u00e9l?&quot;\" data-vars-post-url=\"https:\/\/www.espinof.com\/reality\/alejandro-sanz-hace-que-pablo-motos-le-escriba-carta-a-david-broncano-para-enterrar-hacha-guerra-que-te-pasa\" target=\"_blank\" rel=\"noopener\">le dictara una nota a Pablo Motos<\/a> para hacer las paces con David Broncano, este lunes se la ha hecho llegar en <a class=\"text-outboundlink\" href=\"https:\/\/www.espinof.com\/criticas\/revuelta-siquiera-intenta-luchar-hormiguero-sigue-teniendo-espiritu-programa-nicho-hecho-cuatro-amigos-garaje\" data-vars-post-title=\"&#039;La revuelta&#039; ni siquiera intenta luchar contra &#039;El hormiguero&#039; y sigue teniendo el esp\u00edritu de programa de nicho hecho por cuatro amigos en un garaje\" data-vars-post-url=\"https:\/\/www.espinof.com\/criticas\/revuelta-siquiera-intenta-luchar-hormiguero-sigue-teniendo-espiritu-programa-nicho-hecho-cuatro-amigos-garaje\" target=\"_blank\" rel=\"noopener\">&#8216;La revuelta&#8217;<\/a>. El presentador ley\u00f3 la carta y <strong>le mand\u00f3 un audio a Motos en respuesta, proponi\u00e9ndole asistir al programa<\/strong> o ir \u00e9l al suyo como invitado.<\/p>\n<p><!-- BREAK 1 --> <\/p>\n<div id=\"ez-toc-container\" class=\"ez-toc-v2_0_81 counter-hierarchy ez-toc-counter ez-toc-grey ez-toc-container-direction\">\n<div class=\"ez-toc-title-container\">\n<p class=\"ez-toc-title\" style=\"cursor:inherit\">Tabla de Contenido<\/p>\n<span class=\"ez-toc-title-toggle\"><a href=\"#\" class=\"ez-toc-pull-right ez-toc-btn ez-toc-btn-xs ez-toc-btn-default ez-toc-toggle\" aria-label=\"Alternar tabla de contenidos\"><span class=\"ez-toc-js-icon-con\"><span class=\"\"><span class=\"eztoc-hide\" style=\"display:none;\">Toggle<\/span><span class=\"ez-toc-icon-toggle-span\"><svg style=\"fill: #999;color:#999\" xmlns=\"http:\/\/www.w3.org\/2000\/svg\" class=\"list-377408\" width=\"20px\" height=\"20px\" viewBox=\"0 0 24 24\" fill=\"none\"><path d=\"M6 6H4v2h2V6zm14 0H8v2h12V6zM4 11h2v2H4v-2zm16 0H8v2h12v-2zM4 16h2v2H4v-2zm16 0H8v2h12v-2z\" fill=\"currentColor\"><\/path><\/svg><svg style=\"fill: #999;color:#999\" class=\"arrow-unsorted-368013\" xmlns=\"http:\/\/www.w3.org\/2000\/svg\" width=\"10px\" height=\"10px\" viewBox=\"0 0 24 24\" version=\"1.2\" baseProfile=\"tiny\"><path d=\"M18.2 9.3l-6.2-6.3-6.2 6.3c-.2.2-.3.4-.3.7s.1.5.3.7c.2.2.4.3.7.3h11c.3 0 .5-.1.7-.3.2-.2.3-.5.3-.7s-.1-.5-.3-.7zM5.8 14.7l6.2 6.3 6.2-6.3c.2-.2.3-.5.3-.7s-.1-.5-.3-.7c-.2-.2-.4-.3-.7-.3h-11c-.3 0-.5.1-.7.3-.2.2-.3.5-.3.7s.1.5.3.7z\"\/><\/svg><\/span><\/span><\/span><\/a><\/span><\/div>\n<nav><ul class='ez-toc-list ez-toc-list-level-1 ' ><li class='ez-toc-page-1 ez-toc-heading-level-2'><a class=\"ez-toc-link ez-toc-heading-1\" href=\"https:\/\/enfoquenoticioso.com\/?p=46731\/#%C2%ABEspero_que_nos_veamos%C2%BB\" >\u00abEspero que nos veamos\u00bb<\/a><\/li><li class='ez-toc-page-1 ez-toc-heading-level-2'><a class=\"ez-toc-link ez-toc-heading-2\" href=\"https:\/\/enfoquenoticioso.com\/?p=46731\/#%C2%BFComo_fue_en_audiencias\" >\u00bfC\u00f3mo fue en audiencias?<\/a><\/li><\/ul><\/nav><\/div>\n<h2><span class=\"ez-toc-section\" id=\"%C2%ABEspero_que_nos_veamos%C2%BB\"><\/span>\u00abEspero que nos veamos\u00bb<span class=\"ez-toc-section-end\"><\/span><\/h2>\n<p>Adem\u00e1s de la astronauta Sara Garc\u00eda, Alejandro Sanz tambi\u00e9n acudi\u00f3 como invitado anoche en &#8216;La revuelta&#8217;. El cantante cumpli\u00f3 su promesa y <strong>le entreg\u00f3 a David Broncano la carta que le dict\u00f3 a Pablo Motos<\/strong> en el programa de &#8216;El hormiguero&#8217; de la semana pasada.<\/p>\n<p><!-- BREAK 2 --><\/p>\n<p>\u00abDe su pu\u00f1o y letra&#8230; pero claro, se la dictaste como a un ni\u00f1o chico\u00bb brome\u00f3 Broncano. \u00abNo, \u00e9l sab\u00eda lo que quer\u00eda decir\u00bb asegur\u00f3 Sanz, y el presentador la ley\u00f3 en voz alta: <strong>\u00abQuerido David, pelillos a la mar. Te deseo lo mejor, espero que nos veamos pronto. Te quiero, tu Pablo\u00bb<\/strong>.<\/p>\n<p><!-- BREAK 3 --> <\/p>\n<div class=\"article-asset-image article-asset-large article-asset-center\">\n<div class=\"asset-content\">\n                   <img class=\"\" height=\"900\" width=\"1600\" loading=\"lazy\" decoding=\"async\" sizes=\"auto, 100vw\" fetchpriority=\"high\" srcset=\"https:\/\/i.blogs.es\/139e94\/la-revuelta\/450_1000.jpeg 450w, https:\/\/i.blogs.es\/139e94\/la-revuelta\/650_1200.jpeg 681w,https:\/\/i.blogs.es\/139e94\/la-revuelta\/1024_2000.jpeg 1024w, https:\/\/i.blogs.es\/139e94\/la-revuelta\/1366_2000.jpeg 1366w\" src=\"https:\/\/i.blogs.es\/139e94\/la-revuelta\/450_1000.jpeg\" alt=\"La Revuelta\"\/><br \/>\n   <img decoding=\"async\" alt=\"La Revuelta\" class=\"\" src=\"https:\/\/i.blogs.es\/139e94\/la-revuelta\/450_1000.jpeg\"\/><\/p><\/div>\n<\/div>\n<p>Al final, Broncano decidi\u00f3 contestarle en un audio que le mandaron a trav\u00e9s del m\u00f3vil de Sanz. <strong>\u00abPablo, estoy aqu\u00ed en &#8216;La revuelta&#8217; con David, le he dado tu nota y te quiere decir unas palabras\u00bb<\/strong> comenz\u00f3 el cantante y le pas\u00f3 el m\u00f3vil a Broncano para que le transmitiera su mensaje:<\/p>\n<p><!-- BREAK 4 --><\/p>\n<blockquote><p>\u00abPablo, \u00bfqu\u00e9 pasa, m\u00e1quina, tibur\u00f3n? Estoy con Alejandro. Te agradezco las palabras que s\u00e9 que te las dict\u00f3, pero podr\u00edas no haberlas escrito. El gesto es bonito. Me gustar\u00eda que nos vi\u00e9semos, porque esto se est\u00e1 llevando a unos niveles innecesarios\u00bb.<\/p><\/blockquote>\n<div class=\"article-asset article-asset-normal article-asset-center\">\n<div class=\"desvio-container\">\n<div class=\"desvio\">\n<div class=\"desvio-figure js-desvio-figure\">\n    <a href=\"https:\/\/www.espinof.com\/la-1\/rtve-responde-a-polemica-estampita-lalachus-campanadas-se-ha-interpretado-como-profanacion\" class=\"pivot-outboundlink\" data-vars-post-title=\"RTVE responde a la pol\u00e9mica de la estampita de Lalachus en las Campanadas. &quot;Se ha interpretado como una profanaci\u00f3n&quot; \" target=\"_blank\" rel=\"noopener\"><br \/>\n     <img loading=\"lazy\" decoding=\"async\" alt=\"RTVE responde a la pol\u00e9mica de la estampita de Lalachus en las Campanadas. &quot;Se ha interpretado como una profanaci\u00f3n&quot; \" width=\"375\" height=\"142\" src=\"https:\/\/i.blogs.es\/3d3f73\/campanadas\/375_142.jpeg\"\/><br \/>\n    <\/a>\n   <\/div>\n<\/p><\/div>\n<\/p><\/div>\n<\/div>\n<blockquote><p>\u00abPuedes venir t\u00fa al programa, te invitamos o voy yo all\u00ed. Grabamos primero la entrevista y luego salgo yo. Por una vez, (saldr\u00eda) un invitado despu\u00e9s all\u00ed que aqu\u00ed. Para acabar, me gustar\u00eda que nos cedieses a Petancas una semana y que me dieses el tel\u00e9fono de Revilla para invitarle un d\u00eda tambi\u00e9n. Te agradezco esto, espero que nos veamos. Yo tambi\u00e9n te quiero mucho\u00bb.<\/p><\/blockquote>\n<h2><span class=\"ez-toc-section\" id=\"%C2%BFComo_fue_en_audiencias\"><\/span>\u00bfC\u00f3mo fue en audiencias?<span class=\"ez-toc-section-end\"><\/span><\/h2>\n<p>El programa de anoche de &#8216;La revuelta&#8217; obtuvo <strong>15,1% de <\/strong><em><strong>share <\/strong><\/em><strong>y 2.110.000 espectadores <\/strong>(15,6% y 2.179.000 en competencia directa) y fue <a rel=\"noopener, noreferrer\" href=\"https:\/\/www.eldiario.es\/vertele\/audiencias-tv\/lunes-27-enero-2025-el-hormiguero-amplia-primera-visita-garcia-page-racha-victorias-frente-la-revuelta_1_11998548.html\" target=\"_blank\">lo segundo m\u00e1s visto de la noche<\/a>. <strong>Le tom\u00f3 la delantera &#8216;El hormiguero&#8217; <\/strong>con la entrevista al pol\u00edtico Emiliano Garc\u00eda-Page, que alcanz\u00f3 un 16,5% de cuota y 2.294.000 (16,4% y 2.282.000 cuando coincidi\u00f3 con su rival en La 1).<\/p>\n<p><!-- BREAK 5 --><\/p>\n<p>En Espinof | <a class=\"text-outboundlink\" href=\"https:\/\/www.espinof.com\/presentadores\/cuando-david-broncano-pablo-motos-se-llevaban-bien-se-juntaban-hormiguero-chaval-que-esta-empezando-tele\" data-vars-post-title=\"Cuando David Broncano y Pablo Motos se llevaban bien y se juntaban en &#039;El hormiguero&#039;: &quot;Es un chaval que est\u00e1 empezando en la tele&quot; \" data-vars-post-url=\"https:\/\/www.espinof.com\/presentadores\/cuando-david-broncano-pablo-motos-se-llevaban-bien-se-juntaban-hormiguero-chaval-que-esta-empezando-tele\" target=\"_blank\" rel=\"noopener\">Cuando \u00a0David Broncano y Pablo Motos se llevaban bien y se juntaban en &#8216;El \u00a0hormiguero&#8217;: \u00abEs un chaval que est\u00e1 empezando en la tele\u00bb<\/a><\/p>\n<p>En Espinof | <a class=\"text-outboundlink\" href=\"https:\/\/www.espinof.com\/listas\/mejores-series-ciencia-ficcion-fantasia-2024\" data-vars-post-title=\"Las 17 mejores series de ciencia ficci\u00f3n y fantas\u00eda de 2024 y d\u00f3nde verlas\" data-vars-post-url=\"https:\/\/www.espinof.com\/listas\/mejores-series-ciencia-ficcion-fantasia-2024\" target=\"_blank\" rel=\"noopener\">Las mejores series de ciencia ficci\u00f3n y fantas\u00eda de 2024<\/a><\/p>\n<\/p><\/div>\n<p><a href=\"https:\/\/www.espinof.com\/reality\/david-broncano-responde-a-carta-pablo-motos-propuesta-para-hormiguero-esto-se-esta-llevando-a-unos-niveles-innecesarios\" class=\" target=\" title=\"David Broncano responde a la carta de Pablo Motos con una propuesta para &#039;El hormiguero&#039;. \" Esto se llevando unos niveles target=\"_blank\" rel=\"noopener\">Ver fuente<\/a><\/p>\n","protected":false},"excerpt":{"rendered":"<p>Despu\u00e9s de que la semana pasada Alejandro Sanz le dictara una nota a Pablo Motos para hacer las paces con David Broncano, este lunes se la ha hecho llegar en &#8216;La revuelta&#8217;. El presentador ley\u00f3 la carta y le mand\u00f3 un audio a Motos en respuesta, proponi\u00e9ndole asistir al programa o ir \u00e9l al suyo [&hellip;]<\/p>\n","protected":false},"author":2,"featured_media":46732,"comment_status":"open","ping_status":"closed","sticky":false,"template":"","format":"standard","meta":{"footnotes":""},"categories":[8],"tags":[],"class_list":["post-46731","post","type-post","status-publish","format-standard","has-post-thumbnail","hentry","category-entretenimiento"],"_links":{"self":[{"href":"https:\/\/enfoquenoticioso.com\/index.php?rest_route=\/wp\/v2\/posts\/46731","targetHints":{"allow":["GET"]}}],"collection":[{"href":"https:\/\/enfoquenoticioso.com\/index.php?rest_route=\/wp\/v2\/posts"}],"about":[{"href":"https:\/\/enfoquenoticioso.com\/index.php?rest_route=\/wp\/v2\/types\/post"}],"author":[{"embeddable":true,"href":"https:\/\/enfoquenoticioso.com\/index.php?rest_route=\/wp\/v2\/users\/2"}],"replies":[{"embeddable":true,"href":"https:\/\/enfoquenoticioso.com\/index.php?rest_route=%2Fwp%2Fv2%2Fcomments&post=46731"}],"version-history":[{"count":0,"href":"https:\/\/enfoquenoticioso.com\/index.php?rest_route=\/wp\/v2\/posts\/46731\/revisions"}],"wp:featuredmedia":[{"embeddable":true,"href":"https:\/\/enfoquenoticioso.com\/index.php?rest_route=\/wp\/v2\/media\/46732"}],"wp:attachment":[{"href":"https:\/\/enfoquenoticioso.com\/index.php?rest_route=%2Fwp%2Fv2%2Fmedia&parent=46731"}],"wp:term":[{"taxonomy":"category","embeddable":true,"href":"https:\/\/enfoquenoticioso.com\/index.php?rest_route=%2Fwp%2Fv2%2Fcategories&post=46731"},{"taxonomy":"post_tag","embeddable":true,"href":"https:\/\/enfoquenoticioso.com\/index.php?rest_route=%2Fwp%2Fv2%2Ftags&post=46731"}],"curies":[{"name":"wp","href":"https:\/\/api.w.org\/{rel}","templated":true}]}}