{"id":46737,"date":"2025-01-28T12:30:38","date_gmt":"2025-01-28T12:30:38","guid":{"rendered":"https:\/\/enfoquenoticioso.com\/entretenimiento\/fui-una-idiota-kelly-clarkson-pide-perdon-a-the-rookie-2-anos-despues-de-su-cameo\/"},"modified":"2025-01-28T12:30:38","modified_gmt":"2025-01-28T12:30:38","slug":"fui-una-idiota-kelly-clarkson-pide-perdon-a-the-rookie-2-anos-despues-de-su-cameo","status":"publish","type":"post","link":"https:\/\/enfoquenoticioso.com\/?p=46737","title":{"rendered":"\u00abFui una idiota\u00bb. Kelly Clarkson pide perd\u00f3n a &#8216;The Rookie&#8217; 2 a\u00f1os despu\u00e9s de su cameo"},"content":{"rendered":"<div>\n<p>En lo que esperamos a que podamos ver la nueva temporada en Espa\u00f1a (el 5 de marzo en Warner TV), &#8216;<a class=\"text-outboundlink\" href=\"https:\/\/www.espinof.com\/fecha-de-estreno\/the-rookie-temporada-7-trailer-fecha-estreno-reparto-todo-que-sabemos-serie-nathan-fillion\" data-vars-post-title=\"&#039;The Rookie&#039; temporada 7 - fecha de estreno, qui\u00e9n vuelve y qui\u00e9n no, cambios confirmados y todo lo que sabemos de los nuevos episodios de la serie con Nathan Fillion\" data-vars-post-url=\"https:\/\/www.espinof.com\/fecha-de-estreno\/the-rookie-temporada-7-trailer-fecha-estreno-reparto-todo-que-sabemos-serie-nathan-fillion\" target=\"_blank\" rel=\"noopener\">The Rookie<\/a>&#8216; tiene un largo historial de cameos de artistas que han aparecido brevemente en la serie polic\u00edaca. Uno de esos cameos fue el de la <strong>cantante y presentadora Kelly Clarkson<\/strong> que lo pas\u00f3 algo mal en el set.<\/p>\n<p><!-- BREAK 1 --> <\/p>\n<p>As\u00ed lo ha reconocido contestando a preguntas de fans en &#8216;The Kelly Clarkson Show&#8217;. La celebridad confes\u00f3 que estuvo completamente aterrada durante el rodaje de dicha aparici\u00f3n, producida en el episodio 12 de la temporada 5, emitido en 2023 y titulado &#8216;<strong>Obituario<\/strong>&#8216; (Dead Notice).<\/p>\n<p><!-- BREAK 2 --><\/p>\n<div class=\"article-asset article-asset-normal article-asset-center\">\n<div class=\"desvio-container\">\n<div class=\"desvio\">\n<div class=\"desvio-figure js-desvio-figure\">\n    <a href=\"https:\/\/www.espinof.com\/actores-y-actrices\/tengo-que-compartir-verdad-vosotros-actriz-que-abandono-the-rookie-denunciar-haber-sido-acosada-sexualmente-serie-nathan-fillion-que-nadie-creyese\" class=\"pivot-outboundlink\" data-vars-post-title=\"&quot;Tengo que compartir la verdad con vosotros&quot;. La actriz que abandon\u00f3 &#039;The Rookie&#039; tras denunciar haber sido acosada sexualmente en la serie con Nathan Fillion y que nadie la creyese\" target=\"_blank\" rel=\"noopener\"><br \/>\n     <img loading=\"lazy\" decoding=\"async\" alt=\"&quot;Tengo que compartir la verdad con vosotros&quot;. La actriz que abandon\u00f3 'The Rookie' tras denunciar haber sido acosada sexualmente en la serie con Nathan Fillion y que nadie la creyese\" width=\"375\" height=\"142\" src=\"https:\/\/i.blogs.es\/ea07ae\/rookei\/375_142.jpeg\"\/><br \/>\n    <\/a>\n   <\/div>\n<\/p><\/div>\n<\/p><\/div>\n<\/div>\n<div id=\"ez-toc-container\" class=\"ez-toc-v2_0_81 counter-hierarchy ez-toc-counter ez-toc-grey ez-toc-container-direction\">\n<div class=\"ez-toc-title-container\">\n<p class=\"ez-toc-title\" style=\"cursor:inherit\">Tabla de Contenido<\/p>\n<span class=\"ez-toc-title-toggle\"><a href=\"#\" class=\"ez-toc-pull-right ez-toc-btn ez-toc-btn-xs ez-toc-btn-default ez-toc-toggle\" aria-label=\"Alternar tabla de contenidos\"><span class=\"ez-toc-js-icon-con\"><span class=\"\"><span class=\"eztoc-hide\" style=\"display:none;\">Toggle<\/span><span class=\"ez-toc-icon-toggle-span\"><svg style=\"fill: #999;color:#999\" xmlns=\"http:\/\/www.w3.org\/2000\/svg\" class=\"list-377408\" width=\"20px\" height=\"20px\" viewBox=\"0 0 24 24\" fill=\"none\"><path d=\"M6 6H4v2h2V6zm14 0H8v2h12V6zM4 11h2v2H4v-2zm16 0H8v2h12v-2zM4 16h2v2H4v-2zm16 0H8v2h12v-2z\" fill=\"currentColor\"><\/path><\/svg><svg style=\"fill: #999;color:#999\" class=\"arrow-unsorted-368013\" xmlns=\"http:\/\/www.w3.org\/2000\/svg\" width=\"10px\" height=\"10px\" viewBox=\"0 0 24 24\" version=\"1.2\" baseProfile=\"tiny\"><path d=\"M18.2 9.3l-6.2-6.3-6.2 6.3c-.2.2-.3.4-.3.7s.1.5.3.7c.2.2.4.3.7.3h11c.3 0 .5-.1.7-.3.2-.2.3-.5.3-.7s-.1-.5-.3-.7zM5.8 14.7l6.2 6.3 6.2-6.3c.2-.2.3-.5.3-.7s-.1-.5-.3-.7c-.2-.2-.4-.3-.7-.3h-11c-.3 0-.5.1-.7.3-.2.2-.3.5-.3.7s.1.5.3.7z\"\/><\/svg><\/span><\/span><\/span><\/a><\/span><\/div>\n<nav><ul class='ez-toc-list ez-toc-list-level-1 ' ><li class='ez-toc-page-1 ez-toc-heading-level-2'><a class=\"ez-toc-link ez-toc-heading-1\" href=\"https:\/\/enfoquenoticioso.com\/?p=46737\/#Cameo_terrible\" >Cameo terrible<\/a><\/li><\/ul><\/nav><\/div>\n<h2><span class=\"ez-toc-section\" id=\"Cameo_terrible\"><\/span>Cameo terrible<span class=\"ez-toc-section-end\"><\/span><\/h2>\n<p>Si hacemos memoria, Kelly Clarkson hac\u00eda de una versi\u00f3n de s\u00ed misma en lo que visitaba a alguien en el hospital. Protagonizaba un mini <em>gag <\/em>en el que cada vez que el ascensor en el que iba estaba cerrando puertas <strong>se colaba a \u00faltima hora alguno de los personajes de la serie<\/strong>.<\/p>\n<p><!-- BREAK 3 --> <\/p>\n<p>El caso es que entre <strong>lo nerviosa que se puso y la condici\u00f3n de fan de Nathan Fillion<\/strong>, Clarkson asegura que fue una idiota y por ello ha aprovechado la ocasi\u00f3n para pedir perd\u00f3n a todos los implicados en la serie:<\/p>\n<p><!-- BREAK 4 --><\/p>\n<blockquote><p>\u00abAy Dios, estaba aterrada. Tengo que pedir perd\u00f3n al reparto y el equipo. Estaba aterrada. Me invitaron a &#8216;The Rookie&#8217; y lo que pasa es que soy una gran fan de Nathan Fillion desde &#8216;Castle&#8217;. Ya de por s\u00ed me pongo nerviosa en sets, pero entonces \u00e9l me puso m\u00e1s nerviosa de lo que he estado nunca en un set. Fui una idiota en ese set.\u00bb<\/p><\/blockquote>\n<p>En Espinof | <a class=\"text-outboundlink\" href=\"https:\/\/www.espinof.com\/listas\/29-mejores-series-intriga-suspense-netflix-hbo-amazon-movistar\" data-vars-post-title=\"Las 29 mejores series de intriga y suspense en Netflix, Max, Amazon Prime Video, Disney+ y Movistar\" data-vars-post-url=\"https:\/\/www.espinof.com\/listas\/29-mejores-series-intriga-suspense-netflix-hbo-amazon-movistar\" target=\"_blank\" rel=\"noopener\">Las mejores series de intriga y suspense en streaming<\/a><\/p>\n<p>En Espinof | <a class=\"text-outboundlink\" href=\"https:\/\/www.espinof.com\/series-de-ficcion\/esta-serie-policiaca-roza-puntuacion-perfecta-acaba-ser-renovada-temporada-2-llega-a-disney-plus\" data-vars-post-title=\"Esta serie polic\u00edaca roza la puntuaci\u00f3n perfecta, acaba de ser renovada por una temporada 2 y llega ya a Disney+\" data-vars-post-url=\"https:\/\/www.espinof.com\/series-de-ficcion\/esta-serie-policiaca-roza-puntuacion-perfecta-acaba-ser-renovada-temporada-2-llega-a-disney-plus\" target=\"_blank\" rel=\"noopener\">Esta serie polic\u00edaca roza la puntuaci\u00f3n perfecta y acaba de ser renovada<\/a><\/p>\n<\/p><\/div>\n<p><a href=\"https:\/\/www.espinof.com\/series-de-ficcion\/fui-idiota-kelly-clarkson-pide-perdon-a-the-rookie-2-anos-despues-su-cameo\" class=\" target=\" title=\"\" Fui una Kelly Clarkson pide  &#039;The 2   de su target=\"_blank\" rel=\"noopener\">Ver fuente<\/a><\/p>\n","protected":false},"excerpt":{"rendered":"<p>En lo que esperamos a que podamos ver la nueva temporada en Espa\u00f1a (el 5 de marzo en Warner TV), &#8216;The Rookie&#8216; tiene un largo historial de cameos de artistas que han aparecido brevemente en la serie polic\u00edaca. Uno de esos cameos fue el de la cantante y presentadora Kelly Clarkson que lo pas\u00f3 algo [&hellip;]<\/p>\n","protected":false},"author":2,"featured_media":46738,"comment_status":"open","ping_status":"closed","sticky":false,"template":"","format":"standard","meta":{"footnotes":""},"categories":[8],"tags":[],"class_list":["post-46737","post","type-post","status-publish","format-standard","has-post-thumbnail","hentry","category-entretenimiento"],"_links":{"self":[{"href":"https:\/\/enfoquenoticioso.com\/index.php?rest_route=\/wp\/v2\/posts\/46737","targetHints":{"allow":["GET"]}}],"collection":[{"href":"https:\/\/enfoquenoticioso.com\/index.php?rest_route=\/wp\/v2\/posts"}],"about":[{"href":"https:\/\/enfoquenoticioso.com\/index.php?rest_route=\/wp\/v2\/types\/post"}],"author":[{"embeddable":true,"href":"https:\/\/enfoquenoticioso.com\/index.php?rest_route=\/wp\/v2\/users\/2"}],"replies":[{"embeddable":true,"href":"https:\/\/enfoquenoticioso.com\/index.php?rest_route=%2Fwp%2Fv2%2Fcomments&post=46737"}],"version-history":[{"count":0,"href":"https:\/\/enfoquenoticioso.com\/index.php?rest_route=\/wp\/v2\/posts\/46737\/revisions"}],"wp:featuredmedia":[{"embeddable":true,"href":"https:\/\/enfoquenoticioso.com\/index.php?rest_route=\/wp\/v2\/media\/46738"}],"wp:attachment":[{"href":"https:\/\/enfoquenoticioso.com\/index.php?rest_route=%2Fwp%2Fv2%2Fmedia&parent=46737"}],"wp:term":[{"taxonomy":"category","embeddable":true,"href":"https:\/\/enfoquenoticioso.com\/index.php?rest_route=%2Fwp%2Fv2%2Fcategories&post=46737"},{"taxonomy":"post_tag","embeddable":true,"href":"https:\/\/enfoquenoticioso.com\/index.php?rest_route=%2Fwp%2Fv2%2Ftags&post=46737"}],"curies":[{"name":"wp","href":"https:\/\/api.w.org\/{rel}","templated":true}]}}