{"id":46830,"date":"2025-01-28T21:58:29","date_gmt":"2025-01-28T21:58:29","guid":{"rendered":"https:\/\/enfoquenoticioso.com\/entretenimiento\/que-fue-del-nino-de-la-lengua-de-las-mariposas-el-alumno-de-fernando-fernan-gomez-que-no-pisa-el-cine-desde-hace-mas-de-una-decada\/"},"modified":"2025-01-28T21:58:29","modified_gmt":"2025-01-28T21:58:29","slug":"que-fue-del-nino-de-la-lengua-de-las-mariposas-el-alumno-de-fernando-fernan-gomez-que-no-pisa-el-cine-desde-hace-mas-de-una-decada","status":"publish","type":"post","link":"https:\/\/enfoquenoticioso.com\/?p=46830","title":{"rendered":"Qu\u00e9 fue del ni\u00f1o de &#8216;La lengua de las mariposas&#8217;, el alumno de Fernando Fern\u00e1n G\u00f3mez que no pisa el cine desde hace m\u00e1s de una d\u00e9cada"},"content":{"rendered":"<div>\n<p>Hay pel\u00edculas que calan en el imaginario colectivo de todo un pa\u00eds y &#8216;La lengua de las mariposas&#8217; es sin duda una de las m\u00e1s recordadas en Espa\u00f1a. Ese demoledor final es de los que se te quedan grabados en la retina, as\u00ed como la expresi\u00f3n de su protagonista. <strong>\u00bfQu\u00e9 fue de Manuel Lozano?<\/strong><\/p>\n<p><!-- BREAK 1 --> <\/p>\n<div class=\"video-boost-container article-asset-normal\">\n<div class=\"article-asset-video\">\n<div class=\"asset-content\">\n<p>\n                         <iframe loading=\"lazy\" title=\"LAS 10 MEJORES PELICULAS DE LA D\u00c9CADA (2010-2019)\" width=\"640\" height=\"360\" src=\"https:\/\/www.youtube.com\/embed\/KVHQTzeqEgk?feature=oembed\" frameborder=\"0\" allow=\"accelerometer; autoplay; clipboard-write; encrypted-media; gyroscope; picture-in-picture; web-share\" referrerpolicy=\"strict-origin-when-cross-origin\" allowfullscreen><\/iframe>\n       <\/p>\n<\/p><\/div>\n<\/p><\/div>\n<p> <span class=\"video-boost-title\">LAS 10 MEJORES PELICULAS DE LA D\u00c9CADA (2010-2019)<\/span>\n<\/div>\n<div id=\"ez-toc-container\" class=\"ez-toc-v2_0_81 counter-hierarchy ez-toc-counter ez-toc-grey ez-toc-container-direction\">\n<div class=\"ez-toc-title-container\">\n<p class=\"ez-toc-title\" style=\"cursor:inherit\">Tabla de Contenido<\/p>\n<span class=\"ez-toc-title-toggle\"><a href=\"#\" class=\"ez-toc-pull-right ez-toc-btn ez-toc-btn-xs ez-toc-btn-default ez-toc-toggle\" aria-label=\"Alternar tabla de contenidos\"><span class=\"ez-toc-js-icon-con\"><span class=\"\"><span class=\"eztoc-hide\" style=\"display:none;\">Toggle<\/span><span class=\"ez-toc-icon-toggle-span\"><svg style=\"fill: #999;color:#999\" xmlns=\"http:\/\/www.w3.org\/2000\/svg\" class=\"list-377408\" width=\"20px\" height=\"20px\" viewBox=\"0 0 24 24\" fill=\"none\"><path d=\"M6 6H4v2h2V6zm14 0H8v2h12V6zM4 11h2v2H4v-2zm16 0H8v2h12v-2zM4 16h2v2H4v-2zm16 0H8v2h12v-2z\" fill=\"currentColor\"><\/path><\/svg><svg style=\"fill: #999;color:#999\" class=\"arrow-unsorted-368013\" xmlns=\"http:\/\/www.w3.org\/2000\/svg\" width=\"10px\" height=\"10px\" viewBox=\"0 0 24 24\" version=\"1.2\" baseProfile=\"tiny\"><path d=\"M18.2 9.3l-6.2-6.3-6.2 6.3c-.2.2-.3.4-.3.7s.1.5.3.7c.2.2.4.3.7.3h11c.3 0 .5-.1.7-.3.2-.2.3-.5.3-.7s-.1-.5-.3-.7zM5.8 14.7l6.2 6.3 6.2-6.3c.2-.2.3-.5.3-.7s-.1-.5-.3-.7c-.2-.2-.4-.3-.7-.3h-11c-.3 0-.5.1-.7.3-.2.2-.3.5-.3.7s.1.5.3.7z\"\/><\/svg><\/span><\/span><\/span><\/a><\/span><\/div>\n<nav><ul class='ez-toc-list ez-toc-list-level-1 ' ><li class='ez-toc-page-1 ez-toc-heading-level-2'><a class=\"ez-toc-link ez-toc-heading-1\" href=\"https:\/\/enfoquenoticioso.com\/?p=46830\/#Estrella_fugaz\" >Estrella fugaz<\/a><\/li><\/ul><\/nav><\/div>\n<h2><span class=\"ez-toc-section\" id=\"Estrella_fugaz\"><\/span><strong>Estrella fugaz<\/strong><span class=\"ez-toc-section-end\"><\/span><\/h2>\n<p>Manuel Lozano Obispo naci\u00f3 en Santiago de Compostela, en 1990. Con tan solo nueve a\u00f1os, debut\u00f3 en el cine en la pel\u00edcula de <a class=\"text-outboundlink\" href=\"https:\/\/www.espinof.com\/directores-y-guionistas\/muere-jose-luis-cuerda-director-amanece-que-no-poco-referente-comedia-espanola\" data-vars-post-title=\"Muere Jos\u00e9 Luis Cuerda, director de &#039;Amanece, que no es poco&#039; y referente de la comedia espa\u00f1ola\" data-vars-post-url=\"https:\/\/www.espinof.com\/directores-y-guionistas\/muere-jose-luis-cuerda-director-amanece-que-no-poco-referente-comedia-espanola\" target=\"_blank\" rel=\"noopener\">Jos\u00e9 Luis Cuerda<\/a> &#8216;La lengua de las mariposas&#8217;, donde dio vida a <strong>Moncho, el ni\u00f1o protagonista y alumno del profesor republicano interpretado por Fernando Fern\u00e1n G\u00f3mez<\/strong>.El director le eligi\u00f3 en un casting que se realiz\u00f3 en decenas de colegios de Galicia y por el que pasaron miles de ni\u00f1os.<\/p>\n<p><!-- BREAK 2 --><\/p>\n<div class=\"article-asset-image article-asset-normal article-asset-center\">\n<div class=\"asset-content\">\n                   <img class=\"centro_sinmarco\" height=\"1080\" width=\"1920\" loading=\"lazy\" decoding=\"async\" sizes=\"auto, 100vw\" fetchpriority=\"high\" srcset=\"https:\/\/i.blogs.es\/cd060d\/la-lengua-de-las-mariposas\/450_1000.jpeg 450w, https:\/\/i.blogs.es\/cd060d\/la-lengua-de-las-mariposas\/650_1200.jpeg 681w,https:\/\/i.blogs.es\/cd060d\/la-lengua-de-las-mariposas\/1024_2000.jpeg 1024w, https:\/\/i.blogs.es\/cd060d\/la-lengua-de-las-mariposas\/1366_2000.jpeg 1366w\" src=\"https:\/\/i.blogs.es\/cd060d\/la-lengua-de-las-mariposas\/450_1000.jpeg\" alt=\"La Lengua De Las Mariposas\"\/><br \/>\n   <img decoding=\"async\" alt=\"La Lengua De Las Mariposas\" class=\"centro_sinmarco\" src=\"https:\/\/i.blogs.es\/cd060d\/la-lengua-de-las-mariposas\/450_1000.jpeg\"\/><\/p><\/div>\n<\/div>\n<p>Basada en la novela &#8216;\u00bfQu\u00e9 me quieres, amor?&#8217; de Manuel Rivas, la pel\u00edcula fue un \u00e9xito ensordecedor y<strong> cop\u00f3 las nominaciones de los Premios Goya<\/strong> de ese a\u00f1o, aunque finalmente solo se llev\u00f3 la de Mejor guion adaptado para Rafael Azcona. <strong>Lozano estuvo nominado a Mejor actor revelaci\u00f3n<\/strong> y despu\u00e9s fue empalmando un proyecto tras otro.<\/p>\n<p><!-- BREAK 3 --> <\/p>\n<p>El mismo a\u00f1o en que se estren\u00f3 la pel\u00edcula,<strong> <\/strong>le lleg\u00f3 el rol de Dani en<strong> la serie de Antena 3 &#8216;Nada es para siempre&#8217;<\/strong>, y se mantuvo durante 10 episodios. Tambi\u00e9n <strong>hizo unas cuantas pel\u00edculas con Jos\u00e9 Luis Garci<\/strong>, como &#8216;You are the one (Una historia de entonces)&#8217;, &#8216;Historia de un beso&#8217; y &#8216;Tiovivo c. 1950&#8217;.<\/p>\n<p><!-- BREAK 4 --><\/p>\n<div class=\"article-asset article-asset-normal article-asset-center\">\n<div class=\"desvio-container\">\n<div class=\"desvio\">\n<div class=\"desvio-figure js-desvio-figure\">\n    <a href=\"https:\/\/www.espinof.com\/actores-y-actrices\/que-fue-silke-actriz-obligada-a-ser-musa-cine-espanol-que-encontro-su-felicidad-cuando-dejo-actuar\" class=\"pivot-outboundlink\" data-vars-post-title=\"Qu\u00e9 fue de Silke, la actriz obligada a ser musa del cine espa\u00f1ol que encontr\u00f3 su felicidad cuando dej\u00f3 de actuar\" target=\"_blank\" rel=\"noopener\"><br \/>\n     <img loading=\"lazy\" decoding=\"async\" alt=\"Qu\u00e9 fue de Silke, la actriz obligada a ser musa del cine espa\u00f1ol que encontr\u00f3 su felicidad cuando dej\u00f3 de actuar\" width=\"375\" height=\"142\" src=\"https:\/\/i.blogs.es\/05a10f\/silke-1\/375_142.jpeg\"\/><br \/>\n    <\/a>\n   <\/div>\n<\/p><\/div>\n<\/p><\/div>\n<\/div>\n<p>H<strong>izo muy buenas migas con Fern\u00e1n G\u00f3mez, quien quiso repetir con \u00e9l d\u00e1ndole el papel del Lazarillo<\/strong> en su pel\u00edcula &#8216;L\u00e1zaro de Tormes&#8217;. Otras pel\u00edculas que hizo a lo largo de la primera d\u00e9cada de los 2000 fueron &#8216;M\u00e1s pena que Gloria&#8217;, &#8216;Nos miran&#8217;, &#8216;Eres mi h\u00e9roe&#8217; y <a class=\"text-outboundlink\" href=\"https:\/\/www.espinof.com\/criticas\/mia-sarah-y-mia-la-desgracia-de-haber-perdido-el-tiempo-en-verla\" data-vars-post-title=\"Mia Sarah y m\u00eda la desgracia de haber perdido el tiempo en verla\" data-vars-post-url=\"https:\/\/www.espinof.com\/criticas\/mia-sarah-y-mia-la-desgracia-de-haber-perdido-el-tiempo-en-verla\" target=\"_blank\" rel=\"noopener\">&#8216;Mia Sarah&#8217;<\/a>.<\/p>\n<p><!-- BREAK 5 --><\/p>\n<p>En TV no se movi\u00f3 tanto, m\u00e1s all\u00e1 de episodios sueltos en &#8216;Para\u00edso&#8217; y <a class=\"text-outboundlink\" href=\"https:\/\/www.espinof.com\/series-de-ficcion\/hospital-central-el-sacrificio-de-un-simbolo\" data-vars-post-title=\"&#039;Hospital Central&#039;, el sacrificio de un s\u00edmbolo\" data-vars-post-url=\"https:\/\/www.espinof.com\/series-de-ficcion\/hospital-central-el-sacrificio-de-un-simbolo\" target=\"_blank\" rel=\"noopener\">&#8216;Hospital Central&#8217;<\/a>. Para echarle un vistazo a <strong>sus \u00faltimos trabajos en la peque\u00f1a y la gran pantalla, tenemos que remontarnos a hace una d\u00e9cada<\/strong>, cuando hizo <a class=\"text-outboundlink\" href=\"https:\/\/www.espinof.com\/criticas\/somos-gente-honrada-cine-honesto\" data-vars-post-title=\"&#039;Somos gente honrada&#039;, cine honesto\" data-vars-post-url=\"https:\/\/www.espinof.com\/criticas\/somos-gente-honrada-cine-honesto\" target=\"_blank\" rel=\"noopener\">&#8216;Somos gente honrada&#8217;<\/a> (2013) y las miniseries &#8216;C\u00f3dice&#8217; (2014) y &#8216;Hotel Almirante&#8217; (2015).<\/p>\n<p><!-- BREAK 6 --> <\/p>\n<div class=\"article-asset-image article-asset-normal article-asset-center\">\n<div class=\"asset-content\">\n                   <img class=\"centro_sinmarco\" height=\"1148\" width=\"1280\" loading=\"lazy\" decoding=\"async\" sizes=\"auto, 100vw\" fetchpriority=\"high\" srcset=\"https:\/\/i.blogs.es\/3814a5\/manuel-lozano\/450_1000.jpeg 450w, https:\/\/i.blogs.es\/3814a5\/manuel-lozano\/650_1200.jpeg 681w,https:\/\/i.blogs.es\/3814a5\/manuel-lozano\/1024_2000.jpeg 1024w, https:\/\/i.blogs.es\/3814a5\/manuel-lozano\/1366_2000.jpeg 1366w\" src=\"https:\/\/i.blogs.es\/3814a5\/manuel-lozano\/450_1000.jpeg\" alt=\"Manuel Lozano\"\/><br \/>\n   <img decoding=\"async\" alt=\"Manuel Lozano\" class=\"centro_sinmarco\" src=\"https:\/\/i.blogs.es\/3814a5\/manuel-lozano\/450_1000.jpeg\"\/><\/p><\/div>\n<\/div>\n<p>En 2011, Lozano <a rel=\"noopener, noreferrer\" href=\"https:\/\/www.rtve.es\/play\/audios\/la-entrevista-de-radio-5\/entrevista-r5-manuel-lozano-nino-lengua-mariposas\/1266585\/\" target=\"_blank\">cont\u00f3<\/a> en una entrevista que hab\u00eda logrado tomarse el tema de la interpretaci\u00f3n con calma con el tiempo, para as\u00ed tambi\u00e9n hacer sitio para otros intereses. De hecho, estudi\u00f3 Arquitectura en la Escuela T\u00e9cnica Superior de Arquitectura de La Coru\u00f1a y<strong> desde que se gradu\u00f3 trabaja como arquitecto<\/strong>.<\/p>\n<p><!-- BREAK 7 --><\/p>\n<p>En esa misma entrevista, Lozano <strong>asegur\u00f3 que Fern\u00e1n G\u00f3mez le pareci\u00f3 \u00abun genio\u00bb y que aprendi\u00f3 mucho de \u00e9l<\/strong>. Por aquel entonces, dijo que estaba compaginando lo de ser arquitecto con su faceta de actor, pero la realidad es que no hemos vuelto a verle como tal ni en cine ni en TV desde hace 10 a\u00f1os.<\/p>\n<p><!-- BREAK 8 --><\/p>\n<div class=\"article-asset article-asset-normal article-asset-center\">\n<div class=\"desvio-container\">\n<div class=\"desvio\">\n<div class=\"desvio-figure js-desvio-figure\">\n    <a href=\"https:\/\/www.espinof.com\/actores-y-actrices\/que-fue-jose-luis-fernandez-ser-pancho-verano-azul-a-atracar-a-senora-tener-problemas-su-adiccion-a-drogas\" class=\"pivot-outboundlink\" data-vars-post-title=\"Qu\u00e9 fue del Pancho de &#039;Verano azul&#039;, del \u00e9xito de la m\u00edtica serie espa\u00f1ola a atracar a una se\u00f1ora a mano armada\" target=\"_blank\" rel=\"noopener\"><br \/>\n     <img loading=\"lazy\" decoding=\"async\" alt=\"Qu\u00e9 fue del Pancho de 'Verano azul', del \u00e9xito de la m\u00edtica serie espa\u00f1ola a atracar a una se\u00f1ora a mano armada\" width=\"375\" height=\"142\" src=\"https:\/\/i.blogs.es\/8aa4cc\/verano-azul\/375_142.jpeg\"\/><br \/>\n    <\/a>\n   <\/div>\n<\/p><\/div>\n<\/p><\/div>\n<\/div>\n<p>Precisamente, <strong>la \u00faltima vez que lo vimos en una pantalla fue en 2021 para homenajear al que fuera su maestro<\/strong> en su primera pel\u00edcula con &#8216;FFG, el \u00faltimo gran conversador&#8217;, el documental sobre Fernando Fern\u00e1n G\u00f3mez.<\/p>\n<p><!-- BREAK 9 --><\/p>\n<p>En Espinof | <a class=\"text-outboundlink\" href=\"https:\/\/www.espinof.com\/actores-y-actrices\/que-fue-julian-gonzalez-estrella-juvenil-farmacia-guardia-companeros-a-dejar-tv-interiorismo\" data-vars-post-title=\"Qu\u00e9 fue de Juli\u00e1n Gonz\u00e1lez: el Guille de &#039;Farmacia de guardia&#039; dej\u00f3 la actuaci\u00f3n para dedicarse al interiorismo\" data-vars-post-url=\"https:\/\/www.espinof.com\/actores-y-actrices\/que-fue-julian-gonzalez-estrella-juvenil-farmacia-guardia-companeros-a-dejar-tv-interiorismo\" target=\"_blank\" rel=\"noopener\">Qu\u00e9 fue de Juli\u00e1n Gonz\u00e1lez: el Guille de &#8216;Farmacia de guardia&#8217; dej\u00f3 la actuaci\u00f3n para dedicarse al interiorismo<\/a><\/p>\n<p>En Espinof | <a class=\"text-outboundlink\" href=\"https:\/\/www.espinof.com\/listas\/mejores-series-ciencia-ficcion-fantasia-2024\" data-vars-post-title=\"Las 17 mejores series de ciencia ficci\u00f3n y fantas\u00eda de 2024 y d\u00f3nde verlas\" data-vars-post-url=\"https:\/\/www.espinof.com\/listas\/mejores-series-ciencia-ficcion-fantasia-2024\" target=\"_blank\" rel=\"noopener\">Las mejores series de ciencia ficci\u00f3n y fantas\u00eda de 2024<\/a><\/p>\n<\/p><\/div>\n<p><a href=\"https:\/\/www.espinof.com\/actores-y-actrices\/que-fue-nino-lengua-mariposas-alumno-fernando-fernan-gomez-que-no-pisa-cine-hace-decada\" class=\" target=\" title=\"Qu\u00e9 fue del ni\u00f1o de &#039;La lengua de las mariposas&#039;, el alumno de Fernando Fern\u00e1n G\u00f3mez que no pisa el cine desde hace m\u00e1s de una d\u00e9cada\" target=\"_blank\" rel=\"noopener\">Ver fuente<\/a><\/p>\n","protected":false},"excerpt":{"rendered":"<p>Hay pel\u00edculas que calan en el imaginario colectivo de todo un pa\u00eds y &#8216;La lengua de las mariposas&#8217; es sin duda una de las m\u00e1s recordadas en Espa\u00f1a. Ese demoledor final es de los que se te quedan grabados en la retina, as\u00ed como la expresi\u00f3n de su protagonista. \u00bfQu\u00e9 fue de Manuel Lozano? LAS [&hellip;]<\/p>\n","protected":false},"author":2,"featured_media":46831,"comment_status":"open","ping_status":"closed","sticky":false,"template":"","format":"standard","meta":{"footnotes":""},"categories":[8],"tags":[],"class_list":["post-46830","post","type-post","status-publish","format-standard","has-post-thumbnail","hentry","category-entretenimiento"],"_links":{"self":[{"href":"https:\/\/enfoquenoticioso.com\/index.php?rest_route=\/wp\/v2\/posts\/46830","targetHints":{"allow":["GET"]}}],"collection":[{"href":"https:\/\/enfoquenoticioso.com\/index.php?rest_route=\/wp\/v2\/posts"}],"about":[{"href":"https:\/\/enfoquenoticioso.com\/index.php?rest_route=\/wp\/v2\/types\/post"}],"author":[{"embeddable":true,"href":"https:\/\/enfoquenoticioso.com\/index.php?rest_route=\/wp\/v2\/users\/2"}],"replies":[{"embeddable":true,"href":"https:\/\/enfoquenoticioso.com\/index.php?rest_route=%2Fwp%2Fv2%2Fcomments&post=46830"}],"version-history":[{"count":0,"href":"https:\/\/enfoquenoticioso.com\/index.php?rest_route=\/wp\/v2\/posts\/46830\/revisions"}],"wp:featuredmedia":[{"embeddable":true,"href":"https:\/\/enfoquenoticioso.com\/index.php?rest_route=\/wp\/v2\/media\/46831"}],"wp:attachment":[{"href":"https:\/\/enfoquenoticioso.com\/index.php?rest_route=%2Fwp%2Fv2%2Fmedia&parent=46830"}],"wp:term":[{"taxonomy":"category","embeddable":true,"href":"https:\/\/enfoquenoticioso.com\/index.php?rest_route=%2Fwp%2Fv2%2Fcategories&post=46830"},{"taxonomy":"post_tag","embeddable":true,"href":"https:\/\/enfoquenoticioso.com\/index.php?rest_route=%2Fwp%2Fv2%2Ftags&post=46830"}],"curies":[{"name":"wp","href":"https:\/\/api.w.org\/{rel}","templated":true}]}}