{"id":4731,"date":"2024-06-04T03:18:03","date_gmt":"2024-06-04T03:18:03","guid":{"rendered":"https:\/\/enfoquenoticioso.com\/tecnologia\/los-medicamentos-pueden-hacerte-mas-vulnerable-al-calor\/"},"modified":"2024-06-04T03:18:03","modified_gmt":"2024-06-04T03:18:03","slug":"los-medicamentos-pueden-hacerte-mas-vulnerable-al-calor","status":"publish","type":"post","link":"https:\/\/enfoquenoticioso.com\/?p=4731","title":{"rendered":"Los medicamentos pueden hacerte m\u00e1s vulnerable al calor"},"content":{"rendered":"<div>\n<p>El <strong>verano de 2023<\/strong> bati\u00f3 r\u00e9cords en el m\u00e1s terrible de los sentidos y lo peor es que <a href=\"https:\/\/hipertextual.com\/2024\/05\/prediccion-temperaturas-verano-2024\" target=\"_blank\" rel=\"noopener\">se cree que el de 2024 ser\u00e1 peor<\/a>. Por eso, debemos estar preparados para las olas de calor que pueden poner en peligro la salud de cualquier persona, pero sobre todo de las que cumplen determinados factores de riesgo. Solemos fijarnos en la edad o en la presencia de ciertas patolog\u00edas, pero no tenemos tanto en cuenta la medicaci\u00f3n. Sin embargo, se sabe que hay medicamentos que pueden hacernos <strong>m\u00e1s vulnerables al calor.<\/strong><\/p>\n<p><a href=\"https:\/\/www.scientificamerican.com\/article\/how-some-common-medications-can-make-people-more-vulnerable-to-heat\/\" target=\"_blank\" rel=\"noopener\">Se trata sobre todo<\/a> de los <strong>anticolin\u00e9rgicos<\/strong>, utilizados para tratar un gran n\u00famero de afecciones, tanto a nivel cardiovascular como nervioso, digestivo o respiratorio, entre otros muchos. Estos f\u00e1rmacos bloquean ciertas funciones del <strong>sistema nervioso<\/strong>. Dado que el cerebro es el centro de control de nuestro organismo, son muchas las enfermedades que se pueden tratar mediante el bloqueo de algunas de sus ramas.\u00a0<\/p>\n<p>Directa o indirectamente, parece ser que son <strong>los antipsic\u00f3ticos y los betabloqueantes <\/strong>los que m\u00e1s vulnerables al calor hacen a sus consumidores. Ahora bien, \u00bfsignifica eso que estas personas deber\u00edan dejar su medicaci\u00f3n en verano? Por supuest\u00edsimo que no. La medicaci\u00f3n es lo primero. Pero quiz\u00e1s deber\u00edan resguardarse mejor de las altas temperaturas.<\/p>\n<div id=\"ez-toc-container\" class=\"ez-toc-v2_0_81 counter-hierarchy ez-toc-counter ez-toc-grey ez-toc-container-direction\">\n<div class=\"ez-toc-title-container\">\n<p class=\"ez-toc-title\" style=\"cursor:inherit\">Tabla de Contenido<\/p>\n<span class=\"ez-toc-title-toggle\"><a href=\"#\" class=\"ez-toc-pull-right ez-toc-btn ez-toc-btn-xs ez-toc-btn-default ez-toc-toggle\" aria-label=\"Alternar tabla de contenidos\"><span class=\"ez-toc-js-icon-con\"><span class=\"\"><span class=\"eztoc-hide\" style=\"display:none;\">Toggle<\/span><span class=\"ez-toc-icon-toggle-span\"><svg style=\"fill: #999;color:#999\" xmlns=\"http:\/\/www.w3.org\/2000\/svg\" class=\"list-377408\" width=\"20px\" height=\"20px\" viewBox=\"0 0 24 24\" fill=\"none\"><path d=\"M6 6H4v2h2V6zm14 0H8v2h12V6zM4 11h2v2H4v-2zm16 0H8v2h12v-2zM4 16h2v2H4v-2zm16 0H8v2h12v-2z\" fill=\"currentColor\"><\/path><\/svg><svg style=\"fill: #999;color:#999\" class=\"arrow-unsorted-368013\" xmlns=\"http:\/\/www.w3.org\/2000\/svg\" width=\"10px\" height=\"10px\" viewBox=\"0 0 24 24\" version=\"1.2\" baseProfile=\"tiny\"><path d=\"M18.2 9.3l-6.2-6.3-6.2 6.3c-.2.2-.3.4-.3.7s.1.5.3.7c.2.2.4.3.7.3h11c.3 0 .5-.1.7-.3.2-.2.3-.5.3-.7s-.1-.5-.3-.7zM5.8 14.7l6.2 6.3 6.2-6.3c.2-.2.3-.5.3-.7s-.1-.5-.3-.7c-.2-.2-.4-.3-.7-.3h-11c-.3 0-.5.1-.7.3-.2.2-.3.5-.3.7s.1.5.3.7z\"\/><\/svg><\/span><\/span><\/span><\/a><\/span><\/div>\n<nav><ul class='ez-toc-list ez-toc-list-level-1 ' ><li class='ez-toc-page-1 ez-toc-heading-level-2'><a class=\"ez-toc-link ez-toc-heading-1\" href=\"https:\/\/enfoquenoticioso.com\/?p=4731\/#Los_mecanismos_de_nuestro_cuerpo_para_autorefrigerarse\" >Los mecanismos de nuestro cuerpo para autorefrigerarse<\/a><\/li><li class='ez-toc-page-1 ez-toc-heading-level-2'><a class=\"ez-toc-link ez-toc-heading-2\" href=\"https:\/\/enfoquenoticioso.com\/?p=4731\/#Los_medicamentos_que_nos_hacen_vulnerables_al_calor\" >Los medicamentos que nos hacen vulnerables al calor<\/a><ul class='ez-toc-list-level-3' ><li class='ez-toc-heading-level-3'><a class=\"ez-toc-link ez-toc-heading-3\" href=\"https:\/\/enfoquenoticioso.com\/?p=4731\/#No_debe_confundirse_con_la_hipertermia_maligna\" >No debe confundirse con la hipertermia maligna<\/a><\/li><\/ul><\/li><li class='ez-toc-page-1 ez-toc-heading-level-2'><a class=\"ez-toc-link ez-toc-heading-4\" href=\"https:\/\/enfoquenoticioso.com\/?p=4731\/#Cuidado_tambien_con_las_drogas\" >Cuidado tambi\u00e9n con las drogas<\/a><\/li><li class='ez-toc-page-1 ez-toc-heading-level-2'><a class=\"ez-toc-link ez-toc-heading-5\" href=\"https:\/\/enfoquenoticioso.com\/?p=4731\/#Las_personas_vulnerables_al_calor_deben_tomar_precauciones\" >Las personas vulnerables al calor deben tomar precauciones<\/a><ul class='ez-toc-list-level-4' ><li class='ez-toc-heading-level-4'><ul class='ez-toc-list-level-4' ><li class='ez-toc-heading-level-4'><a class=\"ez-toc-link ez-toc-heading-6\" href=\"https:\/\/enfoquenoticioso.com\/?p=4731\/#Tambien_en_Hipertextual\" >Tambi\u00e9n en Hipertextual:<\/a><\/li><\/ul><\/li><\/ul><\/li><\/ul><\/nav><\/div>\n<h2 class=\"wp-block-heading\" id=\"h-los-mecanismos-de-nuestro-cuerpo-para-autorefrigerarse\"><span class=\"ez-toc-section\" id=\"Los_mecanismos_de_nuestro_cuerpo_para_autorefrigerarse\"><\/span>Los mecanismos de nuestro cuerpo para autorefrigerarse<span class=\"ez-toc-section-end\"><\/span><\/h2>\n<p>Los seres humanos somos animales homeotermos. Esto significa que <a href=\"https:\/\/hipertextual.com\/2023\/06\/peligro-dejar-nino-asiento-de-atras\" target=\"_blank\" rel=\"noopener\">tenemos la capacidad de mantener una temperatura corporal constante<\/a>, independientemente del fr\u00edo o el calor ambiental que haya a nuestro alrededor. Tanto a 40 \u00baC como a temperaturas bajo cero nuestro cuerpo suele mantenerse<strong> entre 36 \u00baC y 37 \u00baC.\u00a0<\/strong><\/p>\n<p>Esto ocurre gracias a varios mecanismos regulados por nuestro sistema nervioso. El m\u00e1s importante es la <strong>sudoraci\u00f3n<\/strong>. Se promueve la liberaci\u00f3n de sudor a trav\u00e9s de las gl\u00e1ndulas sudor\u00edparas. Este se queda sobre la superficie de la piel, pero una vez ah\u00ed debe evaporarse, para lo cual extrae calor del cuerpo.\u00a0<\/p>\n<p>Tambi\u00e9n se promueve la <strong>dilataci\u00f3n de los vasos sangu\u00edneos <\/strong>m\u00e1s cercanos a la piel. As\u00ed, aumenta el flujo sangu\u00edneo, de manera que se transporta m\u00e1s calor para evaporar ese sudor y enfriar el cuerpo.<\/p>\n<p>Si nuestro organismo no dispusiese de todos esos mecanismos, ser\u00edamos mucho m\u00e1s <strong>vulnerables al calor<\/strong>. Y eso es precisamente lo que ocurre con algunos medicamentos.<\/p>\n<h2 class=\"wp-block-heading\" id=\"h-los-medicamentos-que-nos-hacen-vulnerables-al-calor\"><span class=\"ez-toc-section\" id=\"Los_medicamentos_que_nos_hacen_vulnerables_al_calor\"><\/span>Los medicamentos que nos hacen vulnerables al calor<span class=\"ez-toc-section-end\"><\/span><\/h2>\n<p>Algunos f\u00e1rmacos causan lo que se conoce como hipertermia inducida por medicamentos. Generalmente lo hacen los anticolin\u00e9rgicos, encargados de reducir o bloquear los efectos que causa en el sistema nervioso un neurotransmisor llamado <strong>acetilcolina.<\/strong><\/p>\n<p>Estos son beneficiosos a muchos niveles. Por ejemplo, al reducir la acci\u00f3n de este neurotransmisor se pueden mejorar los s\u00edntomas de enfermedades como el p\u00e1rkinson o las afecciones cardiovasculares. Tambi\u00e9n suelen tomarse<strong> junto a antipsic\u00f3ticos <\/strong>para reducir algunos de los efectos secundarios que estos producen.\u00a0<\/p>\n<p>Otros f\u00e1rmacos, como los <strong>antihistam\u00ednicos<\/strong>, tienen cierto efecto anticolin\u00e9rgico, pero no se bloquean todos los receptores, de modo que sus efectos adversos no son tan grandes.<\/p>\n<aside class=\"scaip scaip-2    \">\n<aside id=\"newspack-ads-widget-53\" class=\"widget_newspack-ads-widget clearfix\"\/>\n<aside id=\"block-134\" class=\"widget_block clearfix\">\n<hr class=\"wp-block-separator has-alpha-channel-opacity is-style-wide\"\/>\n<\/aside>\n<aside id=\"block-132\" class=\"widget_block clearfix\">\n<div class=\"wp-block-group\">\n<div class=\"wp-block-group__inner-container is-layout-constrained wp-block-group-is-layout-constrained\">\n<figure class=\"wp-block-embed is-type-video is-provider-youtube wp-block-embed-youtube wp-embed-aspect-16-9 wp-has-aspect-ratio\">\n<div class=\"wp-block-embed__wrapper\">\n<div class=\"perfmatters-lazy-youtube\" data-src=\"https:\/\/www.youtube.com\/embed\/qvqlXptFgT0\" data-id=\"qvqlXptFgT0\" data-query=\"list=PLNX1MnYM-Gd8Q6lUr2yJJCmtNDiLngIbu\" onclick=\"perfmattersLazyLoadYouTube(this);\">\n<div><img loading=\"lazy\" decoding=\"async\" alt=\"YouTube video\" width=\"480\" height=\"360\" data-pin-nopin=\"true\" nopin=\"nopin\" class=\"perfmatters-lazy\" src=\"https:\/\/i.ytimg.com\/vi\/qvqlXptFgT0\/hqdefault.jpg\"\/><img loading=\"lazy\" decoding=\"async\" src=\"https:\/\/i.ytimg.com\/vi\/qvqlXptFgT0\/hqdefault.jpg\" alt=\"YouTube video\" width=\"480\" height=\"360\" data-pin-nopin=\"true\" nopin=\"nopin\"\/><\/div>\n<\/div>\n<p><noscript><iframe loading=\"lazy\" title=\"El iPAD PRO M4 es IMPRESIONANTE, con solo UN PROBLEMA | Review en espa\u00f1ol\" width=\"640\" height=\"360\" src=\"https:\/\/www.youtube.com\/embed\/qvqlXptFgT0?feature=oembed\" frameborder=\"0\" allow=\"accelerometer; autoplay; clipboard-write; encrypted-media; gyroscope; picture-in-picture; web-share\" referrerpolicy=\"strict-origin-when-cross-origin\" allowfullscreen><\/iframe><\/noscript>\n<\/div>\n<\/figure>\n<hr class=\"wp-block-separator has-alpha-channel-opacity is-style-wide\"\/>\n<\/div>\n<\/div>\n<\/aside>\n<\/aside>\n<p>Y entre esos efectos adversos, efectivamente, est\u00e1 la susceptibilidad al calor. La acetilcolina interviene en algunos de esos procesos por los que el sistema nervioso nos ayuda a regular la temperatura. Al comprobarse que las personas que tomaban estos f\u00e1rmacos se volv\u00edan m\u00e1s vulnerables al calor, estos se fueron modificando, por lo que muchos de los <strong>medicamentos de nueva generaci\u00f3n<\/strong> no afectan tanto en ese aspecto. Aun as\u00ed, se espera que, a medida que aumenten las temperaturas, los pocos que a\u00fan provocan esas susceptibilidad puedan estar detr\u00e1s de muchos <strong>golpes de calor.<\/strong><\/p>\n<figure class=\"wp-block-image alignwide size-large\"><img loading=\"lazy\" decoding=\"async\" width=\"780\" height=\"520\" alt=\"pastilla, ARNm, miedo agujas, vacunas del coronavirus, desigualdad de g\u00e9nero en ensayos cl\u00ednicos\" class=\"wp-image-1224527 perfmatters-lazy\" data-recalc-dims=\"1\" src=\"https:\/\/i0.wp.com\/imgs.hipertextual.com\/wp-content\/uploads\/2020\/08\/hipertextual-desigualdad-genero-tambien-influye-peligrosamente-medicamentos-que-tomas-2020002981-1500x1000.jpg?resize=780%2C520&amp;quality=55&amp;strip=all&amp;ssl=1\" srcset=\"https:\/\/i0.wp.com\/imgs.hipertextual.com\/wp-content\/uploads\/2020\/08\/hipertextual-desigualdad-genero-tambien-influye-peligrosamente-medicamentos-que-tomas-2020002981.jpg?resize=1500%2C1000&amp;quality=55&amp;strip=all&amp;ssl=1 1500w, https:\/\/i0.wp.com\/imgs.hipertextual.com\/wp-content\/uploads\/2020\/08\/hipertextual-desigualdad-genero-tambien-influye-peligrosamente-medicamentos-que-tomas-2020002981.jpg?resize=800%2C533&amp;quality=55&amp;strip=all&amp;ssl=1 800w, https:\/\/i0.wp.com\/imgs.hipertextual.com\/wp-content\/uploads\/2020\/08\/hipertextual-desigualdad-genero-tambien-influye-peligrosamente-medicamentos-que-tomas-2020002981.jpg?resize=768%2C512&amp;quality=55&amp;strip=all&amp;ssl=1 768w, https:\/\/i0.wp.com\/imgs.hipertextual.com\/wp-content\/uploads\/2020\/08\/hipertextual-desigualdad-genero-tambien-influye-peligrosamente-medicamentos-que-tomas-2020002981.jpg?resize=1536%2C1024&amp;quality=55&amp;strip=all&amp;ssl=1 1536w, https:\/\/i0.wp.com\/imgs.hipertextual.com\/wp-content\/uploads\/2020\/08\/hipertextual-desigualdad-genero-tambien-influye-peligrosamente-medicamentos-que-tomas-2020002981.jpg?resize=2048%2C1366&amp;quality=55&amp;strip=all&amp;ssl=1 2048w, https:\/\/i0.wp.com\/imgs.hipertextual.com\/wp-content\/uploads\/2020\/08\/hipertextual-desigualdad-genero-tambien-influye-peligrosamente-medicamentos-que-tomas-2020002981.jpg?resize=1200%2C800&amp;quality=55&amp;strip=all&amp;ssl=1 1200w, https:\/\/i0.wp.com\/imgs.hipertextual.com\/wp-content\/uploads\/2020\/08\/hipertextual-desigualdad-genero-tambien-influye-peligrosamente-medicamentos-que-tomas-2020002981.jpg?resize=740%2C494&amp;quality=55&amp;strip=all&amp;ssl=1 740w, https:\/\/i0.wp.com\/imgs.hipertextual.com\/wp-content\/uploads\/2020\/08\/hipertextual-desigualdad-genero-tambien-influye-peligrosamente-medicamentos-que-tomas-2020002981.jpg?resize=1568%2C1046&amp;quality=55&amp;strip=all&amp;ssl=1 1568w, https:\/\/i0.wp.com\/imgs.hipertextual.com\/wp-content\/uploads\/2020\/08\/hipertextual-desigualdad-genero-tambien-influye-peligrosamente-medicamentos-que-tomas-2020002981.jpg?resize=400%2C267&amp;quality=55&amp;strip=all&amp;ssl=1 400w, https:\/\/i0.wp.com\/imgs.hipertextual.com\/wp-content\/uploads\/2020\/08\/hipertextual-desigualdad-genero-tambien-influye-peligrosamente-medicamentos-que-tomas-2020002981.jpg?resize=960%2C640&amp;quality=55&amp;strip=all&amp;ssl=1 960w, https:\/\/i0.wp.com\/imgs.hipertextual.com\/wp-content\/uploads\/2020\/08\/hipertextual-desigualdad-genero-tambien-influye-peligrosamente-medicamentos-que-tomas-2020002981.jpg?resize=270%2C180&amp;quality=55&amp;strip=all&amp;ssl=1 270w, https:\/\/i0.wp.com\/imgs.hipertextual.com\/wp-content\/uploads\/2020\/08\/hipertextual-desigualdad-genero-tambien-influye-peligrosamente-medicamentos-que-tomas-2020002981.jpg?resize=700%2C467&amp;quality=55&amp;strip=all&amp;ssl=1 700w, https:\/\/i0.wp.com\/imgs.hipertextual.com\/wp-content\/uploads\/2020\/08\/hipertextual-desigualdad-genero-tambien-influye-peligrosamente-medicamentos-que-tomas-2020002981.jpg?resize=860%2C573&amp;quality=55&amp;strip=all&amp;ssl=1 860w, https:\/\/i0.wp.com\/imgs.hipertextual.com\/wp-content\/uploads\/2020\/08\/hipertextual-desigualdad-genero-tambien-influye-peligrosamente-medicamentos-que-tomas-2020002981.jpg?resize=1000%2C667&amp;quality=55&amp;strip=all&amp;ssl=1 1000w, https:\/\/i0.wp.com\/imgs.hipertextual.com\/wp-content\/uploads\/2020\/08\/hipertextual-desigualdad-genero-tambien-influye-peligrosamente-medicamentos-que-tomas-2020002981.jpg?w=2340&amp;quality=55&amp;strip=all&amp;ssl=1 2340w, https:\/\/i0.wp.com\/imgs.hipertextual.com\/wp-content\/uploads\/2020\/08\/hipertextual-desigualdad-genero-tambien-influye-peligrosamente-medicamentos-que-tomas-2020002981-1500x1000.jpg?w=370&amp;quality=55&amp;strip=all&amp;ssl=1 370w\" data-sizes=\"(max-width: 780px) 100vw, 780px\"\/><img loading=\"lazy\" decoding=\"async\" width=\"780\" height=\"520\" src=\"https:\/\/i0.wp.com\/imgs.hipertextual.com\/wp-content\/uploads\/2020\/08\/hipertextual-desigualdad-genero-tambien-influye-peligrosamente-medicamentos-que-tomas-2020002981-1500x1000.jpg?resize=780%2C520&amp;quality=55&amp;strip=all&amp;ssl=1\" alt=\"pastilla, ARNm, miedo agujas, vacunas del coronavirus, desigualdad de g\u00e9nero en ensayos cl\u00ednicos\" class=\"wp-image-1224527\" srcset=\"https:\/\/i0.wp.com\/imgs.hipertextual.com\/wp-content\/uploads\/2020\/08\/hipertextual-desigualdad-genero-tambien-influye-peligrosamente-medicamentos-que-tomas-2020002981.jpg?resize=1500%2C1000&amp;quality=55&amp;strip=all&amp;ssl=1 1500w, https:\/\/i0.wp.com\/imgs.hipertextual.com\/wp-content\/uploads\/2020\/08\/hipertextual-desigualdad-genero-tambien-influye-peligrosamente-medicamentos-que-tomas-2020002981.jpg?resize=800%2C533&amp;quality=55&amp;strip=all&amp;ssl=1 800w, https:\/\/i0.wp.com\/imgs.hipertextual.com\/wp-content\/uploads\/2020\/08\/hipertextual-desigualdad-genero-tambien-influye-peligrosamente-medicamentos-que-tomas-2020002981.jpg?resize=768%2C512&amp;quality=55&amp;strip=all&amp;ssl=1 768w, https:\/\/i0.wp.com\/imgs.hipertextual.com\/wp-content\/uploads\/2020\/08\/hipertextual-desigualdad-genero-tambien-influye-peligrosamente-medicamentos-que-tomas-2020002981.jpg?resize=1536%2C1024&amp;quality=55&amp;strip=all&amp;ssl=1 1536w, https:\/\/i0.wp.com\/imgs.hipertextual.com\/wp-content\/uploads\/2020\/08\/hipertextual-desigualdad-genero-tambien-influye-peligrosamente-medicamentos-que-tomas-2020002981.jpg?resize=2048%2C1366&amp;quality=55&amp;strip=all&amp;ssl=1 2048w, https:\/\/i0.wp.com\/imgs.hipertextual.com\/wp-content\/uploads\/2020\/08\/hipertextual-desigualdad-genero-tambien-influye-peligrosamente-medicamentos-que-tomas-2020002981.jpg?resize=1200%2C800&amp;quality=55&amp;strip=all&amp;ssl=1 1200w, https:\/\/i0.wp.com\/imgs.hipertextual.com\/wp-content\/uploads\/2020\/08\/hipertextual-desigualdad-genero-tambien-influye-peligrosamente-medicamentos-que-tomas-2020002981.jpg?resize=740%2C494&amp;quality=55&amp;strip=all&amp;ssl=1 740w, https:\/\/i0.wp.com\/imgs.hipertextual.com\/wp-content\/uploads\/2020\/08\/hipertextual-desigualdad-genero-tambien-influye-peligrosamente-medicamentos-que-tomas-2020002981.jpg?resize=1568%2C1046&amp;quality=55&amp;strip=all&amp;ssl=1 1568w, https:\/\/i0.wp.com\/imgs.hipertextual.com\/wp-content\/uploads\/2020\/08\/hipertextual-desigualdad-genero-tambien-influye-peligrosamente-medicamentos-que-tomas-2020002981.jpg?resize=400%2C267&amp;quality=55&amp;strip=all&amp;ssl=1 400w, https:\/\/i0.wp.com\/imgs.hipertextual.com\/wp-content\/uploads\/2020\/08\/hipertextual-desigualdad-genero-tambien-influye-peligrosamente-medicamentos-que-tomas-2020002981.jpg?resize=960%2C640&amp;quality=55&amp;strip=all&amp;ssl=1 960w, https:\/\/i0.wp.com\/imgs.hipertextual.com\/wp-content\/uploads\/2020\/08\/hipertextual-desigualdad-genero-tambien-influye-peligrosamente-medicamentos-que-tomas-2020002981.jpg?resize=270%2C180&amp;quality=55&amp;strip=all&amp;ssl=1 270w, https:\/\/i0.wp.com\/imgs.hipertextual.com\/wp-content\/uploads\/2020\/08\/hipertextual-desigualdad-genero-tambien-influye-peligrosamente-medicamentos-que-tomas-2020002981.jpg?resize=700%2C467&amp;quality=55&amp;strip=all&amp;ssl=1 700w, https:\/\/i0.wp.com\/imgs.hipertextual.com\/wp-content\/uploads\/2020\/08\/hipertextual-desigualdad-genero-tambien-influye-peligrosamente-medicamentos-que-tomas-2020002981.jpg?resize=860%2C573&amp;quality=55&amp;strip=all&amp;ssl=1 860w, https:\/\/i0.wp.com\/imgs.hipertextual.com\/wp-content\/uploads\/2020\/08\/hipertextual-desigualdad-genero-tambien-influye-peligrosamente-medicamentos-que-tomas-2020002981.jpg?resize=1000%2C667&amp;quality=55&amp;strip=all&amp;ssl=1 1000w, https:\/\/i0.wp.com\/imgs.hipertextual.com\/wp-content\/uploads\/2020\/08\/hipertextual-desigualdad-genero-tambien-influye-peligrosamente-medicamentos-que-tomas-2020002981.jpg?w=2340&amp;quality=55&amp;strip=all&amp;ssl=1 2340w, https:\/\/i0.wp.com\/imgs.hipertextual.com\/wp-content\/uploads\/2020\/08\/hipertextual-desigualdad-genero-tambien-influye-peligrosamente-medicamentos-que-tomas-2020002981-1500x1000.jpg?w=370&amp;quality=55&amp;strip=all&amp;ssl=1 370w\" sizes=\"auto, (max-width: 780px) 100vw, 780px\" data-recalc-dims=\"1\"\/><figcaption class=\"wp-element-caption\">Los f\u00e1rmacos anticolin\u00e9rgicos son los que m\u00e1s afectan en este sentido. <\/figcaption><\/figure>\n<h3 class=\"wp-block-heading\" id=\"h-no-debe-confundirse-con-la-hipertermia-maligna\"><span class=\"ez-toc-section\" id=\"No_debe_confundirse_con_la_hipertermia_maligna\"><\/span>No debe confundirse con la hipertermia maligna<span class=\"ez-toc-section-end\"><\/span><\/h3>\n<p><a href=\"https:\/\/medlineplus.gov\/spanish\/ency\/article\/001315.htm\" target=\"_blank\" rel=\"noopener\">Se conoce<\/a> como <strong>hipertermia maligna <\/strong>a la afecci\u00f3n hereditaria por la que algunas personas sufren un grave aumento de la temperatura corporal cuando se les administran ciertos f\u00e1rmacos anest\u00e9sicos.\u00a0<\/p>\n<p>Solo ocurre con esos medicamentos, no con otros, y no se trata de dificultad para refrigerar el cuerpo, sino de un aumento de la temperatura que no se explica por el calor ambiental. Puede tener complicaciones muy serias, por lo que es importante tratar la fiebre cuanto antes si ocurre.<\/p>\n<h2 class=\"wp-block-heading\" id=\"h-cuidado-tambien-con-las-drogas\"><span class=\"ez-toc-section\" id=\"Cuidado_tambien_con_las_drogas\"><\/span>Cuidado tambi\u00e9n con las drogas<span class=\"ez-toc-section-end\"><\/span><\/h2>\n<p>Algunas <strong>drogas de uso recreativo<\/strong>, como las<strong> anfetaminas<\/strong>, tambi\u00e9n producen este efecto que hace a sus consumidores m\u00e1s vulnerables al calor. Ocurre tambi\u00e9n con el <strong>dinitrofenol<\/strong>. Este es un f\u00e1rmaco que se usaba en el pasado para adelgazar por su capacidad para quemar la grasa. Sin embargo, <a href=\"https:\/\/web.archive.org\/web\/20101210124807\/http:\/\/www.food.gov.uk\/news\/pressreleases\/2003\/jun\/fatburnpress\" target=\"_blank\" rel=\"noopener\">se prohibi\u00f3 su consumo<\/a> tras comprobar que causaba la muerte al 10% de las personas que lo tomaban. Aun as\u00ed, la desesperaci\u00f3n por adelgazar ha llevado a que se siga comercializando en el mercado negro, sin prospectos ni control m\u00e9dico. Estos usuarios pueden no saber que son m\u00e1s susceptibles al calor y sumar este a los riesgos que ya corren.\u00a0<\/p>\n<figure class=\"wp-block-image alignwide size-large\"><img loading=\"lazy\" decoding=\"async\" width=\"780\" height=\"439\" alt=\"el ni\u00f1os, r\u00e9cords de calor, d\u00eda m\u00e1s caluroso \/ ola de calor\" class=\"wp-image-1742290 perfmatters-lazy\" data-recalc-dims=\"1\" src=\"https:\/\/i0.wp.com\/imgs.hipertextual.com\/wp-content\/uploads\/2023\/06\/Altas-temperaturas-ola-de-calor-1500x844.jpg?resize=780%2C439&amp;quality=55&amp;strip=all&amp;ssl=1\" srcset=\"https:\/\/i0.wp.com\/imgs.hipertextual.com\/wp-content\/uploads\/2023\/06\/Altas-temperaturas-ola-de-calor.jpg?resize=1500%2C844&amp;quality=55&amp;strip=all&amp;ssl=1 1500w, https:\/\/i0.wp.com\/imgs.hipertextual.com\/wp-content\/uploads\/2023\/06\/Altas-temperaturas-ola-de-calor.jpg?resize=800%2C450&amp;quality=55&amp;strip=all&amp;ssl=1 800w, https:\/\/i0.wp.com\/imgs.hipertextual.com\/wp-content\/uploads\/2023\/06\/Altas-temperaturas-ola-de-calor.jpg?resize=768%2C432&amp;quality=55&amp;strip=all&amp;ssl=1 768w, https:\/\/i0.wp.com\/imgs.hipertextual.com\/wp-content\/uploads\/2023\/06\/Altas-temperaturas-ola-de-calor.jpg?resize=1536%2C864&amp;quality=55&amp;strip=all&amp;ssl=1 1536w, https:\/\/i0.wp.com\/imgs.hipertextual.com\/wp-content\/uploads\/2023\/06\/Altas-temperaturas-ola-de-calor.jpg?resize=2048%2C1152&amp;quality=55&amp;strip=all&amp;ssl=1 2048w, https:\/\/i0.wp.com\/imgs.hipertextual.com\/wp-content\/uploads\/2023\/06\/Altas-temperaturas-ola-de-calor.jpg?resize=1200%2C675&amp;quality=55&amp;strip=all&amp;ssl=1 1200w, https:\/\/i0.wp.com\/imgs.hipertextual.com\/wp-content\/uploads\/2023\/06\/Altas-temperaturas-ola-de-calor.jpg?resize=1568%2C882&amp;quality=55&amp;strip=all&amp;ssl=1 1568w, https:\/\/i0.wp.com\/imgs.hipertextual.com\/wp-content\/uploads\/2023\/06\/Altas-temperaturas-ola-de-calor.jpg?resize=400%2C225&amp;quality=55&amp;strip=all&amp;ssl=1 400w, https:\/\/i0.wp.com\/imgs.hipertextual.com\/wp-content\/uploads\/2023\/06\/Altas-temperaturas-ola-de-calor-1500x844.jpg?w=370&amp;quality=55&amp;strip=all&amp;ssl=1 370w\" data-sizes=\"(max-width: 780px) 100vw, 780px\"\/><img loading=\"lazy\" decoding=\"async\" width=\"780\" height=\"439\" src=\"https:\/\/i0.wp.com\/imgs.hipertextual.com\/wp-content\/uploads\/2023\/06\/Altas-temperaturas-ola-de-calor-1500x844.jpg?resize=780%2C439&amp;quality=55&amp;strip=all&amp;ssl=1\" alt=\"el ni\u00f1os, r\u00e9cords de calor, d\u00eda m\u00e1s caluroso \/ ola de calor\" class=\"wp-image-1742290\" srcset=\"https:\/\/i0.wp.com\/imgs.hipertextual.com\/wp-content\/uploads\/2023\/06\/Altas-temperaturas-ola-de-calor.jpg?resize=1500%2C844&amp;quality=55&amp;strip=all&amp;ssl=1 1500w, https:\/\/i0.wp.com\/imgs.hipertextual.com\/wp-content\/uploads\/2023\/06\/Altas-temperaturas-ola-de-calor.jpg?resize=800%2C450&amp;quality=55&amp;strip=all&amp;ssl=1 800w, https:\/\/i0.wp.com\/imgs.hipertextual.com\/wp-content\/uploads\/2023\/06\/Altas-temperaturas-ola-de-calor.jpg?resize=768%2C432&amp;quality=55&amp;strip=all&amp;ssl=1 768w, https:\/\/i0.wp.com\/imgs.hipertextual.com\/wp-content\/uploads\/2023\/06\/Altas-temperaturas-ola-de-calor.jpg?resize=1536%2C864&amp;quality=55&amp;strip=all&amp;ssl=1 1536w, https:\/\/i0.wp.com\/imgs.hipertextual.com\/wp-content\/uploads\/2023\/06\/Altas-temperaturas-ola-de-calor.jpg?resize=2048%2C1152&amp;quality=55&amp;strip=all&amp;ssl=1 2048w, https:\/\/i0.wp.com\/imgs.hipertextual.com\/wp-content\/uploads\/2023\/06\/Altas-temperaturas-ola-de-calor.jpg?resize=1200%2C675&amp;quality=55&amp;strip=all&amp;ssl=1 1200w, https:\/\/i0.wp.com\/imgs.hipertextual.com\/wp-content\/uploads\/2023\/06\/Altas-temperaturas-ola-de-calor.jpg?resize=1568%2C882&amp;quality=55&amp;strip=all&amp;ssl=1 1568w, https:\/\/i0.wp.com\/imgs.hipertextual.com\/wp-content\/uploads\/2023\/06\/Altas-temperaturas-ola-de-calor.jpg?resize=400%2C225&amp;quality=55&amp;strip=all&amp;ssl=1 400w, https:\/\/i0.wp.com\/imgs.hipertextual.com\/wp-content\/uploads\/2023\/06\/Altas-temperaturas-ola-de-calor-1500x844.jpg?w=370&amp;quality=55&amp;strip=all&amp;ssl=1 370w\" sizes=\"auto, (max-width: 780px) 100vw, 780px\" data-recalc-dims=\"1\"\/><figcaption class=\"wp-element-caption\">Los f\u00e1rmacos deber\u00edan considerarse un posible factor de riesgo ante olas de calor. Cr\u00e9dito: Unsplash<\/figcaption><\/figure>\n<h2 class=\"wp-block-heading\" id=\"h-las-personas-vulnerables-al-calor-deben-tomar-precauciones\"><span class=\"ez-toc-section\" id=\"Las_personas_vulnerables_al_calor_deben_tomar_precauciones\"><\/span>Las personas vulnerables al calor deben tomar precauciones<span class=\"ez-toc-section-end\"><\/span><\/h2>\n<p>Las personas que toman f\u00e1rmacos anticolin\u00e9rgicos deben considerarse pacientes de riesgo ante el inminente aumento de las temperaturas. Todos debemos tomar medidas ante las olas de calor, pero si tomamos algunos de estos medicamentos, con mucha m\u00e1s raz\u00f3n. Ante la duda, por supuesto,<strong> pregunta a tu m\u00e9dico o farmac\u00e9utico.\u00a0<\/strong><\/p>\n<section id=\"block-25\" class=\"below-content widget widget_block\">\n<div class=\"wp-block-group is-style-default hiper-newsletter-box has-background\" style=\"background:linear-gradient(180deg,rgb(0,23,188) 28%,rgb(0,15,131) 100%);padding-top:15px;padding-right:15px;padding-bottom:15px;padding-left:15px\">\n<div class=\"wp-block-group__inner-container is-layout-constrained wp-block-group-is-layout-constrained\">\n<p class=\"has-white-color has-text-color\">Recibe cada ma\u00f1ana nuestra <a rel=\"noreferrer noopener\" href=\"https:\/\/hipertextual.com\/newsletter\" target=\"_blank\">newsletter<\/a>. Una gu\u00eda para entender lo que importa en relaci\u00f3n con la tecnolog\u00eda, la ciencia y la cultura digital.<\/p>\n<div class=\"wp-block-jetpack-mailchimp\" data-blog-id=\"190110665\">\n<p>\nProcesando&#8230; <\/p>\n<p>\n\u00a1Listo! Ya est\u00e1s suscrito <\/p>\n<p>\nHubo un error, actualiza la p\u00e1gina e int\u00e9ntalo nuevamente <\/p>\n<\/div>\n<\/div>\n<\/div>\n<\/section>\n<section id=\"block-74\" class=\"below-content widget widget_block\">\n<\/section>\n<section id=\"block-71\" class=\"below-content widget widget_block\">\n<h4 class=\"wp-block-heading tambien-en-hipertextual\" id=\"h-tambien-en-hipertextual\" style=\"padding-top:0.8em;padding-right:0px;padding-bottom:0px;padding-left:0px\"><span class=\"ez-toc-section\" id=\"Tambien_en_Hipertextual\"><\/span>Tambi\u00e9n en Hipertextual:<span class=\"ez-toc-section-end\"><\/span><\/h4>\n<\/section>\n<section id=\"block-32\" class=\"below-content widget widget_block\">\n<nav class=\"jp-relatedposts-i2 jp-related-hipertextual wp-block-jetpack-related-posts has-normal-font-size\" style=\"padding-bottom:0px;padding-left:0px;padding-top:0px;padding-right:1.5em;\" data-layout=\"list\" aria-label=\"Entradas relacionadas\"\/><\/section>\n<\/p><\/div>\n<p><a href=\"https:\/\/hipertextual.com\/2024\/06\/medicamentos-vulnerables-calor\" class=\" target=\" title=\"Los medicamentos pueden hacerte m\u00e1s vulnerable al calor\" target=\"_blank\" rel=\"noopener\">Ver fuente<\/a><\/p>\n","protected":false},"excerpt":{"rendered":"<p>El verano de 2023 bati\u00f3 r\u00e9cords en el m\u00e1s terrible de los sentidos y lo peor es que se cree que el de 2024 ser\u00e1 peor. Por eso, debemos estar preparados para las olas de calor que pueden poner en peligro la salud de cualquier persona, pero sobre todo de las que cumplen determinados factores [&hellip;]<\/p>\n","protected":false},"author":2,"featured_media":4732,"comment_status":"open","ping_status":"closed","sticky":false,"template":"","format":"standard","meta":{"footnotes":""},"categories":[9],"tags":[],"class_list":["post-4731","post","type-post","status-publish","format-standard","has-post-thumbnail","hentry","category-tecnologia"],"_links":{"self":[{"href":"https:\/\/enfoquenoticioso.com\/index.php?rest_route=\/wp\/v2\/posts\/4731","targetHints":{"allow":["GET"]}}],"collection":[{"href":"https:\/\/enfoquenoticioso.com\/index.php?rest_route=\/wp\/v2\/posts"}],"about":[{"href":"https:\/\/enfoquenoticioso.com\/index.php?rest_route=\/wp\/v2\/types\/post"}],"author":[{"embeddable":true,"href":"https:\/\/enfoquenoticioso.com\/index.php?rest_route=\/wp\/v2\/users\/2"}],"replies":[{"embeddable":true,"href":"https:\/\/enfoquenoticioso.com\/index.php?rest_route=%2Fwp%2Fv2%2Fcomments&post=4731"}],"version-history":[{"count":0,"href":"https:\/\/enfoquenoticioso.com\/index.php?rest_route=\/wp\/v2\/posts\/4731\/revisions"}],"wp:featuredmedia":[{"embeddable":true,"href":"https:\/\/enfoquenoticioso.com\/index.php?rest_route=\/wp\/v2\/media\/4732"}],"wp:attachment":[{"href":"https:\/\/enfoquenoticioso.com\/index.php?rest_route=%2Fwp%2Fv2%2Fmedia&parent=4731"}],"wp:term":[{"taxonomy":"category","embeddable":true,"href":"https:\/\/enfoquenoticioso.com\/index.php?rest_route=%2Fwp%2Fv2%2Fcategories&post=4731"},{"taxonomy":"post_tag","embeddable":true,"href":"https:\/\/enfoquenoticioso.com\/index.php?rest_route=%2Fwp%2Fv2%2Ftags&post=4731"}],"curies":[{"name":"wp","href":"https:\/\/api.w.org\/{rel}","templated":true}]}}