{"id":4759,"date":"2024-06-04T07:10:56","date_gmt":"2024-06-04T07:10:56","guid":{"rendered":"https:\/\/enfoquenoticioso.com\/tecnologia\/la-mancha-solar-que-causo-las-auroras-ha-vuelto-habra-mas\/"},"modified":"2024-06-04T07:10:56","modified_gmt":"2024-06-04T07:10:56","slug":"la-mancha-solar-que-causo-las-auroras-ha-vuelto-habra-mas","status":"publish","type":"post","link":"https:\/\/enfoquenoticioso.com\/?p=4759","title":{"rendered":"La mancha solar que caus\u00f3 las auroras ha vuelto: \u00bfhabr\u00e1 m\u00e1s?"},"content":{"rendered":"<div>\n<p>A principios del mes de mayo <a href=\"https:\/\/hipertextual.com\/2024\/05\/causa-auroras-actividad-solar\" target=\"_blank\" rel=\"noopener\">pudimos disfrutar<\/a> de un fen\u00f3meno muy inusual: la <strong>formaci\u00f3n de auroras <\/strong>mucho m\u00e1s alejadas de los polos de lo normal. Esto se debi\u00f3 a que estamos en pleno ascenso de la actividad del actual <strong>ciclo solar<\/strong>. Una regi\u00f3n del astro rey plagada de <strong>manchas solares,<\/strong> conocida como<strong> AR 3664<\/strong> fue la responsable de las llamaradas solares que pintaron el cielo de colores. Lamentablemente, el movimiento del Sol y de nuestro propio planeta alejaron estas manchas de nosotros durante varias semanas. Ahora, en cambio, han vuelto a apuntar en nuestra direcci\u00f3n, por lo que hay expectaci\u00f3n por lo que pueda ocurrir en los pr\u00f3ximos d\u00edas.<\/p>\n<p><a href=\"https:\/\/www.sciencealert.com\/a-highly-active-sunspot-is-pointed-right-at-us-again-heres-what-to-expect\" target=\"_blank\" rel=\"noopener\">Renombrada como AR 3697<\/a>, esta regi\u00f3n ha expulsado ya varias llamaradas solares desde que volvi\u00f3 a ser visible el <strong>27 de mayo.<\/strong> Lamentablemente, no se han detectado eyecciones de masa coronal, que son las responsables de la formaci\u00f3n de auroras. No obstante, la probabilidad de que ocurra es bastante alta.<\/p>\n<p>Adem\u00e1s, en estos momentos las manchas solares se encuentran alrededor del <strong>centro del disco solar,<\/strong> por lo que cualquier llamarada o eyecci\u00f3n de masa coronal ir\u00eda directa a la Tierra. Habr\u00e1 que esperar, pero no descartemos ver m\u00e1s auroras flotando en nuestros cielos.<\/p>\n<div id=\"ez-toc-container\" class=\"ez-toc-v2_0_81 counter-hierarchy ez-toc-counter ez-toc-grey ez-toc-container-direction\">\n<div class=\"ez-toc-title-container\">\n<p class=\"ez-toc-title\" style=\"cursor:inherit\">Tabla de Contenido<\/p>\n<span class=\"ez-toc-title-toggle\"><a href=\"#\" class=\"ez-toc-pull-right ez-toc-btn ez-toc-btn-xs ez-toc-btn-default ez-toc-toggle\" aria-label=\"Alternar tabla de contenidos\"><span class=\"ez-toc-js-icon-con\"><span class=\"\"><span class=\"eztoc-hide\" style=\"display:none;\">Toggle<\/span><span class=\"ez-toc-icon-toggle-span\"><svg style=\"fill: #999;color:#999\" xmlns=\"http:\/\/www.w3.org\/2000\/svg\" class=\"list-377408\" width=\"20px\" height=\"20px\" viewBox=\"0 0 24 24\" fill=\"none\"><path d=\"M6 6H4v2h2V6zm14 0H8v2h12V6zM4 11h2v2H4v-2zm16 0H8v2h12v-2zM4 16h2v2H4v-2zm16 0H8v2h12v-2z\" fill=\"currentColor\"><\/path><\/svg><svg style=\"fill: #999;color:#999\" class=\"arrow-unsorted-368013\" xmlns=\"http:\/\/www.w3.org\/2000\/svg\" width=\"10px\" height=\"10px\" viewBox=\"0 0 24 24\" version=\"1.2\" baseProfile=\"tiny\"><path d=\"M18.2 9.3l-6.2-6.3-6.2 6.3c-.2.2-.3.4-.3.7s.1.5.3.7c.2.2.4.3.7.3h11c.3 0 .5-.1.7-.3.2-.2.3-.5.3-.7s-.1-.5-.3-.7zM5.8 14.7l6.2 6.3 6.2-6.3c.2-.2.3-.5.3-.7s-.1-.5-.3-.7c-.2-.2-.4-.3-.7-.3h-11c-.3 0-.5.1-.7.3-.2.2-.3.5-.3.7s.1.5.3.7z\"\/><\/svg><\/span><\/span><\/span><\/a><\/span><\/div>\n<nav><ul class='ez-toc-list ez-toc-list-level-1 ' ><li class='ez-toc-page-1 ez-toc-heading-level-2'><a class=\"ez-toc-link ez-toc-heading-1\" href=\"https:\/\/enfoquenoticioso.com\/?p=4759\/#%C2%BFComo_se_forman_las_auroras\" >\u00bfC\u00f3mo se forman las auroras?<\/a><\/li><li class='ez-toc-page-1 ez-toc-heading-level-2'><a class=\"ez-toc-link ez-toc-heading-2\" href=\"https:\/\/enfoquenoticioso.com\/?p=4759\/#Un_espectaculo_de_llamaradas_solares\" >Un espect\u00e1culo de llamaradas solares<\/a><ul class='ez-toc-list-level-4' ><li class='ez-toc-heading-level-4'><ul class='ez-toc-list-level-4' ><li class='ez-toc-heading-level-4'><a class=\"ez-toc-link ez-toc-heading-3\" href=\"https:\/\/enfoquenoticioso.com\/?p=4759\/#Tambien_en_Hipertextual\" >Tambi\u00e9n en Hipertextual:<\/a><\/li><\/ul><\/li><\/ul><\/li><\/ul><\/nav><\/div>\n<h2 class=\"wp-block-heading\" id=\"h-como-se-forman-las-auroras\"><span class=\"ez-toc-section\" id=\"%C2%BFComo_se_forman_las_auroras\"><\/span>\u00bfC\u00f3mo se forman las auroras?<span class=\"ez-toc-section-end\"><\/span><\/h2>\n<p>La actividad solar sigue<strong> ciclos de 11 a\u00f1os aproximadamente<\/strong>. Durante ese tiempo, se pasa de un momento muy tranquilo, en el que apenas se producen llamaradas solares, hasta otros mucho m\u00e1s intensos aproximadamente a la mitad del ciclo. Despu\u00e9s de ah\u00ed, la actividad empieza de nuevo a descender.<\/p>\n<figure class=\"wp-block-image alignwide size-large\"><img loading=\"lazy\" decoding=\"async\" width=\"780\" height=\"520\" alt=\"aurora. Foto: Juan Carlos Donoso Barredo\" class=\"wp-image-1792293 perfmatters-lazy\" data-recalc-dims=\"1\" src=\"https:\/\/i0.wp.com\/imgs.hipertextual.com\/wp-content\/uploads\/2024\/05\/aurora-boreal-1500x1000.jpg?resize=780%2C520&amp;quality=55&amp;strip=all&amp;ssl=1\" srcset=\"https:\/\/i0.wp.com\/imgs.hipertextual.com\/wp-content\/uploads\/2024\/05\/aurora-boreal-scaled.jpg?resize=1500%2C1000&amp;quality=55&amp;strip=all&amp;ssl=1 1500w, https:\/\/i0.wp.com\/imgs.hipertextual.com\/wp-content\/uploads\/2024\/05\/aurora-boreal-scaled.jpg?resize=800%2C533&amp;quality=55&amp;strip=all&amp;ssl=1 800w, https:\/\/i0.wp.com\/imgs.hipertextual.com\/wp-content\/uploads\/2024\/05\/aurora-boreal-scaled.jpg?resize=768%2C512&amp;quality=55&amp;strip=all&amp;ssl=1 768w, https:\/\/i0.wp.com\/imgs.hipertextual.com\/wp-content\/uploads\/2024\/05\/aurora-boreal-scaled.jpg?resize=1536%2C1024&amp;quality=55&amp;strip=all&amp;ssl=1 1536w, https:\/\/i0.wp.com\/imgs.hipertextual.com\/wp-content\/uploads\/2024\/05\/aurora-boreal-scaled.jpg?resize=2048%2C1365&amp;quality=55&amp;strip=all&amp;ssl=1 2048w, https:\/\/i0.wp.com\/imgs.hipertextual.com\/wp-content\/uploads\/2024\/05\/aurora-boreal-scaled.jpg?resize=1200%2C800&amp;quality=55&amp;strip=all&amp;ssl=1 1200w, https:\/\/i0.wp.com\/imgs.hipertextual.com\/wp-content\/uploads\/2024\/05\/aurora-boreal-scaled.jpg?resize=740%2C494&amp;quality=55&amp;strip=all&amp;ssl=1 740w, https:\/\/i0.wp.com\/imgs.hipertextual.com\/wp-content\/uploads\/2024\/05\/aurora-boreal-scaled.jpg?resize=1024%2C683&amp;quality=55&amp;strip=all&amp;ssl=1 1024w, https:\/\/i0.wp.com\/imgs.hipertextual.com\/wp-content\/uploads\/2024\/05\/aurora-boreal-scaled.jpg?resize=1568%2C1045&amp;quality=55&amp;strip=all&amp;ssl=1 1568w, https:\/\/i0.wp.com\/imgs.hipertextual.com\/wp-content\/uploads\/2024\/05\/aurora-boreal-scaled.jpg?resize=2000%2C1333&amp;quality=55&amp;strip=all&amp;ssl=1 2000w, https:\/\/i0.wp.com\/imgs.hipertextual.com\/wp-content\/uploads\/2024\/05\/aurora-boreal-scaled.jpg?resize=400%2C267&amp;quality=55&amp;strip=all&amp;ssl=1 400w, https:\/\/i0.wp.com\/imgs.hipertextual.com\/wp-content\/uploads\/2024\/05\/aurora-boreal-scaled.jpg?w=2340&amp;quality=55&amp;strip=all&amp;ssl=1 2340w, https:\/\/i0.wp.com\/imgs.hipertextual.com\/wp-content\/uploads\/2024\/05\/aurora-boreal-1500x1000.jpg?w=370&amp;quality=55&amp;strip=all&amp;ssl=1 370w\" data-sizes=\"(max-width: 780px) 100vw, 780px\"\/><img loading=\"lazy\" decoding=\"async\" width=\"780\" height=\"520\" src=\"https:\/\/i0.wp.com\/imgs.hipertextual.com\/wp-content\/uploads\/2024\/05\/aurora-boreal-1500x1000.jpg?resize=780%2C520&amp;quality=55&amp;strip=all&amp;ssl=1\" alt=\"aurora. Foto: Juan Carlos Donoso Barredo\" class=\"wp-image-1792293\" srcset=\"https:\/\/i0.wp.com\/imgs.hipertextual.com\/wp-content\/uploads\/2024\/05\/aurora-boreal-scaled.jpg?resize=1500%2C1000&amp;quality=55&amp;strip=all&amp;ssl=1 1500w, https:\/\/i0.wp.com\/imgs.hipertextual.com\/wp-content\/uploads\/2024\/05\/aurora-boreal-scaled.jpg?resize=800%2C533&amp;quality=55&amp;strip=all&amp;ssl=1 800w, https:\/\/i0.wp.com\/imgs.hipertextual.com\/wp-content\/uploads\/2024\/05\/aurora-boreal-scaled.jpg?resize=768%2C512&amp;quality=55&amp;strip=all&amp;ssl=1 768w, https:\/\/i0.wp.com\/imgs.hipertextual.com\/wp-content\/uploads\/2024\/05\/aurora-boreal-scaled.jpg?resize=1536%2C1024&amp;quality=55&amp;strip=all&amp;ssl=1 1536w, https:\/\/i0.wp.com\/imgs.hipertextual.com\/wp-content\/uploads\/2024\/05\/aurora-boreal-scaled.jpg?resize=2048%2C1365&amp;quality=55&amp;strip=all&amp;ssl=1 2048w, https:\/\/i0.wp.com\/imgs.hipertextual.com\/wp-content\/uploads\/2024\/05\/aurora-boreal-scaled.jpg?resize=1200%2C800&amp;quality=55&amp;strip=all&amp;ssl=1 1200w, https:\/\/i0.wp.com\/imgs.hipertextual.com\/wp-content\/uploads\/2024\/05\/aurora-boreal-scaled.jpg?resize=740%2C494&amp;quality=55&amp;strip=all&amp;ssl=1 740w, https:\/\/i0.wp.com\/imgs.hipertextual.com\/wp-content\/uploads\/2024\/05\/aurora-boreal-scaled.jpg?resize=1024%2C683&amp;quality=55&amp;strip=all&amp;ssl=1 1024w, https:\/\/i0.wp.com\/imgs.hipertextual.com\/wp-content\/uploads\/2024\/05\/aurora-boreal-scaled.jpg?resize=1568%2C1045&amp;quality=55&amp;strip=all&amp;ssl=1 1568w, https:\/\/i0.wp.com\/imgs.hipertextual.com\/wp-content\/uploads\/2024\/05\/aurora-boreal-scaled.jpg?resize=2000%2C1333&amp;quality=55&amp;strip=all&amp;ssl=1 2000w, https:\/\/i0.wp.com\/imgs.hipertextual.com\/wp-content\/uploads\/2024\/05\/aurora-boreal-scaled.jpg?resize=400%2C267&amp;quality=55&amp;strip=all&amp;ssl=1 400w, https:\/\/i0.wp.com\/imgs.hipertextual.com\/wp-content\/uploads\/2024\/05\/aurora-boreal-scaled.jpg?w=2340&amp;quality=55&amp;strip=all&amp;ssl=1 2340w, https:\/\/i0.wp.com\/imgs.hipertextual.com\/wp-content\/uploads\/2024\/05\/aurora-boreal-1500x1000.jpg?w=370&amp;quality=55&amp;strip=all&amp;ssl=1 370w\" sizes=\"auto, (max-width: 780px) 100vw, 780px\" data-recalc-dims=\"1\"\/><figcaption class=\"wp-element-caption\">Las auroras de principios de mayo se vieron en lugares muy alejados de los polos. Foto: Juan Carlos Donoso Barredo<\/figcaption><\/figure>\n<p>Las <strong>llamaradas solares <\/strong>pueden provocar lo que se conoce como<strong> eyecci\u00f3n de masa coronal. <\/strong>Esta es una liberaci\u00f3n de plasma solar y part\u00edculas cargadas que, al llegar hasta la Tierra, son desplazadas por su<strong> campo magn\u00e9tico<\/strong>. Este es m\u00e1s intenso en el centro y m\u00e1s d\u00e9bil en los polos, por lo que es por los polos por donde normalmente logran penetrar las part\u00edculas cargadas. Una vez ah\u00ed, excitan los \u00e1tomos de los gases de la atm\u00f3sfera provocando la liberaci\u00f3n de radiaci\u00f3n en forma de luz de distintos colores. As\u00ed es como nacen las <strong>auroras boreales en el hemisferio norte y australes en el sur.<\/strong><\/p>\n<p>Ahora bien, si la actividad del Sol es muy intensa, puede que esas radiaciones y part\u00edculas cargadas sean lo suficientemente potentes como para <strong>atravesar el campo magn\u00e9tico terrestre <\/strong>incluso en zonas mucho m\u00e1s protegidas. Esto fue lo que ocurri\u00f3 a principios de mayo cuando pudimos ver auroras en much\u00edsimos lugares del mundo, incluidos Espa\u00f1a y M\u00e9xico.<\/p>\n<h2 class=\"wp-block-heading\" id=\"h-un-espectaculo-de-llamaradas-solares\"><span class=\"ez-toc-section\" id=\"Un_espectaculo_de_llamaradas_solares\"><\/span>Un espect\u00e1culo de llamaradas solares<span class=\"ez-toc-section-end\"><\/span><\/h2>\n<p>Las llamaradas solares son liberaciones s\u00fabitas de radiaci\u00f3n electromagn\u00e9tica que tienen lugar en la superficie del Sol, en zonas muy activas, conocidas como manchas solares.<\/p>\n<p><a href=\"https:\/\/www.spaceweatherlive.com\/es\/ayuda\/que-son-las-erupciones-solares.html\" target=\"_blank\" rel=\"noopener\">Hay de cinco tipos<\/a>, conocidos como<strong> A, B, C, M o X<\/strong>, dependiendo del pico de su flujo de rayos X. Las m\u00e1s intensas son las de tipo X y las m\u00e1s d\u00e9biles las de tipo A. L\u00f3gicamente, la eyecci\u00f3n de masa coronal se produce con llamaradas muy intensas, por lo que es m\u00e1s habitual con las de tipo X.<\/p>\n<figure class=\"wp-block-image alignwide size-full\"><img loading=\"lazy\" decoding=\"async\" width=\"780\" height=\"316\" alt=\"mancha solar\" class=\"wp-image-1795925 perfmatters-lazy\" data-recalc-dims=\"1\" src=\"https:\/\/i0.wp.com\/imgs.hipertextual.com\/wp-content\/uploads\/2024\/06\/AR-3697.jpg?resize=780%2C316&amp;quality=55&amp;strip=all&amp;ssl=1\" srcset=\"https:\/\/i0.wp.com\/imgs.hipertextual.com\/wp-content\/uploads\/2024\/06\/AR-3697.jpg?w=1024&amp;quality=55&amp;strip=all&amp;ssl=1 1024w, https:\/\/i0.wp.com\/imgs.hipertextual.com\/wp-content\/uploads\/2024\/06\/AR-3697.jpg?resize=800%2C324&amp;quality=55&amp;strip=all&amp;ssl=1 800w, https:\/\/i0.wp.com\/imgs.hipertextual.com\/wp-content\/uploads\/2024\/06\/AR-3697.jpg?resize=768%2C311&amp;quality=55&amp;strip=all&amp;ssl=1 768w, https:\/\/i0.wp.com\/imgs.hipertextual.com\/wp-content\/uploads\/2024\/06\/AR-3697.jpg?resize=400%2C162&amp;quality=55&amp;strip=all&amp;ssl=1 400w, https:\/\/i0.wp.com\/imgs.hipertextual.com\/wp-content\/uploads\/2024\/06\/AR-3697.jpg?w=370&amp;quality=55&amp;strip=all&amp;ssl=1 370w\" data-sizes=\"(max-width: 780px) 100vw, 780px\"\/><img loading=\"lazy\" decoding=\"async\" width=\"780\" height=\"316\" src=\"https:\/\/i0.wp.com\/imgs.hipertextual.com\/wp-content\/uploads\/2024\/06\/AR-3697.jpg?resize=780%2C316&amp;quality=55&amp;strip=all&amp;ssl=1\" alt=\"mancha solar\" class=\"wp-image-1795925\" srcset=\"https:\/\/i0.wp.com\/imgs.hipertextual.com\/wp-content\/uploads\/2024\/06\/AR-3697.jpg?w=1024&amp;quality=55&amp;strip=all&amp;ssl=1 1024w, https:\/\/i0.wp.com\/imgs.hipertextual.com\/wp-content\/uploads\/2024\/06\/AR-3697.jpg?resize=800%2C324&amp;quality=55&amp;strip=all&amp;ssl=1 800w, https:\/\/i0.wp.com\/imgs.hipertextual.com\/wp-content\/uploads\/2024\/06\/AR-3697.jpg?resize=768%2C311&amp;quality=55&amp;strip=all&amp;ssl=1 768w, https:\/\/i0.wp.com\/imgs.hipertextual.com\/wp-content\/uploads\/2024\/06\/AR-3697.jpg?resize=400%2C162&amp;quality=55&amp;strip=all&amp;ssl=1 400w, https:\/\/i0.wp.com\/imgs.hipertextual.com\/wp-content\/uploads\/2024\/06\/AR-3697.jpg?w=370&amp;quality=55&amp;strip=all&amp;ssl=1 370w\" sizes=\"auto, (max-width: 780px) 100vw, 780px\" data-recalc-dims=\"1\"\/><figcaption class=\"wp-element-caption\">La regi\u00f3n AR 3697 est\u00e1 detr\u00e1s de muchas llamaradas solares. Cr\u00e9dito: NASA<\/figcaption><\/figure>\n<p>Desde el 27 de mayo, cuando volvi\u00f3 a detectarse la mancha solar, <strong>se han registrado 4 llamaradas tipo X, 2 tipo M y 10 de tipo C<\/strong>. De momento no se ha registrado eyecci\u00f3n de masa coronal con ninguna. No obstante, es posible que haya todav\u00eda m\u00e1s llamaradas de tipo X. De hecho, se calcula que el pico m\u00e1ximo del ciclo solar a\u00fan no ha llegado, por lo que podemos esperar mucha intensidad. Si no es esta regi\u00f3n de manchas solares, posiblemente sea otra la que lo haga, pero el Sol todav\u00eda tiene mucha energ\u00eda por expulsar. \u00bfCu\u00e1ndo ocurra estar\u00e1 en el lugar adecuado para provocar auroras como las de principios de mayo? No lo sabemos. Pero posiblemente en ese misterio resida tambi\u00e9n lo ilusionante de toda esta historia.\u00a0<\/p>\n<section id=\"block-25\" class=\"below-content widget widget_block\">\n<div class=\"wp-block-group is-style-default hiper-newsletter-box has-background\" style=\"background:linear-gradient(180deg,rgb(0,23,188) 28%,rgb(0,15,131) 100%);padding-top:15px;padding-right:15px;padding-bottom:15px;padding-left:15px\">\n<div class=\"wp-block-group__inner-container is-layout-constrained wp-block-group-is-layout-constrained\">\n<p class=\"has-white-color has-text-color\">Recibe cada ma\u00f1ana nuestra <a rel=\"noreferrer noopener\" href=\"https:\/\/hipertextual.com\/newsletter\" target=\"_blank\">newsletter<\/a>. Una gu\u00eda para entender lo que importa en relaci\u00f3n con la tecnolog\u00eda, la ciencia y la cultura digital.<\/p>\n<div class=\"wp-block-jetpack-mailchimp\" data-blog-id=\"190110665\">\n<p>\nProcesando&#8230; <\/p>\n<p>\n\u00a1Listo! Ya est\u00e1s suscrito <\/p>\n<p>\nHubo un error, actualiza la p\u00e1gina e int\u00e9ntalo nuevamente <\/p>\n<\/div>\n<\/div>\n<\/div>\n<\/section>\n<section id=\"block-74\" class=\"below-content widget widget_block\">\n<\/section>\n<section id=\"block-71\" class=\"below-content widget widget_block\">\n<h4 class=\"wp-block-heading tambien-en-hipertextual\" id=\"h-tambien-en-hipertextual\" style=\"padding-top:0.8em;padding-right:0px;padding-bottom:0px;padding-left:0px\"><span class=\"ez-toc-section\" id=\"Tambien_en_Hipertextual\"><\/span>Tambi\u00e9n en Hipertextual:<span class=\"ez-toc-section-end\"><\/span><\/h4>\n<\/section>\n<section id=\"block-32\" class=\"below-content widget widget_block\">\n<nav class=\"jp-relatedposts-i2 jp-related-hipertextual wp-block-jetpack-related-posts has-normal-font-size\" style=\"padding-bottom:0px;padding-left:0px;padding-top:0px;padding-right:1.5em;\" data-layout=\"list\" aria-label=\"Entradas relacionadas\"\/><\/section>\n<\/p><\/div>\n<p><a href=\"https:\/\/hipertextual.com\/2024\/06\/mancha-solar-auroras\" class=\" target=\" title=\"La mancha solar que caus\u00f3 las auroras ha vuelto: \u00bfhabr\u00e1 m\u00e1s?\" target=\"_blank\" rel=\"noopener\">Ver fuente<\/a><\/p>\n","protected":false},"excerpt":{"rendered":"<p>A principios del mes de mayo pudimos disfrutar de un fen\u00f3meno muy inusual: la formaci\u00f3n de auroras mucho m\u00e1s alejadas de los polos de lo normal. Esto se debi\u00f3 a que estamos en pleno ascenso de la actividad del actual ciclo solar. Una regi\u00f3n del astro rey plagada de manchas solares, conocida como AR 3664 [&hellip;]<\/p>\n","protected":false},"author":2,"featured_media":4760,"comment_status":"open","ping_status":"closed","sticky":false,"template":"","format":"standard","meta":{"footnotes":""},"categories":[9],"tags":[],"class_list":["post-4759","post","type-post","status-publish","format-standard","has-post-thumbnail","hentry","category-tecnologia"],"_links":{"self":[{"href":"https:\/\/enfoquenoticioso.com\/index.php?rest_route=\/wp\/v2\/posts\/4759","targetHints":{"allow":["GET"]}}],"collection":[{"href":"https:\/\/enfoquenoticioso.com\/index.php?rest_route=\/wp\/v2\/posts"}],"about":[{"href":"https:\/\/enfoquenoticioso.com\/index.php?rest_route=\/wp\/v2\/types\/post"}],"author":[{"embeddable":true,"href":"https:\/\/enfoquenoticioso.com\/index.php?rest_route=\/wp\/v2\/users\/2"}],"replies":[{"embeddable":true,"href":"https:\/\/enfoquenoticioso.com\/index.php?rest_route=%2Fwp%2Fv2%2Fcomments&post=4759"}],"version-history":[{"count":0,"href":"https:\/\/enfoquenoticioso.com\/index.php?rest_route=\/wp\/v2\/posts\/4759\/revisions"}],"wp:featuredmedia":[{"embeddable":true,"href":"https:\/\/enfoquenoticioso.com\/index.php?rest_route=\/wp\/v2\/media\/4760"}],"wp:attachment":[{"href":"https:\/\/enfoquenoticioso.com\/index.php?rest_route=%2Fwp%2Fv2%2Fmedia&parent=4759"}],"wp:term":[{"taxonomy":"category","embeddable":true,"href":"https:\/\/enfoquenoticioso.com\/index.php?rest_route=%2Fwp%2Fv2%2Fcategories&post=4759"},{"taxonomy":"post_tag","embeddable":true,"href":"https:\/\/enfoquenoticioso.com\/index.php?rest_route=%2Fwp%2Fv2%2Ftags&post=4759"}],"curies":[{"name":"wp","href":"https:\/\/api.w.org\/{rel}","templated":true}]}}