{"id":4785,"date":"2024-06-04T10:44:32","date_gmt":"2024-06-04T10:44:32","guid":{"rendered":"https:\/\/enfoquenoticioso.com\/deporte\/silvio-santander-se-hara-cargo-de-marinos\/"},"modified":"2024-06-04T10:44:32","modified_gmt":"2024-06-04T10:44:32","slug":"silvio-santander-se-hara-cargo-de-marinos","status":"publish","type":"post","link":"https:\/\/enfoquenoticioso.com\/?p=4785","title":{"rendered":"Silvio Santander se har\u00e1 cargo de Marinos"},"content":{"rendered":"<div data-td-block-uid=\"tdi_91\">\n<div class=\"tdb-block-inner td-fix-index\">\n<p>Muy poco dur\u00f3 Marinos de Oriente sin t\u00e9cnico. El acorazado oriental inform\u00f3 este lunes que Silvio Santander se har\u00e1 cargo del equipo en lo que resta de la SPB 2024.<\/p>\n<p>El anuncio lleg\u00f3 apenas un par de horas despu\u00e9s de que informar\u00e1n la salida del espa\u00f1ol Lluis Pino. A trav\u00e9s de las redes sociales, Marinos record\u00f3 que Silvio Santander fue campe\u00f3n de la Copa SPB de 2021 con Guaiquer\u00edes de Margarita.<\/p>\n<p><strong>Lee tambi\u00e9n:<a href=\"https:\/\/www.liderendeportes.com\/noticias\/basketball\/baloncesto-superliga\/lluis-pino-ya-no-dirigira-a-marinos\/\" target=\"_blank\" rel=\"noopener\"> Llu\u00eds Pino ya no dirigir\u00e1 a Marinos<\/a><\/strong><\/p>\n<p>Pero adem\u00e1s en Argentina, donde adem\u00e1s fue asistente t\u00e9cnico de la selecci\u00f3n nacional, conquist\u00f3 la Liga Nacional de B\u00e1squet con:<\/p>\n<ul>\n<li>El Quimsa (2014- 2015)<\/li>\n<li>El San Lorenzo (2020-2021)<\/li>\n<\/ul>\n<p>En 2023 prob\u00f3 suerte en el Campeonato de Baloncesto de Sao Paulo, Brasil, y fue subcampe\u00f3n con el Corinthians.<\/p>\n<p>En las primeras cinco semanas del campeonato, Marinos de Oriente dej\u00f3 r\u00e9cord de 9-4. Con 22 puntos ocupan el segundo lugar del Grupo 2 con 22 puntos, los mismos que suma Cocodrilos de Caracas con r\u00e9cord de 10-3.<\/p>\n<\/div>\n<\/div>\n<p><a href=\"https:\/\/www.liderendeportes.com\/noticias\/basketball\/baloncesto-superliga\/silvio-santander-se-hara-cargo-de-marinos\/\" class=\" target=\" title=\"Silvio Santander se har\u00e1 cargo de Marinos\" target=\"_blank\" rel=\"noopener\">Ver fuente<\/a><\/p>\n","protected":false},"excerpt":{"rendered":"<p>Muy poco dur\u00f3 Marinos de Oriente sin t\u00e9cnico. El acorazado oriental inform\u00f3 este lunes que Silvio Santander se har\u00e1 cargo del equipo en lo que resta de la SPB 2024. El anuncio lleg\u00f3 apenas un par de horas despu\u00e9s de que informar\u00e1n la salida del espa\u00f1ol Lluis Pino. A trav\u00e9s de las redes sociales, Marinos [&hellip;]<\/p>\n","protected":false},"author":2,"featured_media":4786,"comment_status":"open","ping_status":"closed","sticky":false,"template":"","format":"standard","meta":{"footnotes":""},"categories":[7],"tags":[],"class_list":["post-4785","post","type-post","status-publish","format-standard","has-post-thumbnail","hentry","category-deporte"],"_links":{"self":[{"href":"https:\/\/enfoquenoticioso.com\/index.php?rest_route=\/wp\/v2\/posts\/4785","targetHints":{"allow":["GET"]}}],"collection":[{"href":"https:\/\/enfoquenoticioso.com\/index.php?rest_route=\/wp\/v2\/posts"}],"about":[{"href":"https:\/\/enfoquenoticioso.com\/index.php?rest_route=\/wp\/v2\/types\/post"}],"author":[{"embeddable":true,"href":"https:\/\/enfoquenoticioso.com\/index.php?rest_route=\/wp\/v2\/users\/2"}],"replies":[{"embeddable":true,"href":"https:\/\/enfoquenoticioso.com\/index.php?rest_route=%2Fwp%2Fv2%2Fcomments&post=4785"}],"version-history":[{"count":0,"href":"https:\/\/enfoquenoticioso.com\/index.php?rest_route=\/wp\/v2\/posts\/4785\/revisions"}],"wp:featuredmedia":[{"embeddable":true,"href":"https:\/\/enfoquenoticioso.com\/index.php?rest_route=\/wp\/v2\/media\/4786"}],"wp:attachment":[{"href":"https:\/\/enfoquenoticioso.com\/index.php?rest_route=%2Fwp%2Fv2%2Fmedia&parent=4785"}],"wp:term":[{"taxonomy":"category","embeddable":true,"href":"https:\/\/enfoquenoticioso.com\/index.php?rest_route=%2Fwp%2Fv2%2Fcategories&post=4785"},{"taxonomy":"post_tag","embeddable":true,"href":"https:\/\/enfoquenoticioso.com\/index.php?rest_route=%2Fwp%2Fv2%2Ftags&post=4785"}],"curies":[{"name":"wp","href":"https:\/\/api.w.org\/{rel}","templated":true}]}}