{"id":4787,"date":"2024-06-04T11:05:34","date_gmt":"2024-06-04T11:05:34","guid":{"rendered":"https:\/\/enfoquenoticioso.com\/tecnologia\/mira-el-brutal-primer-trailer-de-venom-el-ultimo-baile\/"},"modified":"2024-06-04T11:05:34","modified_gmt":"2024-06-04T11:05:34","slug":"mira-el-brutal-primer-trailer-de-venom-el-ultimo-baile","status":"publish","type":"post","link":"https:\/\/enfoquenoticioso.com\/?p=4787","title":{"rendered":"Mira el brutal primer tr\u00e1iler de &#8216;Venom: El \u00faltimo baile&#8217;"},"content":{"rendered":"<div>\n<p><em><strong>Venom: El \u00faltimo baile<\/strong><\/em>, la tercera pel\u00edcula de la saga protagonizada por Tom Hardy, <a href=\"https:\/\/www.youtube.com\/watch?v=jcTP9BvoW1o&amp;ab_channel=SonyPicturesEspa%C3%B1a\" target=\"_blank\" rel=\"noopener\">tiene primer tr\u00e1iler<\/a>. Marvel y Sony Pictures han lanzado un avance oficial del largometraje que tendr\u00e1 al simbionte como gran protagonista. Una entrega que buscar\u00e1 elevar la vara de lo visto en las dos primeras, que fueron apaleadas por el p\u00fablico y la cr\u00edtica.<\/p>\n<p><strong>\u00abEddie, mi gente nos ha encontrado\u00bb<\/strong>, le dice Venom a Eddie Brock en este tr\u00e1iler de <em>Venom: El \u00faltimo baile<\/em>. En el filme, los protagonistas no solo tendr\u00e1n que escapar de la persecuci\u00f3n que ha lanzado contra ellos el Ej\u00e9rcito de Estados Unidos, sino tambi\u00e9n enfrentarse a una invasi\u00f3n alien\u00edgena que pone a la Tierra en peligro.<\/p>\n<p>Por lo que se aprecia en las im\u00e1genes, <em>Venom: El \u00faltimo baile<\/em> tendr\u00e1 un componente algo m\u00e1s emocional en comparaci\u00f3n con los largometrajes previos. Sin embargo, <strong>eso no significa que no est\u00e9 cargado de humor<\/strong>. La primera secuencia del tr\u00e1iler, en la que Venom y Eddie se enfrentan con un grupo de maleantes, lo deja en evidencia. \u00abDelicioso. Siempre me llevas a los mejores sitios\u00bb, le dice el simbionte al personaje de Tom Hardy tras decapitarlos de un bocado.<\/p>\n<figure class=\"wp-block-embed alignwide is-type-video is-provider-youtube wp-block-embed-youtube wp-embed-aspect-16-9 wp-has-aspect-ratio\">\n<div class=\"wp-block-embed__wrapper\">\n<div class=\"perfmatters-lazy-youtube\" data-src=\"https:\/\/www.youtube.com\/embed\/jcTP9BvoW1o\" data-id=\"jcTP9BvoW1o\" data-query=\"feature=oembed\" onclick=\"perfmattersLazyLoadYouTube(this);\">\n<div><img loading=\"lazy\" decoding=\"async\" alt=\"YouTube video\" width=\"480\" height=\"360\" data-pin-nopin=\"true\" nopin=\"nopin\" class=\"perfmatters-lazy\" src=\"https:\/\/i.ytimg.com\/vi\/jcTP9BvoW1o\/hqdefault.jpg\"\/><img loading=\"lazy\" decoding=\"async\" src=\"https:\/\/i.ytimg.com\/vi\/jcTP9BvoW1o\/hqdefault.jpg\" alt=\"YouTube video\" width=\"480\" height=\"360\" data-pin-nopin=\"true\" nopin=\"nopin\"\/><\/div>\n<\/div>\n<p><noscript><iframe loading=\"lazy\" title=\"VENOM: EL \u00daLTIMO BAILE. Tr\u00e1iler oficial en espa\u00f1ol HD. Exclusivamente en cines 25 de octubre.\" width=\"640\" height=\"360\" src=\"https:\/\/www.youtube.com\/embed\/jcTP9BvoW1o?feature=oembed\" frameborder=\"0\" allow=\"accelerometer; autoplay; clipboard-write; encrypted-media; gyroscope; picture-in-picture; web-share\" referrerpolicy=\"strict-origin-when-cross-origin\" allowfullscreen><\/iframe><\/noscript>\n<\/div>\n<\/figure>\n<div id=\"ez-toc-container\" class=\"ez-toc-v2_0_81 counter-hierarchy ez-toc-counter ez-toc-grey ez-toc-container-direction\">\n<div class=\"ez-toc-title-container\">\n<p class=\"ez-toc-title\" style=\"cursor:inherit\">Tabla de Contenido<\/p>\n<span class=\"ez-toc-title-toggle\"><a href=\"#\" class=\"ez-toc-pull-right ez-toc-btn ez-toc-btn-xs ez-toc-btn-default ez-toc-toggle\" aria-label=\"Alternar tabla de contenidos\"><span class=\"ez-toc-js-icon-con\"><span class=\"\"><span class=\"eztoc-hide\" style=\"display:none;\">Toggle<\/span><span class=\"ez-toc-icon-toggle-span\"><svg style=\"fill: #999;color:#999\" xmlns=\"http:\/\/www.w3.org\/2000\/svg\" class=\"list-377408\" width=\"20px\" height=\"20px\" viewBox=\"0 0 24 24\" fill=\"none\"><path d=\"M6 6H4v2h2V6zm14 0H8v2h12V6zM4 11h2v2H4v-2zm16 0H8v2h12v-2zM4 16h2v2H4v-2zm16 0H8v2h12v-2z\" fill=\"currentColor\"><\/path><\/svg><svg style=\"fill: #999;color:#999\" class=\"arrow-unsorted-368013\" xmlns=\"http:\/\/www.w3.org\/2000\/svg\" width=\"10px\" height=\"10px\" viewBox=\"0 0 24 24\" version=\"1.2\" baseProfile=\"tiny\"><path d=\"M18.2 9.3l-6.2-6.3-6.2 6.3c-.2.2-.3.4-.3.7s.1.5.3.7c.2.2.4.3.7.3h11c.3 0 .5-.1.7-.3.2-.2.3-.5.3-.7s-.1-.5-.3-.7zM5.8 14.7l6.2 6.3 6.2-6.3c.2-.2.3-.5.3-.7s-.1-.5-.3-.7c-.2-.2-.4-.3-.7-.3h-11c-.3 0-.5.1-.7.3-.2.2-.3.5-.3.7s.1.5.3.7z\"\/><\/svg><\/span><\/span><\/span><\/a><\/span><\/div>\n<nav><ul class='ez-toc-list ez-toc-list-level-1 ' ><li class='ez-toc-page-1 ez-toc-heading-level-2'><a class=\"ez-toc-link ez-toc-heading-1\" href=\"https:\/\/enfoquenoticioso.com\/?p=4787\/#Venom_El_ultimo_baile_llega_en_octubre\" >Venom: El \u00faltimo baile llega en octubre<\/a><ul class='ez-toc-list-level-4' ><li class='ez-toc-heading-level-4'><ul class='ez-toc-list-level-4' ><li class='ez-toc-heading-level-4'><a class=\"ez-toc-link ez-toc-heading-2\" href=\"https:\/\/enfoquenoticioso.com\/?p=4787\/#Tambien_en_Hipertextual\" >Tambi\u00e9n en Hipertextual:<\/a><\/li><\/ul><\/li><\/ul><\/li><\/ul><\/nav><\/div>\n<h2 class=\"wp-block-heading\" id=\"h-venom-el-ultimo-baile-llega-en-octubre\"><span class=\"ez-toc-section\" id=\"Venom_El_ultimo_baile_llega_en_octubre\"><\/span><em>Venom: El \u00faltimo baile<\/em> llega en octubre<span class=\"ez-toc-section-end\"><\/span><\/h2>\n<p>Se esperaba que <em>Venom: El \u00faltimo baile<\/em> diera un nuevo paso en la integraci\u00f3n de la saga al Universo Cinematogr\u00e1fico de Marvel, <strong>pero no est\u00e1 claro si la pel\u00edcula profundizar\u00e1 en esa tem\u00e1tica<\/strong>. Si bien se tendieron puentes entre las franquicias de Sony y Marvel Studios, todo apunta a que este filme se enfocar\u00e1 en cerrar el arco argumental protagonizado por Tom Hardy.<\/p>\n<p>Vale recordar que el Spider-Man de Tom Holland apareci\u00f3 en la escena poscr\u00e9ditos de <em>Venom: Habr\u00e1 matanza<\/em>. Mientras que el Eddie Brock de Hardy hizo lo propio en<em> Spider-Man: Sin camino a casa<\/em>, aunque termin\u00f3 siendo llevado de regreso a su propio universo por el hechizo del Doctor Strange. No obstante, <strong>un fragmento del simbionte hab\u00eda quedado en el mundo del UCM<\/strong>.<\/p>\n<p>Existen dos elementos que generan dudas sobre la conexi\u00f3n entre <em>Venom: El \u00faltimo baile<\/em> y las producciones de Marvel Studios. El primero es la inclusi\u00f3n de <strong>Chiwetel Ejiofor<\/strong> como el l\u00edder militar que persigue a Eddie Brock y a su contraparte alien\u00edgena. El actor ya fue parte del UCM como Karl Mordo en las pel\u00edculas de <em>Doctor Strange<\/em>, de modo que este nuevo personaje causa bastante confusi\u00f3n. El segundo, que en el tr\u00e1iler se ve c\u00f3mo capturan un fragmento del simbionte sobre la barra de un bar justo cuando una persona iba a tocarlo. Esto parece una conexi\u00f3n directa con la citada escena poscr\u00e9ditos de <em>Spider-Man: Sin camino a casa<\/em>.<\/p>\n<figure class=\"wp-block-image alignwide size-large\"><img loading=\"lazy\" decoding=\"async\" width=\"780\" height=\"394\" alt=\"Venom 3 | Venom: El \u00faltimo baile\" class=\"wp-image-1795934 perfmatters-lazy\" data-recalc-dims=\"1\" src=\"https:\/\/i0.wp.com\/imgs.hipertextual.com\/wp-content\/uploads\/2024\/06\/Venom-3-1500x758.jpg?resize=780%2C394&amp;quality=55&amp;strip=all&amp;ssl=1\" srcset=\"https:\/\/i0.wp.com\/imgs.hipertextual.com\/wp-content\/uploads\/2024\/06\/Venom-3-scaled.jpg?resize=1500%2C758&amp;quality=55&amp;strip=all&amp;ssl=1 1500w, https:\/\/i0.wp.com\/imgs.hipertextual.com\/wp-content\/uploads\/2024\/06\/Venom-3-scaled.jpg?resize=800%2C404&amp;quality=55&amp;strip=all&amp;ssl=1 800w, https:\/\/i0.wp.com\/imgs.hipertextual.com\/wp-content\/uploads\/2024\/06\/Venom-3-scaled.jpg?resize=768%2C388&amp;quality=55&amp;strip=all&amp;ssl=1 768w, https:\/\/i0.wp.com\/imgs.hipertextual.com\/wp-content\/uploads\/2024\/06\/Venom-3-scaled.jpg?resize=1536%2C776&amp;quality=55&amp;strip=all&amp;ssl=1 1536w, https:\/\/i0.wp.com\/imgs.hipertextual.com\/wp-content\/uploads\/2024\/06\/Venom-3-scaled.jpg?resize=2048%2C1034&amp;quality=55&amp;strip=all&amp;ssl=1 2048w, https:\/\/i0.wp.com\/imgs.hipertextual.com\/wp-content\/uploads\/2024\/06\/Venom-3-scaled.jpg?resize=1200%2C606&amp;quality=55&amp;strip=all&amp;ssl=1 1200w, https:\/\/i0.wp.com\/imgs.hipertextual.com\/wp-content\/uploads\/2024\/06\/Venom-3-scaled.jpg?resize=1024%2C517&amp;quality=55&amp;strip=all&amp;ssl=1 1024w, https:\/\/i0.wp.com\/imgs.hipertextual.com\/wp-content\/uploads\/2024\/06\/Venom-3-scaled.jpg?resize=1568%2C792&amp;quality=55&amp;strip=all&amp;ssl=1 1568w, https:\/\/i0.wp.com\/imgs.hipertextual.com\/wp-content\/uploads\/2024\/06\/Venom-3-scaled.jpg?resize=2000%2C1010&amp;quality=55&amp;strip=all&amp;ssl=1 2000w, https:\/\/i0.wp.com\/imgs.hipertextual.com\/wp-content\/uploads\/2024\/06\/Venom-3-scaled.jpg?resize=400%2C202&amp;quality=55&amp;strip=all&amp;ssl=1 400w, https:\/\/i0.wp.com\/imgs.hipertextual.com\/wp-content\/uploads\/2024\/06\/Venom-3-scaled.jpg?w=2340&amp;quality=55&amp;strip=all&amp;ssl=1 2340w, https:\/\/i0.wp.com\/imgs.hipertextual.com\/wp-content\/uploads\/2024\/06\/Venom-3-1500x758.jpg?w=370&amp;quality=55&amp;strip=all&amp;ssl=1 370w\" data-sizes=\"(max-width: 780px) 100vw, 780px\"\/><img loading=\"lazy\" decoding=\"async\" width=\"780\" height=\"394\" src=\"https:\/\/i0.wp.com\/imgs.hipertextual.com\/wp-content\/uploads\/2024\/06\/Venom-3-1500x758.jpg?resize=780%2C394&amp;quality=55&amp;strip=all&amp;ssl=1\" alt=\"Venom 3 | Venom: El \u00faltimo baile\" class=\"wp-image-1795934\" srcset=\"https:\/\/i0.wp.com\/imgs.hipertextual.com\/wp-content\/uploads\/2024\/06\/Venom-3-scaled.jpg?resize=1500%2C758&amp;quality=55&amp;strip=all&amp;ssl=1 1500w, https:\/\/i0.wp.com\/imgs.hipertextual.com\/wp-content\/uploads\/2024\/06\/Venom-3-scaled.jpg?resize=800%2C404&amp;quality=55&amp;strip=all&amp;ssl=1 800w, https:\/\/i0.wp.com\/imgs.hipertextual.com\/wp-content\/uploads\/2024\/06\/Venom-3-scaled.jpg?resize=768%2C388&amp;quality=55&amp;strip=all&amp;ssl=1 768w, https:\/\/i0.wp.com\/imgs.hipertextual.com\/wp-content\/uploads\/2024\/06\/Venom-3-scaled.jpg?resize=1536%2C776&amp;quality=55&amp;strip=all&amp;ssl=1 1536w, https:\/\/i0.wp.com\/imgs.hipertextual.com\/wp-content\/uploads\/2024\/06\/Venom-3-scaled.jpg?resize=2048%2C1034&amp;quality=55&amp;strip=all&amp;ssl=1 2048w, https:\/\/i0.wp.com\/imgs.hipertextual.com\/wp-content\/uploads\/2024\/06\/Venom-3-scaled.jpg?resize=1200%2C606&amp;quality=55&amp;strip=all&amp;ssl=1 1200w, https:\/\/i0.wp.com\/imgs.hipertextual.com\/wp-content\/uploads\/2024\/06\/Venom-3-scaled.jpg?resize=1024%2C517&amp;quality=55&amp;strip=all&amp;ssl=1 1024w, https:\/\/i0.wp.com\/imgs.hipertextual.com\/wp-content\/uploads\/2024\/06\/Venom-3-scaled.jpg?resize=1568%2C792&amp;quality=55&amp;strip=all&amp;ssl=1 1568w, https:\/\/i0.wp.com\/imgs.hipertextual.com\/wp-content\/uploads\/2024\/06\/Venom-3-scaled.jpg?resize=2000%2C1010&amp;quality=55&amp;strip=all&amp;ssl=1 2000w, https:\/\/i0.wp.com\/imgs.hipertextual.com\/wp-content\/uploads\/2024\/06\/Venom-3-scaled.jpg?resize=400%2C202&amp;quality=55&amp;strip=all&amp;ssl=1 400w, https:\/\/i0.wp.com\/imgs.hipertextual.com\/wp-content\/uploads\/2024\/06\/Venom-3-scaled.jpg?w=2340&amp;quality=55&amp;strip=all&amp;ssl=1 2340w, https:\/\/i0.wp.com\/imgs.hipertextual.com\/wp-content\/uploads\/2024\/06\/Venom-3-1500x758.jpg?w=370&amp;quality=55&amp;strip=all&amp;ssl=1 370w\" sizes=\"auto, (max-width: 780px) 100vw, 780px\" data-recalc-dims=\"1\"\/><\/figure>\n<p>Tendremos que esperar un poco m\u00e1s para conocer c\u00f3mo se unir\u00e1n (o no) las l\u00edneas argumentales de Sony y Marvel Studios. <em>Venom: El \u00faltimo baile<\/em> <a href=\"https:\/\/hipertextual.com\/2023\/11\/el-rodaje-de-venom-3-ya-esta-en-marcha\" target=\"_blank\" rel=\"noopener\">cuenta con la direcci\u00f3n<\/a> de <strong>Kelly Marcel<\/strong>, quien ofici\u00f3 de guionista de las dos pel\u00edculas anteriores de la saga. Adem\u00e1s de Ejiofor, <strong>Juno Temple<\/strong> es otra de las caras nuevas del elenco.<\/p>\n<p>Si bien <a href=\"https:\/\/www.youtube.com\/watch?v=__2bjWbetsA&amp;t=132s&amp;ab_channel=SonyPicturesEntertainment\" target=\"_blank\" rel=\"noopener\">el tr\u00e1iler en ingl\u00e9s<\/a> dice que la pel\u00edcula se estrena en octubre, no indica una fecha precisa. Distinto es el caso de la versi\u00f3n en espa\u00f1ol que ha publicado Sony Pictures Espa\u00f1a en YouTube. En el final del v\u00eddeo solo dice \u00abpr\u00f3ximamente\u00bb, pero el t\u00edtulo indica que el largometraje llegar\u00e1 a los cines el <strong>25 de octubre<\/strong>.<\/p>\n<section id=\"block-25\" class=\"below-content widget widget_block\">\n<div class=\"wp-block-group is-style-default hiper-newsletter-box has-background\" style=\"background:linear-gradient(180deg,rgb(0,23,188) 28%,rgb(0,15,131) 100%);padding-top:15px;padding-right:15px;padding-bottom:15px;padding-left:15px\">\n<div class=\"wp-block-group__inner-container is-layout-constrained wp-block-group-is-layout-constrained\">\n<p class=\"has-white-color has-text-color\">Recibe cada ma\u00f1ana nuestra <a rel=\"noreferrer noopener\" href=\"https:\/\/hipertextual.com\/newsletter\" target=\"_blank\">newsletter<\/a>. Una gu\u00eda para entender lo que importa en relaci\u00f3n con la tecnolog\u00eda, la ciencia y la cultura digital.<\/p>\n<div class=\"wp-block-jetpack-mailchimp\" data-blog-id=\"190110665\">\n<p>\nProcesando&#8230; <\/p>\n<p>\n\u00a1Listo! Ya est\u00e1s suscrito <\/p>\n<p>\nHubo un error, actualiza la p\u00e1gina e int\u00e9ntalo nuevamente <\/p>\n<\/div>\n<\/div>\n<\/div>\n<\/section>\n<section id=\"block-74\" class=\"below-content widget widget_block\">\n<\/section>\n<section id=\"block-71\" class=\"below-content widget widget_block\">\n<h4 class=\"wp-block-heading tambien-en-hipertextual\" id=\"h-tambien-en-hipertextual\" style=\"padding-top:0.8em;padding-right:0px;padding-bottom:0px;padding-left:0px\"><span class=\"ez-toc-section\" id=\"Tambien_en_Hipertextual\"><\/span>Tambi\u00e9n en Hipertextual:<span class=\"ez-toc-section-end\"><\/span><\/h4>\n<\/section>\n<section id=\"block-32\" class=\"below-content widget widget_block\">\n<nav class=\"jp-relatedposts-i2 jp-related-hipertextual wp-block-jetpack-related-posts has-normal-font-size\" style=\"padding-bottom:0px;padding-left:0px;padding-top:0px;padding-right:1.5em;\" data-layout=\"list\" aria-label=\"Entradas relacionadas\"\/><\/section>\n<\/p><\/div>\n<p><a href=\"https:\/\/hipertextual.com\/2024\/06\/venom-el-ultimo-baile-primer-trailer\" class=\" target=\" title=\"Mira el brutal primer tr\u00e1iler de &#039;Venom: El \u00faltimo baile&#039;\" target=\"_blank\" rel=\"noopener\">Ver fuente<\/a><\/p>\n","protected":false},"excerpt":{"rendered":"<p>Venom: El \u00faltimo baile, la tercera pel\u00edcula de la saga protagonizada por Tom Hardy, tiene primer tr\u00e1iler. Marvel y Sony Pictures han lanzado un avance oficial del largometraje que tendr\u00e1 al simbionte como gran protagonista. Una entrega que buscar\u00e1 elevar la vara de lo visto en las dos primeras, que fueron apaleadas por el p\u00fablico [&hellip;]<\/p>\n","protected":false},"author":2,"featured_media":4788,"comment_status":"open","ping_status":"closed","sticky":false,"template":"","format":"standard","meta":{"footnotes":""},"categories":[9],"tags":[],"class_list":["post-4787","post","type-post","status-publish","format-standard","has-post-thumbnail","hentry","category-tecnologia"],"_links":{"self":[{"href":"https:\/\/enfoquenoticioso.com\/index.php?rest_route=\/wp\/v2\/posts\/4787","targetHints":{"allow":["GET"]}}],"collection":[{"href":"https:\/\/enfoquenoticioso.com\/index.php?rest_route=\/wp\/v2\/posts"}],"about":[{"href":"https:\/\/enfoquenoticioso.com\/index.php?rest_route=\/wp\/v2\/types\/post"}],"author":[{"embeddable":true,"href":"https:\/\/enfoquenoticioso.com\/index.php?rest_route=\/wp\/v2\/users\/2"}],"replies":[{"embeddable":true,"href":"https:\/\/enfoquenoticioso.com\/index.php?rest_route=%2Fwp%2Fv2%2Fcomments&post=4787"}],"version-history":[{"count":0,"href":"https:\/\/enfoquenoticioso.com\/index.php?rest_route=\/wp\/v2\/posts\/4787\/revisions"}],"wp:featuredmedia":[{"embeddable":true,"href":"https:\/\/enfoquenoticioso.com\/index.php?rest_route=\/wp\/v2\/media\/4788"}],"wp:attachment":[{"href":"https:\/\/enfoquenoticioso.com\/index.php?rest_route=%2Fwp%2Fv2%2Fmedia&parent=4787"}],"wp:term":[{"taxonomy":"category","embeddable":true,"href":"https:\/\/enfoquenoticioso.com\/index.php?rest_route=%2Fwp%2Fv2%2Fcategories&post=4787"},{"taxonomy":"post_tag","embeddable":true,"href":"https:\/\/enfoquenoticioso.com\/index.php?rest_route=%2Fwp%2Fv2%2Ftags&post=4787"}],"curies":[{"name":"wp","href":"https:\/\/api.w.org\/{rel}","templated":true}]}}