{"id":4800,"date":"2024-06-04T14:17:43","date_gmt":"2024-06-04T14:17:43","guid":{"rendered":"https:\/\/enfoquenoticioso.com\/entretenimiento\/asi-es-wondla-la-serie-de-animacion-de-apple-tv\/"},"modified":"2024-06-04T14:17:43","modified_gmt":"2024-06-04T14:17:43","slug":"asi-es-wondla-la-serie-de-animacion-de-apple-tv","status":"publish","type":"post","link":"https:\/\/enfoquenoticioso.com\/?p=4800","title":{"rendered":"As\u00ed es WondLa, la serie de animaci\u00f3n de Apple TV+"},"content":{"rendered":"<div id=\"mvp-content-main\">\n<p>Esta semana <a href=\"https:\/\/soydecine.com\/tag\/apple-tv\/\" target=\"_blank\" rel=\"noopener\">Apple TV<\/a> ha presentado el tr\u00e1iler de <em>WondLa<\/em>, su nueva serie de animaci\u00f3n desarrollada por <a href=\"https:\/\/skydance.com\/animation\/\" target=\"_blank\" rel=\"noopener\">SkyDance Animation<\/a>. Dicha compa\u00f1\u00eda, que ya ha producido obras como <em>Luck<\/em> o el cortometraje <em>Lazos<\/em>, parece sentirse c\u00f3moda con su asociaci\u00f3n con Apple y, prueba de ello, ha sido el desarrollo de esta nueva ficci\u00f3n.<\/p>\n<p><span id=\"more-41029\"\/><\/p>\n<div id=\"ez-toc-container\" class=\"ez-toc-v2_0_81 counter-hierarchy ez-toc-counter ez-toc-grey ez-toc-container-direction\">\n<div class=\"ez-toc-title-container\">\n<p class=\"ez-toc-title\" style=\"cursor:inherit\">Tabla de Contenido<\/p>\n<span class=\"ez-toc-title-toggle\"><a href=\"#\" class=\"ez-toc-pull-right ez-toc-btn ez-toc-btn-xs ez-toc-btn-default ez-toc-toggle\" aria-label=\"Alternar tabla de contenidos\"><span class=\"ez-toc-js-icon-con\"><span class=\"\"><span class=\"eztoc-hide\" style=\"display:none;\">Toggle<\/span><span class=\"ez-toc-icon-toggle-span\"><svg style=\"fill: #999;color:#999\" xmlns=\"http:\/\/www.w3.org\/2000\/svg\" class=\"list-377408\" width=\"20px\" height=\"20px\" viewBox=\"0 0 24 24\" fill=\"none\"><path d=\"M6 6H4v2h2V6zm14 0H8v2h12V6zM4 11h2v2H4v-2zm16 0H8v2h12v-2zM4 16h2v2H4v-2zm16 0H8v2h12v-2z\" fill=\"currentColor\"><\/path><\/svg><svg style=\"fill: #999;color:#999\" class=\"arrow-unsorted-368013\" xmlns=\"http:\/\/www.w3.org\/2000\/svg\" width=\"10px\" height=\"10px\" viewBox=\"0 0 24 24\" version=\"1.2\" baseProfile=\"tiny\"><path d=\"M18.2 9.3l-6.2-6.3-6.2 6.3c-.2.2-.3.4-.3.7s.1.5.3.7c.2.2.4.3.7.3h11c.3 0 .5-.1.7-.3.2-.2.3-.5.3-.7s-.1-.5-.3-.7zM5.8 14.7l6.2 6.3 6.2-6.3c.2-.2.3-.5.3-.7s-.1-.5-.3-.7c-.2-.2-.4-.3-.7-.3h-11c-.3 0-.5.1-.7.3-.2.2-.3.5-.3.7s.1.5.3.7z\"\/><\/svg><\/span><\/span><\/span><\/a><\/span><\/div>\n<nav><ul class='ez-toc-list ez-toc-list-level-1 ' ><li class='ez-toc-page-1 ez-toc-heading-level-2'><a class=\"ez-toc-link ez-toc-heading-1\" href=\"https:\/\/enfoquenoticioso.com\/?p=4800\/#Sinopsis_y_trailer_de_WondLa\" >Sinopsis y tr\u00e1iler de WondLa<\/a><\/li><\/ul><\/nav><\/div>\n<h2 class=\"wp-block-heading\"><span class=\"ez-toc-section\" id=\"Sinopsis_y_trailer_de_WondLa\"><\/span>Sinopsis y tr\u00e1iler de WondLa<span class=\"ez-toc-section-end\"><\/span><\/h2>\n<figure class=\"wp-block-embed is-type-video is-provider-youtube wp-block-embed-youtube wp-embed-aspect-16-9 wp-has-aspect-ratio\">\n<p>\n<iframe loading=\"lazy\" title=\"Tr\u00e1iler de WondLa en espa\u00f1ol | Apple TV+\" width=\"640\" height=\"360\" src=\"https:\/\/www.youtube.com\/embed\/HZz1mB4Qeko?feature=oembed\" frameborder=\"0\" allow=\"accelerometer; autoplay; clipboard-write; encrypted-media; gyroscope; picture-in-picture; web-share\" referrerpolicy=\"strict-origin-when-cross-origin\" allowfullscreen><\/iframe>\n<\/p>\n<\/figure>\n<p>TR\u00c1ILER DE WONDLA EN ESPA\u00d1OL<\/p>\n<p>Esta serie animada est\u00e1 en la franquicia literaria de Tony DiTerlizzi <em>En busca de WondLa<\/em>. Dirigida y producida por Bobs Gannaway, <strong>la primera temporada de siete episodios de <em>WondLa<\/em> se estrenar\u00e1 mundialmente en Apple TV+ el viernes 28 de junio<\/strong>.<\/p>\n<p><em>WondLa<\/em> gira en torno a Eva, una adolescente curiosa y entusiasta que es criada en un moderno b\u00fanker subterr\u00e1neo por el robot cuidador Muthr. El d\u00eda de su decimosexto cumplea\u00f1os, un ataque al b\u00fanker obliga a Eva a salir a la superficie de la Tierra, que ahora est\u00e1 habitada por alien\u00edgenas, poblada por fauna de otro mundo y sin ning\u00fan otro ser humano. De hecho, ya no se llama Tierra, sino Orbona. Otto, un adorable tard\u00edgrado gigante con el que Eva comparte poderes telep\u00e1ticos, y Rovender, un alien\u00edgena cascarrabias con un pasado atormentado, se unen a Eva en una peligrosa b\u00fasqueda para encontrar a los humanos, su hogar y su verdadero destino.<\/p>\n<\/p><\/div>\n<p><a href=\"https:\/\/soydecine.com\/wondla-serie-animacion-apple-tv\/\" class=\" target=\" title=\"As\u00ed es WondLa, la serie de animaci\u00f3n de Apple TV+\" target=\"_blank\" rel=\"noopener\">Ver fuente<\/a><\/p>\n","protected":false},"excerpt":{"rendered":"<p>Esta semana Apple TV ha presentado el tr\u00e1iler de WondLa, su nueva serie de animaci\u00f3n desarrollada por SkyDance Animation. Dicha compa\u00f1\u00eda, que ya ha producido obras como Luck o el cortometraje Lazos, parece sentirse c\u00f3moda con su asociaci\u00f3n con Apple y, prueba de ello, ha sido el desarrollo de esta nueva ficci\u00f3n. Sinopsis y tr\u00e1iler [&hellip;]<\/p>\n","protected":false},"author":2,"featured_media":4801,"comment_status":"open","ping_status":"closed","sticky":false,"template":"","format":"standard","meta":{"footnotes":""},"categories":[8],"tags":[],"class_list":["post-4800","post","type-post","status-publish","format-standard","has-post-thumbnail","hentry","category-entretenimiento"],"_links":{"self":[{"href":"https:\/\/enfoquenoticioso.com\/index.php?rest_route=\/wp\/v2\/posts\/4800","targetHints":{"allow":["GET"]}}],"collection":[{"href":"https:\/\/enfoquenoticioso.com\/index.php?rest_route=\/wp\/v2\/posts"}],"about":[{"href":"https:\/\/enfoquenoticioso.com\/index.php?rest_route=\/wp\/v2\/types\/post"}],"author":[{"embeddable":true,"href":"https:\/\/enfoquenoticioso.com\/index.php?rest_route=\/wp\/v2\/users\/2"}],"replies":[{"embeddable":true,"href":"https:\/\/enfoquenoticioso.com\/index.php?rest_route=%2Fwp%2Fv2%2Fcomments&post=4800"}],"version-history":[{"count":0,"href":"https:\/\/enfoquenoticioso.com\/index.php?rest_route=\/wp\/v2\/posts\/4800\/revisions"}],"wp:featuredmedia":[{"embeddable":true,"href":"https:\/\/enfoquenoticioso.com\/index.php?rest_route=\/wp\/v2\/media\/4801"}],"wp:attachment":[{"href":"https:\/\/enfoquenoticioso.com\/index.php?rest_route=%2Fwp%2Fv2%2Fmedia&parent=4800"}],"wp:term":[{"taxonomy":"category","embeddable":true,"href":"https:\/\/enfoquenoticioso.com\/index.php?rest_route=%2Fwp%2Fv2%2Fcategories&post=4800"},{"taxonomy":"post_tag","embeddable":true,"href":"https:\/\/enfoquenoticioso.com\/index.php?rest_route=%2Fwp%2Fv2%2Ftags&post=4800"}],"curies":[{"name":"wp","href":"https:\/\/api.w.org\/{rel}","templated":true}]}}