{"id":48068,"date":"2025-02-04T07:44:14","date_gmt":"2025-02-04T07:44:14","guid":{"rendered":"https:\/\/enfoquenoticioso.com\/entretenimiento\/estrenos-romanticos-en-febrero-2025-peliculas-y-series-de-amor\/"},"modified":"2025-02-04T07:44:14","modified_gmt":"2025-02-04T07:44:14","slug":"estrenos-romanticos-en-febrero-2025-peliculas-y-series-de-amor","status":"publish","type":"post","link":"https:\/\/enfoquenoticioso.com\/?p=48068","title":{"rendered":"Estrenos rom\u00e1nticos en febrero 2025: Pel\u00edculas y series de amor"},"content":{"rendered":"<div id=\"mvp-content-main\">\n<p>Estamos en el mes de <strong>San Valent\u00edn<\/strong> y con \u00e9l llegan tambi\u00e9n varias <strong>novedades de romance a cines y plataformas de streaming<\/strong>. Si es un g\u00e9nero que te atrae, en este art\u00edculo haremos un repaso de <strong>los estrenos rom\u00e1nticos de febrero de 2025<\/strong> para que no te pierdas ninguno de ellos. Por si esto te sabe a poco, tambi\u00e9n te recomendamos visitar <strong><a href=\"https:\/\/somosdecine.com\/estrenos-romance-2025-peliculas-romanticas-cines-y-plataformas\/\" target=\"_blank\" rel=\"noopener\">nuestro art\u00edculo sobre estrenos rom\u00e1nticos de 2025<\/a><\/strong>, pues a lo largo del a\u00f1o seguiremos recibiendo producciones que har\u00e1n las delicias de aquellos que busquen pel\u00edculas y series de amor.<\/p>\n<p><span id=\"more-46296\"\/><\/p>\n<figure class=\"wp-block-embed is-type-video is-provider-youtube wp-block-embed-youtube wp-embed-aspect-16-9 wp-has-aspect-ratio\">\n<p>\n<iframe loading=\"lazy\" title=\"Los ESTRENOS M\u00c1S ESPERADOS de FEBRERO 2025  \ud83d\udd25\" width=\"640\" height=\"360\" src=\"https:\/\/www.youtube.com\/embed\/plcsusowwd8?feature=oembed\" frameborder=\"0\" allow=\"accelerometer; autoplay; clipboard-write; encrypted-media; gyroscope; picture-in-picture; web-share\" referrerpolicy=\"strict-origin-when-cross-origin\" allowfullscreen><\/iframe>\n<\/p>\n<\/figure>\n<div id=\"ez-toc-container\" class=\"ez-toc-v2_0_81 counter-hierarchy ez-toc-counter ez-toc-grey ez-toc-container-direction\">\n<div class=\"ez-toc-title-container\">\n<p class=\"ez-toc-title\" style=\"cursor:inherit\">Tabla de Contenido<\/p>\n<span class=\"ez-toc-title-toggle\"><a href=\"#\" class=\"ez-toc-pull-right ez-toc-btn ez-toc-btn-xs ez-toc-btn-default ez-toc-toggle\" aria-label=\"Alternar tabla de contenidos\"><span class=\"ez-toc-js-icon-con\"><span class=\"\"><span class=\"eztoc-hide\" style=\"display:none;\">Toggle<\/span><span class=\"ez-toc-icon-toggle-span\"><svg style=\"fill: #999;color:#999\" xmlns=\"http:\/\/www.w3.org\/2000\/svg\" class=\"list-377408\" width=\"20px\" height=\"20px\" viewBox=\"0 0 24 24\" fill=\"none\"><path d=\"M6 6H4v2h2V6zm14 0H8v2h12V6zM4 11h2v2H4v-2zm16 0H8v2h12v-2zM4 16h2v2H4v-2zm16 0H8v2h12v-2z\" fill=\"currentColor\"><\/path><\/svg><svg style=\"fill: #999;color:#999\" class=\"arrow-unsorted-368013\" xmlns=\"http:\/\/www.w3.org\/2000\/svg\" width=\"10px\" height=\"10px\" viewBox=\"0 0 24 24\" version=\"1.2\" baseProfile=\"tiny\"><path d=\"M18.2 9.3l-6.2-6.3-6.2 6.3c-.2.2-.3.4-.3.7s.1.5.3.7c.2.2.4.3.7.3h11c.3 0 .5-.1.7-.3.2-.2.3-.5.3-.7s-.1-.5-.3-.7zM5.8 14.7l6.2 6.3 6.2-6.3c.2-.2.3-.5.3-.7s-.1-.5-.3-.7c-.2-.2-.4-.3-.7-.3h-11c-.3 0-.5.1-.7.3-.2.2-.3.5-.3.7s.1.5.3.7z\"\/><\/svg><\/span><\/span><\/span><\/a><\/span><\/div>\n<nav><ul class='ez-toc-list ez-toc-list-level-1 ' ><li class='ez-toc-page-1 ez-toc-heading-level-2'><a class=\"ez-toc-link ez-toc-heading-1\" href=\"https:\/\/enfoquenoticioso.com\/?p=48068\/#Estrenos_romanticos_de_febrero_de_2025_en_cines\" >Estrenos rom\u00e1nticos de febrero de 2025 en cines<\/a><ul class='ez-toc-list-level-3' ><li class='ez-toc-heading-level-3'><a class=\"ez-toc-link ez-toc-heading-2\" href=\"https:\/\/enfoquenoticioso.com\/?p=48068\/#No_hay_amor_perdido\" >No hay amor perdido<\/a><\/li><li class='ez-toc-page-1 ez-toc-heading-level-3'><a class=\"ez-toc-link ez-toc-heading-3\" href=\"https:\/\/enfoquenoticioso.com\/?p=48068\/#Bridget_Jones_Loca_por_el\" >Bridget Jones: Loca por \u00e9l<\/a><\/li><li class='ez-toc-page-1 ez-toc-heading-level-3'><a class=\"ez-toc-link ez-toc-heading-4\" href=\"https:\/\/enfoquenoticioso.com\/?p=48068\/#Daniela_Forever\" >Daniela Forever<\/a><\/li><li class='ez-toc-page-1 ez-toc-heading-level-3'><a class=\"ez-toc-link ez-toc-heading-5\" href=\"https:\/\/enfoquenoticioso.com\/?p=48068\/#Nosotros\" >Nosotros<\/a><\/li><li class='ez-toc-page-1 ez-toc-heading-level-3'><a class=\"ez-toc-link ez-toc-heading-6\" href=\"https:\/\/enfoquenoticioso.com\/?p=48068\/#Algo_le_pasa_a_mi_yerno\" >Algo le pasa a mi yerno<\/a><\/li><\/ul><\/li><li class='ez-toc-page-1 ez-toc-heading-level-2'><a class=\"ez-toc-link ez-toc-heading-7\" href=\"https:\/\/enfoquenoticioso.com\/?p=48068\/#Estrenos_romanticos_de_febrero_de_2025_en_plataformas_de_streaming\" >Estrenos rom\u00e1nticos de febrero de 2025 en plataformas de streaming<\/a><ul class='ez-toc-list-level-3' ><li class='ez-toc-heading-level-3'><a class=\"ez-toc-link ez-toc-heading-8\" href=\"https:\/\/enfoquenoticioso.com\/?p=48068\/#La_boda_de_mi_mejor_amigo_1_de_febrero_en_MAX\" >La boda de mi mejor amigo: 1 de febrero en MAX<\/a><\/li><li class='ez-toc-page-1 ez-toc-heading-level-3'><a class=\"ez-toc-link ez-toc-heading-9\" href=\"https:\/\/enfoquenoticioso.com\/?p=48068\/#Memory_2_de_febrero_en_Movistar_plus\" >Memory: 2 de febrero en Movistar plus+<\/a><\/li><li class='ez-toc-page-1 ez-toc-heading-level-3'><a class=\"ez-toc-link ez-toc-heading-10\" href=\"https:\/\/enfoquenoticioso.com\/?p=48068\/#Los_destellos_4_de_febrero_en_Movistar_plus\" >Los destellos: 4 de febrero en Movistar plus+<\/a><\/li><li class='ez-toc-page-1 ez-toc-heading-level-3'><a class=\"ez-toc-link ez-toc-heading-11\" href=\"https:\/\/enfoquenoticioso.com\/?p=48068\/#Algo_embarazada\" >Algo embarazada<\/a><\/li><li class='ez-toc-page-1 ez-toc-heading-level-3'><a class=\"ez-toc-link ez-toc-heading-12\" href=\"https:\/\/enfoquenoticioso.com\/?p=48068\/#A_muerte\" >A muerte<\/a><\/li><li class='ez-toc-page-1 ez-toc-heading-level-3'><a class=\"ez-toc-link ez-toc-heading-13\" href=\"https:\/\/enfoquenoticioso.com\/?p=48068\/#Envidiosa_temporada_2_5_de_febrero_en_Netflix\" >Envidiosa, temporada 2: 5 de febrero en Netflix<\/a><\/li><li class='ez-toc-page-1 ez-toc-heading-level-3'><a class=\"ez-toc-link ez-toc-heading-14\" href=\"https:\/\/enfoquenoticioso.com\/?p=48068\/#Polvo_seran_6_de_febrero_en_Movistar_plus\" >Polvo ser\u00e1n: 6 de febrero en Movistar plus<\/a><\/li><li class='ez-toc-page-1 ez-toc-heading-level-3'><a class=\"ez-toc-link ez-toc-heading-15\" href=\"https:\/\/enfoquenoticioso.com\/?p=48068\/#Dulces_magnolias_temporada_4_6_de_febrero_en_Netflix\" >Dulces magnolias, temporada 4: 6 de febrero en Netflix<\/a><\/li><li class='ez-toc-page-1 ez-toc-heading-level-3'><a class=\"ez-toc-link ez-toc-heading-16\" href=\"https:\/\/enfoquenoticioso.com\/?p=48068\/#El_caos_esta_en_el_aire_14_de_febrero_en_Netflix\" >El caos est\u00e1 en el aire: 14 de febrero en Netflix<\/a><\/li><li class='ez-toc-page-1 ez-toc-heading-level-3'><a class=\"ez-toc-link ez-toc-heading-17\" href=\"https:\/\/enfoquenoticioso.com\/?p=48068\/#De_boda_en_boda_14_de_febrero_en_MAX_en_MAX\" >De boda en boda: 14 de febrero en MAX en MAX<\/a><\/li><li class='ez-toc-page-1 ez-toc-heading-level-3'><a class=\"ez-toc-link ez-toc-heading-18\" href=\"https:\/\/enfoquenoticioso.com\/?p=48068\/#Mensaje_en_una_botella_14_de_febrero_en_MAX\" >Mensaje en una botella: 14 de febrero en MAX<\/a><\/li><li class='ez-toc-page-1 ez-toc-heading-level-3'><a class=\"ez-toc-link ez-toc-heading-19\" href=\"https:\/\/enfoquenoticioso.com\/?p=48068\/#Tenemos_que_hablar_14_de_febrero_en_MAX\" >Tenemos que hablar: 14 de febrero en MAX<\/a><\/li><li class='ez-toc-page-1 ez-toc-heading-level-3'><a class=\"ez-toc-link ez-toc-heading-20\" href=\"https:\/\/enfoquenoticioso.com\/?p=48068\/#Layla_14_de_febrero_en_Filmin\" >Layla: 14 de febrero en Filmin<\/a><\/li><li class='ez-toc-page-1 ez-toc-heading-level-3'><a class=\"ez-toc-link ez-toc-heading-21\" href=\"https:\/\/enfoquenoticioso.com\/?p=48068\/#Casada_%C2%BFpero_a_que_precio_14_de_febrero_en_Netflix\" >Casada, \u00bfpero a qu\u00e9 precio?: 14 de febrero en Netflix<\/a><\/li><li class='ez-toc-page-1 ez-toc-heading-level-3'><a class=\"ez-toc-link ez-toc-heading-22\" href=\"https:\/\/enfoquenoticioso.com\/?p=48068\/#Love_is_blind_temporada_8_14_de_febrero_en_Netflix\" >Love is blind, temporada 8: 14 de febrero en Netflix<\/a><\/li><li class='ez-toc-page-1 ez-toc-heading-level-3'><a class=\"ez-toc-link ez-toc-heading-23\" href=\"https:\/\/enfoquenoticioso.com\/?p=48068\/#Luces_camara_%C2%A1amor_14_de_febrero_en_Netflix\" >Luces, c\u00e1mara, \u00a1amor!: 14 de febrero en Netflix<\/a><\/li><li class='ez-toc-page-1 ez-toc-heading-level-3'><a class=\"ez-toc-link ez-toc-heading-24\" href=\"https:\/\/enfoquenoticioso.com\/?p=48068\/#Valeria_temporada_4\" >Valeria, temporada 4<\/a><\/li><li class='ez-toc-page-1 ez-toc-heading-level-3'><a class=\"ez-toc-link ez-toc-heading-25\" href=\"https:\/\/enfoquenoticioso.com\/?p=48068\/#El_teorema_de_Marguerite_25_de_febrero_en_Movistar_plus\" >El teorema de Marguerite: 25 de febrero en Movistar plus+<\/a><\/li><\/ul><\/li><\/ul><\/nav><\/div>\n<h2 class=\"wp-block-heading\"><span class=\"ez-toc-section\" id=\"Estrenos_romanticos_de_febrero_de_2025_en_cines\"><\/span><span class=\"ez-toc-section\" id=\"Estrenos_romanticos_de_febrero_de_2025_en_cines\"\/>Estrenos rom\u00e1nticos de febrero de 2025 en cines<span class=\"ez-toc-section-end\"\/><span class=\"ez-toc-section-end\"><\/span><\/h2>\n<p>Empezamos con los <strong>estrenos rom\u00e1nticos de febrero de 2025 en cines<\/strong>, pues llegan algunas propuestas como la nueva cinta de Bridget Jones. <strong>Estas son las pel\u00edculas rom\u00e1nticas que no deber\u00edas perderte:<\/strong><\/p>\n<div class=\"ficha-pelicula-completa\" style=\"margin-bottom: 40px;\">\n        <!-- T&iacute;tulo --><\/p>\n<h3 style=\"font-size: 1.2em; margin-bottom: 15px; color: #333;\"><span class=\"ez-toc-section\" id=\"No_hay_amor_perdido\"><\/span><span class=\"ez-toc-section\" id=\"No_hay_amor_perdido\"\/><br \/>\n            <a href=\"https:\/\/somosdecine.com\/peliculas\/no-hay-amor-perdido-2023\/\" style=\"text-decoration: none; color: #0073aa;\" target=\"_blank\" rel=\"noopener\"><br \/>\n                No hay amor perdido            <\/a><br \/>\n        <span class=\"ez-toc-section-end\"\/><span class=\"ez-toc-section-end\"><\/span><\/h3>\n<p>        <!-- Imagen y detalles (Dise&ntilde;o flexible) --><\/p>\n<div class=\"ficha-contenedor\" style=\"display: flex; gap: 20px; align-items: flex-start; flex-wrap: wrap;\">\n<div class=\"ficha-imagen\" style=\"flex: 0 0 250px; max-width: 250px;\">\n                    <a href=\"https:\/\/somosdecine.com\/peliculas\/no-hay-amor-perdido-2023\/\" target=\"_blank\" rel=\"noopener\"><br \/>\n                        <img decoding=\"async\" alt=\"No hay amor perdido\" style=\"width: 100%; height: auto; border-radius: 5px;\" src=\"https:\/\/somosdecine.com\/wp-content\/uploads\/no-hay-amor-perdido-2025.webp\"\/><img decoding=\"async\" src=\"https:\/\/somosdecine.com\/wp-content\/uploads\/no-hay-amor-perdido-2025.webp\" alt=\"No hay amor perdido\" style=\"width: 100%; height: auto; border-radius: 5px;\"\/><br \/>\n                    <\/a>\n                <\/div>\n<div class=\"ficha-detalles\" style=\"flex: 1; min-width: 300px; text-align: left;\">\n<ul style=\"list-style: none; padding: 0; margin: 0;\">\n<li><strong>Fecha de estreno:<\/strong> 7 de febrero de 2025<\/li>\n<li><strong>G\u00e9nero:<\/strong> Drama, Romance<\/li>\n<li><strong>Pa\u00eds:<\/strong> France<\/li>\n<li><strong>A\u00f1o:<\/strong> 2023<\/li>\n<li><strong>Duraci\u00f3n:<\/strong> 91 min<\/li>\n<li><strong>Direcci\u00f3n:<\/strong> Erwan Le Duc<\/li>\n<li><strong>Reparto:<\/strong> Nahuel P\u00e9rez Biscayart, C\u00e9leste Brunnquell, Maud Wyler, Camille Rutherford<\/li>\n<\/ul><\/div>\n<\/p><\/div>\n<p>        <!-- Descripci&oacute;n --><\/p>\n<div class=\"descripcion-pelicula\" style=\"margin-top: 20px; text-align: justify; font-size: 1em; line-height: 1.6;\">\n<p>En No hay amor perdido, \u00c9tienne tiene apenas veinte a\u00f1os cuando se enamora de Val\u00e9rie. Apenas un poco m\u00e1s tarde, nace su hija Rosa. Y luego, un d\u00eda, Val\u00e9rie se va y nunca regresa. \u00c9l decide no hacer un drama de ello y construye una vida feliz para \u00e9l y su hija. Diecis\u00e9is a\u00f1os despu\u00e9s, cuando Rosa est\u00e1 a punto de comenzar su propia vida, \u00c9tienne reconoce a su esposa en un reportaje de televisi\u00f3n. El pasado resurge de forma brutal, y padre e hija se ven arrastrados a un \u00faltimo ca\u00f3tico viaje familiar.<\/p>\n<p><strong>Sobre la pel\u00edcula<\/strong><\/p>\n<p>Seleccionada como pel\u00edcula de clausura de la 62\u00aa edici\u00f3n de la Semana de la Cr\u00edtica de Cannes y nominada al Premio C\u00e9sar a Mejor actriz revelaci\u00f3n para C\u00e9leste Brunnquell, se trata de un emotivo drama social y sentimental con tintes de comedia sobre la relaci\u00f3n de un padre y una hija en plena encrucijada tras el abandono de la infancia y del nido familiar por parte de la joven.<\/p>\n<p>La pel\u00edcula est\u00e1 protagonizada por Nahuel P\u00e9rez Biscayart (120 pulsaciones por minuto, Un a\u00f1o, una noche o El Jockey), C\u00e9leste Brunnquell (Un verano con Fif\u00ed), y los acompa\u00f1an en el reparto Maud Wyler (Tiempo compartido) y Camille Rutherford (Anatom\u00eda de una ca\u00edda).<\/p>\n<\/p><\/div>\n<p>        <!-- Bot&oacute;n de enlace --><br \/>\n        <a href=\"https:\/\/somosdecine.com\/peliculas\/no-hay-amor-perdido-2023\/\" style=\"display: inline-block; margin-top: 20px; color: #0073aa; text-decoration: none; font-weight: bold;\" target=\"_blank\" rel=\"noopener\">Ver ficha completa<\/a>\n    <\/div>\n<p>    <!-- Estilos para m&oacute;vil --><\/p>\n<div class=\"ficha-pelicula-completa\" style=\"margin-bottom: 40px;\">\n        <!-- T&iacute;tulo --><\/p>\n<h3 style=\"font-size: 1.2em; margin-bottom: 15px; color: #333;\"><span class=\"ez-toc-section\" id=\"Bridget_Jones_Loca_por_el\"><\/span><span class=\"ez-toc-section\" id=\"Bridget_Jones_Loca_por_el\"\/><br \/>\n            <a href=\"https:\/\/somosdecine.com\/peliculas\/bridget-jones-loca-por-el-2025\/\" style=\"text-decoration: none; color: #0073aa;\" target=\"_blank\" rel=\"noopener\"><br \/>\n                Bridget Jones: Loca por \u00e9l            <\/a><br \/>\n        <span class=\"ez-toc-section-end\"\/><span class=\"ez-toc-section-end\"><\/span><\/h3>\n<p>        <!-- Imagen y detalles (Dise&ntilde;o flexible) --><\/p>\n<div class=\"ficha-contenedor\" style=\"display: flex; gap: 20px; align-items: flex-start; flex-wrap: wrap;\">\n<div class=\"ficha-imagen\" style=\"flex: 0 0 250px; max-width: 250px;\">\n                    <a href=\"https:\/\/somosdecine.com\/peliculas\/bridget-jones-loca-por-el-2025\/\" target=\"_blank\" rel=\"noopener\"><br \/>\n                        <img decoding=\"async\" alt=\"Bridget Jones: Loca por \u00e9l\" style=\"width: 100%; height: auto; border-radius: 5px;\" src=\"https:\/\/somosdecine.com\/wp-content\/uploads\/bridget-jones-loca-por-el-2025.webp\"\/><img decoding=\"async\" src=\"https:\/\/somosdecine.com\/wp-content\/uploads\/bridget-jones-loca-por-el-2025.webp\" alt=\"Bridget Jones: Loca por \u00e9l\" style=\"width: 100%; height: auto; border-radius: 5px;\"\/><br \/>\n                    <\/a>\n                <\/div>\n<div class=\"ficha-detalles\" style=\"flex: 1; min-width: 300px; text-align: left;\">\n<ul style=\"list-style: none; padding: 0; margin: 0;\">\n<li><strong>Fecha de estreno:<\/strong> 14 de febrero de 2025<\/li>\n<li><strong>G\u00e9nero:<\/strong> Comedia, Romance<\/li>\n<li><strong>Pa\u00eds:<\/strong> Reino Unido, Francia, Estados Unidos<\/li>\n<li><strong>A\u00f1o:<\/strong> 2025<\/li>\n<li><strong>Duraci\u00f3n:<\/strong> 108 min<\/li>\n<li><strong>Direcci\u00f3n:<\/strong> Michael Morris<\/li>\n<li><strong>Reparto:<\/strong> Ren\u00e9e Zellweger, Hugh Grant, Emma Thompson, Leo Woodall, Chiwetel Ejiofor<\/li>\n<li><strong>M\u00fasica:<\/strong> Craig Armstrong<\/li>\n<\/ul><\/div>\n<\/p><\/div>\n<p>        <!-- Descripci&oacute;n --><\/p>\n<div class=\"descripcion-pelicula\" style=\"margin-top: 20px; text-align: justify; font-size: 1em; line-height: 1.6;\">\n<p style=\"text-align: left\">La dos veces oscarizada Ren\u00e9e Zellweger vuelve a encarnar a la hero\u00edna de la comedia rom\u00e1ntica por excelencia en Bridget Jones: Loca por \u00e9l. Hablamos de una mujer cuya visi\u00f3n \u00fanica de la vida y del amor dio un enfoque completamente nuevo al g\u00e9nero.<\/p>\n<p style=\"text-align: left\">Bridget Jones cobr\u00f3 vida en las estanter\u00edas de las librer\u00edas con el fen\u00f3meno literario escrito por Helen Fielding, El diario de Bridget Jones, que se convirti\u00f3 en novela superventas y, un poco despu\u00e9s, en una exitosa pel\u00edcula. En su papel de mujer joven soltera afincada en Londres, Bridget Jones no se limit\u00f3 a ofrecer al mundo sus aventuras rom\u00e1nticas, tambi\u00e9n a\u00f1adi\u00f3 toda una serie de palabras a nuestro vocabulario. La resiliencia de Bridget ante la adversidad hizo que se casara con el conocido abogado Mark Darcy y fuera madre de un precioso beb\u00e9. Por fin hab\u00eda alcanzado la felicidad.<\/p>\n<p><strong>Sobre Bridget Jones: Loca por \u00e9l<\/strong><\/p>\n<p style=\"text-align: left\">Pero en Bridget Jones: Loca por \u00e9l, Bridget est\u00e1 sola despu\u00e9s de enviudar hace cuatro a\u00f1os, cuando Mark muri\u00f3 durante una misi\u00f3n humanitaria en Sud\u00e1n. Es la madre de Billy, de nueve a\u00f1os, y de Mabel, de cuatro, y se encuentra en una especie de limbo emocional mientras cuida a los ni\u00f1os con la ayuda de sus mejores amigos y de un antiguo amante, Daniel Cleaver (Hugh Grant).<\/p>\n<p style=\"text-align: left\">Presionada por su familia urbana, compuesta por Shazzer, Jude y Tom, su compa\u00f1era de trabajo, Miranda, su madre y su ginec\u00f3loga, la Dra. Rawlings (la oscarizada Emma Thompson), se siente obligada a interesarse por la vida y el amor. Trabaja de nuevo e incluso prueba con una App de citas, a trav\u00e9s de la cual conoce a un so\u00f1ador m\u00e1s joven que ella (Leo Woodall, la serie \u201cThe White Lotus\u201d). Mujer trabajadora, ama de casa, madre y enamorada (a medias), Bridget se enfrenta al enjuiciamiento de las madres perfectas en el colegio, se preocupa por Billy, que no acaba de acostumbrarse a no tener un padre, y mantiene una extra\u00f1a relaci\u00f3n con el muy racional profesor de Ciencias de su hijo (Chiwetel Ejiofor, nominado a un Oscar).<\/p>\n<p><strong>Sobre la producci\u00f3n<\/strong><\/p>\n<p style=\"text-align: left\">Dirige Bridget Jones: Loca por \u00e9l el aclamado cineasta Michael Morris (To Leslie, la serie \u201cBetter Call Saul\u201d) a partir de un guion de Helen Fielding, nominada a un BAFTA, basado en su novela, con la contribuci\u00f3n de Abi Morgan, premiada por los Emmy (La dama de hierro, la miniserie \u201cEric\u201d) y Dan Mazer, nominado a un Oscar (Les doy un a\u00f1o, Bridget Jones\u2019 Baby).<\/p>\n<p style=\"text-align: left\">Producen la pel\u00edcula Tim Bevan y Eric Fellner para Working Title, cuyas pel\u00edculas, entre las que destacaremos La chica danesa, El instante m\u00e1s oscuro, Fargo, Los miserables y La teor\u00eda del todo, han ganado catorce Oscar, adem\u00e1s de lograr seis nominaciones a Mejor Pel\u00edcula. La pel\u00edcula tambi\u00e9n est\u00e1 producida por Jo Wallett (Peque\u00f1as cartas indiscretas, El libro de Catherine). La producci\u00f3n ejecutiva corre a cargo de Amelia Granger y Sarah-Jane Wright, para Working Title, as\u00ed como de Ren\u00e9e Zellwegger y Helen Fielding. Working Title ha producido todas las entregas de Bridget Jones.<\/p>\n<\/p><\/div>\n<p>        <!-- Bot&oacute;n de enlace --><br \/>\n        <a href=\"https:\/\/somosdecine.com\/peliculas\/bridget-jones-loca-por-el-2025\/\" style=\"display: inline-block; margin-top: 20px; color: #0073aa; text-decoration: none; font-weight: bold;\" target=\"_blank\" rel=\"noopener\">Ver ficha completa<\/a>\n    <\/div>\n<p>    <!-- Estilos para m&oacute;vil --><\/p>\n<div class=\"ficha-pelicula-completa\" style=\"margin-bottom: 40px;\">\n        <!-- T&iacute;tulo --><\/p>\n<h3 style=\"font-size: 1.2em; margin-bottom: 15px; color: #333;\"><span class=\"ez-toc-section\" id=\"Daniela_Forever\"><\/span><span class=\"ez-toc-section\" id=\"Daniela_Forever\"\/><br \/>\n            <a href=\"https:\/\/somosdecine.com\/peliculas\/daniela-forever-2024\/\" style=\"text-decoration: none; color: #0073aa;\" target=\"_blank\" rel=\"noopener\"><br \/>\n                Daniela Forever            <\/a><br \/>\n        <span class=\"ez-toc-section-end\"\/><span class=\"ez-toc-section-end\"><\/span><\/h3>\n<p>        <!-- Imagen y detalles (Dise&ntilde;o flexible) --><\/p>\n<div class=\"ficha-contenedor\" style=\"display: flex; gap: 20px; align-items: flex-start; flex-wrap: wrap;\">\n<div class=\"ficha-imagen\" style=\"flex: 0 0 250px; max-width: 250px;\">\n                    <a href=\"https:\/\/somosdecine.com\/peliculas\/daniela-forever-2024\/\" target=\"_blank\" rel=\"noopener\"><br \/>\n                        <img decoding=\"async\" alt=\"Daniela Forever\" style=\"width: 100%; height: auto; border-radius: 5px;\" src=\"https:\/\/somosdecine.com\/wp-content\/uploads\/daniela-forever-2024.webp\"\/><img decoding=\"async\" src=\"https:\/\/somosdecine.com\/wp-content\/uploads\/daniela-forever-2024.webp\" alt=\"Daniela Forever\" style=\"width: 100%; height: auto; border-radius: 5px;\"\/><br \/>\n                    <\/a>\n                <\/div>\n<div class=\"ficha-detalles\" style=\"flex: 1; min-width: 300px; text-align: left;\">\n<ul style=\"list-style: none; padding: 0; margin: 0;\">\n<li><strong>Fecha de estreno:<\/strong> 28 de febrero de 2025<\/li>\n<li><strong>G\u00e9nero:<\/strong> Ciencia ficci\u00f3n, Drama<\/li>\n<li><strong>Pa\u00eds:<\/strong> Espa\u00f1a, B\u00e9lgica<\/li>\n<li><strong>A\u00f1o:<\/strong> 2025<\/li>\n<li><strong>Duraci\u00f3n:<\/strong> 113 min<\/li>\n<li><strong>Direcci\u00f3n:<\/strong> Nacho Vigalondo<\/li>\n<li><strong>Reparto:<\/strong> Henry Golding, Beatrice Grann\u00f2, Aura Garrido, Rub\u00e9n Ochandiano, Nathalie Poza<\/li>\n<li><strong>M\u00fasica:<\/strong> Hidrogenesse<\/li>\n<\/ul><\/div>\n<\/p><\/div>\n<p>        <!-- Descripci&oacute;n --><\/p>\n<div class=\"descripcion-pelicula\" style=\"margin-top: 20px; text-align: justify; font-size: 1em; line-height: 1.6;\">\n<p>En Daniela Forever, la vida pierde todo sentido para Nicolas (Henry Golding) con la p\u00e9rdida de su novia Daniela (Beatrice Grann\u00f2). Un d\u00eda es invitado a formar parte de un ensayo cl\u00ednico que le permitir\u00e1 controlar sus sue\u00f1os y accede con la esperanza de recuperarse. Ahora Nicol\u00e1s puede so\u00f1ar con Daniela cada noche y reanudar su relaci\u00f3n, m\u00e1s id\u00edlica que nunca. Aunque sea en sue\u00f1os. Y corriendo el riesgo de perderse en ellos para siempre.<\/p>\n<p>La pel\u00edcula tuvo su premi\u00e8re europea en el Sitges Film Festival tras su estreno mundial en el Festival de Toronto. Vigalondo, un habitual de Sitges, que ya pas\u00f3 por el festival con Los Cronocr\u00edmenes, Extraterrestre, Colossal y el cap\u00edtulo dirigido por \u00e9l de la serie Historias para no dormir, vuelve al festival de g\u00e9nero m\u00e1s importante del mundo para competir en su Secci\u00f3n Oficial.<\/p>\n<p>Daniela Forever est\u00e1 protagonizada por dos caras internacionalmente conocidas, Henry Golding (Crazy Rich Asians, The Gentlemen) y Beatrice Grann\u00f2 (The White Lotus, temporada 2), y cuenta tambi\u00e9n con nombres espa\u00f1oles como Aura Garrido, Rub\u00e9n Ochandiano y Nathalie Poza.<\/p>\n<\/p><\/div>\n<p>        <!-- Bot&oacute;n de enlace --><br \/>\n        <a href=\"https:\/\/somosdecine.com\/peliculas\/daniela-forever-2024\/\" style=\"display: inline-block; margin-top: 20px; color: #0073aa; text-decoration: none; font-weight: bold;\" target=\"_blank\" rel=\"noopener\">Ver ficha completa<\/a>\n    <\/div>\n<p>    <!-- Estilos para m&oacute;vil --><\/p>\n<div class=\"ficha-pelicula-completa\" style=\"margin-bottom: 40px;\">\n        <!-- T&iacute;tulo --><\/p>\n<h3 style=\"font-size: 1.2em; margin-bottom: 15px; color: #333;\"><span class=\"ez-toc-section\" id=\"Nosotros\"><\/span><span class=\"ez-toc-section\" id=\"Nosotros\"\/><br \/>\n            <a href=\"https:\/\/somosdecine.com\/peliculas\/nosotros-2024\/\" style=\"text-decoration: none; color: #0073aa;\" target=\"_blank\" rel=\"noopener\"><br \/>\n                Nosotros            <\/a><br \/>\n        <span class=\"ez-toc-section-end\"\/><span class=\"ez-toc-section-end\"><\/span><\/h3>\n<p>        <!-- Imagen y detalles (Dise&ntilde;o flexible) --><\/p>\n<div class=\"ficha-contenedor\" style=\"display: flex; gap: 20px; align-items: flex-start; flex-wrap: wrap;\">\n<div class=\"ficha-imagen\" style=\"flex: 0 0 250px; max-width: 250px;\">\n                    <a href=\"https:\/\/somosdecine.com\/peliculas\/nosotros-2024\/\" target=\"_blank\" rel=\"noopener\"><br \/>\n                        <img decoding=\"async\" alt=\"Nosotros\" style=\"width: 100%; height: auto; border-radius: 5px;\" src=\"https:\/\/somosdecine.com\/wp-content\/uploads\/nosotros-2024.webp\"\/><img decoding=\"async\" src=\"https:\/\/somosdecine.com\/wp-content\/uploads\/nosotros-2024.webp\" alt=\"Nosotros\" style=\"width: 100%; height: auto; border-radius: 5px;\"\/><br \/>\n                    <\/a>\n                <\/div>\n<div class=\"ficha-detalles\" style=\"flex: 1; min-width: 300px; text-align: left;\">\n<ul style=\"list-style: none; padding: 0; margin: 0;\">\n<li><strong>Fecha de estreno:<\/strong> 21 de febrero de 2025<\/li>\n<li><strong>G\u00e9nero:<\/strong> Drama<\/li>\n<li><strong>Pa\u00eds:<\/strong> Espa\u00f1a<\/li>\n<li><strong>A\u00f1o:<\/strong> 2025<\/li>\n<li><strong>Duraci\u00f3n:<\/strong> 94 min<\/li>\n<li><strong>Direcci\u00f3n:<\/strong> Helena Taberna<\/li>\n<li><strong>Reparto:<\/strong> Mar\u00eda V\u00e1zquez, Pablo Molinero<\/li>\n<li><strong>M\u00fasica:<\/strong> Pascal Gaigne<\/li>\n<\/ul><\/div>\n<\/p><\/div>\n<p>        <!-- Descripci&oacute;n --><\/p>\n<div class=\"descripcion-pelicula\" style=\"margin-top: 20px; text-align: justify; font-size: 1em; line-height: 1.6;\">\n<p>\u2018Nosotros\u2019 reconstruye la historia de un gran amor empezado por su final: \u00c1ngela (Mar\u00eda V\u00e1zquez) y Antonio (Pablo Molinero) son una pareja que, como tantas, se enamor\u00f3, vivi\u00f3 una ilusi\u00f3n, tuvo hijos, se esforz\u00f3 para no rendirse y cay\u00f3 varias veces. Cuando el amor termina, surgen las preguntas: \u00bfd\u00f3nde se torci\u00f3 todo?, \u00bfc\u00f3mo hemos acabado as\u00ed? En un viaje por las luces y sombras de su relaci\u00f3n, \u00c1ngela y Antonio luchan contra la precariedad, las interferencias del deseo o la idealizaci\u00f3n del amor.<\/p>\n<p>Dirigida por Helena Taberna y coescrita por ella misma junto con Virginia Yag\u00fce (Los ni\u00f1os salvajes), con un guion que adapta la novela Feliz final de Isaac Rosa (Mejor Libro 2018 seg\u00fan El Confidencial, El Cultural, Forbes y El Correo Gallego), \u2018Nosotros\u2019 cuenta con el compositor Pascal Gaigne (Handia, La trinchera infinita), Txarli Argui\u00f1ano (Intimidad, Urban. La vida es nuestra) como director de fotograf\u00eda. Maite P\u00e9rez-Nievas (Verano en rojo, No mires a los ojos) se encarga de la direcci\u00f3n de arte y Javier Bernal (Ana de d\u00eda, Una ballena) del vestuario. Iker Ganuza (Una vida no tan simple, Akelarre) es el productor ejecutivo de la pel\u00edcula, junto con Maribel Mu\u00f1oz, de V\u00e9rtigo Films.<\/p>\n<\/p><\/div>\n<p>        <!-- Bot&oacute;n de enlace --><br \/>\n        <a href=\"https:\/\/somosdecine.com\/peliculas\/nosotros-2024\/\" style=\"display: inline-block; margin-top: 20px; color: #0073aa; text-decoration: none; font-weight: bold;\" target=\"_blank\" rel=\"noopener\">Ver ficha completa<\/a>\n    <\/div>\n<p>    <!-- Estilos para m&oacute;vil --><\/p>\n<div class=\"ficha-pelicula-completa\" style=\"margin-bottom: 40px;\">\n        <!-- T&iacute;tulo --><\/p>\n<h3 style=\"font-size: 1.2em; margin-bottom: 15px; color: #333;\"><span class=\"ez-toc-section\" id=\"Algo_le_pasa_a_mi_yerno\"><\/span><span class=\"ez-toc-section\" id=\"Algo_le_pasa_a_mi_yerno\"\/><br \/>\n            <a href=\"https:\/\/somosdecine.com\/peliculas\/algo-le-pasa-a-mi-yerno-2024\/\" style=\"text-decoration: none; color: #0073aa;\" target=\"_blank\" rel=\"noopener\"><br \/>\n                Algo le pasa a mi yerno            <\/a><br \/>\n        <span class=\"ez-toc-section-end\"\/><span class=\"ez-toc-section-end\"><\/span><\/h3>\n<p>        <!-- Imagen y detalles (Dise&ntilde;o flexible) --><\/p>\n<div class=\"ficha-contenedor\" style=\"display: flex; gap: 20px; align-items: flex-start; flex-wrap: wrap;\">\n<div class=\"ficha-imagen\" style=\"flex: 0 0 250px; max-width: 250px;\">\n                    <a href=\"https:\/\/somosdecine.com\/peliculas\/algo-le-pasa-a-mi-yerno-2024\/\" target=\"_blank\" rel=\"noopener\"><br \/>\n                        <img decoding=\"async\" alt=\"Algo le pasa a mi yerno\" style=\"width: 100%; height: auto; border-radius: 5px;\" src=\"https:\/\/somosdecine.com\/wp-content\/uploads\/algo-le-pasa-a-mi-yerno-2024.webp\"\/><img decoding=\"async\" src=\"https:\/\/somosdecine.com\/wp-content\/uploads\/algo-le-pasa-a-mi-yerno-2024.webp\" alt=\"Algo le pasa a mi yerno\" style=\"width: 100%; height: auto; border-radius: 5px;\"\/><br \/>\n                    <\/a>\n                <\/div>\n<div class=\"ficha-detalles\" style=\"flex: 1; min-width: 300px; text-align: left;\">\n<ul style=\"list-style: none; padding: 0; margin: 0;\">\n<li><strong>Fecha de estreno:<\/strong> 28 de febrero de 2025<\/li>\n<li><strong>G\u00e9nero:<\/strong> Comedia<\/li>\n<li><strong>Pa\u00eds:<\/strong> Francia<\/li>\n<li><strong>A\u00f1o:<\/strong> 2024<\/li>\n<li><strong>Direcci\u00f3n:<\/strong> Arnaud Lemort<\/li>\n<li><strong>Reparto:<\/strong> Christian Clavier, Baptiste Lecaplain, Claire Chust, Christina Reali<\/li>\n<\/ul><\/div>\n<\/p><\/div>\n<p>        <!-- Descripci&oacute;n --><\/p>\n<div class=\"descripcion-pelicula\" style=\"margin-top: 20px; text-align: justify; font-size: 1em; line-height: 1.6;\">\n<p>En <em>Algo le pasa a mi yerno<\/em>, el doctor B\u00e9ranger es un exitoso psicoanalista. Su vida ser\u00eda perfecta si no fuera por un paciente muy ansioso y extremadamente pegajoso: Damien Leroy. Para librarse por fin de \u00e9l, le hace creer que la \u00fanica forma de curarse es encontrar el amor. Mientras el doctor se prepara para celebrar su 30 aniversario de boda, su hija, le cuenta que ha encontrado al hombre de su vida que no es otro que\u2026 Damien. La fiesta se convertir\u00e1 en una pesadilla.<\/p>\n<p>Tras \u201cUn verano en Ibiza\u201d, el cineasta Arnaud Lemort vuelve a contar con Christian Clavier (\u201cDios m\u00edo, \u00bfpero qu\u00e9 te hemos hecho?\u201d) para protagonizar <em>Algo le pasa a mi yerno, <\/em>una divertida comedia de enredos.<\/p>\n<p>Baptiste Lecaplain (\u201cLas chicas de Niza\u201d, \u201cPlatonique\u201d), Claire Chust (\u201cChampagne\u201d) y Chistina Reali (\u201cLe grand merchard loup\u201d) completan el reparto de esta comedia francesa.<\/p>\n<\/p><\/div>\n<p>        <!-- Bot&oacute;n de enlace --><br \/>\n        <a href=\"https:\/\/somosdecine.com\/peliculas\/algo-le-pasa-a-mi-yerno-2024\/\" style=\"display: inline-block; margin-top: 20px; color: #0073aa; text-decoration: none; font-weight: bold;\" target=\"_blank\" rel=\"noopener\">Ver ficha completa<\/a>\n    <\/div>\n<p>    <!-- Estilos para m&oacute;vil --><\/p>\n<h2 class=\"wp-block-heading\"><span class=\"ez-toc-section\" id=\"Estrenos_romanticos_de_febrero_de_2025_en_plataformas_de_streaming\"><\/span><span class=\"ez-toc-section\" id=\"Estrenos_romanticos_de_febrero_de_2025_en_plataformas_de_streaming\"\/>Estrenos rom\u00e1nticos de febrero de 2025 en plataformas de streaming<span class=\"ez-toc-section-end\"\/><span class=\"ez-toc-section-end\"><\/span><\/h2>\n<p>Llega el momento te hablar de historias de romance que llegan a plataformas de streaming a trav\u00e9s de pel\u00edculas y series que se sumar\u00e1n al cat\u00e1logo de los diferentes servicios.<\/p>\n<h3 class=\"wp-block-heading\"><span class=\"ez-toc-section\" id=\"La_boda_de_mi_mejor_amigo_1_de_febrero_en_MAX\"><\/span><span class=\"ez-toc-section\" id=\"La_boda_de_mi_mejor_amigo_1_de_febrero_en_MAX\"\/>La boda de mi mejor amigo: 1 de febrero en MAX<span class=\"ez-toc-section-end\"\/><span class=\"ez-toc-section-end\"><\/span><\/h3>\n<p>\u00abLa boda de mi mejor amigo\u00bb es una comedia rom\u00e1ntica protagonizada por Julia Roberts, quien interpreta a una mujer que se da cuenta de que est\u00e1 enamorada de su mejor amigo justo cuando \u00e9l anuncia su compromiso con otra. Decide entonces sabotear la boda para intentar conquistarlo.<\/p>\n<h3 class=\"wp-block-heading\"><span class=\"ez-toc-section\" id=\"Memory_2_de_febrero_en_Movistar_plus\"><\/span><span class=\"ez-toc-section\" id=\"Memory_2_de_febrero_en_Movistar_plus\"\/>Memory: 2 de febrero en Movistar plus+<span class=\"ez-toc-section-end\"\/><span class=\"ez-toc-section-end\"><\/span><\/h3>\n<p>El aclamado cineasta mexicano Michel Franco (\u2018Sundown\u2019) escribe, produce y dirige este \u00edntimo relato, protagonizado por Jessica Chastain y Peter Sarsgaard, que explora la improbable relaci\u00f3n de amor entre una trabajadora social traumatizada por su pasado y un hombre con principio de demencia. Este encuentro entre dos almas perdidas con todo en su contra permite al director tocar temas como la memoria, el olvido y los recuerdos, todos ellos motores de acci\u00f3n en la vida.<\/p>\n<h3 class=\"wp-block-heading\"><span class=\"ez-toc-section\" id=\"Los_destellos_4_de_febrero_en_Movistar_plus\"><\/span><span class=\"ez-toc-section\" id=\"Los_destellos_4_de_febrero_en_Movistar_plus\"\/>Los destellos: 4 de febrero en Movistar plus+<span class=\"ez-toc-section-end\"\/><span class=\"ez-toc-section-end\"><\/span><\/h3>\n<figure class=\"wp-block-image size-large\"><img loading=\"lazy\" decoding=\"async\" width=\"840\" height=\"600\" alt=\"los-destellos-pelicula-2024-critica\" class=\"wp-image-42045\" src=\"https:\/\/somosdecine.com\/wp-content\/uploads\/los-destellos-pelicula-2024-critica-840x600.webp\"\/><img loading=\"lazy\" decoding=\"async\" width=\"840\" height=\"600\" src=\"https:\/\/somosdecine.com\/wp-content\/uploads\/los-destellos-pelicula-2024-critica-840x600.webp\" alt=\"los-destellos-pelicula-2024-critica\" class=\"wp-image-42045\"\/><\/figure>\n<p>Tercer largometraje de Pilar Palomero (\u2018Las ni\u00f1as\u2019) una personal, luminosa e \u00edntima historia protagonizada por Patricia L\u00f3pez Arnaiz, ganadora por este papel de la Concha de plata a la mejor interpretaci\u00f3n en San Sebasti\u00e1n 2024. Basada en uno de los relatos de la antolog\u00eda de Eider Rodr\u00edguez \u2018Un coraz\u00f3n demasiado\u2019, la pel\u00edcula es una historia de amor sin romance en la que todos los integrantes de una familia cuidan de todos.<\/p>\n<div class=\"ficha-pelicula-completa\" style=\"margin-bottom: 40px;\">\n        <!-- T&iacute;tulo --><\/p>\n<h3 style=\"font-size: 1.2em; margin-bottom: 15px; color: #333;\"><span class=\"ez-toc-section\" id=\"Algo_embarazada\"><\/span><span class=\"ez-toc-section\" id=\"Algo_embarazada\"\/><br \/>\n            <a href=\"https:\/\/somosdecine.com\/peliculas\/algo-embarazada-2025\/\" style=\"text-decoration: none; color: #0073aa;\" target=\"_blank\" rel=\"noopener\"><br \/>\n                Algo embarazada            <\/a><br \/>\n        <span class=\"ez-toc-section-end\"\/><span class=\"ez-toc-section-end\"><\/span><\/h3>\n<p>        <!-- Imagen y detalles (Dise&ntilde;o flexible) --><\/p>\n<div class=\"ficha-contenedor\" style=\"display: flex; gap: 20px; align-items: flex-start; flex-wrap: wrap;\">\n<div class=\"ficha-imagen\" style=\"flex: 0 0 250px; max-width: 250px;\">\n                    <a href=\"https:\/\/somosdecine.com\/peliculas\/algo-embarazada-2025\/\" target=\"_blank\" rel=\"noopener\"><br \/>\n                        <img decoding=\"async\" alt=\"Algo embarazada\" style=\"width: 100%; height: auto; border-radius: 5px;\" src=\"https:\/\/somosdecine.com\/wp-content\/uploads\/algo-embarazada-2025.webp\"\/><img decoding=\"async\" src=\"https:\/\/somosdecine.com\/wp-content\/uploads\/algo-embarazada-2025.webp\" alt=\"Algo embarazada\" style=\"width: 100%; height: auto; border-radius: 5px;\"\/><br \/>\n                    <\/a>\n                <\/div>\n<div class=\"ficha-detalles\" style=\"flex: 1; min-width: 300px; text-align: left;\">\n<ul style=\"list-style: none; padding: 0; margin: 0;\">\n<li><strong>Fecha de estreno:<\/strong> 5 de febrero de 2025 en Netflix<\/li>\n<li><strong>G\u00e9nero:<\/strong> Comedia, Romance<\/li>\n<li><strong>Pa\u00eds:<\/strong> Estados Unidos<\/li>\n<li><strong>A\u00f1o:<\/strong> 2025<\/li>\n<li><strong>Direcci\u00f3n:<\/strong> Tyler Spindel<\/li>\n<li><strong>Reparto:<\/strong> Amy Schumer, Jillian Bell, Will Forte, Damon Wayans Jr., Brianne Howey, Alex Moffat, Joel David Moore, Lizze Broadway, Urzila Carlson, Francis Benhamou<\/li>\n<\/ul><\/div>\n<\/p><\/div>\n<p>        <!-- Descripci&oacute;n --><\/p>\n<div class=\"descripcion-pelicula\" style=\"margin-top: 20px; text-align: justify; font-size: 1em; line-height: 1.6;\">\n<p>En Algo embarazada, Lainy, celosa del embarazo de su mejor amiga, se coloca una barriga falsa\u2026 y, sin quererlo, conoce al hombre de su vida.<\/p>\n<\/p><\/div>\n<p>        <!-- Bot&oacute;n de enlace --><br \/>\n        <a href=\"https:\/\/somosdecine.com\/peliculas\/algo-embarazada-2025\/\" style=\"display: inline-block; margin-top: 20px; color: #0073aa; text-decoration: none; font-weight: bold;\" target=\"_blank\" rel=\"noopener\">Ver ficha completa<\/a>\n    <\/div>\n<p>    <!-- Estilos para m&oacute;vil --><\/p>\n<div class=\"ficha-serie-completa\" style=\"margin-bottom: 40px;\">\n<h3 style=\"font-size: 1.2em; margin-bottom: 15px; color: #333;\"><span class=\"ez-toc-section\" id=\"A_muerte\"><\/span><span class=\"ez-toc-section\" id=\"A_muerte\"\/><br \/>\n            <a href=\"https:\/\/somosdecine.com\/series\/a-muerte-2025\/\" style=\"text-decoration: none; color: #0073aa;\" target=\"_blank\" rel=\"noopener\"><br \/>\n                A muerte            <\/a><br \/>\n        <span class=\"ez-toc-section-end\"\/><span class=\"ez-toc-section-end\"><\/span><\/h3>\n<div class=\"ficha-contenedor\" style=\"display: flex; gap: 20px; align-items: flex-start; flex-wrap: wrap;\">\n<div class=\"ficha-imagen\" style=\"flex: 0 0 250px; max-width: 250px;\">\n                    <a href=\"https:\/\/somosdecine.com\/series\/a-muerte-2025\/\" target=\"_blank\" rel=\"noopener\"><br \/>\n                        <img decoding=\"async\" alt=\"A muerte\" style=\"width: 100%; height: auto; border-radius: 5px;\" src=\"https:\/\/somosdecine.com\/wp-content\/uploads\/a-muerte-2025.webp\"\/><img decoding=\"async\" src=\"https:\/\/somosdecine.com\/wp-content\/uploads\/a-muerte-2025.webp\" alt=\"A muerte\" style=\"width: 100%; height: auto; border-radius: 5px;\"\/><br \/>\n                    <\/a>\n                <\/div>\n<div class=\"ficha-detalles\" style=\"flex: 1; min-width: 300px; text-align: left;\">\n<ul style=\"list-style: none; padding: 0; margin: 0;\">\n<li><strong>Fecha de estreno:<\/strong> 5 de febrero de 2025 en Apple TV+<\/li>\n<li><strong>G\u00e9nero:<\/strong> Comedia rom\u00e1ntica, Drama<\/li>\n<li><strong>Pa\u00eds:<\/strong> Espa\u00f1a<\/li>\n<li><strong>A\u00f1o de lanzamiento:<\/strong> 2025<\/li>\n<li><strong>Direcci\u00f3n:<\/strong> Dani de la Orden<\/li>\n<li><strong>Reparto:<\/strong> Ver\u00f3nica Echegui, Joan Amarg\u00f3s, Paula Malia, Cristian Valencia, Claudia Melo, Roger Coma, Joan Sol\u00e9, Juli\u00e1n Villagr\u00e1n, David Bag\u00e9s<\/li>\n<li><strong>Plataforma:<\/strong><br \/>\n                            Apple TV+                        <\/li>\n<\/ul><\/div>\n<\/p><\/div>\n<div class=\"descripcion-serie\" style=\"margin-top: 20px; text-align: justify; font-size: 1em; line-height: 1.6;\">\n<p>A muerte cuenta la historia del prudente Ra\u00fal (Amarg\u00f3s), que tras su diagn\u00f3stico de c\u00e1ncer de coraz\u00f3n se reencuentra con Marta (Echegui), de esp\u00edritu libre y recientemente embarazada. Los dos retoman una amistad que comenz\u00f3 en la infancia, y esta relaci\u00f3n causada por el destino comienza a poner a prueba sus creencias sobre el amor. \u00bfPuede enamorarse Marta, f\u00f3bica al compromiso? Y, \u00bfpodr\u00e1 Ra\u00fal conocer al amor de su vida?<\/p>\n<p>El reparto coral tambi\u00e9n incluye a Paula Malia (\u00abValeria\u00bb), Cristian Valencia (Barcelona, noche de invierno), Claudia Melo (\u00abAmar es para siempre\u00bb), Roger Coma (\u00abGran Hotel\u00bb), Joan Sol\u00e9 (\u00abCardo\u00bb), Juli\u00e1n Villagr\u00e1n (\u00abLa chica de nieve\u00bb) y David Bag\u00e9s (\u00abLa \u00faltima noche en Tremor\u00bb).<\/p>\n<p>A muerte est\u00e1 creada y dirigida por Dani de la Orden, con Montse Garc\u00eda (\u00abLa Ruta\u00bb, \u00abAlba\u00bb, \u00abLa edad de la ira\u00bb), Ana Eiras (Loco por ella) y Elena Bort (\u00abAna Tramel. El Juego\u00bb) como productoras ejecutivas.<\/p>\n<\/p><\/div>\n<p>        <a href=\"https:\/\/somosdecine.com\/series\/a-muerte-2025\/\" style=\"display: inline-block; margin-top: 20px; color: #0073aa; text-decoration: none; font-weight: bold;\" target=\"_blank\" rel=\"noopener\">Ver ficha completa<\/a>\n    <\/div>\n<h3 class=\"wp-block-heading\"><span class=\"ez-toc-section\" id=\"Envidiosa_temporada_2_5_de_febrero_en_Netflix\"><\/span><span class=\"ez-toc-section\" id=\"Envidiosa_temporada_2_5_de_febrero_en_Netflix\"\/>Envidiosa, temporada 2: 5 de febrero en Netflix<span class=\"ez-toc-section-end\"\/><span class=\"ez-toc-section-end\"><\/span><\/h3>\n<p>Vicky se debate entre dos caminos: casarse y construir un proyecto de vida con Dani, o dejarse llevar por la posibilidad de una relaci\u00f3n con Mat\u00edas. Por momentos, esa vida en el club de campo con la que siempre so\u00f1\u00f3 ya no le resulta tan atractiva, pero el deseo que despierta un nuevo amor la asusta. M\u00e1s neur\u00f3tica y desbordada que nunca, empieza a oscilar entre ambos mundos, incapaz de renunciar a ninguno. Desesperada, tendr\u00e1 que tomar una decisi\u00f3n y asumir las consecuencias.<\/p>\n<h3 class=\"wp-block-heading\"><span class=\"ez-toc-section\" id=\"Polvo_seran_6_de_febrero_en_Movistar_plus\"><\/span><span class=\"ez-toc-section\" id=\"Polvo_seran_6_de_febrero_en_Movistar_plus\"\/>Polvo ser\u00e1n: 6 de febrero en Movistar plus<span class=\"ez-toc-section-end\"\/><span class=\"ez-toc-section-end\"><\/span><\/h3>\n<p>Carlos Marques-Marcet (\u201810.000 km\u2019) dirige esta original, extrema y exuberante tragicomedia musical sobre el amor y la muerte protagonizada por \u00c1ngela Molina y Alfredo Castro, nominado al Goya al mejor actor por este papel. En \u2018Polvo ser\u00e1n\u2019, una pareja que lleva junta desde hace cuarenta a\u00f1os -ella con una enfermedad terminal y \u00e9l dispuesto a no separarse de ella-, decide viajar a Suiza para poner fin a su vida de forma voluntaria.<\/p>\n<h3 class=\"wp-block-heading\"><span class=\"ez-toc-section\" id=\"Dulces_magnolias_temporada_4_6_de_febrero_en_Netflix\"><\/span><span class=\"ez-toc-section\" id=\"Dulces_magnolias_temporada_4_6_de_febrero_en_Netflix\"\/>Dulces magnolias, temporada 4: 6 de febrero en Netflix<span class=\"ez-toc-section-end\"\/><span class=\"ez-toc-section-end\"><\/span><\/h3>\n<p>Dulces magnolias gira en torno a tres grandes amigas (Maddie, Helen y Dana Sue) que nacieron y crecieron en Serenity (Carolina del Sur), un pueblecito sure\u00f1o donde todo el mundo se conoce y todo el mundo lo sabe todo de todos.<\/p>\n<h3 class=\"wp-block-heading\"><span class=\"ez-toc-section\" id=\"El_caos_esta_en_el_aire_14_de_febrero_en_Netflix\"><\/span><span class=\"ez-toc-section\" id=\"El_caos_esta_en_el_aire_14_de_febrero_en_Netflix\"\/>El caos est\u00e1 en el aire: 14 de febrero en Netflix<span class=\"ez-toc-section-end\"\/><span class=\"ez-toc-section-end\"><\/span><\/h3>\n<p>Una comedia rom\u00e1ntica entra\u00f1able sobre los estocolmenses Hanna y Samuel, cuyos planes de una boda sencilla e \u00edntima en el campo se van al traste por culpa de sus familiares y amigos. Hanna acaba escap\u00e1ndose de la boda y estalla una pelea. El caos da paso a un nuevo d\u00eda, el comienzo de un futuro m\u00e1s feliz.<\/p>\n<h3 class=\"wp-block-heading\"><span class=\"ez-toc-section\" id=\"De_boda_en_boda_14_de_febrero_en_MAX_en_MAX\"><\/span><span class=\"ez-toc-section\" id=\"De_boda_en_boda_14_de_febrero_en_MAX_en_MAX\"\/>De boda en boda: 14 de febrero en MAX en MAX<span class=\"ez-toc-section-end\"\/><span class=\"ez-toc-section-end\"><\/span><\/h3>\n<p><em>De boda en boda<\/em> es una comedia que sigue a dos amigos, interpretados por Owen Wilson y Vince Vaughn, que se cuelan en bodas para conocer mujeres. Su din\u00e1mica cambia cuando uno de ellos se enamora genuinamente en una de las ceremonias.<\/p>\n<h3 class=\"wp-block-heading\"><span class=\"ez-toc-section\" id=\"Mensaje_en_una_botella_14_de_febrero_en_MAX\"><\/span><span class=\"ez-toc-section\" id=\"Mensaje_en_una_botella_14_de_febrero_en_MAX\"\/>Mensaje en una botella: 14 de febrero en MAX<span class=\"ez-toc-section-end\"\/><span class=\"ez-toc-section-end\"><\/span><\/h3>\n<p>Basada en la novela de Nicholas Sparks, esta pel\u00edcula rom\u00e1ntica cuenta la historia de una periodista que descubre una carta de amor en una botella y decide buscar al autor, un hombre que a\u00fan llora la p\u00e9rdida de su esposa.<\/p>\n<h3 class=\"wp-block-heading\"><span class=\"ez-toc-section\" id=\"Tenemos_que_hablar_14_de_febrero_en_MAX\"><\/span><span class=\"ez-toc-section\" id=\"Tenemos_que_hablar_14_de_febrero_en_MAX\"\/>Tenemos que hablar: 14 de febrero en MAX<span class=\"ez-toc-section-end\"\/><span class=\"ez-toc-section-end\"><\/span><\/h3>\n<p>En esta comedia espa\u00f1ola, una mujer que est\u00e1 a punto de casarse necesita que su exmarido firme los papeles del divorcio. Sin embargo, \u00e9l a\u00fan no ha superado la separaci\u00f3n, lo que complica la situaci\u00f3n.<\/p>\n<h3 class=\"wp-block-heading\"><span class=\"ez-toc-section\" id=\"Layla_14_de_febrero_en_Filmin\"><\/span><span class=\"ez-toc-section\" id=\"Layla_14_de_febrero_en_Filmin\"\/>Layla: 14 de febrero en Filmin<span class=\"ez-toc-section-end\"\/><span class=\"ez-toc-section-end\"><\/span><\/h3>\n<p>Ella es una drag-queen deslenguada que calla a todos cuando baila. \u00c9l trabaja en una compa\u00f1\u00eda aburrida y necesita un poco de salsa en su vida. Juntos descubrir\u00e1n c\u00f3mo el amor puede alterar nuestras identidades de formas totalmente imprevistas.<\/p>\n<p>Layla es una drag queen de origen palestino que intenta sobrevivir en la despiadada Londres. A pesar de una fachada de seguridad en si misma, lo que anhela desesperadamente es ser amada. Durante un show en un acto del Orgullo para una empresa que finge ser gay-friendly, su actuaci\u00f3n se acaba convirtiendo en una inesperada cr\u00edtica transgresora. Para su sorpresa, se gana las simpat\u00edas de Max, un encantador y exitoso hombre gay, quien queda fascinado por el carisma magn\u00e9tico de Layla. Y entonces, claro, se enamoran y as\u00ed empieza esta historia.<\/p>\n<h3 class=\"wp-block-heading\"><span class=\"ez-toc-section\" id=\"Casada_%C2%BFpero_a_que_precio_14_de_febrero_en_Netflix\"><\/span><span class=\"ez-toc-section\" id=\"Casada_%C2%BFpero_a_que_precio_14_de_febrero_en_Netflix\"\/>Casada, \u00bfpero a qu\u00e9 precio?: 14 de febrero en Netflix<span class=\"ez-toc-section-end\"\/><span class=\"ez-toc-section-end\"><\/span><\/h3>\n<p>La serie de comedia rom\u00e1ntica Casada, \u00bfpero a qu\u00e9 precio? explora la realidad de la vida conyugal. I-ling (Alice Ko) lleva tres a\u00f1os compartiendo techo con sus suegros y todas las semanas piensa en qu\u00e9 pasar\u00eda si se divorciara. Quiere marcharse de esa casa, pero su marido, Zeng Xue-you (Jasper Liu), es un aut\u00e9ntico ni\u00f1o de mam\u00e1. A pesar de sentirse frustrada, \u00e9l la sigue cautivando en los momentos clave, lo que la impide marcharse, a pesar de morirse por hacerlo. Todo cambia cuando conoce a su alma gemela en una aplicaci\u00f3n de citas y, de repente, le entran unas ganas tremendas de tener un hijo, lo que la lleva a debatirse entre la infidelidad y comprometerse con su vida familiar.<\/p>\n<h3 class=\"wp-block-heading\"><span class=\"ez-toc-section\" id=\"Love_is_blind_temporada_8_14_de_febrero_en_Netflix\"><\/span><span class=\"ez-toc-section\" id=\"Love_is_blind_temporada_8_14_de_febrero_en_Netflix\"\/>Love is blind, temporada 8: 14 de febrero en Netflix<span class=\"ez-toc-section-end\"\/><span class=\"ez-toc-section-end\"><\/span><\/h3>\n<p>Varios solteros y solteras en busca de una pareja que los quiera por quienes son se apuntan a una experiencia de citas tan moderna como poco convencional, durante la que decidir\u00e1n con qui\u00e9n casarse\u2026 sin haberse visto nunca. Despu\u00e9s, a lo largo de varias semanas, las parejas se ir\u00e1n a vivir juntas, organizar\u00e1n su boda y comprobar\u00e1n si su qu\u00edmica iguala a la fuerte conexi\u00f3n emocional que han sentido en las cabinas. Cuando llegue el d\u00eda de la boda, \u00bfse casar\u00e1n con la persona de la que se enamoraron a ciegas o ser\u00e1n la vida real y los factores externos m\u00e1s fuertes que su relaci\u00f3n? Esta adictiva serie de 12 episodios, presentada por Nick y Vanessa Lachey, desvelar\u00e1 si el f\u00edsico, la raza y la edad importan o si de verdad el amor es ciego.<\/p>\n<p>El famoso reality vuelve con una octava temporada y un nuevo grupo de solteros y solteras de Minnesota, todos listos para superar la banalidad de las citas modernas y forjar relaciones aut\u00e9nticas\u2026 sin llegar a verse. En esta temporada, los participantes establecer\u00e1n conexiones profundas e inmediatas, allanando el terreno para una aventura ins\u00f3lita llena de sorpresas, giros y revelaciones escandalosas, que pondr\u00e1n a prueba cada relaci\u00f3n una vez cambien las cabinas por el mundo real.<\/p>\n<h3 class=\"wp-block-heading\"><span class=\"ez-toc-section\" id=\"Luces_camara_%C2%A1amor_14_de_febrero_en_Netflix\"><\/span><span class=\"ez-toc-section\" id=\"Luces_camara_%C2%A1amor_14_de_febrero_en_Netflix\"\/>Luces, c\u00e1mara, \u00a1amor!: 14 de febrero en Netflix<span class=\"ez-toc-section-end\"\/><span class=\"ez-toc-section-end\"><\/span><\/h3>\n<div class=\"ficha-serie-completa\" style=\"margin-bottom: 40px;\">\n<h3 style=\"font-size: 1.2em; margin-bottom: 15px; color: #333;\"><span class=\"ez-toc-section\" id=\"Valeria_temporada_4\"><\/span><span class=\"ez-toc-section\" id=\"Valeria_temporada_4\"\/><br \/>\n            <a href=\"https:\/\/somosdecine.com\/series\/valeria-2020\/\" style=\"text-decoration: none; color: #0073aa;\" target=\"_blank\" rel=\"noopener\"><br \/>\n                Valeria, temporada 4            <\/a><br \/>\n        <span class=\"ez-toc-section-end\"\/><span class=\"ez-toc-section-end\"><\/span><\/h3>\n<div class=\"ficha-contenedor\" style=\"display: flex; gap: 20px; align-items: flex-start; flex-wrap: wrap;\">\n<div class=\"ficha-imagen\" style=\"flex: 0 0 250px; max-width: 250px;\">\n                    <a href=\"https:\/\/somosdecine.com\/series\/valeria-2020\/\" target=\"_blank\" rel=\"noopener\"><br \/>\n                        <img decoding=\"async\" alt=\"Valeria\" style=\"width: 100%; height: auto; border-radius: 5px;\" src=\"https:\/\/somosdecine.com\/wp-content\/uploads\/valeria-2020.webp\"\/><img decoding=\"async\" src=\"https:\/\/somosdecine.com\/wp-content\/uploads\/valeria-2020.webp\" alt=\"Valeria\" style=\"width: 100%; height: auto; border-radius: 5px;\"\/><br \/>\n                    <\/a>\n                <\/div>\n<div class=\"ficha-detalles\" style=\"flex: 1; min-width: 300px; text-align: left;\">\n<ul style=\"list-style: none; padding: 0; margin: 0;\">\n<li><strong>Fecha de estreno:<\/strong> 15 de febrero de 2025 en Netflix<\/li>\n<li><strong>G\u00e9nero:<\/strong> Comedia, Drama, Romance<\/li>\n<li><strong>Pa\u00eds:<\/strong> Espa\u00f1a<\/li>\n<li><strong>A\u00f1o de lanzamiento:<\/strong> 2020<\/li>\n<li><strong>Direcci\u00f3n:<\/strong> Laura M. Campos, Marina P\u00e9rez<\/li>\n<li><strong>Reparto:<\/strong> Diana G\u00f3mez, Maxi Iglesias, Federico Aguado, Paula Malia, Juanlu Gonz\u00e1lez, Teresa Riott, Mima Riera, Silma L\u00f3pez, Jos\u00e9 Pastor<\/li>\n<li><strong>Plataforma:<\/strong><br \/>\n                            Netflix                        <\/li>\n<\/ul><\/div>\n<\/p><\/div>\n<div class=\"descripcion-serie\" style=\"margin-top: 20px; text-align: justify; font-size: 1em; line-height: 1.6;\">\n<p><em>Valeria<\/em> es una serie basada en las novelas de El\u00edsabet Benavent que combina comedia, drama y romance para narrar las historias de cuatro amigas que enfrentan los desaf\u00edos de la vida adulta.<\/p>\n<p>A medida que las cuatro amigas se adentran en los treinta, sus vidas afrontan nuevos retos que hacen que reunirse sea cada vez m\u00e1s dif\u00edcil. Sin embargo, a pesar de todo, estar juntas es lo \u00fanico que hace que sigan en su sano juicio. En la temporada final, Valeria (Diana G\u00f3mez) tendr\u00e1 que tomar una decisi\u00f3n decisiva tanto en su vida amorosa, y elegir entre V\u00edctor (Maxi Iglesias) y Bruno (Federico Aguado), como en su carrera profesional; Carmen (Paula Malia) debe afrontar la maternidad junto a Borja (Juanlu Gonz\u00e1lez) y todos los cambios que conlleva tener un beb\u00e9; Nerea (Teresa Riott) tiene que buscar el equilibrio entre su vida profesional como aut\u00f3noma y la estabilidad con Georgina (Mima Riera), mientras que Lola (Silma L\u00f3pez) intenta superar una nueva crisis vital: todo lo que cambia al cumplir los 30, sobre todo cuando tu pareja, Rai (Jos\u00e9 Pastor), est\u00e1 en un punto muy diferente en la vida.<\/p>\n<\/p><\/div>\n<p>        <a href=\"https:\/\/somosdecine.com\/series\/valeria-2020\/\" style=\"display: inline-block; margin-top: 20px; color: #0073aa; text-decoration: none; font-weight: bold;\" target=\"_blank\" rel=\"noopener\">Ver ficha completa<\/a>\n    <\/div>\n<p>\u2018Luces, c\u00e1mara, \u00a1amor!\u2019 es un romance sobre j\u00f3venes que buscan el amor y persiguen sus sue\u00f1os. Su compromiso: vencer sus traumas, descubrir qui\u00e9nes son e inspirarse mutuamente.<\/p>\n<h3 class=\"wp-block-heading\"><span class=\"ez-toc-section\" id=\"El_teorema_de_Marguerite_25_de_febrero_en_Movistar_plus\"><\/span><span class=\"ez-toc-section\" id=\"El_teorema_de_Marguerite_25_de_febrero_en_Movistar_plus\"\/>El teorema de Marguerite: 25 de febrero en Movistar plus+<span class=\"ez-toc-section-end\"\/><span class=\"ez-toc-section-end\"><\/span><\/h3>\n<p>Pel\u00edcula de paso a la edad adulta, con tintes rom\u00e1nticos, en la que una matem\u00e1tica brillante -en un mundo de hombres- se obsesiona por resolver un problema que le cambiar\u00e1 la vida, las creencias sobre s\u00ed misma y la forma de mirar al resto. \u2018El teorema de Marguerite\u2019 obtuvo el C\u00e9sar 2024 a la mejor actriz revelaci\u00f3n para Ella Rumpf y una nominaci\u00f3n al mejor actor revelaci\u00f3n para Julien Frison.<\/p>\n<hr class=\"wp-block-separator has-alpha-channel-opacity\"\/>\n<p><strong>Con esto ponemos fin al repaso de estrenos rom\u00e1nticos de febrero de 2025. No faltan opciones para todo tipo de p\u00fablico, pero todas ellas comparten un nexo com\u00fan: el amor. Ahora te toca a ti decidir cu\u00e1les quieres disfrutar este mes.<\/strong><\/p>\n<p><!-- CONTENT END 2 -->\n\t\t\t\t\t\t\t\t\t\t\t\t\t\t\t\t\t\t\t\t\t\t\t\t\t\t\t<\/div>\n<p><a href=\"https:\/\/somosdecine.com\/estrenos-romanticos-febrero-2025\/\" class=\" target=\" title=\"Estrenos rom\u00e1nticos en febrero 2025: Pel\u00edculas y series de amor\" target=\"_blank\" rel=\"noopener\">Ver fuente<\/a><\/p>\n","protected":false},"excerpt":{"rendered":"<p>Estamos en el mes de San Valent\u00edn y con \u00e9l llegan tambi\u00e9n varias novedades de romance a cines y plataformas de streaming. Si es un g\u00e9nero que te atrae, en este art\u00edculo haremos un repaso de los estrenos rom\u00e1nticos de febrero de 2025 para que no te pierdas ninguno de ellos. Por si esto te [&hellip;]<\/p>\n","protected":false},"author":2,"featured_media":40986,"comment_status":"open","ping_status":"closed","sticky":false,"template":"","format":"standard","meta":{"footnotes":""},"categories":[8],"tags":[],"class_list":["post-48068","post","type-post","status-publish","format-standard","has-post-thumbnail","hentry","category-entretenimiento"],"_links":{"self":[{"href":"https:\/\/enfoquenoticioso.com\/index.php?rest_route=\/wp\/v2\/posts\/48068","targetHints":{"allow":["GET"]}}],"collection":[{"href":"https:\/\/enfoquenoticioso.com\/index.php?rest_route=\/wp\/v2\/posts"}],"about":[{"href":"https:\/\/enfoquenoticioso.com\/index.php?rest_route=\/wp\/v2\/types\/post"}],"author":[{"embeddable":true,"href":"https:\/\/enfoquenoticioso.com\/index.php?rest_route=\/wp\/v2\/users\/2"}],"replies":[{"embeddable":true,"href":"https:\/\/enfoquenoticioso.com\/index.php?rest_route=%2Fwp%2Fv2%2Fcomments&post=48068"}],"version-history":[{"count":0,"href":"https:\/\/enfoquenoticioso.com\/index.php?rest_route=\/wp\/v2\/posts\/48068\/revisions"}],"wp:featuredmedia":[{"embeddable":true,"href":"https:\/\/enfoquenoticioso.com\/index.php?rest_route=\/wp\/v2\/media\/40986"}],"wp:attachment":[{"href":"https:\/\/enfoquenoticioso.com\/index.php?rest_route=%2Fwp%2Fv2%2Fmedia&parent=48068"}],"wp:term":[{"taxonomy":"category","embeddable":true,"href":"https:\/\/enfoquenoticioso.com\/index.php?rest_route=%2Fwp%2Fv2%2Fcategories&post=48068"},{"taxonomy":"post_tag","embeddable":true,"href":"https:\/\/enfoquenoticioso.com\/index.php?rest_route=%2Fwp%2Fv2%2Ftags&post=48068"}],"curies":[{"name":"wp","href":"https:\/\/api.w.org\/{rel}","templated":true}]}}