{"id":48155,"date":"2025-02-04T15:29:18","date_gmt":"2025-02-04T15:29:18","guid":{"rendered":"https:\/\/enfoquenoticioso.com\/entretenimiento\/anthony-mackie-cree-que-esta-infravalorado-y-que-podria-haber-estado-nominado-al-oscar-en-al-menos-cuatro-interpretaciones\/"},"modified":"2025-02-04T15:29:18","modified_gmt":"2025-02-04T15:29:18","slug":"anthony-mackie-cree-que-esta-infravalorado-y-que-podria-haber-estado-nominado-al-oscar-en-al-menos-cuatro-interpretaciones","status":"publish","type":"post","link":"https:\/\/enfoquenoticioso.com\/?p=48155","title":{"rendered":"Anthony Mackie cree que est\u00e1 infravalorado y que podr\u00eda haber estado nominado al Oscar en \u00abal menos cuatro interpretaciones\u00bb"},"content":{"rendered":"<div>\n<p>Entre los actores que siguen llevando con orgullo la bandera marvelita est\u00e1 <a href=\"https:\/\/www.espinof.com\/tag\/anthony-mackie\" target=\"_blank\" rel=\"noopener\">Anthony Mackie<\/a>. El actor a\u00fan tiene que estrenar su primera pel\u00edcula en solitario como el <a href=\"https:\/\/www.espinof.com\/tag\/capitan-america\" target=\"_blank\" rel=\"noopener\">Capit\u00e1n Am\u00e9rica<\/a>, pero a\u00fan as\u00ed ya la blande orgulloso. Eso no impide que Mackie se acuerde tambi\u00e9n del resto de su carrera, una que en su opini\u00f3n est\u00e1 infravaloradada.<\/p>\n<p><!-- BREAK 1 --> <\/p>\n<p>Es algo que el actor piensa sobre todo en relaci\u00f3n a los premios que no ha recibido. En una entrevista con <a rel=\"noopener, noreferrer\" href=\"https:\/\/www.esquire.com\/entertainment\/movies\/a63544860\/anthony-mackie-captain-america-brave-new-world-interview-2025\/\" target=\"_blank\">Esquire<\/a> repasando su filmograf\u00eda, el actor afirm\u00f3 que <em>\u00abSiempre es oportuno para m\u00ed cuando llega la temporada de premios. <\/em><em><strong>Porque s\u00e9 que he hecho al menos cuatro actuaciones que podr\u00edan haber sido nominadas<\/strong><\/em><em>, si no al Globo de Oro, al Oscar o al Emmy\u00bb<\/em>.<\/p>\n<p><!-- BREAK 2 --><\/p>\n<div class=\"article-asset-image article-asset-normal article-asset-center\">\n<div class=\"asset-content\">\n                   <img class=\"centro_sinmarco\" height=\"400\" width=\"600\" loading=\"lazy\" decoding=\"async\" sizes=\"auto, 100vw\" fetchpriority=\"high\" srcset=\"https:\/\/i.blogs.es\/0e8a95\/halfnelson\/450_1000.jpeg 450w, https:\/\/i.blogs.es\/0e8a95\/halfnelson\/650_1200.jpeg 681w,https:\/\/i.blogs.es\/0e8a95\/halfnelson\/1024_2000.jpeg 1024w, https:\/\/i.blogs.es\/0e8a95\/halfnelson\/1366_2000.jpeg 1366w\" src=\"https:\/\/i.blogs.es\/0e8a95\/halfnelson\/450_1000.jpeg\" alt=\"Halfnelson\"\/><br \/>\n   <img decoding=\"async\" alt=\"Halfnelson\" class=\"centro_sinmarco\" src=\"https:\/\/i.blogs.es\/0e8a95\/halfnelson\/450_1000.jpeg\"\/><\/p><\/div>\n<\/div>\n<p>Hablando de esas cuatro ocasiones, Mackie se refiere a &#8216;Brother to Brother&#8217;, un drama de Sundance en 2004 que pas\u00f3 bastante desapercibido; <a class=\"text-outboundlink\" href=\"https:\/\/www.espinof.com\/criticas\/half-nelson-ni-a-medias-tintas\" data-vars-post-title=\"&#039;Half Nelson&#039;, ni a medias tintas\" data-vars-post-url=\"https:\/\/www.espinof.com\/criticas\/half-nelson-ni-a-medias-tintas\" target=\"_blank\" rel=\"noopener\">&#8216;Half Nelson&#8217;<\/a>, otro drama con Ryan Gosling que tuvo un gran \u00e9xito entre la cr\u00edtica; <a class=\"text-outboundlink\" href=\"https:\/\/www.espinof.com\/estrenos\/apple-retrasa-indefinidamente-estreno-the-banker-su-primera-pelicula-original-turbia-polemica-abusos\" data-vars-post-title=\"Apple retrasa indefinidamente el estreno de &#039;The Banker&#039;, su primera pel\u00edcula original, por una turbia pol\u00e9mica de abusos\" data-vars-post-url=\"https:\/\/www.espinof.com\/estrenos\/apple-retrasa-indefinidamente-estreno-the-banker-su-primera-pelicula-original-turbia-polemica-abusos\" target=\"_blank\" rel=\"noopener\">&#8216;The Banker&#8217;<\/a>, una pel\u00edcula manchada por las acusaciones de abuso de su director; y la m\u00e1s evidente de las cuatro: <a class=\"text-outboundlink\" href=\"https:\/\/www.espinof.com\/criticas\/en-tierra-hostil-la-adiccion-al-peligro\" data-vars-post-title=\"&#039;En tierra hostil&#039;, la adicci\u00f3n al peligro\" data-vars-post-url=\"https:\/\/www.espinof.com\/criticas\/en-tierra-hostil-la-adiccion-al-peligro\" target=\"_blank\" rel=\"noopener\">&#8216;En tierra hostil&#8217;<\/a>. El drama b\u00e9lico de Kathryn Bigelow que gan\u00f3 el Oscar a mejor pel\u00edcula y en la que Mackie interpretaba a un sargento estadounidense. En los Gotham Awards t\u00e9cnicamente s\u00ed gan\u00f3 el premio, ya que se lo llev\u00f3 justo a sus compa\u00f1eros por Mejor elenco, pero en su momento llev\u00f3 tan mal no estar nominado a los Oscars que incluso se tom\u00f3 <a rel=\"noopener, noreferrer\" href=\"https:\/\/www.menshealth.com\/entertainment\/a28132967\/anthony-mackie-hurt-locker-snub\/\" data-id=\"noopener noreferrer\" target=\"_blank\">un a\u00f1o de descanso de la interpretaci\u00f3n<\/a>.<\/p>\n<p><!-- BREAK 3 --> <\/p>\n<div class=\"article-asset article-asset-normal article-asset-center\">\n<div class=\"desvio-container\">\n<div class=\"desvio\">\n<div class=\"desvio-figure js-desvio-figure\">\n    <a href=\"https:\/\/www.xataka.com\/magnet\/japon-lleva-seis-dias-tratando-sacar-a-hombre-agujero-problema-que-agujero-grande-cada-dia\" class=\"pivot-outboundlink\" target=\"_blank\" data-vars-post-title=\"Jap\u00f3n lleva seis d\u00edas tratando de sacar a un hombre de un agujero. El problema es que cada d\u00eda que pasa es m\u00e1s grande\" rel=\"noopener\"><br \/>\n     <img loading=\"lazy\" decoding=\"async\" alt=\"Jap\u00f3n lleva seis d\u00edas tratando de sacar a un hombre de un agujero. El problema es que cada d\u00eda que pasa es m\u00e1s grande\" width=\"375\" height=\"142\" src=\"https:\/\/i.blogs.es\/3cd07f\/8795082705_e15e41113d_k\/375_142.jpeg\"\/><br \/>\n    <\/a>\n   <\/div>\n<\/p><\/div>\n<\/p><\/div>\n<\/div>\n<p>Aunque Mackie es por supuesto parcial con esta afirmaci\u00f3n y hay nominaciones que no se llev\u00f3 por razones evidentes (&#8216;Brother to Brother&#8217; por ejemplo no tuvo buena cr\u00edtica fuera del circuito de Sundance) lo cierto es que puede tener razones para pensarlo. <strong>Su carrera le ha llevado a codearse con pel\u00edculas emblem\u00e1ticas<\/strong> y con directores de la talla de Eastwood, la propia Bigelow o Spike Lee, pero a menudo su presencia no ha sido foco de la conversaci\u00f3n.<\/p>\n<p><!-- BREAK 4 --><\/p>\n<div id=\"ez-toc-container\" class=\"ez-toc-v2_0_81 counter-hierarchy ez-toc-counter ez-toc-grey ez-toc-container-direction\">\n<div class=\"ez-toc-title-container\">\n<p class=\"ez-toc-title\" style=\"cursor:inherit\">Tabla de Contenido<\/p>\n<span class=\"ez-toc-title-toggle\"><a href=\"#\" class=\"ez-toc-pull-right ez-toc-btn ez-toc-btn-xs ez-toc-btn-default ez-toc-toggle\" aria-label=\"Alternar tabla de contenidos\"><span class=\"ez-toc-js-icon-con\"><span class=\"\"><span class=\"eztoc-hide\" style=\"display:none;\">Toggle<\/span><span class=\"ez-toc-icon-toggle-span\"><svg style=\"fill: #999;color:#999\" xmlns=\"http:\/\/www.w3.org\/2000\/svg\" class=\"list-377408\" width=\"20px\" height=\"20px\" viewBox=\"0 0 24 24\" fill=\"none\"><path d=\"M6 6H4v2h2V6zm14 0H8v2h12V6zM4 11h2v2H4v-2zm16 0H8v2h12v-2zM4 16h2v2H4v-2zm16 0H8v2h12v-2z\" fill=\"currentColor\"><\/path><\/svg><svg style=\"fill: #999;color:#999\" class=\"arrow-unsorted-368013\" xmlns=\"http:\/\/www.w3.org\/2000\/svg\" width=\"10px\" height=\"10px\" viewBox=\"0 0 24 24\" version=\"1.2\" baseProfile=\"tiny\"><path d=\"M18.2 9.3l-6.2-6.3-6.2 6.3c-.2.2-.3.4-.3.7s.1.5.3.7c.2.2.4.3.7.3h11c.3 0 .5-.1.7-.3.2-.2.3-.5.3-.7s-.1-.5-.3-.7zM5.8 14.7l6.2 6.3 6.2-6.3c.2-.2.3-.5.3-.7s-.1-.5-.3-.7c-.2-.2-.4-.3-.7-.3h-11c-.3 0-.5.1-.7.3-.2.2-.3.5-.3.7s.1.5.3.7z\"\/><\/svg><\/span><\/span><\/span><\/a><\/span><\/div>\n<nav><ul class='ez-toc-list ez-toc-list-level-1 ' ><li class='ez-toc-page-1 ez-toc-heading-level-2'><a class=\"ez-toc-link ez-toc-heading-1\" href=\"https:\/\/enfoquenoticioso.com\/?p=48155\/#%C2%ABCapitan_America_es_mi_Oscar%C2%BB\" >\u00abCapit\u00e1n Am\u00e9rica es mi Oscar\u00bb<\/a><\/li><\/ul><\/nav><\/div>\n<h2><span class=\"ez-toc-section\" id=\"%C2%ABCapitan_America_es_mi_Oscar%C2%BB\"><\/span>\u00abCapit\u00e1n Am\u00e9rica es mi Oscar\u00bb<span class=\"ez-toc-section-end\"><\/span><\/h2>\n<div class=\"article-asset-image article-asset-normal article-asset-center\">\n<div class=\"asset-content\">\n                   <img class=\"centro_sinmarco\" height=\"667\" width=\"1000\" loading=\"lazy\" decoding=\"async\" sizes=\"auto, 100vw\" fetchpriority=\"high\" srcset=\"https:\/\/i.blogs.es\/a14f2b\/capi\/450_1000.jpeg 450w, https:\/\/i.blogs.es\/a14f2b\/capi\/650_1200.jpeg 681w,https:\/\/i.blogs.es\/a14f2b\/capi\/1024_2000.jpeg 1024w, https:\/\/i.blogs.es\/a14f2b\/capi\/1366_2000.jpeg 1366w\" src=\"https:\/\/i.blogs.es\/a14f2b\/capi\/450_1000.jpeg\" alt=\"Capi\"\/><br \/>\n   <img decoding=\"async\" alt=\"Capi\" class=\"centro_sinmarco\" src=\"https:\/\/i.blogs.es\/a14f2b\/capi\/450_1000.jpeg\"\/><\/p><\/div>\n<\/div>\n<p>Aunque no le son totalmente desconocidos los premios y las nominaciones, s\u00ed es cierto que solo es el caso de premios peque\u00f1os como Saturn Awards. Si hablamos de premios grandes, Oscars, Emmys o Globos de Oro, el int\u00e9rprete<strong> sigue a d\u00eda de hoy con ninguna nominaci\u00f3n para cualquiera de ellos<\/strong>. A\u00fan as\u00ed \u00e9l considera que su mejor premio ya lo ha ganado, la posibilidad de ser uno de los superh\u00e9roes de Marvel m\u00e1s populares: <em>\u00abCapit\u00e1n Am\u00e9rica es mi Oscar. Porque me han pasado por alto muchas veces\u00bb<\/em>, dice en la entrevista.<\/p>\n<p><!-- BREAK 5 --><\/p>\n<p><strong>Pese a su ilusi\u00f3n, todav\u00eda tiene que clavar el aterrizaje<\/strong>. A la presi\u00f3n a\u00f1adida de ser siguiente gran pel\u00edcula del MCU en un momento donde la saga est\u00e1 en decadencia, <a class=\"text-outboundlink\" href=\"https:\/\/www.espinof.com\/todo-lo-que-sabemos\/capitan-america-4-fecha-estreno-trailer-reparto-pelicula-marvel-protagonizada-anthony-mackie\" data-vars-post-title=\"&#039;Capit\u00e1n Am\u00e9rica 4&#039; - fecha de estreno, tr\u00e1iler y todo lo que sabemos de la pel\u00edcula en la que Anthony Mackie sustituye a Chris Evans como el superh\u00e9roe de Marvel\" data-vars-post-url=\"https:\/\/www.espinof.com\/todo-lo-que-sabemos\/capitan-america-4-fecha-estreno-trailer-reparto-pelicula-marvel-protagonizada-anthony-mackie\" target=\"_blank\" rel=\"noopener\">&#8216;Capit\u00e1n Am\u00e9rica: Brave New World&#8217;<\/a> ha tenido una producci\u00f3n complicada, llena de retrasos y reshoots y que adem\u00e1s se ha visto envuelta en varias controversias. De los rumores de regrabar la pel\u00edcula porque su villano se asemejaba mucho a Trump, a declaraciones de Mackie diciendo que la pel\u00edcula no va realmente sobre \u00abAm\u00e9rica\u00bb, pasando por la decisi\u00f3n de poner una superhero\u00edna israel\u00ed en un momento en el que el genocidio a Palestina est\u00e1 m\u00e1s bajo el foco que nunca.<\/p>\n<p><!-- BREAK 6 --> <\/p>\n<p>En Espinof | <a class=\"text-outboundlink\" href=\"https:\/\/www.espinof.com\/entrevistas\/nunca-leo-nunca-veo-nunca-pregunto-reacciones-hablamos-anthony-mackie-antes-estreno-capitan-america-brave-new-world\" data-vars-post-title=\"&quot;Nunca leo, nunca veo y nunca pregunto por las reacciones&quot;. Anthony Mackie, el Capit\u00e1n Am\u00e9rica de la pr\u00f3xima pel\u00edcula de Marvel\" data-vars-post-url=\"https:\/\/www.espinof.com\/entrevistas\/nunca-leo-nunca-veo-nunca-pregunto-reacciones-hablamos-anthony-mackie-antes-estreno-capitan-america-brave-new-world\" target=\"_blank\" rel=\"noopener\">\u00abNunca leo, nunca veo y nunca pregunto por las reacciones\u00bb. Anthony Mackie, el Capit\u00e1n Am\u00e9rica de la pr\u00f3xima pel\u00edcula de Marvel<\/a><\/p>\n<p>En Espinof | <a class=\"text-outboundlink\" href=\"https:\/\/www.espinof.com\/proyectos\/chris-evans-asegura-que-no-va-a-volver-a-marvel-vengadores-doomsday-que-quieres-creerle-estoy-felizmente-retirado\" data-vars-post-title=\"Chris Evans asegura que no va a volver a Marvel en &#039;Vengadores: Doomsday&#039;, si es que quieres creerle. &quot;\u00a1Estoy felizmente retirado!&quot; \" data-vars-post-url=\"https:\/\/www.espinof.com\/proyectos\/chris-evans-asegura-que-no-va-a-volver-a-marvel-vengadores-doomsday-que-quieres-creerle-estoy-felizmente-retirado\" target=\"_blank\" rel=\"noopener\">Chris Evans asegura que no va a volver a Marvel en &#8216;Vengadores: Doomsday&#8217;, si es que quieres creerle. \u00ab\u00a1Estoy felizmente retirado!\u00bb<\/a><\/p>\n<\/p><\/div>\n<p><a href=\"https:\/\/www.espinof.com\/actores-y-actrices\/anthony-mackie-cree-que-esta-infravalorado-que-podria-haber-estado-nominado-al-oscar-al-cuatro-interpretaciones\" class=\" target=\" title=\"Anthony Mackie cree que est\u00e1 infravalorado y que podr\u00eda haber estado nominado al Oscar en \" al menos cuatro target=\"_blank\" rel=\"noopener\">Ver fuente<\/a><\/p>\n","protected":false},"excerpt":{"rendered":"<p>Entre los actores que siguen llevando con orgullo la bandera marvelita est\u00e1 Anthony Mackie. El actor a\u00fan tiene que estrenar su primera pel\u00edcula en solitario como el Capit\u00e1n Am\u00e9rica, pero a\u00fan as\u00ed ya la blande orgulloso. Eso no impide que Mackie se acuerde tambi\u00e9n del resto de su carrera, una que en su opini\u00f3n est\u00e1 [&hellip;]<\/p>\n","protected":false},"author":2,"featured_media":48156,"comment_status":"open","ping_status":"closed","sticky":false,"template":"","format":"standard","meta":{"footnotes":""},"categories":[8],"tags":[],"class_list":["post-48155","post","type-post","status-publish","format-standard","has-post-thumbnail","hentry","category-entretenimiento"],"_links":{"self":[{"href":"https:\/\/enfoquenoticioso.com\/index.php?rest_route=\/wp\/v2\/posts\/48155","targetHints":{"allow":["GET"]}}],"collection":[{"href":"https:\/\/enfoquenoticioso.com\/index.php?rest_route=\/wp\/v2\/posts"}],"about":[{"href":"https:\/\/enfoquenoticioso.com\/index.php?rest_route=\/wp\/v2\/types\/post"}],"author":[{"embeddable":true,"href":"https:\/\/enfoquenoticioso.com\/index.php?rest_route=\/wp\/v2\/users\/2"}],"replies":[{"embeddable":true,"href":"https:\/\/enfoquenoticioso.com\/index.php?rest_route=%2Fwp%2Fv2%2Fcomments&post=48155"}],"version-history":[{"count":0,"href":"https:\/\/enfoquenoticioso.com\/index.php?rest_route=\/wp\/v2\/posts\/48155\/revisions"}],"wp:featuredmedia":[{"embeddable":true,"href":"https:\/\/enfoquenoticioso.com\/index.php?rest_route=\/wp\/v2\/media\/48156"}],"wp:attachment":[{"href":"https:\/\/enfoquenoticioso.com\/index.php?rest_route=%2Fwp%2Fv2%2Fmedia&parent=48155"}],"wp:term":[{"taxonomy":"category","embeddable":true,"href":"https:\/\/enfoquenoticioso.com\/index.php?rest_route=%2Fwp%2Fv2%2Fcategories&post=48155"},{"taxonomy":"post_tag","embeddable":true,"href":"https:\/\/enfoquenoticioso.com\/index.php?rest_route=%2Fwp%2Fv2%2Ftags&post=48155"}],"curies":[{"name":"wp","href":"https:\/\/api.w.org\/{rel}","templated":true}]}}