{"id":48159,"date":"2025-02-04T16:00:19","date_gmt":"2025-02-04T16:00:19","guid":{"rendered":"https:\/\/enfoquenoticioso.com\/entretenimiento\/por-desgracia-es-mi-mejor-pelicula-richard-gere-desvela-por-que-esta-pelicula-le-cambio-la-vida-para-siempre\/"},"modified":"2025-02-04T16:00:19","modified_gmt":"2025-02-04T16:00:19","slug":"por-desgracia-es-mi-mejor-pelicula-richard-gere-desvela-por-que-esta-pelicula-le-cambio-la-vida-para-siempre","status":"publish","type":"post","link":"https:\/\/enfoquenoticioso.com\/?p=48159","title":{"rendered":"\u00abPor desgracia, es mi mejor pel\u00edcula\u00bb. Richard Gere desvela por qu\u00e9 esta pel\u00edcula le cambi\u00f3 la vida para siempre"},"content":{"rendered":"<div>\n<p><strong>Richard Gere<\/strong> recibir\u00e1 dentro de unos d\u00edas el Goya Internacional que reconoce toda su carrera como actor. El galard\u00f3n llega 18 a\u00f1os despu\u00e9s de que le diesen el Premio Donostia en el Festival de San Sebasti\u00e1n y sin que haya sido nominado ni una sola vez al \u00d3scar -premios en los que <a class=\"text-outboundlink\" href=\"https:\/\/www.espinof.com\/premios-oscar\/que-richard-gere-estuvo-vetado-premios-oscar-durante-20-anos\" data-vars-post-title=\"Por qu\u00e9 Richard Gere estuvo vetado en los premios \u00d3scar durante 20 a\u00f1os\" data-vars-post-url=\"https:\/\/www.espinof.com\/premios-oscar\/que-richard-gere-estuvo-vetado-premios-oscar-durante-20-anos\" target=\"_blank\" rel=\"noopener\">estuvo vetado durante 20 a\u00f1os<\/a>-. Estoy convencido de que \u00e9l tiene claro por qu\u00e9 actuaci\u00f3n podr\u00eda haberlo merecido, ya que Gere reconoce que es la mejor pel\u00edcula en la que ha participado: <a class=\"text-outboundlink\" href=\"https:\/\/www.espinof.com\/criticas\/terrence-malick-dias-del-cielo-del-cielo-al-infierno\" data-vars-post-title=\"Terrence Malick: &#039;D\u00edas del cielo&#039;, del cielo al infierno\" data-vars-post-url=\"https:\/\/www.espinof.com\/criticas\/terrence-malick-dias-del-cielo-del-cielo-al-infierno\" target=\"_blank\" rel=\"noopener\">&#8216;D\u00edas del cielo&#8217;<\/a>.<\/p>\n<p><!-- BREAK 1 --> <\/p>\n<div id=\"ez-toc-container\" class=\"ez-toc-v2_0_81 counter-hierarchy ez-toc-counter ez-toc-grey ez-toc-container-direction\">\n<div class=\"ez-toc-title-container\">\n<p class=\"ez-toc-title\" style=\"cursor:inherit\">Tabla de Contenido<\/p>\n<span class=\"ez-toc-title-toggle\"><a href=\"#\" class=\"ez-toc-pull-right ez-toc-btn ez-toc-btn-xs ez-toc-btn-default ez-toc-toggle\" aria-label=\"Alternar tabla de contenidos\"><span class=\"ez-toc-js-icon-con\"><span class=\"\"><span class=\"eztoc-hide\" style=\"display:none;\">Toggle<\/span><span class=\"ez-toc-icon-toggle-span\"><svg style=\"fill: #999;color:#999\" xmlns=\"http:\/\/www.w3.org\/2000\/svg\" class=\"list-377408\" width=\"20px\" height=\"20px\" viewBox=\"0 0 24 24\" fill=\"none\"><path d=\"M6 6H4v2h2V6zm14 0H8v2h12V6zM4 11h2v2H4v-2zm16 0H8v2h12v-2zM4 16h2v2H4v-2zm16 0H8v2h12v-2z\" fill=\"currentColor\"><\/path><\/svg><svg style=\"fill: #999;color:#999\" class=\"arrow-unsorted-368013\" xmlns=\"http:\/\/www.w3.org\/2000\/svg\" width=\"10px\" height=\"10px\" viewBox=\"0 0 24 24\" version=\"1.2\" baseProfile=\"tiny\"><path d=\"M18.2 9.3l-6.2-6.3-6.2 6.3c-.2.2-.3.4-.3.7s.1.5.3.7c.2.2.4.3.7.3h11c.3 0 .5-.1.7-.3.2-.2.3-.5.3-.7s-.1-.5-.3-.7zM5.8 14.7l6.2 6.3 6.2-6.3c.2-.2.3-.5.3-.7s-.1-.5-.3-.7c-.2-.2-.4-.3-.7-.3h-11c-.3 0-.5.1-.7.3-.2.2-.3.5-.3.7s.1.5.3.7z\"\/><\/svg><\/span><\/span><\/span><\/a><\/span><\/div>\n<nav><ul class='ez-toc-list ez-toc-list-level-1 ' ><li class='ez-toc-page-1 ez-toc-heading-level-2'><a class=\"ez-toc-link ez-toc-heading-1\" href=\"https:\/\/enfoquenoticioso.com\/?p=48159\/#Muy_importante_para_el\" >Muy importante para \u00e9l<\/a><\/li><\/ul><\/nav><\/div>\n<h2><span class=\"ez-toc-section\" id=\"Muy_importante_para_el\"><\/span>Muy importante para \u00e9l<span class=\"ez-toc-section-end\"><\/span><\/h2>\n<p>Gere apenas hab\u00eda tenido un pu\u00f1ado de papeles secundarios cuando le lleg\u00f3 la oportunidad de hacer su primer protagonista en el segundo largometraje del aclamado <strong>Terrence Malick<\/strong>. El actor desvel\u00f3 en una charla con <a rel=\"noopener, noreferrer\" href=\"https:\/\/editorial.rottentomatoes.com\/article\/richard-geres-five-favorite-films\/\" target=\"_blank\">Rotten Tomatoes<\/a> que es una de sus pel\u00edculas favoritas de todos los tiempos, pero tambi\u00e9n se mostr\u00f3 un poco decepcionado por asumir que siga siendo su mejor pel\u00edcula:<\/p>\n<p><!-- BREAK 2 --><\/p>\n<div class=\"article-asset-image article-asset-normal article-asset-center\">\n<div class=\"asset-content\">\n                   <img class=\"centro_sinmarco\" height=\"1250\" width=\"2500\" loading=\"lazy\" decoding=\"async\" sizes=\"auto, 100vw\" fetchpriority=\"high\" srcset=\"https:\/\/i.blogs.es\/9e184f\/cielo\/450_1000.jpeg 450w, https:\/\/i.blogs.es\/9e184f\/cielo\/650_1200.jpeg 681w,https:\/\/i.blogs.es\/9e184f\/cielo\/1024_2000.jpeg 1024w, https:\/\/i.blogs.es\/9e184f\/cielo\/1366_2000.jpeg 1366w\" src=\"https:\/\/i.blogs.es\/9e184f\/cielo\/450_1000.jpeg\" alt=\"Cielo\"\/><br \/>\n   <img decoding=\"async\" alt=\"Cielo\" class=\"centro_sinmarco\" src=\"https:\/\/i.blogs.es\/9e184f\/cielo\/450_1000.jpeg\"\/><\/p><\/div>\n<\/div>\n<blockquote><p>Voy a empezar con mi primera pel\u00edcula, &#8216;D\u00edas del Cielo&#8217;, porque es mi primera pel\u00edcula. Probablemente es, por desgracia, mi mejor pel\u00edcula. Es muy dif\u00edcil superar una pel\u00edcula as\u00ed.<\/p><\/blockquote>\n<p>Adem\u00e1s, Gere no tiene problemas en explicar esa afirmaci\u00f3n al se\u00f1alar que es u<strong>na pel\u00edcula que le cambi\u00f3 la vida<\/strong> porque \u00ab<em>Fue la primera pel\u00edcula de Terry Malick que se convirti\u00f3 en Terry Malick. Tambi\u00e9n fue mi primera pel\u00edcula en el Festival de Cannes. Todo lo relacionado con esa pel\u00edcula fue importante para m\u00ed como actor y como persona<\/em>\u00ab.<\/p>\n<p><!-- BREAK 3 --> <\/p>\n<div class=\"article-asset article-asset-normal article-asset-center\">\n<div class=\"desvio-container\">\n<div class=\"desvio\">\n<div class=\"desvio-figure js-desvio-figure\">\n    <a href=\"https:\/\/www.espinof.com\/actores-y-actrices\/no-teniamos-quimica-richard-gere-recuerda-como-hizo-escenas-miticas-pretty-woman-a-julia-roberts\" class=\"pivot-outboundlink\" data-vars-post-title=\"&quot;No ten\u00edamos qu\u00edmica&quot;. Richard Gere recuerda c\u00f3mo hizo una de las escenas m\u00e1s m\u00edticas de &#039;Pretty Woman&#039; junto a Julia Roberts \" target=\"_blank\" rel=\"noopener\"><br \/>\n     <img loading=\"lazy\" decoding=\"async\" alt=\"&quot;No ten\u00edamos qu\u00edmica&quot;. Richard Gere recuerda c\u00f3mo hizo una de las escenas m\u00e1s m\u00edticas de 'Pretty Woman' junto a Julia Roberts \" width=\"375\" height=\"142\" src=\"https:\/\/i.blogs.es\/5eabbf\/pretty\/375_142.jpeg\"\/><br \/>\n    <\/a>\n   <\/div>\n<\/p><\/div>\n<\/p><\/div>\n<\/div>\n<p>Estrenada en 1978, &#8216;D\u00edas del cielo&#8217; cuenta la historia de Bill (Gere) y Abby, una joven pareja que, acompa\u00f1ados por la hermana de \u00e9l, viajan hasta Texas en busca de una vida mejor. All\u00ed encuentran trabajo en una granja, cuyo patr\u00f3n les pide que se queden porque \u00e9l cree que los tres son hermanos y se ha enamorado de Abby&#8230;<\/p>\n<p><!-- BREAK 4 --><\/p>\n<p>En el caso que os apetezca verla tras haber descubierto estas palabras de Gere, tengo malas noticias, ya que &#8216;D\u00edas del cielo&#8217; <strong>no est\u00e1 actualmente disponible en ninguna plataforma de streaming espa\u00f1ola<\/strong>.<\/p>\n<p><!-- BREAK 5 --><\/p>\n<p>En Espinof | <a class=\"text-outboundlink\" href=\"https:\/\/www.espinof.com\/actores-y-actrices\/opinion-julia-roberts-como-ha-envejecido-pretty-woman-tiempos-cambian\" data-vars-post-title=\"La opini\u00f3n de Julia Roberts sobre c\u00f3mo ha envejecido &#039;Pretty Woman&#039;. &quot;Los tiempos cambian&quot;\" data-vars-post-url=\"https:\/\/www.espinof.com\/actores-y-actrices\/opinion-julia-roberts-como-ha-envejecido-pretty-woman-tiempos-cambian\" target=\"_blank\" rel=\"noopener\">La opini\u00f3n de Julia Roberts sobre c\u00f3mo ha envejecido &#8216;Pretty Woman&#8217;. \u00abLos tiempos cambian\u00bb<\/a><\/p>\n<p>En Espinof | <a class=\"text-outboundlink\" href=\"https:\/\/www.espinof.com\/listas\/peliculas-esperadas-2025\" data-vars-post-title=\"Las 47 pel\u00edculas m\u00e1s esperadas de 2025 y los mejores estrenos del a\u00f1o: &#039;Avatar 3&#039;, el regreso de John Wick, &#039;Misi\u00f3n Imposible 8&#039;, &#039;Jurassic World 4&#039; y muchas m\u00e1s\" data-vars-post-url=\"https:\/\/www.espinof.com\/listas\/peliculas-esperadas-2025\" target=\"_blank\" rel=\"noopener\">Las 47 pel\u00edculas m\u00e1s esperadas de 2025 y los mejores estrenos del a\u00f1o: &#8216;Avatar 3&#8217;, el regreso de John Wick, &#8216;Misi\u00f3n Imposible 8&#8217;, &#8216;Jurassic World 4&#8217; y muchas m\u00e1s<\/a><\/p>\n<p><!-- BREAK 6 --> <\/p><\/div>\n<p><a href=\"https:\/\/www.espinof.com\/actores-y-actrices\/desgracia-mi-mejor-pelicula-richard-gere-desvela-que-esta-pelicula-le-cambio-vida-para-siempre\" class=\" target=\" title=\"\" Por es mi mejor Richard Gere desvela por esta  le la vida para target=\"_blank\" rel=\"noopener\">Ver fuente<\/a><\/p>\n","protected":false},"excerpt":{"rendered":"<p>Richard Gere recibir\u00e1 dentro de unos d\u00edas el Goya Internacional que reconoce toda su carrera como actor. El galard\u00f3n llega 18 a\u00f1os despu\u00e9s de que le diesen el Premio Donostia en el Festival de San Sebasti\u00e1n y sin que haya sido nominado ni una sola vez al \u00d3scar -premios en los que estuvo vetado durante [&hellip;]<\/p>\n","protected":false},"author":2,"featured_media":48160,"comment_status":"open","ping_status":"closed","sticky":false,"template":"","format":"standard","meta":{"footnotes":""},"categories":[8],"tags":[],"class_list":["post-48159","post","type-post","status-publish","format-standard","has-post-thumbnail","hentry","category-entretenimiento"],"_links":{"self":[{"href":"https:\/\/enfoquenoticioso.com\/index.php?rest_route=\/wp\/v2\/posts\/48159","targetHints":{"allow":["GET"]}}],"collection":[{"href":"https:\/\/enfoquenoticioso.com\/index.php?rest_route=\/wp\/v2\/posts"}],"about":[{"href":"https:\/\/enfoquenoticioso.com\/index.php?rest_route=\/wp\/v2\/types\/post"}],"author":[{"embeddable":true,"href":"https:\/\/enfoquenoticioso.com\/index.php?rest_route=\/wp\/v2\/users\/2"}],"replies":[{"embeddable":true,"href":"https:\/\/enfoquenoticioso.com\/index.php?rest_route=%2Fwp%2Fv2%2Fcomments&post=48159"}],"version-history":[{"count":0,"href":"https:\/\/enfoquenoticioso.com\/index.php?rest_route=\/wp\/v2\/posts\/48159\/revisions"}],"wp:featuredmedia":[{"embeddable":true,"href":"https:\/\/enfoquenoticioso.com\/index.php?rest_route=\/wp\/v2\/media\/48160"}],"wp:attachment":[{"href":"https:\/\/enfoquenoticioso.com\/index.php?rest_route=%2Fwp%2Fv2%2Fmedia&parent=48159"}],"wp:term":[{"taxonomy":"category","embeddable":true,"href":"https:\/\/enfoquenoticioso.com\/index.php?rest_route=%2Fwp%2Fv2%2Fcategories&post=48159"},{"taxonomy":"post_tag","embeddable":true,"href":"https:\/\/enfoquenoticioso.com\/index.php?rest_route=%2Fwp%2Fv2%2Ftags&post=48159"}],"curies":[{"name":"wp","href":"https:\/\/api.w.org\/{rel}","templated":true}]}}