{"id":48175,"date":"2025-02-04T17:33:19","date_gmt":"2025-02-04T17:33:19","guid":{"rendered":"https:\/\/enfoquenoticioso.com\/entretenimiento\/que-fue-de-manuel-feijoo-el-nieto-de-miliki-que-salto-a-la-fama-con-companeros-y-acabo-dando-conferencias-motivacionales\/"},"modified":"2025-02-04T17:33:19","modified_gmt":"2025-02-04T17:33:19","slug":"que-fue-de-manuel-feijoo-el-nieto-de-miliki-que-salto-a-la-fama-con-companeros-y-acabo-dando-conferencias-motivacionales","status":"publish","type":"post","link":"https:\/\/enfoquenoticioso.com\/?p=48175","title":{"rendered":"Qu\u00e9 fue de Manuel Feij\u00f3o, el nieto de Miliki que salt\u00f3 a la fama con &#8216;Compa\u00f1eros&#8217; y acab\u00f3 dando conferencias motivacionales"},"content":{"rendered":"<div>\n<p>Es curioso ver c\u00f3mo evoluciona la carrera de int\u00e9rpretes que comenzaron j\u00f3venes en el medio, en especial la de aquellos que vira hacia otros lugares aparte de la actuaci\u00f3n. Como es el caso de muchos actores de <a class=\"text-outboundlink\" href=\"https:\/\/www.espinof.com\/antena-3\/companeros-nostalgia-tv\" data-vars-post-title=\"Compa\u00f1eros, Nostalgia TV\" data-vars-post-url=\"https:\/\/www.espinof.com\/antena-3\/companeros-nostalgia-tv\" target=\"_blank\" rel=\"noopener\">&#8216;Compa\u00f1eros&#8217;<\/a> y los derroteros que adquirieron sus vidas despu\u00e9s de la m\u00edtica serie.<strong> \u00bfQu\u00e9 fue de Manuel Feij\u00f3o?<\/strong><\/p>\n<p><!-- BREAK 1 --> <\/p>\n<div id=\"ez-toc-container\" class=\"ez-toc-v2_0_81 counter-hierarchy ez-toc-counter ez-toc-grey ez-toc-container-direction\">\n<div class=\"ez-toc-title-container\">\n<p class=\"ez-toc-title\" style=\"cursor:inherit\">Tabla de Contenido<\/p>\n<span class=\"ez-toc-title-toggle\"><a href=\"#\" class=\"ez-toc-pull-right ez-toc-btn ez-toc-btn-xs ez-toc-btn-default ez-toc-toggle\" aria-label=\"Alternar tabla de contenidos\"><span class=\"ez-toc-js-icon-con\"><span class=\"\"><span class=\"eztoc-hide\" style=\"display:none;\">Toggle<\/span><span class=\"ez-toc-icon-toggle-span\"><svg style=\"fill: #999;color:#999\" xmlns=\"http:\/\/www.w3.org\/2000\/svg\" class=\"list-377408\" width=\"20px\" height=\"20px\" viewBox=\"0 0 24 24\" fill=\"none\"><path d=\"M6 6H4v2h2V6zm14 0H8v2h12V6zM4 11h2v2H4v-2zm16 0H8v2h12v-2zM4 16h2v2H4v-2zm16 0H8v2h12v-2z\" fill=\"currentColor\"><\/path><\/svg><svg style=\"fill: #999;color:#999\" class=\"arrow-unsorted-368013\" xmlns=\"http:\/\/www.w3.org\/2000\/svg\" width=\"10px\" height=\"10px\" viewBox=\"0 0 24 24\" version=\"1.2\" baseProfile=\"tiny\"><path d=\"M18.2 9.3l-6.2-6.3-6.2 6.3c-.2.2-.3.4-.3.7s.1.5.3.7c.2.2.4.3.7.3h11c.3 0 .5-.1.7-.3.2-.2.3-.5.3-.7s-.1-.5-.3-.7zM5.8 14.7l6.2 6.3 6.2-6.3c.2-.2.3-.5.3-.7s-.1-.5-.3-.7c-.2-.2-.4-.3-.7-.3h-11c-.3 0-.5.1-.7.3-.2.2-.3.5-.3.7s.1.5.3.7z\"\/><\/svg><\/span><\/span><\/span><\/a><\/span><\/div>\n<nav><ul class='ez-toc-list ez-toc-list-level-1 ' ><li class='ez-toc-page-1 ez-toc-heading-level-2'><a class=\"ez-toc-link ez-toc-heading-1\" href=\"https:\/\/enfoquenoticioso.com\/?p=48175\/#Companero_y_colega\" >Compa\u00f1ero y colega<\/a><\/li><\/ul><\/nav><\/div>\n<h2><span class=\"ez-toc-section\" id=\"Companero_y_colega\"><\/span>Compa\u00f1ero y colega<span class=\"ez-toc-section-end\"><\/span><\/h2>\n<p>Manuel Feij\u00f3o Arag\u00f3n <strong>naci\u00f3 en 1977 en Madrid<\/strong>, en el seno de una familia de artistas. No en vano,<strong> es nieto del famoso payaso Miliki <\/strong>y su debut ante las c\u00e1maras fue con seis meses de edad en &#8216;El gran circo de RTVE&#8217;. Tras aparecer en varios espect\u00e1culos de su abuelo, comenz\u00f3 a dar sus primeros pasos como actor infantil.<\/p>\n<p><!-- BREAK 2 --><\/p>\n<div class=\"article-asset article-asset-normal article-asset-center\">\n<div class=\"desvio-container\">\n<div class=\"desvio\">\n<div class=\"desvio-figure js-desvio-figure\">\n    <a href=\"https:\/\/www.espinof.com\/actores-y-actrices\/que-fue-jose-luis-fernandez-ser-pancho-verano-azul-a-atracar-a-senora-tener-problemas-su-adiccion-a-drogas\" class=\"pivot-outboundlink\" data-vars-post-title=\"Qu\u00e9 fue del Pancho de &#039;Verano azul&#039;, del \u00e9xito de la m\u00edtica serie espa\u00f1ola a atracar a una se\u00f1ora a mano armada\" target=\"_blank\" rel=\"noopener\"><br \/>\n     <img loading=\"lazy\" decoding=\"async\" alt=\"Qu\u00e9 fue del Pancho de 'Verano azul', del \u00e9xito de la m\u00edtica serie espa\u00f1ola a atracar a una se\u00f1ora a mano armada\" width=\"375\" height=\"142\" src=\"https:\/\/i.blogs.es\/8aa4cc\/verano-azul\/375_142.jpeg\"\/><br \/>\n    <\/a>\n   <\/div>\n<\/p><\/div>\n<\/p><\/div>\n<\/div>\n<p>Desde los 14 a\u00f1os, empez\u00f3 a aparecer en series como &#8216;Superguay&#8217; o &#8216;La guarder\u00eda&#8217;, pero no fue hasta 1997 que empez\u00f3 a asomarse de verdad al mundillo audiovisual, trabajando en los guiones de series como <a class=\"text-outboundlink\" href=\"https:\/\/www.espinof.com\/entretenimiento\/menudo-es-mi-padre-nostalgia-tv\" data-vars-post-title=\"&#039;Menudo es mi padre&#039;, Nostalgia TV\" data-vars-post-url=\"https:\/\/www.espinof.com\/entretenimiento\/menudo-es-mi-padre-nostalgia-tv\" target=\"_blank\" rel=\"noopener\">&#8216;Menudo es mi padre&#8217;<\/a> o &#8216;M\u00e1s que amigos&#8217;. No obstante, su momento estelar lleg\u00f3 cuando <strong>se meti\u00f3 por partida doble en &#8216;Compa\u00f1eros&#8217;, tanto en el guion como en el reparto<\/strong>.<\/p>\n<p><!-- BREAK 3 --> <\/p>\n<p>La fama le lleg\u00f3 gracias a dar vida a <strong>Luismi B\u00e1rcenas, uno de los chavales del instituto Azcona<\/strong> que protagonizaron esta comedia de instituto de Antena 3. All\u00ed coincidi\u00f3 con otros actores como Antonio Hortelano, <a class=\"text-outboundlink\" href=\"https:\/\/www.espinof.com\/actores-y-actrices\/que-fue-julian-gonzalez-estrella-juvenil-farmacia-guardia-companeros-a-dejar-tv-interiorismo\" data-vars-post-title=\"Qu\u00e9 fue de Juli\u00e1n Gonz\u00e1lez: el Guille de &#039;Farmacia de guardia&#039; dej\u00f3 la actuaci\u00f3n para dedicarse al interiorismo\" data-vars-post-url=\"https:\/\/www.espinof.com\/actores-y-actrices\/que-fue-julian-gonzalez-estrella-juvenil-farmacia-guardia-companeros-a-dejar-tv-interiorismo\" target=\"_blank\" rel=\"noopener\">Juli\u00e1n Gonz\u00e1lez<\/a> o Eva Santolaria, que no tardaron en convertirse en caras conocidas entre la juventud.<\/p>\n<p><!-- BREAK 4 --><\/p>\n<div class=\"article-asset-image article-asset-normal article-asset-center\">\n<div class=\"asset-content\">\n                   <img class=\"centro_sinmarco\" height=\"1350\" width=\"1800\" loading=\"lazy\" decoding=\"async\" sizes=\"auto, 100vw\" fetchpriority=\"high\" srcset=\"https:\/\/i.blogs.es\/280196\/companeros\/450_1000.png 450w, https:\/\/i.blogs.es\/280196\/companeros\/650_1200.png 681w,https:\/\/i.blogs.es\/280196\/companeros\/1024_2000.png 1024w, https:\/\/i.blogs.es\/280196\/companeros\/1366_2000.png 1366w\" src=\"https:\/\/i.blogs.es\/280196\/companeros\/450_1000.png\" alt=\"Companeros\"\/><br \/>\n   <img decoding=\"async\" alt=\"Companeros\" class=\"centro_sinmarco\" src=\"https:\/\/i.blogs.es\/280196\/companeros\/450_1000.png\"\/><\/p><\/div>\n<\/div>\n<p>La serie<strong> se emiti\u00f3 entre 1998 y 2002 en Antena 3 y acumul\u00f3 nueve temporadas y 121 episodios<\/strong>, por no hablar de que entremedias tuvo su propio pel\u00edcula,<strong> &#8216;No te fallar\u00e9&#8217;<\/strong>. Feij\u00f3o compagin\u00f3 la serie con presentar &#8216;Megal\u00edneas&#8217;, secci\u00f3n del popular contenedor infantil &#8216;Megatrix&#8217;.<\/p>\n<p><!-- BREAK 5 --><\/p>\n<p>Una vez concluy\u00f3 la serie, sigui\u00f3 trabajando en el medio durante la primera d\u00e9cada de los 2000, como guionista en la pel\u00edcula<strong> &#8216;Carlitos y el campo de los sue\u00f1os&#8217; <\/strong>y en series como &#8216;Tres son multitud&#8217; (donde tambi\u00e9n actuaba) y como actor en &#8216;Pobre juventud&#8217;, <a class=\"text-outboundlink\" href=\"https:\/\/www.espinof.com\/series-de-ficcion\/adaptacion-longeva-betty-fea-tenia-sabor-espanol-fue-exito-arrollador-doble-episodios-que-original\" data-vars-post-title=\"La adaptaci\u00f3n m\u00e1s longeva de &#039;Betty la fea&#039; ten\u00eda sabor espa\u00f1ol y fue un \u00e9xito arrollador, con m\u00e1s del doble de episodios que la original\" data-vars-post-url=\"https:\/\/www.espinof.com\/series-de-ficcion\/adaptacion-longeva-betty-fea-tenia-sabor-espanol-fue-exito-arrollador-doble-episodios-que-original\" target=\"_blank\" rel=\"noopener\">&#8216;Yo soy Bea&#8217;<\/a>, <a class=\"text-outboundlink\" href=\"https:\/\/www.espinof.com\/series-de-ficcion\/el-pasado-es-manana-hoy\" data-vars-post-title=\"&quot;El pasado es ma\u00f1ana&quot; hoy\" data-vars-post-url=\"https:\/\/www.espinof.com\/series-de-ficcion\/el-pasado-es-manana-hoy\" target=\"_blank\" rel=\"noopener\">&#8216;El pasado es ma\u00f1ana&#8217;<\/a> o <a class=\"text-outboundlink\" href=\"https:\/\/www.espinof.com\/criticas\/cuenta-atras-elena-anaya-secuestrada-en-un-trepidante-thriller\" data-vars-post-title=\"&#039;Cuenta atr\u00e1s&#039;, Elena Anaya secuestrada en un trepidante thriller\" data-vars-post-url=\"https:\/\/www.espinof.com\/criticas\/cuenta-atras-elena-anaya-secuestrada-en-un-trepidante-thriller\" target=\"_blank\" rel=\"noopener\">&#8216;Cuenta atr\u00e1s&#8217;<\/a>. Por no hablar de<strong> <\/strong><a rel=\"noopener, noreferrer\" href=\"https:\/\/www.eldoblaje.com\/datos\/FichaPelicula.asp?id=15399\" target=\"_blank\">su incursi\u00f3n<\/a> en<strong> el doblaje de la pel\u00edcula de animaci\u00f3n &#8216;Joseph, rey de los sue\u00f1os&#8217;<\/strong> de <a class=\"text-outboundlink\" href=\"https:\/\/www.espinof.com\/listas\/todas-peliculas-dreamworks-ordenadas-peor-a-mejor\" data-vars-post-title=\"Todas las pel\u00edculas de DreamWorks ordenadas de peor a mejor: de &#039;Shrek&#039; a &#039;Robot Salvaje&#039;\" data-vars-post-url=\"https:\/\/www.espinof.com\/listas\/todas-peliculas-dreamworks-ordenadas-peor-a-mejor\" target=\"_blank\" rel=\"noopener\">DreamWorks<\/a> (solo ten\u00e9is que <a rel=\"noopener, noreferrer\" href=\"https:\/\/www.youtube.com\/watch?v=DsVuRTz3j7M&amp;ab_channel=VideoCult\" target=\"_blank\">escucharlo<\/a> un poco para ver por qu\u00e9 no hizo muchas m\u00e1s).<\/p>\n<p><!-- BREAK 6 --> <\/p>\n<div class=\"article-asset article-asset-normal article-asset-center\">\n<div class=\"desvio-container\">\n<div class=\"desvio\">\n<div class=\"desvio-figure js-desvio-figure\">\n    <a href=\"https:\/\/www.espinof.com\/actores-y-actrices\/que-fue-sofia-nieto-rebelde-hija-mayor-cuesta-aqui-no-hay-quien-viva-a-profesora-algebra-universidad\" class=\"pivot-outboundlink\" data-vars-post-title=\"Qu\u00e9 fue de Sof\u00eda Nieto, de la rebelde hija mayor de los Cuesta en &#039;Aqu\u00ed no hay quien viva&#039; a profesora de \u00e1lgebra en la universidad \" target=\"_blank\" rel=\"noopener\"><br \/>\n     <img loading=\"lazy\" decoding=\"async\" alt=\"Qu\u00e9 fue de Sof\u00eda Nieto, de la rebelde hija mayor de los Cuesta en 'Aqu\u00ed no hay quien viva' a profesora de \u00e1lgebra en la universidad \" width=\"375\" height=\"142\" src=\"https:\/\/i.blogs.es\/d43e55\/natalia\/375_142.jpeg\"\/><br \/>\n    <\/a>\n   <\/div>\n<\/p><\/div>\n<\/p><\/div>\n<\/div>\n<p>Adem\u00e1s, comenz\u00f3 a hacer <strong>mon\u00f3logos c\u00f3micos<\/strong>, cre\u00f3 y present\u00f3 el programa de humor y viajes &#8216;Los Escapistas&#8217;, as\u00ed como <strong>la serie de animaci\u00f3n de Disney Channel &#8216;Manu &amp; Monkey&#8217;<\/strong>. En la segunda d\u00e9cada de los 2000 no estuvo tan activo en ese \u00e1mbito, pero tambi\u00e9n tuvo varios proyectos destacables.<\/p>\n<p><!-- BREAK 7 --><\/p>\n<p>Cre\u00f3 y protagoniz\u00f3 <a class=\"text-outboundlink\" href=\"https:\/\/www.espinof.com\/criticas\/el-comienzo-de-colegas-falla-al-presentar-su-interesante-premisa\" data-vars-post-title=\"El comienzo de &#039;Colegas&#039; falla al presentar su interesante premisa\" data-vars-post-url=\"https:\/\/www.espinof.com\/criticas\/el-comienzo-de-colegas-falla-al-presentar-su-interesante-premisa\" target=\"_blank\" rel=\"noopener\">&#8216;Colegas&#8217;<\/a> (2017-2018), una <strong>webserie centrada en actores que triunfaron hace 20 a\u00f1os<\/strong>, y el programa &#8216;Magic Mania&#8217; (2015), centrado en otro de sus temas favoritos: la magia y el ilusionismo. Quiz\u00e1 su trabajo m\u00e1s conocido desde entonces fue como la mente creadora de <a class=\"text-outboundlink\" href=\"https:\/\/www.espinof.com\/criticas\/insiders-quiere-ser-revolucion-primer-reality-espanol-netflix-se-complica-demasiado-buscando-sorpresa\" data-vars-post-title=\"&#039;Insiders&#039; quiere ser una revoluci\u00f3n, pero el primer reality espa\u00f1ol de Netflix se complica demasiado buscando la sorpresa \" data-vars-post-url=\"https:\/\/www.espinof.com\/criticas\/insiders-quiere-ser-revolucion-primer-reality-espanol-netflix-se-complica-demasiado-buscando-sorpresa\" target=\"_blank\" rel=\"noopener\">&#8216;Insiders&#8217;<\/a>, <strong>el programa de Netflix en el que los concursantes cre\u00edan estar en un casting para un reality<\/strong>, cuando en realidad ya hab\u00eda empezado.<\/p>\n<p><!-- BREAK 8 --><\/p>\n<div class=\"article-asset-image article-asset-normal article-asset-center\">\n<div class=\"asset-content\">\n<div class=\"caption-img \">\n                   <img class=\"centro_sinmarco\" height=\"386\" width=\"686\" loading=\"lazy\" decoding=\"async\" sizes=\"auto, 100vw\" fetchpriority=\"high\" srcset=\"https:\/\/i.blogs.es\/d41662\/manuel-feijoo\/450_1000.jpeg 450w, https:\/\/i.blogs.es\/d41662\/manuel-feijoo\/650_1200.jpeg 681w,https:\/\/i.blogs.es\/d41662\/manuel-feijoo\/1024_2000.jpeg 1024w, https:\/\/i.blogs.es\/d41662\/manuel-feijoo\/1366_2000.jpeg 1366w\" src=\"https:\/\/i.blogs.es\/d41662\/manuel-feijoo\/450_1000.jpeg\" alt=\"Manuel Feijoo\"\/><br \/>\n   <img decoding=\"async\" alt=\"Manuel Feijoo\" class=\"centro_sinmarco\" src=\"https:\/\/i.blogs.es\/d41662\/manuel-feijoo\/450_1000.jpeg\"\/><\/p>\n<p>        <span>Manuel Feij\u00f3o en su podcast, &#8216;Hablando bonito&#8217; (2024)<\/span>\n   <\/div>\n<\/p><\/div>\n<\/div>\n<p>Lo m\u00e1s reciente que hemos podido ver de \u00e9l como actor es su breve intervenci\u00f3n en <a class=\"text-outboundlink\" href=\"https:\/\/www.espinof.com\/criticas\/fisica-quimica-reencuentro-regalo-para-fans-atresplayer-reune-a-zurbaran-miniserie-ligera\" data-vars-post-title=\"&#039;FoQ: el reencuentro&#039; es un regalo para los fans: Atresplayer re\u00fane a los del Zurbar\u00e1n en una miniserie ligera y nost\u00e1lgica\" data-vars-post-url=\"https:\/\/www.espinof.com\/criticas\/fisica-quimica-reencuentro-regalo-para-fans-atresplayer-reune-a-zurbaran-miniserie-ligera\" target=\"_blank\" rel=\"noopener\">&#8216;F\u00edsica o qu\u00edmica: el reencuentro&#8217;<\/a> en 2021. Desde hace ya alg\u00fan tiempo, Feij\u00f3o se ha centrado m\u00e1s en otras facetas de su carrera, en el especial la de conferenciante. <strong>Ha dado varias charlas TEDx de car\u00e1cter motivacional<\/strong> y sobre la labor de Miliki y otros payasos.<\/p>\n<p><!-- BREAK 9 --><\/p>\n<p>Seg\u00fan su perfil de LinkedIn, sigue trabajando como presentador y guionista, adem\u00e1s de <strong>llevar el podcast Hablando Bonito desde 2024<\/strong>, donde cuenta con invitados para tratar temas parecidos a los de sus charlas.<\/p>\n<p><!-- BREAK 10 --> <\/p>\n<p>En Espinof | <a class=\"text-outboundlink\" href=\"https:\/\/www.espinof.com\/presentadores\/que-fue-jordi-cruz-presentador-art-attack-que-desaparecio-television-volvio-compania-rubius\" data-vars-post-title=\"Qu\u00e9 fue de Jordi Cruz, el presentador de &#039;Art Attack&#039; que desapareci\u00f3 de la televisi\u00f3n y volvi\u00f3 en compa\u00f1\u00eda del Rubius\" data-vars-post-url=\"https:\/\/www.espinof.com\/presentadores\/que-fue-jordi-cruz-presentador-art-attack-que-desaparecio-television-volvio-compania-rubius\" target=\"_blank\" rel=\"noopener\">Qu\u00e9 fue de Jordi Cruz, el presentador de &#8216;Art Attack&#8217; que desapareci\u00f3 de la televisi\u00f3n y volvi\u00f3 en compa\u00f1\u00eda del Rubius<\/a><\/p>\n<p>En Espinof | <a class=\"text-outboundlink\" href=\"https:\/\/www.espinof.com\/listas\/mejores-series-terror-2024\" data-vars-post-title=\"Las 11 mejores series de terror de 2024\" data-vars-post-url=\"https:\/\/www.espinof.com\/listas\/mejores-series-terror-2024\" target=\"_blank\" rel=\"noopener\">Las mejores series de terror de 2024<\/a><\/p>\n<\/p><\/div>\n<p><a href=\"https:\/\/www.espinof.com\/actores-y-actrices\/que-fue-manuel-feijoo-nieto-miliki-que-salto-a-fama-companeros-acabo-dando-conferencias-motivacionales\" class=\" target=\" title=\"Qu\u00e9 fue de Manuel Feij\u00f3o, el nieto de Miliki que salt\u00f3 a la fama con &#039;Compa\u00f1eros&#039; y acab\u00f3 dando conferencias motivacionales\" target=\"_blank\" rel=\"noopener\">Ver fuente<\/a><\/p>\n","protected":false},"excerpt":{"rendered":"<p>Es curioso ver c\u00f3mo evoluciona la carrera de int\u00e9rpretes que comenzaron j\u00f3venes en el medio, en especial la de aquellos que vira hacia otros lugares aparte de la actuaci\u00f3n. Como es el caso de muchos actores de &#8216;Compa\u00f1eros&#8217; y los derroteros que adquirieron sus vidas despu\u00e9s de la m\u00edtica serie. \u00bfQu\u00e9 fue de Manuel Feij\u00f3o? [&hellip;]<\/p>\n","protected":false},"author":2,"featured_media":48176,"comment_status":"open","ping_status":"closed","sticky":false,"template":"","format":"standard","meta":{"footnotes":""},"categories":[8],"tags":[],"class_list":["post-48175","post","type-post","status-publish","format-standard","has-post-thumbnail","hentry","category-entretenimiento"],"_links":{"self":[{"href":"https:\/\/enfoquenoticioso.com\/index.php?rest_route=\/wp\/v2\/posts\/48175","targetHints":{"allow":["GET"]}}],"collection":[{"href":"https:\/\/enfoquenoticioso.com\/index.php?rest_route=\/wp\/v2\/posts"}],"about":[{"href":"https:\/\/enfoquenoticioso.com\/index.php?rest_route=\/wp\/v2\/types\/post"}],"author":[{"embeddable":true,"href":"https:\/\/enfoquenoticioso.com\/index.php?rest_route=\/wp\/v2\/users\/2"}],"replies":[{"embeddable":true,"href":"https:\/\/enfoquenoticioso.com\/index.php?rest_route=%2Fwp%2Fv2%2Fcomments&post=48175"}],"version-history":[{"count":0,"href":"https:\/\/enfoquenoticioso.com\/index.php?rest_route=\/wp\/v2\/posts\/48175\/revisions"}],"wp:featuredmedia":[{"embeddable":true,"href":"https:\/\/enfoquenoticioso.com\/index.php?rest_route=\/wp\/v2\/media\/48176"}],"wp:attachment":[{"href":"https:\/\/enfoquenoticioso.com\/index.php?rest_route=%2Fwp%2Fv2%2Fmedia&parent=48175"}],"wp:term":[{"taxonomy":"category","embeddable":true,"href":"https:\/\/enfoquenoticioso.com\/index.php?rest_route=%2Fwp%2Fv2%2Fcategories&post=48175"},{"taxonomy":"post_tag","embeddable":true,"href":"https:\/\/enfoquenoticioso.com\/index.php?rest_route=%2Fwp%2Fv2%2Ftags&post=48175"}],"curies":[{"name":"wp","href":"https:\/\/api.w.org\/{rel}","templated":true}]}}