{"id":48193,"date":"2025-02-04T19:19:34","date_gmt":"2025-02-04T19:19:34","guid":{"rendered":"https:\/\/enfoquenoticioso.com\/entretenimiento\/aseguran-que-busca-salvar-sus-demas-nominaciones\/"},"modified":"2025-02-04T19:19:34","modified_gmt":"2025-02-04T19:19:34","slug":"aseguran-que-busca-salvar-sus-demas-nominaciones","status":"publish","type":"post","link":"https:\/\/enfoquenoticioso.com\/?p=48193","title":{"rendered":"aseguran que busca &#8216;salvar&#8217; sus dem\u00e1s nominaciones"},"content":{"rendered":"<div>\n<p>La pel\u00edcula &#8216;Emilia P\u00e9rez&#8217; de Netflix, que lidera las nominaciones a los Premios <a class=\"text-outboundlink\" href=\"https:\/\/www.espinof.com\/premios-oscar\/emilia-perez-rompe-record-que-deja-muy-atras-cinta-alfonso-cuaron-hace-historia-sus-nominaciones-a-premios-oscar\" data-vars-post-title=\"&#039;Emilia P\u00e9rez&#039; hace historia en los Premios \u00d3scar dejando muy atr\u00e1s una cinta de Alfonso Cuar\u00f3n que marc\u00f3 la pauta en el cine de habla hispana\" data-vars-post-url=\"https:\/\/www.espinof.com\/premios-oscar\/emilia-perez-rompe-record-que-deja-muy-atras-cinta-alfonso-cuaron-hace-historia-sus-nominaciones-a-premios-oscar\" target=\"_blank\" rel=\"noopener\">\u00d3scar con 13 candidaturas<\/a>, se ha visto envuelta en una controversia que ha llevado a la plataforma a distanciarse de su protagonista, <a class=\"text-outboundlink\" href=\"https:\/\/www.espinof.com\/actores-y-actrices\/karla-sofia-gascon-habia-hecho-historia-mexico-asi-fue-su-paso-peliculas-taquilleras-historia-pais\" data-vars-post-title=\"Karla Sof\u00eda Gasc\u00f3n ya hab\u00eda hecho historia en M\u00e9xico: antes de &#039;Emilia P\u00e9rez&#039; conquist\u00f3 el cine con una de las pel\u00edculas m\u00e1s taquilleras del pa\u00eds\" data-vars-post-url=\"https:\/\/www.espinof.com\/actores-y-actrices\/karla-sofia-gascon-habia-hecho-historia-mexico-asi-fue-su-paso-peliculas-taquilleras-historia-pais\" target=\"_blank\" rel=\"noopener\">Karla Sof\u00eda Gasc\u00f3n<\/a>. Esta decisi\u00f3n surge tras la reaparici\u00f3n de <a class=\"text-outboundlink\" href=\"https:\/\/www.espinof.com\/actores-y-actrices\/carrera-al-oscar-karla-sofia-gascon-sigue-tambaleandose-a-vez-que-resurgen-viejos-tweets-racistas-cuantas-veces-historia-tendra-que-expulsar-a-moros-espana\" data-vars-post-title=\"Karla Sof\u00eda Gasc\u00f3n se disculpa por sus viejos tweets racistas en plena campa\u00f1a de los Oscars. &quot;Lamento profundamente haber causado dolor&quot;\" data-vars-post-url=\"https:\/\/www.espinof.com\/actores-y-actrices\/carrera-al-oscar-karla-sofia-gascon-sigue-tambaleandose-a-vez-que-resurgen-viejos-tweets-racistas-cuantas-veces-historia-tendra-que-expulsar-a-moros-espana\" target=\"_blank\" rel=\"noopener\">antiguos tuits de la actriz<\/a>, <strong>considerados ofensivos y racistas<\/strong>, que han generado una ola de cr\u00edticas y podr\u00edan poner en riesgo las posibilidades de \u00e9xito de la pel\u00edcula en la pr\u00f3xima ceremonia de los \u00d3scar.<\/p>\n<p><!-- BREAK 1 --> <\/p>\n<p>Gasc\u00f3n, quien hizo historia al ser la primera actriz trans nominada al \u00d3scar por su papel en &#8216;Emilia P\u00e9rez&#8217;, se encuentra en el centro de la pol\u00e9mica debido a comentarios en redes sociales <strong>que han sido calificados como racistas e islam\u00f3fobos<\/strong>.<\/p>\n<p><!-- BREAK 2 --><\/p>\n<p>En estos mensajes, la actriz realiz\u00f3 declaraciones ofensivas sobre George Floyd y expres\u00f3 cr\u00edticas hacia las reivindicaciones sociales <strong>en la gala de los \u00d3scar de 2021<\/strong>. Aunque Gasc\u00f3n ha emitido disculpas p\u00fablicas, estas no han sido bien recibidas por el p\u00fablico ni por la industria cinematogr\u00e1fica.<\/p>\n<p><!-- BREAK 3 --> <\/p>\n<p>Ante esta situaci\u00f3n, seg\u00fan reporta <a rel=\"noopener, noreferrer\" href=\"https:\/\/www.hollywoodreporter.com\/movies\/movie-news\/karla-sofia-gascon-removed-from-emilia-perez-oscar-campaign-1236126616\/\" target=\"_blank\">The Hollywood Reporter<\/a>, Netflix ha decidido <strong>apartar a Gasc\u00f3n de la campa\u00f1a promocional<\/strong> de &#8216;Emilia P\u00e9rez&#8217; en Estados Unidos. La plataforma ha dejado de financiar sus viajes a eventos clave de la temporada de premios y ha eliminado su imagen de los materiales promocionales.<\/p>\n<p><!-- BREAK 4 --><\/p>\n<div class=\"article-asset article-asset-normal article-asset-center\">\n<div class=\"desvio-container\">\n<div class=\"desvio\">\n<div class=\"desvio-figure js-desvio-figure\">\n    <a href=\"https:\/\/www.xataka.com\/magnet\/japon-lleva-seis-dias-tratando-sacar-a-hombre-agujero-problema-que-agujero-grande-cada-dia#mrfhud=true\" class=\"pivot-outboundlink\" target=\"_blank\" data-vars-post-title=\"Jap\u00f3n lleva seis d\u00edas tratando de sacar a un hombre de un agujero. El problema es que cada d\u00eda que pasa es m\u00e1s grande\" rel=\"noopener\"><br \/>\n     <img loading=\"lazy\" decoding=\"async\" alt=\"Jap\u00f3n lleva seis d\u00edas tratando de sacar a un hombre de un agujero. El problema es que cada d\u00eda que pasa es m\u00e1s grande\" width=\"375\" height=\"142\" src=\"https:\/\/i.blogs.es\/3cd07f\/8795082705_e15e41113d_k\/375_142.jpeg\"\/><br \/>\n    <\/a>\n   <\/div>\n<\/p><\/div>\n<\/p><\/div>\n<\/div>\n<p>Adem\u00e1s, la comunicaci\u00f3n entre Netflix y la actriz se mantiene <strong>\u00fanicamente a trav\u00e9s de su agente<\/strong>, y, aunque en un principio se especulaba <a class=\"text-outboundlink\" href=\"https:\/\/www.trendencias.com\/celebrities\/karla-sofia-gascon-se-niega-a-renunciar-al-oscar-concede-su-entrevista-polemica-no-he-cometido-crimen\" data-vars-post-title=\"Karla Sof\u00eda Gasc\u00f3n se niega a renunciar al \u00d3scar y concede su entrevista m\u00e1s pol\u00e9mica: &quot;No he cometido un crimen&quot; \" data-vars-post-url=\"https:\/\/www.trendencias.com\/celebrities\/karla-sofia-gascon-se-niega-a-renunciar-al-oscar-concede-su-entrevista-polemica-no-he-cometido-crimen\" target=\"_blank\" rel=\"noopener\">que ella podr\u00eda renunciar a su nominaci\u00f3n<\/a>, lo cierto es que varias personas de la industria han dejado en claro que, en caso de que asista a premiaciones o eventos como los Premio Virtuoso, el almuerzo de los Premios AFI y la entrega de los los Critics Choice Awards, <strong>prefieren no asistir <\/strong>\u00abpor temor a que las cosas pudieran ponerse muy inc\u00f3modas con ella all\u00ed\u00bb.<\/p>\n<p><!-- BREAK 5 --><\/p>\n<p>Sin embargo, en Espa\u00f1a la cosa pinta diferente, ya que, con la entrega de los <a class=\"text-outboundlink\" href=\"https:\/\/www.espinof.com\/premios-goya\/todos-nominados-a-premios-goya-2025-47-segundo-premio-infiltrada-arrasan-otro-desaire-a-almodovar\" data-vars-post-title=\"Premios Goya 2025: nominados, favoritos y fecha de la gala del cine espa\u00f1ol\" data-vars-post-url=\"https:\/\/www.espinof.com\/premios-goya\/todos-nominados-a-premios-goya-2025-47-segundo-premio-infiltrada-arrasan-otro-desaire-a-almodovar\" target=\"_blank\" rel=\"noopener\">Premios Goya<\/a> programada para este s\u00e1bado, Karla Sof\u00eda puede hacer acto de presencia para reafirmar su estatus como referente de la comunidad LGBT en dichos galardones.<\/p>\n<p><!-- BREAK 6 --> <\/p>\n<div id=\"ez-toc-container\" class=\"ez-toc-v2_0_81 counter-hierarchy ez-toc-counter ez-toc-grey ez-toc-container-direction\">\n<div class=\"ez-toc-title-container\">\n<p class=\"ez-toc-title\" style=\"cursor:inherit\">Tabla de Contenido<\/p>\n<span class=\"ez-toc-title-toggle\"><a href=\"#\" class=\"ez-toc-pull-right ez-toc-btn ez-toc-btn-xs ez-toc-btn-default ez-toc-toggle\" aria-label=\"Alternar tabla de contenidos\"><span class=\"ez-toc-js-icon-con\"><span class=\"\"><span class=\"eztoc-hide\" style=\"display:none;\">Toggle<\/span><span class=\"ez-toc-icon-toggle-span\"><svg style=\"fill: #999;color:#999\" xmlns=\"http:\/\/www.w3.org\/2000\/svg\" class=\"list-377408\" width=\"20px\" height=\"20px\" viewBox=\"0 0 24 24\" fill=\"none\"><path d=\"M6 6H4v2h2V6zm14 0H8v2h12V6zM4 11h2v2H4v-2zm16 0H8v2h12v-2zM4 16h2v2H4v-2zm16 0H8v2h12v-2z\" fill=\"currentColor\"><\/path><\/svg><svg style=\"fill: #999;color:#999\" class=\"arrow-unsorted-368013\" xmlns=\"http:\/\/www.w3.org\/2000\/svg\" width=\"10px\" height=\"10px\" viewBox=\"0 0 24 24\" version=\"1.2\" baseProfile=\"tiny\"><path d=\"M18.2 9.3l-6.2-6.3-6.2 6.3c-.2.2-.3.4-.3.7s.1.5.3.7c.2.2.4.3.7.3h11c.3 0 .5-.1.7-.3.2-.2.3-.5.3-.7s-.1-.5-.3-.7zM5.8 14.7l6.2 6.3 6.2-6.3c.2-.2.3-.5.3-.7s-.1-.5-.3-.7c-.2-.2-.4-.3-.7-.3h-11c-.3 0-.5.1-.7.3-.2.2-.3.5-.3.7s.1.5.3.7z\"\/><\/svg><\/span><\/span><\/span><\/a><\/span><\/div>\n<nav><ul class='ez-toc-list ez-toc-list-level-1 ' ><li class='ez-toc-page-1 ez-toc-heading-level-3'><a class=\"ez-toc-link ez-toc-heading-1\" href=\"https:\/\/enfoquenoticioso.com\/?p=48193\/#Netflix_promociona_%E2%80%98Emilia_Perez%E2%80%A6_pero_sin_Karla_Sofia\" >Netflix promociona &#8216;Emilia P\u00e9rez&#8217;&#8230; pero sin Karla Sof\u00eda<\/a><\/li><\/ul><\/nav><\/div>\n<h3><span class=\"ez-toc-section\" id=\"Netflix_promociona_%E2%80%98Emilia_Perez%E2%80%A6_pero_sin_Karla_Sofia\"><\/span>Netflix promociona &#8216;Emilia P\u00e9rez&#8217;&#8230; pero sin Karla Sof\u00eda<span class=\"ez-toc-section-end\"><\/span><\/h3>\n<p>Esta controversia no solo afecta a Gasc\u00f3n, sino que tambi\u00e9n pone en riesgo las m\u00faltiples nominaciones de &#8216;Emilia P\u00e9rez&#8217;, incluyendo categor\u00edas como Mejor Actriz, Mejor Actriz de Reparto, Mejor Canci\u00f3n Original y Mejor Pel\u00edcula Internacional. La pel\u00edcula ya hab\u00eda enfrentado cr\u00edticas <strong>por su representaci\u00f3n de las comunidades trans y latinas<\/strong>, y este esc\u00e1ndalo a\u00f1ade una nueva capa de complejidad a su campa\u00f1a hacia los \u00d3scar.<\/p>\n<p><!-- BREAK 7 --><\/p>\n<div class=\"article-asset-image article-asset-normal article-asset-center\">\n<div class=\"asset-content\">\n                   <img class=\"centro_sinmarco\" height=\"1454\" width=\"1939\" loading=\"lazy\" decoding=\"async\" sizes=\"auto, 100vw\" fetchpriority=\"high\" srcset=\"https:\/\/i.blogs.es\/3e2d6d\/gbugm-ix0aaouc-\/450_1000.jpeg 450w, https:\/\/i.blogs.es\/3e2d6d\/gbugm-ix0aaouc-\/650_1200.jpeg 681w,https:\/\/i.blogs.es\/3e2d6d\/gbugm-ix0aaouc-\/1024_2000.jpeg 1024w, https:\/\/i.blogs.es\/3e2d6d\/gbugm-ix0aaouc-\/1366_2000.jpeg 1366w\" src=\"https:\/\/i.blogs.es\/3e2d6d\/gbugm-ix0aaouc-\/450_1000.jpeg\" alt=\"Gbugm Ix0aaouc\"\/><br \/>\n   <img decoding=\"async\" alt=\"Gbugm Ix0aaouc\" class=\"centro_sinmarco\" src=\"https:\/\/i.blogs.es\/3e2d6d\/gbugm-ix0aaouc-\/450_1000.jpeg\"\/><\/p><\/div>\n<\/div>\n<p>Tal como lo afirm\u00f3 THR en su art\u00edculo, Gasc\u00f3n <strong>ya ha sido eliminada de los correos electr\u00f3nicos masivos<\/strong> y de los anuncios que promocionan la pel\u00edcula para los premios.\u00a0<\/p>\n<p><!-- BREAK 8 --><\/p>\n<p>Aunque adaptar la publicidad exterior llevar\u00e1 m\u00e1s tiempo, algunas vallas publicitarias que hasta hora mostraban im\u00e1genes de Gasc\u00f3n pronto destacar\u00e1n a otros miembros del elenco adem\u00e1s de ella o de forma exclusiva, sobre todo la de Zoe Salda\u00f1a, que es una fuerte contendiente para llevarse el \u00d3scar a mejor actriz de reparto.<\/p>\n<p><!-- BREAK 9 --><\/p>\n<p>A pesar de estos desaf\u00edos, &#8216;Emilia P\u00e9rez&#8217; a\u00fan cuenta con apoyo dentro de la industria y mantiene sus 13 nominaciones, lo que la convierte en una de las pel\u00edculas m\u00e1s destacadas de la temporada. Sin embargo, la controversia en torno a Gasc\u00f3n <strong>podr\u00eda influir en las decisiones de los votantes de la Academia<\/strong> y afectar las posibilidades de la pel\u00edcula en la ceremonia del 2 de marzo, ya que la ronda de votaciones entra en su etapa final el pr\u00f3ximo 11 de febrero.<\/p>\n<p><!-- BREAK 10 --> <\/p>\n<p>Fotos de <a rel=\"noopener, noreferrer\" href=\"https:\/\/x.com\/MrEAnders\">eric<\/a><\/p>\n<p>En Espinof | <a class=\"text-outboundlink\" href=\"https:\/\/www.espinof.com\/listas\/mejores-peliculas-2025\" data-vars-post-title=\"Las 8 mejores pel\u00edculas de 2025 (por ahora)\" data-vars-post-url=\"https:\/\/www.espinof.com\/listas\/mejores-peliculas-2025\" target=\"_blank\" rel=\"noopener\">Las 8 mejores pel\u00edculas de 2025 (por ahora)<\/a><\/p>\n<p>En Espinof | <a class=\"text-outboundlink\" href=\"https:\/\/www.espinof.com\/listas\/peliculas-esperadas-2025\" data-vars-post-title=\"Las 47 pel\u00edculas m\u00e1s esperadas de 2025 y los mejores estrenos del a\u00f1o: &#039;Avatar 3&#039;, el regreso de John Wick, &#039;Misi\u00f3n Imposible 8&#039;, &#039;Jurassic World 4&#039; y muchas m\u00e1s\" data-vars-post-url=\"https:\/\/www.espinof.com\/listas\/peliculas-esperadas-2025\" target=\"_blank\" rel=\"noopener\">Las 47 pel\u00edculas m\u00e1s esperadas de 2025 y los mejores estrenos del a\u00f1o: &#8216;Avatar 3&#8217;, el regreso de John Wick, &#8216;Misi\u00f3n Imposible 8&#8217;, &#8216;Jurassic World 4&#8217; y muchas m\u00e1s<\/a><\/p>\n<p><!-- BREAK 11 --><\/p><\/div>\n<p><a href=\"https:\/\/www.espinof.com\/netflix\/netflix-deja-fuera-a-karla-sofia-gascon-promocion-emilia-perez-rumbo-a-oscar-aseguran-que-busca-salvar-sus-demas-nominaciones\" class=\" target=\" title=\"aseguran que busca &#039;salvar&#039; sus dem\u00e1s nominaciones\" target=\"_blank\" rel=\"noopener\">Ver fuente<\/a><\/p>\n","protected":false},"excerpt":{"rendered":"<p>La pel\u00edcula &#8216;Emilia P\u00e9rez&#8217; de Netflix, que lidera las nominaciones a los Premios \u00d3scar con 13 candidaturas, se ha visto envuelta en una controversia que ha llevado a la plataforma a distanciarse de su protagonista, Karla Sof\u00eda Gasc\u00f3n. Esta decisi\u00f3n surge tras la reaparici\u00f3n de antiguos tuits de la actriz, considerados ofensivos y racistas, que [&hellip;]<\/p>\n","protected":false},"author":2,"featured_media":48194,"comment_status":"open","ping_status":"closed","sticky":false,"template":"","format":"standard","meta":{"footnotes":""},"categories":[8],"tags":[],"class_list":["post-48193","post","type-post","status-publish","format-standard","has-post-thumbnail","hentry","category-entretenimiento"],"_links":{"self":[{"href":"https:\/\/enfoquenoticioso.com\/index.php?rest_route=\/wp\/v2\/posts\/48193","targetHints":{"allow":["GET"]}}],"collection":[{"href":"https:\/\/enfoquenoticioso.com\/index.php?rest_route=\/wp\/v2\/posts"}],"about":[{"href":"https:\/\/enfoquenoticioso.com\/index.php?rest_route=\/wp\/v2\/types\/post"}],"author":[{"embeddable":true,"href":"https:\/\/enfoquenoticioso.com\/index.php?rest_route=\/wp\/v2\/users\/2"}],"replies":[{"embeddable":true,"href":"https:\/\/enfoquenoticioso.com\/index.php?rest_route=%2Fwp%2Fv2%2Fcomments&post=48193"}],"version-history":[{"count":0,"href":"https:\/\/enfoquenoticioso.com\/index.php?rest_route=\/wp\/v2\/posts\/48193\/revisions"}],"wp:featuredmedia":[{"embeddable":true,"href":"https:\/\/enfoquenoticioso.com\/index.php?rest_route=\/wp\/v2\/media\/48194"}],"wp:attachment":[{"href":"https:\/\/enfoquenoticioso.com\/index.php?rest_route=%2Fwp%2Fv2%2Fmedia&parent=48193"}],"wp:term":[{"taxonomy":"category","embeddable":true,"href":"https:\/\/enfoquenoticioso.com\/index.php?rest_route=%2Fwp%2Fv2%2Fcategories&post=48193"},{"taxonomy":"post_tag","embeddable":true,"href":"https:\/\/enfoquenoticioso.com\/index.php?rest_route=%2Fwp%2Fv2%2Ftags&post=48193"}],"curies":[{"name":"wp","href":"https:\/\/api.w.org\/{rel}","templated":true}]}}