{"id":48204,"date":"2025-02-04T20:50:55","date_gmt":"2025-02-04T20:50:55","guid":{"rendered":"https:\/\/enfoquenoticioso.com\/entretenimiento\/hay-prioridades-diferentes-los-creadores-de-the-last-of-us-explican-por-que-la-abby-de-la-serie-no-esta-tan-cachas-como-su-version-poligonal\/"},"modified":"2025-02-04T20:50:55","modified_gmt":"2025-02-04T20:50:55","slug":"hay-prioridades-diferentes-los-creadores-de-the-last-of-us-explican-por-que-la-abby-de-la-serie-no-esta-tan-cachas-como-su-version-poligonal","status":"publish","type":"post","link":"https:\/\/enfoquenoticioso.com\/?p=48204","title":{"rendered":"\u201cHay prioridades diferentes\u201d. Los creadores de \u2018The Last of Us\u2019 explican por qu\u00e9 la Abby de la serie no est\u00e1 tan cachas como su versi\u00f3n poligonal"},"content":{"rendered":"<div>\n<p>Adem\u00e1s de si tendr\u00e1n o no el valor para empezar la segunda temporada como los que jugamos al videojuego sabemos \u2014cruzo los dedos muy fuerte\u2014, una de las grandes preguntas que han girado en torno al regreso de la versi\u00f3n cat\u00f3dica de <a class=\"text-outboundlink\" href=\"https:\/\/www.espinof.com\/fecha-de-estreno\/the-last-of-us-temporada-2-fecha-estreno-trailer-todo-que-sabemos-serie-hbo-pedro-pascal-bella-ramsey\" data-vars-post-title=\"&#039;The Last of Us&#039;,  temporada 2 - tr\u00e1iler y todo lo que sabemos de los nuevos episodios de la serie de HBO con Pedro Pascal y Bella Ramsey\" data-vars-post-url=\"https:\/\/www.espinof.com\/fecha-de-estreno\/the-last-of-us-temporada-2-fecha-estreno-trailer-todo-que-sabemos-serie-hbo-pedro-pascal-bella-ramsey\" target=\"_blank\" rel=\"noopener\">&#8216;The Last of Us&#8217;<\/a> desde que se anunci\u00f3 fue qui\u00e9n ser\u00eda la encargada de dar vida a <strong>uno de los personajes m\u00e1s controvertidos y mejor escritos<\/strong> de la obra maestra de Neil Druckmann: la complej\u00edsima Abby.<\/p>\n<p><!-- BREAK 1 --> <\/p>\n<p>Cuando se supo que Kaitlyn Dever se pondr\u00eda en la piel de la superviviente nata y eterna rival de Ellie, el ej\u00e9rcito de \u00abfans literales\u00bb, esos que no conciben la laxitud del concepto de adaptaci\u00f3n, comenzaron a poner en duda las aptitudes de la actriz en lo que respecta al f\u00edsico. <strong>Despu\u00e9s de todo, Abby est\u00e1 MAMAD\u00cdSIMA<\/strong> \u2014as\u00ed, en may\u00fasculas\u2014, y el f\u00edsico de Dever no parec\u00eda casar al 100% en el momento del casting con el referente poligonal.<\/p>\n<p><!-- BREAK 2 --><\/p>\n<div id=\"ez-toc-container\" class=\"ez-toc-v2_0_81 counter-hierarchy ez-toc-counter ez-toc-grey ez-toc-container-direction\">\n<div class=\"ez-toc-title-container\">\n<p class=\"ez-toc-title\" style=\"cursor:inherit\">Tabla de Contenido<\/p>\n<span class=\"ez-toc-title-toggle\"><a href=\"#\" class=\"ez-toc-pull-right ez-toc-btn ez-toc-btn-xs ez-toc-btn-default ez-toc-toggle\" aria-label=\"Alternar tabla de contenidos\"><span class=\"ez-toc-js-icon-con\"><span class=\"\"><span class=\"eztoc-hide\" style=\"display:none;\">Toggle<\/span><span class=\"ez-toc-icon-toggle-span\"><svg style=\"fill: #999;color:#999\" xmlns=\"http:\/\/www.w3.org\/2000\/svg\" class=\"list-377408\" width=\"20px\" height=\"20px\" viewBox=\"0 0 24 24\" fill=\"none\"><path d=\"M6 6H4v2h2V6zm14 0H8v2h12V6zM4 11h2v2H4v-2zm16 0H8v2h12v-2zM4 16h2v2H4v-2zm16 0H8v2h12v-2z\" fill=\"currentColor\"><\/path><\/svg><svg style=\"fill: #999;color:#999\" class=\"arrow-unsorted-368013\" xmlns=\"http:\/\/www.w3.org\/2000\/svg\" width=\"10px\" height=\"10px\" viewBox=\"0 0 24 24\" version=\"1.2\" baseProfile=\"tiny\"><path d=\"M18.2 9.3l-6.2-6.3-6.2 6.3c-.2.2-.3.4-.3.7s.1.5.3.7c.2.2.4.3.7.3h11c.3 0 .5-.1.7-.3.2-.2.3-.5.3-.7s-.1-.5-.3-.7zM5.8 14.7l6.2 6.3 6.2-6.3c.2-.2.3-.5.3-.7s-.1-.5-.3-.7c-.2-.2-.4-.3-.7-.3h-11c-.3 0-.5.1-.7.3-.2.2-.3.5-.3.7s.1.5.3.7z\"\/><\/svg><\/span><\/span><\/span><\/a><\/span><\/div>\n<nav><ul class='ez-toc-list ez-toc-list-level-1 ' ><li class='ez-toc-page-1 ez-toc-heading-level-2'><a class=\"ez-toc-link ez-toc-heading-1\" href=\"https:\/\/enfoquenoticioso.com\/?p=48204\/#Muscular_o_no_muscular_he_ahi_la_cuestion\" >Muscular o no muscular, he ah\u00ed la cuesti\u00f3n<\/a><\/li><\/ul><\/nav><\/div>\n<h2><span class=\"ez-toc-section\" id=\"Muscular_o_no_muscular_he_ahi_la_cuestion\"><\/span>Muscular o no muscular, he ah\u00ed la cuesti\u00f3n<span class=\"ez-toc-section-end\"><\/span><\/h2>\n<p>Pues bien, cuando hace un mes pudimos echar un primer vistazo en condiciones a la&#8230; \u00bfvillana? de la temporada 2 de &#8216;The Last of Us&#8217;, <strong>confirmamos que su apariencia no ser\u00e1 tan musculosa e intimidatoria<\/strong>. Para muchos ha supuesto un problema, pero para los showrunners y creadores de la serie, que Abby est\u00e9 cachas es algo totalmente secundario. Druckmann, compa\u00f1ero de fatigas de Craig Mazin en esta ardua empresa, explic\u00f3 a <a rel=\"noopener, noreferrer\" href=\"https:\/\/ew.com\/kaitlyn-dever-abby-the-last-of-us-didnt-need-muscles-exclusive-8784835\" target=\"_blank\">Entertainment Weekly<\/a> el porqu\u00e9.<\/p>\n<p><!-- BREAK 3 --> <\/p>\n<blockquote><p>\u00abNecesitamos a alguien que realmente capture la esencia de esos personajes&#8230; No valoramos tanto si &#8216;se ven exactamente como el personaje, con sus cejas, su nariz o su cuerpo&#8217;. Sea lo que sea. No es que no est\u00e9 en nuestra lista de prioridades, pero est\u00e1 por debajo de muchas otras cosas que consideramos\u00bb.<\/p><\/blockquote>\n<div class=\"article-asset article-asset-normal article-asset-center\">\n<div class=\"desvio-container\">\n<div class=\"desvio\">\n<div class=\"desvio-figure js-desvio-figure\">\n    <a href=\"https:\/\/www.espinof.com\/series-de-ficcion\/the-last-of-us-decisio-joel-como-serie-videojuego-dejan-clara-posicion-ellie-respecto-a-revelacion-final\" class=\"pivot-outboundlink\" data-vars-post-title=\"&#039;The Last of Us&#039; y la decisi\u00f3n final de Joel: c\u00f3mo la serie y el videojuego dejan clara la posici\u00f3n de Ellie en la \u00faltima escena\" target=\"_blank\" rel=\"noopener\"><br \/>\n     <img loading=\"lazy\" decoding=\"async\" alt=\"'The Last of Us' y la decisi\u00f3n final de Joel: c\u00f3mo la serie y el videojuego dejan clara la posici\u00f3n de Ellie en la \u00faltima escena\" width=\"375\" height=\"142\" src=\"https:\/\/i.blogs.es\/27010b\/captura-de-pantalla-2023-03-20-a-las-13.39.19\/375_142.jpeg\"\/><br \/>\n    <\/a>\n   <\/div>\n<\/p><\/div>\n<\/p><\/div>\n<\/div>\n<p>Para el bueno de Neil, <strong>la traducci\u00f3n de un medio activo a uno pasivo<\/strong> ha sido determinante para priorizar otros elementos en el casting.<\/p>\n<blockquote><p>\u00abHabr\u00edamos tenido dificultades para encontrar a alguien tan buena como Kaitlyn para este papel. En el juego, tienes que jugar con ambos personajes [Ellie y Abby] y necesit\u00e1bamos que se sintieran diferentes. Quer\u00edamos que Ellie pareciera m\u00e1s peque\u00f1a y \u00e1gil en sus movimientos, mientras que Abby estaba dise\u00f1ada para jugar m\u00e1s como Joel, en el sentido de que es casi una fuerza bruta capaz de manejar f\u00edsicamente ciertas situaciones. Eso no tiene un papel tan grande en esta versi\u00f3n de la historia porque no hay tanta acci\u00f3n violenta. Se trata m\u00e1s del drama. No estoy diciendo que aqu\u00ed no haya acci\u00f3n, solo que, de nuevo, hay prioridades diferentes en la manera en que la abordamos\u00bb.<\/p><\/blockquote>\n<p>Mazin <strong>redonde\u00f3<\/strong> as\u00ed el razonamiento de su compa\u00f1ero.<\/p>\n<blockquote><p>\u00abPersonalmente, creo que aqu\u00ed hay una oportunidad incre\u00edble para explorar a alguien que quiz\u00e1s sea f\u00edsicamente m\u00e1s vulnerable que la Abby del juego, pero cuyo esp\u00edritu es a\u00fan m\u00e1s fuerte. Y entonces la pregunta es: &#8216;\u00bfDe d\u00f3nde proviene su naturaleza imponente y c\u00f3mo se manifiesta?&#8217; Eso es algo que exploraremos ahora y m\u00e1s adelante\u00bb.<\/p><\/blockquote>\n<p>La segunda temporada de &#8216;The Last of Us&#8217; llegar\u00e1 a nuestras pantallas <strong>el pr\u00f3ximo mes de abril<\/strong>. Decir que hay ganazas es poco.<\/p>\n<p>En Espinof | <a class=\"text-outboundlink\" href=\"https:\/\/www.espinof.com\/listas\/edad-oscura-videojuego-cine-que-antes-super-mario-bros-pelicula-the-last-of-us-mala-fama-adaptaciones-estaba-justificada\" data-vars-post-title=\"La edad oscura del videojuego en el cine: por qu\u00e9 antes de &#039;Super Mario Bros. La pelicula&#039; o &#039;The Last of Us&#039; la mala fama de las adaptaciones estaba justificada\" data-vars-post-url=\"https:\/\/www.espinof.com\/listas\/edad-oscura-videojuego-cine-que-antes-super-mario-bros-pelicula-the-last-of-us-mala-fama-adaptaciones-estaba-justificada\" target=\"_blank\" rel=\"noopener\">Por qu\u00e9 la mala fama de las adaptaciones de videojuegos estaba justificada<\/a><\/p>\n<p>En Espinof | <a class=\"text-outboundlink\" href=\"https:\/\/www.espinof.com\/listas\/mejores-series-historia-hbo\" data-vars-post-title=\"Las mejores series de la historia de HBO\" data-vars-post-url=\"https:\/\/www.espinof.com\/listas\/mejores-series-historia-hbo\" target=\"_blank\" rel=\"noopener\">Las mejores series de la historia de HBO<\/a><\/p>\n<\/p><\/div>\n<p><a href=\"https:\/\/www.espinof.com\/series-de-ficcion\/hay-prioridades-diferentes-creadores-the-last-of-us-explican-que-abby-serie-no-esta-cachas-como-su-version-poligonal\" class=\" target=\" title=\"\u201cHay prioridades diferentes\u201d. Los creadores de \u2018The Last of Us\u2019 explican por qu\u00e9 la Abby de la serie no est\u00e1 tan cachas como su versi\u00f3n poligonal\" target=\"_blank\" rel=\"noopener\">Ver fuente<\/a><\/p>\n","protected":false},"excerpt":{"rendered":"<p>Adem\u00e1s de si tendr\u00e1n o no el valor para empezar la segunda temporada como los que jugamos al videojuego sabemos \u2014cruzo los dedos muy fuerte\u2014, una de las grandes preguntas que han girado en torno al regreso de la versi\u00f3n cat\u00f3dica de &#8216;The Last of Us&#8217; desde que se anunci\u00f3 fue qui\u00e9n ser\u00eda la encargada [&hellip;]<\/p>\n","protected":false},"author":2,"featured_media":48205,"comment_status":"open","ping_status":"closed","sticky":false,"template":"","format":"standard","meta":{"footnotes":""},"categories":[8],"tags":[],"class_list":["post-48204","post","type-post","status-publish","format-standard","has-post-thumbnail","hentry","category-entretenimiento"],"_links":{"self":[{"href":"https:\/\/enfoquenoticioso.com\/index.php?rest_route=\/wp\/v2\/posts\/48204","targetHints":{"allow":["GET"]}}],"collection":[{"href":"https:\/\/enfoquenoticioso.com\/index.php?rest_route=\/wp\/v2\/posts"}],"about":[{"href":"https:\/\/enfoquenoticioso.com\/index.php?rest_route=\/wp\/v2\/types\/post"}],"author":[{"embeddable":true,"href":"https:\/\/enfoquenoticioso.com\/index.php?rest_route=\/wp\/v2\/users\/2"}],"replies":[{"embeddable":true,"href":"https:\/\/enfoquenoticioso.com\/index.php?rest_route=%2Fwp%2Fv2%2Fcomments&post=48204"}],"version-history":[{"count":0,"href":"https:\/\/enfoquenoticioso.com\/index.php?rest_route=\/wp\/v2\/posts\/48204\/revisions"}],"wp:featuredmedia":[{"embeddable":true,"href":"https:\/\/enfoquenoticioso.com\/index.php?rest_route=\/wp\/v2\/media\/48205"}],"wp:attachment":[{"href":"https:\/\/enfoquenoticioso.com\/index.php?rest_route=%2Fwp%2Fv2%2Fmedia&parent=48204"}],"wp:term":[{"taxonomy":"category","embeddable":true,"href":"https:\/\/enfoquenoticioso.com\/index.php?rest_route=%2Fwp%2Fv2%2Fcategories&post=48204"},{"taxonomy":"post_tag","embeddable":true,"href":"https:\/\/enfoquenoticioso.com\/index.php?rest_route=%2Fwp%2Fv2%2Ftags&post=48204"}],"curies":[{"name":"wp","href":"https:\/\/api.w.org\/{rel}","templated":true}]}}