{"id":48210,"date":"2025-02-04T21:37:55","date_gmt":"2025-02-04T21:37:55","guid":{"rendered":"https:\/\/enfoquenoticioso.com\/entretenimiento\/la-red-fantasma-logra-convertir-una-fascinante-historia-real-de-refugiados-de-siria-en-un-gran-thriller-de-espionaje-y-venganza\/"},"modified":"2025-02-04T21:37:55","modified_gmt":"2025-02-04T21:37:55","slug":"la-red-fantasma-logra-convertir-una-fascinante-historia-real-de-refugiados-de-siria-en-un-gran-thriller-de-espionaje-y-venganza","status":"publish","type":"post","link":"https:\/\/enfoquenoticioso.com\/?p=48210","title":{"rendered":"&#8216;La red fantasma&#8217; logra convertir una fascinante historia real de refugiados de Siria en un gran thriller de espionaje y venganza"},"content":{"rendered":"<div>\n<p>Se estrena en cines el 7 de febrero \u2018<strong>La red fantasma<\/strong>\u2019, un nuevo thriller franco-alem\u00e1n-belga dirigido por Jonathan Millet en su debut en el largometraje de ficci\u00f3n, que expone una historia inspirada en hechos reales, alrededor de las terribles tragedias de Siria en un momento vital de la historia del pa\u00eds,<strong> dando a conocer la tristemente c\u00e9lebre prisi\u00f3n de Sednaya m\u00e1s all\u00e1 del mundo \u00e1rabe, <\/strong>que ya estaba familiarizado con la brutalidad que all\u00ed se inflig\u00eda.<\/p>\n<p><!-- BREAK 1 --> <\/p>\n<p>Una sincron\u00eda relevante, justo tras la marcha de Assad en diciembre de 2024, que ha dado lugar a la proliferaci\u00f3n de cientos de v\u00eddeos de supervivientes que recuerdan los horrores indescriptibles en las tinieblas de la c\u00e1rcel. <strong>El plan inicial de Millet era hacer un documental sobre los refugiados de guerra y su trauma<\/strong>, para lo que pas\u00f3 m\u00e1s de dos a\u00f1os entrevistando a supervivientes, escuchando desgarradores relatos de encarcelamientos y torturas, pero lo que le llam\u00f3 la atenci\u00f3n en sus conversaciones fueron algunos relatos sobre \u201clos fantasmas\u201d.<\/p>\n<p><!-- BREAK 2 --><\/p>\n<div id=\"ez-toc-container\" class=\"ez-toc-v2_0_81 counter-hierarchy ez-toc-counter ez-toc-grey ez-toc-container-direction\">\n<div class=\"ez-toc-title-container\">\n<p class=\"ez-toc-title\" style=\"cursor:inherit\">Tabla de Contenido<\/p>\n<span class=\"ez-toc-title-toggle\"><a href=\"#\" class=\"ez-toc-pull-right ez-toc-btn ez-toc-btn-xs ez-toc-btn-default ez-toc-toggle\" aria-label=\"Alternar tabla de contenidos\"><span class=\"ez-toc-js-icon-con\"><span class=\"\"><span class=\"eztoc-hide\" style=\"display:none;\">Toggle<\/span><span class=\"ez-toc-icon-toggle-span\"><svg style=\"fill: #999;color:#999\" xmlns=\"http:\/\/www.w3.org\/2000\/svg\" class=\"list-377408\" width=\"20px\" height=\"20px\" viewBox=\"0 0 24 24\" fill=\"none\"><path d=\"M6 6H4v2h2V6zm14 0H8v2h12V6zM4 11h2v2H4v-2zm16 0H8v2h12v-2zM4 16h2v2H4v-2zm16 0H8v2h12v-2z\" fill=\"currentColor\"><\/path><\/svg><svg style=\"fill: #999;color:#999\" class=\"arrow-unsorted-368013\" xmlns=\"http:\/\/www.w3.org\/2000\/svg\" width=\"10px\" height=\"10px\" viewBox=\"0 0 24 24\" version=\"1.2\" baseProfile=\"tiny\"><path d=\"M18.2 9.3l-6.2-6.3-6.2 6.3c-.2.2-.3.4-.3.7s.1.5.3.7c.2.2.4.3.7.3h11c.3 0 .5-.1.7-.3.2-.2.3-.5.3-.7s-.1-.5-.3-.7zM5.8 14.7l6.2 6.3 6.2-6.3c.2-.2.3-.5.3-.7s-.1-.5-.3-.7c-.2-.2-.4-.3-.7-.3h-11c-.3 0-.5.1-.7.3-.2.2-.3.5-.3.7s.1.5.3.7z\"\/><\/svg><\/span><\/span><\/span><\/a><\/span><\/div>\n<nav><ul class='ez-toc-list ez-toc-list-level-1 ' ><li class='ez-toc-page-1 ez-toc-heading-level-2'><a class=\"ez-toc-link ez-toc-heading-1\" href=\"https:\/\/enfoquenoticioso.com\/?p=48210\/#Un_fascinante_marco_real\" >Un fascinante marco real<\/a><\/li><li class='ez-toc-page-1 ez-toc-heading-level-2'><a class=\"ez-toc-link ez-toc-heading-2\" href=\"https:\/\/enfoquenoticioso.com\/?p=48210\/#El_ciclo_de_la_venganza\" >El ciclo de la venganza<\/a><\/li><\/ul><\/nav><\/div>\n<h2><span class=\"ez-toc-section\" id=\"Un_fascinante_marco_real\"><\/span>Un fascinante marco real<span class=\"ez-toc-section-end\"><\/span><\/h2>\n<p>Se enter\u00f3 de que hab\u00eda ciertos grupos ocultos que persiguen a criminales de guerra que han conseguido pasar desapercibidos, y pens\u00f3 que podr\u00eda <strong>contar su historia como una pel\u00edcula de espionaje sobre la b\u00fasqueda de torturadores<\/strong> de las c\u00e1rceles de Assad que escaparon a Europa. Los emigrantes sirios, decididos a llevar a los culpables ante la justicia, recogen arduamente pruebas y testimonios de v\u00edctimas capaces de relatar sus desgarradoras experiencias con detalles \u00fatiles. Al parecer, la raz\u00f3n por la que se crearon estas c\u00e9lulas secretas es que los vetos de Rusia y China en la ONU imped\u00edan la intervenci\u00f3n internacional, dejando una sensaci\u00f3n de impunidad y miedo a que nunca se hiciera justicia.<\/p>\n<p><!-- BREAK 3 --> <\/p>\n<div class=\"article-asset article-asset-normal article-asset-center\">\n<div class=\"desvio-container\">\n<div class=\"desvio\">\n<div class=\"desvio-figure js-desvio-figure\">\n    <a href=\"https:\/\/www.espinof.com\/listas\/mejores-peliculas-festival-cannes-2024\" class=\"pivot-outboundlink\" data-vars-post-title=\"Las 10 mejores pel\u00edculas del Festival de Cannes 2024\" target=\"_blank\" rel=\"noopener\"><br \/>\n     <img loading=\"lazy\" decoding=\"async\" alt=\"Las 10 mejores pel\u00edculas del Festival de Cannes 2024\" width=\"375\" height=\"142\" src=\"https:\/\/i.blogs.es\/f69eb6\/cannes-2024-las-mejores-peliculas-espinof-jlcaviaro\/375_142.jpeg\"\/><br \/>\n    <\/a>\n   <\/div>\n<\/p><\/div>\n<\/p><\/div>\n<\/div>\n<p>Surgen relatos de refugiados que se encuentran en sus pa\u00edses de acogida con sus antiguos torturadores en el supermercado, con sus papeles en regla, sin que nadie se vaya a molestar en averiguar qui\u00e9nes fueron realmente y menos en llevarlos ante la justicia. Adem\u00e1s, exist\u00eda el dilema del miedo a que si se informaba a las autoridades de que hab\u00eda delincuentes sirios entre los refugiados, entonces Europa cerrar\u00eda sus fronteras. La pel\u00edcula no desarrolla todo esto, sino que <strong>incorpora estas experiencias a trav\u00e9s de una historia contenida, casi susurrada<\/strong>, donde no hay sobreexplicaciones ni bloques de exposici\u00f3n.<\/p>\n<p><!-- BREAK 4 --><\/p>\n<div class=\"article-asset-image article-asset-normal article-asset-center\">\n<div class=\"asset-content\">\n                   <img class=\"centro_sinmarco\" height=\"1440\" width=\"2560\" loading=\"lazy\" decoding=\"async\" sizes=\"auto, 100vw\" fetchpriority=\"high\" srcset=\"https:\/\/i.blogs.es\/61f9bd\/fantomes2\/450_1000.jpeg 450w, https:\/\/i.blogs.es\/61f9bd\/fantomes2\/650_1200.jpeg 681w,https:\/\/i.blogs.es\/61f9bd\/fantomes2\/1024_2000.jpeg 1024w, https:\/\/i.blogs.es\/61f9bd\/fantomes2\/1366_2000.jpeg 1366w\" src=\"https:\/\/i.blogs.es\/61f9bd\/fantomes2\/450_1000.jpeg\" alt=\"Fantomes2\"\/><br \/>\n   <img decoding=\"async\" alt=\"Fantomes2\" class=\"centro_sinmarco\" src=\"https:\/\/i.blogs.es\/61f9bd\/fantomes2\/450_1000.jpeg\"\/><\/p><\/div>\n<\/div>\n<p>Seguimos a Hamid, un sirio exiliado en Francia y atormentado por los recuerdos de su tortura, que entra en una de estas organizaciones clandestinas de cazadores de \u201cfantasmas\u201d, para las que tambi\u00e9n debe asumir diferentes identidades que preserven el secreto operativo, <strong>forzando su exclusi\u00f3n y evitando su propia integraci\u00f3n, ya que los miembros deben vivir al margen de la sociedad,<\/strong> ellos mismos se convierten en fantasmas, lo que hace que su misi\u00f3n se convierta en su \u00fanico objetivo vital y buscar justicia para las atrocidades del pasado le impida deshacerse del mismo y vivir en paz.<\/p>\n<p><!-- BREAK 5 --><\/p>\n<h2><span class=\"ez-toc-section\" id=\"El_ciclo_de_la_venganza\"><\/span>El ciclo de la venganza<span class=\"ez-toc-section-end\"><\/span><\/h2>\n<p>Su b\u00fasqueda de venganza y encontrar alg\u00fan tipo de cierre rompe sus lazos con la nueva vida y las oportunidades que se le presentan, lo que ofrece una interesante mirada al trauma y los efectos de las cicatrices psicol\u00f3gicas y emocionales de la tortura, c\u00f3mo siguen moldeando la vida y las relaciones de Hamid mucho despu\u00e9s de su huida. Las heridas invisibles claman por la responsabilidad de su sufrimiento, abriendo un nuevo dilema \u00e9tico sobre si <strong>la b\u00fasqueda personal de retribuci\u00f3n puede realmente curarle o si solo perpet\u00faa un ciclo de violencia f\u00fatil.<\/strong><\/p>\n<p><!-- BREAK 6 --> <\/p>\n<div class=\"article-asset article-asset-normal article-asset-center\">\n<div class=\"desvio-container\">\n<div class=\"desvio\">\n<div class=\"desvio-figure js-desvio-figure\">\n    <a href=\"https:\/\/www.espinof.com\/listas\/mejores-peliculas-espias-basadas-obra-john-le-carre\" class=\"pivot-outboundlink\" data-vars-post-title=\"Las 11 mejores pel\u00edculas y series de esp\u00edas basadas en la obra de John le Carr\u00e9\" target=\"_blank\" rel=\"noopener\"><br \/>\n     <img loading=\"lazy\" decoding=\"async\" alt=\"Las 11 mejores pel\u00edculas y series de esp\u00edas basadas en la obra de John le Carr\u00e9\" width=\"375\" height=\"142\" src=\"https:\/\/i.blogs.es\/43815f\/le-carre-y-los-espias\/375_142.jpeg\"\/><br \/>\n    <\/a>\n   <\/div>\n<\/p><\/div>\n<\/p><\/div>\n<\/div>\n<p>Este tipo de pel\u00edcula con cr\u00edmenes de guerra no resueltos no es nuevo y hay lazos argumentales de <strong>relaciones entre torturado y torturador, muchos a\u00f1os despu\u00e9s, que recuerdan a<\/strong> \u2018<a class=\"text-outboundlink\" href=\"https:\/\/www.espinof.com\/directores-y-guionistas\/mejores-peliculas-roman-polanski\" data-vars-post-title=\"Las 11 mejores pel\u00edculas de Roman Polanski\" data-vars-post-url=\"https:\/\/www.espinof.com\/directores-y-guionistas\/mejores-peliculas-roman-polanski\" target=\"_blank\" rel=\"noopener\">La muerte y la doncella<\/a>\u2019 de Roman Polanski o \u2018<a class=\"text-outboundlink\" href=\"https:\/\/www.espinof.com\/criticas\/incendies-una-tragedia-griega-en-un-mundo-en-constante-conflicto\" data-vars-post-title=\"&#039;Incendies&#039;, una tragedia griega en un mundo en constante conflicto \" data-vars-post-url=\"https:\/\/www.espinof.com\/criticas\/incendies-una-tragedia-griega-en-un-mundo-en-constante-conflicto\" target=\"_blank\" rel=\"noopener\">Incendies<\/a>\u2019 de Denis Villeneuve o <a class=\"text-outboundlink\" href=\"https:\/\/www.espinof.com\/criticas\/contador-cartas-nuevo-thriller-enfermizo-e-hipnotico-paul-schrader-que-sigue-viviendo-su-segunda-juventud\" data-vars-post-title=\"&#039;El contador de cartas&#039;, el nuevo thriller enfermizo e hipn\u00f3tico de un Paul Schrader que sigue viviendo su segunda juventud\" data-vars-post-url=\"https:\/\/www.espinof.com\/criticas\/contador-cartas-nuevo-thriller-enfermizo-e-hipnotico-paul-schrader-que-sigue-viviendo-su-segunda-juventud\" target=\"_blank\" rel=\"noopener\">\u2018El contador de cartas<\/a>\u2019 de Paul Schrader, solo que esta no se centra tanto en el factor dram\u00e1tico, sino que se camufla con todos los elementos de un gran thriller de esp\u00edas europeo, con escenas tan tensas como la del almuerzo y una presencia del suspense constante, pese a estar narrada con mucha sutilidad, bas\u00e1ndose en sonidos, e incluso olores, como gu\u00eda, en la onda de la notable <a class=\"text-outboundlink\" href=\"https:\/\/www.espinof.com\/criticas\/black-box-mejores-peliculas-ano-pasado-muy-perturbador-thriller-investigacion-misterioso-accidente-aereo\" data-vars-post-title=\"\u2018Black Box\u2019 es de las mejores pel\u00edculas del a\u00f1o pasado: un muy perturbador thriller sobre la investigaci\u00f3n de un misterioso accidente a\u00e9reo \" data-vars-post-url=\"https:\/\/www.espinof.com\/criticas\/black-box-mejores-peliculas-ano-pasado-muy-perturbador-thriller-investigacion-misterioso-accidente-aereo\" target=\"_blank\" rel=\"noopener\">&#8216;Black Box&#8217;<\/a>.<\/p>\n<p><!-- BREAK 7 --><\/p>\n<div class=\"article-asset-image article-asset-normal article-asset-center\">\n<div class=\"asset-content\">\n                   <img class=\"centro_sinmarco\" height=\"566\" width=\"850\" loading=\"lazy\" decoding=\"async\" sizes=\"auto, 100vw\" fetchpriority=\"high\" srcset=\"https:\/\/i.blogs.es\/36dce6\/ghosttrail_dsc5099_c-films-grand-huit_kris-dewitte\/450_1000.jpeg 450w, https:\/\/i.blogs.es\/36dce6\/ghosttrail_dsc5099_c-films-grand-huit_kris-dewitte\/650_1200.jpeg 681w,https:\/\/i.blogs.es\/36dce6\/ghosttrail_dsc5099_c-films-grand-huit_kris-dewitte\/1024_2000.jpeg 1024w, https:\/\/i.blogs.es\/36dce6\/ghosttrail_dsc5099_c-films-grand-huit_kris-dewitte\/1366_2000.jpeg 1366w\" src=\"https:\/\/i.blogs.es\/36dce6\/ghosttrail_dsc5099_c-films-grand-huit_kris-dewitte\/450_1000.jpeg\" alt=\"Ghosttrail Dsc5099 C Films Grand Huit Kris Dewitte\"\/><br \/>\n   <img decoding=\"async\" alt=\"Ghosttrail Dsc5099 C Films Grand Huit Kris Dewitte\" class=\"centro_sinmarco\" src=\"https:\/\/i.blogs.es\/36dce6\/ghosttrail_dsc5099_c-films-grand-huit_kris-dewitte\/450_1000.jpeg\"\/><\/p><\/div>\n<\/div>\n<p>El gran valor de esta \u2018La red fantasma\u2019 es c\u00f3mo es capaz de introducirnos en el dolor del personaje, en su conflicto y al mismo tiempo no convertirse en una mirada tremendista a los hechos que est\u00e1 sacando a la luz y poniendo sobre la mesa, sino que se retroalimenta de la serenidad y el dolor latente de la mirada del personaje y <strong>logra adaptarse a ese tono flem\u00e1tico sin renunciar ni a la evasi\u00f3n del g\u00e9nero que usa como herramienta<\/strong> ni a la cantidad de trasfondo geopol\u00edtico que maneja como cimientos, dando ejemplo de c\u00f3mo llevar a la pantalla con elegancia un cap\u00edtulo tremendo de la historia reciente.<\/p>\n<p><!-- BREAK 8 --><\/p>\n<p>En Espinof | <a class=\"text-outboundlink\" href=\"https:\/\/www.espinof.com\/seleccion\/estreno-simpatizante-hbo-vuelven-historias-espias-te-recomendamos-otros-libros-series-peliculas-que-referente-genero\" data-vars-post-title=\"Grandes libros, series y pel\u00edculas de esp\u00edas a lo largo de la historia para los que est\u00e9n disfrutando con &#039;El simpatizante&#039; en HBO\" data-vars-post-url=\"https:\/\/www.espinof.com\/seleccion\/estreno-simpatizante-hbo-vuelven-historias-espias-te-recomendamos-otros-libros-series-peliculas-que-referente-genero\" target=\"_blank\" rel=\"noopener\">Grandes libros, series y pel\u00edculas de esp\u00edas a lo largo de la historia<\/a><\/p>\n<p>En Espinof | <a class=\"text-outboundlink\" href=\"https:\/\/www.espinof.com\/listas\/mejores-peliculas-thrillers-suspense-netflix\" data-vars-post-title=\"Las 14 mejores pel\u00edculas de suspense y thrillers en Netflix\" data-vars-post-url=\"https:\/\/www.espinof.com\/listas\/mejores-peliculas-thrillers-suspense-netflix\" target=\"_blank\" rel=\"noopener\">Las 13 mejores pel\u00edculas de suspense y thrillers en Netflix<\/a><\/p>\n<\/p><\/div>\n<p><a href=\"https:\/\/www.espinof.com\/criticas\/red-fantasma-logra-convertir-fascinante-historia-real-refugiados-siria-gran-thriller-espionaje-venganza\" class=\" target=\" title=\"&#039;La red fantasma&#039; logra convertir una fascinante historia real de refugiados de Siria en un gran thriller de espionaje y venganza\" target=\"_blank\" rel=\"noopener\">Ver fuente<\/a><\/p>\n","protected":false},"excerpt":{"rendered":"<p>Se estrena en cines el 7 de febrero \u2018La red fantasma\u2019, un nuevo thriller franco-alem\u00e1n-belga dirigido por Jonathan Millet en su debut en el largometraje de ficci\u00f3n, que expone una historia inspirada en hechos reales, alrededor de las terribles tragedias de Siria en un momento vital de la historia del pa\u00eds, dando a conocer la [&hellip;]<\/p>\n","protected":false},"author":2,"featured_media":48211,"comment_status":"open","ping_status":"closed","sticky":false,"template":"","format":"standard","meta":{"footnotes":""},"categories":[8],"tags":[],"class_list":["post-48210","post","type-post","status-publish","format-standard","has-post-thumbnail","hentry","category-entretenimiento"],"_links":{"self":[{"href":"https:\/\/enfoquenoticioso.com\/index.php?rest_route=\/wp\/v2\/posts\/48210","targetHints":{"allow":["GET"]}}],"collection":[{"href":"https:\/\/enfoquenoticioso.com\/index.php?rest_route=\/wp\/v2\/posts"}],"about":[{"href":"https:\/\/enfoquenoticioso.com\/index.php?rest_route=\/wp\/v2\/types\/post"}],"author":[{"embeddable":true,"href":"https:\/\/enfoquenoticioso.com\/index.php?rest_route=\/wp\/v2\/users\/2"}],"replies":[{"embeddable":true,"href":"https:\/\/enfoquenoticioso.com\/index.php?rest_route=%2Fwp%2Fv2%2Fcomments&post=48210"}],"version-history":[{"count":0,"href":"https:\/\/enfoquenoticioso.com\/index.php?rest_route=\/wp\/v2\/posts\/48210\/revisions"}],"wp:featuredmedia":[{"embeddable":true,"href":"https:\/\/enfoquenoticioso.com\/index.php?rest_route=\/wp\/v2\/media\/48211"}],"wp:attachment":[{"href":"https:\/\/enfoquenoticioso.com\/index.php?rest_route=%2Fwp%2Fv2%2Fmedia&parent=48210"}],"wp:term":[{"taxonomy":"category","embeddable":true,"href":"https:\/\/enfoquenoticioso.com\/index.php?rest_route=%2Fwp%2Fv2%2Fcategories&post=48210"},{"taxonomy":"post_tag","embeddable":true,"href":"https:\/\/enfoquenoticioso.com\/index.php?rest_route=%2Fwp%2Fv2%2Ftags&post=48210"}],"curies":[{"name":"wp","href":"https:\/\/api.w.org\/{rel}","templated":true}]}}