{"id":4830,"date":"2024-06-04T19:47:47","date_gmt":"2024-06-04T19:47:47","guid":{"rendered":"https:\/\/enfoquenoticioso.com\/tecnologia\/cuantas-temporadas-tendra-star-wars-the-acolyte\/"},"modified":"2024-06-04T19:47:47","modified_gmt":"2024-06-04T19:47:47","slug":"cuantas-temporadas-tendra-star-wars-the-acolyte","status":"publish","type":"post","link":"https:\/\/enfoquenoticioso.com\/?p=4830","title":{"rendered":"\u00bfCu\u00e1ntas temporadas tendr\u00e1 &#8216;Star Wars: The Acolyte&#8217;?"},"content":{"rendered":"<div>\n<p><em><strong>The Acolyte<\/strong><\/em>, la nueva serie de <em>Star Wars<\/em>, llega a Disney+ con la promesa de ofrecer algo rompedor en la saga. Por primera vez en el audiovisual, Lucasfilm se aleja de <a href=\"https:\/\/hipertextual.com\/2024\/05\/15-mejores-momentos-precuelas-star-wars\" target=\"_blank\" rel=\"noopener\">la historia de los <strong>Skywalker<\/strong><\/a>. El proyecto es obra de <strong>Leslye Headland<\/strong>, que viaja hasta la Alta Rep\u00fablica para narrar una trama totalmente diferente que se centre mucho en c\u00f3mo la oscuridad poco a poco fue creciendo sin que los Jedi pudieran evitarlo.<\/p>\n<p>Por el momento, Lucasfilm \u00fanicamente tiene confirmada una temporada para <em>The Acolyte<\/em>. Sin embargo, <strong>Headland <\/strong>ya ha confesado que su idea pasa por expandir su serie todo lo posible. As\u00ed lo desvel\u00f3 hace unos d\u00edas en una entrevista concedida a <em><a href=\"https:\/\/collider.com\/the-acolyte-how-many-seasons-leslye-headland\/\" target=\"_blank\" rel=\"noreferrer noopener\">Collider<\/a><\/em>. \u00abEste es el trabajo de mis sue\u00f1os. Dir\u00eda tres temporadas porque espero que me permitan hacerlo\u00bb, expon\u00eda la creativa, fan reconocida de <em>Star Wars<\/em>.<\/p>\n<p>\u00abPero si pudiera chasquear los dedos, este ser\u00eda mi trabajo hasta que me jubile. De hecho, no puedo pensar en un pico creativo o profesional m\u00e1s alto que trabajar en <em>Star Wars<\/em>. As\u00ed que realmente estoy bien. No necesito hacer nada m\u00e1s\u00bb, insist\u00eda <strong>Headland<\/strong>. De esta forma, la showrunner, que aspira a alcanzar las tres temporadas, se une a otros miembros del equipo creativo de Lucasfilm <a href=\"https:\/\/hipertextual.com\/2021\/05\/dave-filoni-director-creativo-lucasfilm-star-wars\" target=\"_blank\" rel=\"noopener\">como <strong>Dave Filoni<\/strong><\/a> que tambi\u00e9n vienen de ser fans ac\u00e9rrimos de la saga de <strong>George Lucas<\/strong>.<\/p>\n<div class=\"wp-block-cover alignwide is-light wp-duotone-blue-red\"><span aria-hidden=\"true\" class=\"wp-block-cover__background has-background-dim-20 has-background-dim\"\/><img loading=\"lazy\" decoding=\"async\" width=\"780\" height=\"439\" class=\"wp-block-cover__image-background wp-image-1794856 perfmatters-lazy\" alt=\"\" data-object-fit=\"cover\" data-recalc-dims=\"1\" src=\"https:\/\/i0.wp.com\/imgs.hipertextual.com\/wp-content\/uploads\/2024\/05\/star-wars-acolyte-3345567-1500x844.jpg?resize=780%2C439&amp;quality=55&amp;strip=all&amp;ssl=1\" srcset=\"https:\/\/i0.wp.com\/imgs.hipertextual.com\/wp-content\/uploads\/2024\/05\/star-wars-acolyte-3345567-scaled.jpg?resize=1500%2C844&amp;quality=55&amp;strip=all&amp;ssl=1 1500w, https:\/\/i0.wp.com\/imgs.hipertextual.com\/wp-content\/uploads\/2024\/05\/star-wars-acolyte-3345567-scaled.jpg?resize=800%2C450&amp;quality=55&amp;strip=all&amp;ssl=1 800w, https:\/\/i0.wp.com\/imgs.hipertextual.com\/wp-content\/uploads\/2024\/05\/star-wars-acolyte-3345567-scaled.jpg?resize=768%2C432&amp;quality=55&amp;strip=all&amp;ssl=1 768w, https:\/\/i0.wp.com\/imgs.hipertextual.com\/wp-content\/uploads\/2024\/05\/star-wars-acolyte-3345567-scaled.jpg?resize=1536%2C864&amp;quality=55&amp;strip=all&amp;ssl=1 1536w, https:\/\/i0.wp.com\/imgs.hipertextual.com\/wp-content\/uploads\/2024\/05\/star-wars-acolyte-3345567-scaled.jpg?resize=2048%2C1152&amp;quality=55&amp;strip=all&amp;ssl=1 2048w, https:\/\/i0.wp.com\/imgs.hipertextual.com\/wp-content\/uploads\/2024\/05\/star-wars-acolyte-3345567-scaled.jpg?resize=1200%2C675&amp;quality=55&amp;strip=all&amp;ssl=1 1200w, https:\/\/i0.wp.com\/imgs.hipertextual.com\/wp-content\/uploads\/2024\/05\/star-wars-acolyte-3345567-scaled.jpg?resize=1024%2C576&amp;quality=55&amp;strip=all&amp;ssl=1 1024w, https:\/\/i0.wp.com\/imgs.hipertextual.com\/wp-content\/uploads\/2024\/05\/star-wars-acolyte-3345567-scaled.jpg?resize=1568%2C882&amp;quality=55&amp;strip=all&amp;ssl=1 1568w, https:\/\/i0.wp.com\/imgs.hipertextual.com\/wp-content\/uploads\/2024\/05\/star-wars-acolyte-3345567-scaled.jpg?resize=2000%2C1125&amp;quality=55&amp;strip=all&amp;ssl=1 2000w, https:\/\/i0.wp.com\/imgs.hipertextual.com\/wp-content\/uploads\/2024\/05\/star-wars-acolyte-3345567-scaled.jpg?resize=400%2C225&amp;quality=55&amp;strip=all&amp;ssl=1 400w, https:\/\/i0.wp.com\/imgs.hipertextual.com\/wp-content\/uploads\/2024\/05\/star-wars-acolyte-3345567-scaled.jpg?w=2340&amp;quality=55&amp;strip=all&amp;ssl=1 2340w, https:\/\/i0.wp.com\/imgs.hipertextual.com\/wp-content\/uploads\/2024\/05\/star-wars-acolyte-3345567-1500x844.jpg?w=370&amp;quality=55&amp;strip=all&amp;ssl=1 370w\" data-sizes=\"(max-width: 780px) 100vw, 780px\"\/><img loading=\"lazy\" decoding=\"async\" width=\"780\" height=\"439\" class=\"wp-block-cover__image-background wp-image-1794856\" alt=\"\" src=\"https:\/\/i0.wp.com\/imgs.hipertextual.com\/wp-content\/uploads\/2024\/05\/star-wars-acolyte-3345567-1500x844.jpg?resize=780%2C439&amp;quality=55&amp;strip=all&amp;ssl=1\" data-object-fit=\"cover\" srcset=\"https:\/\/i0.wp.com\/imgs.hipertextual.com\/wp-content\/uploads\/2024\/05\/star-wars-acolyte-3345567-scaled.jpg?resize=1500%2C844&amp;quality=55&amp;strip=all&amp;ssl=1 1500w, https:\/\/i0.wp.com\/imgs.hipertextual.com\/wp-content\/uploads\/2024\/05\/star-wars-acolyte-3345567-scaled.jpg?resize=800%2C450&amp;quality=55&amp;strip=all&amp;ssl=1 800w, https:\/\/i0.wp.com\/imgs.hipertextual.com\/wp-content\/uploads\/2024\/05\/star-wars-acolyte-3345567-scaled.jpg?resize=768%2C432&amp;quality=55&amp;strip=all&amp;ssl=1 768w, https:\/\/i0.wp.com\/imgs.hipertextual.com\/wp-content\/uploads\/2024\/05\/star-wars-acolyte-3345567-scaled.jpg?resize=1536%2C864&amp;quality=55&amp;strip=all&amp;ssl=1 1536w, https:\/\/i0.wp.com\/imgs.hipertextual.com\/wp-content\/uploads\/2024\/05\/star-wars-acolyte-3345567-scaled.jpg?resize=2048%2C1152&amp;quality=55&amp;strip=all&amp;ssl=1 2048w, https:\/\/i0.wp.com\/imgs.hipertextual.com\/wp-content\/uploads\/2024\/05\/star-wars-acolyte-3345567-scaled.jpg?resize=1200%2C675&amp;quality=55&amp;strip=all&amp;ssl=1 1200w, https:\/\/i0.wp.com\/imgs.hipertextual.com\/wp-content\/uploads\/2024\/05\/star-wars-acolyte-3345567-scaled.jpg?resize=1024%2C576&amp;quality=55&amp;strip=all&amp;ssl=1 1024w, https:\/\/i0.wp.com\/imgs.hipertextual.com\/wp-content\/uploads\/2024\/05\/star-wars-acolyte-3345567-scaled.jpg?resize=1568%2C882&amp;quality=55&amp;strip=all&amp;ssl=1 1568w, https:\/\/i0.wp.com\/imgs.hipertextual.com\/wp-content\/uploads\/2024\/05\/star-wars-acolyte-3345567-scaled.jpg?resize=2000%2C1125&amp;quality=55&amp;strip=all&amp;ssl=1 2000w, https:\/\/i0.wp.com\/imgs.hipertextual.com\/wp-content\/uploads\/2024\/05\/star-wars-acolyte-3345567-scaled.jpg?resize=400%2C225&amp;quality=55&amp;strip=all&amp;ssl=1 400w, https:\/\/i0.wp.com\/imgs.hipertextual.com\/wp-content\/uploads\/2024\/05\/star-wars-acolyte-3345567-scaled.jpg?w=2340&amp;quality=55&amp;strip=all&amp;ssl=1 2340w, https:\/\/i0.wp.com\/imgs.hipertextual.com\/wp-content\/uploads\/2024\/05\/star-wars-acolyte-3345567-1500x844.jpg?w=370&amp;quality=55&amp;strip=all&amp;ssl=1 370w\" sizes=\"auto, (max-width: 780px) 100vw, 780px\" data-recalc-dims=\"1\"\/><\/p>\n<div class=\"wp-block-cover__inner-container is-layout-flow wp-block-cover-is-layout-flow\">\n<p class=\"has-text-align-center has-white-color has-text-color has-link-color has-large-font-size wp-elements-a810e27d5ee0d607a5c34af898146324\"><strong>The Acolyte es la nueva serie de Star Wars<\/strong><\/p>\n<p class=\"has-text-align-center has-white-color has-text-color has-link-color has-small-font-size wp-elements-ff3cf310957fb50b2efb638927e88bdc\">Una <em>ex padawan<\/em> se re\u00fane con su Maestro Jedi para investigar una serie de cr\u00edmenes, pero descubre que las fuerzas a las que se enfrentan son m\u00e1s siniestras de lo que jam\u00e1s hab\u00edan previsto.<\/p>\n<\/div>\n<\/div>\n<div id=\"ez-toc-container\" class=\"ez-toc-v2_0_81 counter-hierarchy ez-toc-counter ez-toc-grey ez-toc-container-direction\">\n<div class=\"ez-toc-title-container\">\n<p class=\"ez-toc-title\" style=\"cursor:inherit\">Tabla de Contenido<\/p>\n<span class=\"ez-toc-title-toggle\"><a href=\"#\" class=\"ez-toc-pull-right ez-toc-btn ez-toc-btn-xs ez-toc-btn-default ez-toc-toggle\" aria-label=\"Alternar tabla de contenidos\"><span class=\"ez-toc-js-icon-con\"><span class=\"\"><span class=\"eztoc-hide\" style=\"display:none;\">Toggle<\/span><span class=\"ez-toc-icon-toggle-span\"><svg style=\"fill: #999;color:#999\" xmlns=\"http:\/\/www.w3.org\/2000\/svg\" class=\"list-377408\" width=\"20px\" height=\"20px\" viewBox=\"0 0 24 24\" fill=\"none\"><path d=\"M6 6H4v2h2V6zm14 0H8v2h12V6zM4 11h2v2H4v-2zm16 0H8v2h12v-2zM4 16h2v2H4v-2zm16 0H8v2h12v-2z\" fill=\"currentColor\"><\/path><\/svg><svg style=\"fill: #999;color:#999\" class=\"arrow-unsorted-368013\" xmlns=\"http:\/\/www.w3.org\/2000\/svg\" width=\"10px\" height=\"10px\" viewBox=\"0 0 24 24\" version=\"1.2\" baseProfile=\"tiny\"><path d=\"M18.2 9.3l-6.2-6.3-6.2 6.3c-.2.2-.3.4-.3.7s.1.5.3.7c.2.2.4.3.7.3h11c.3 0 .5-.1.7-.3.2-.2.3-.5.3-.7s-.1-.5-.3-.7zM5.8 14.7l6.2 6.3 6.2-6.3c.2-.2.3-.5.3-.7s-.1-.5-.3-.7c-.2-.2-.4-.3-.7-.3h-11c-.3 0-.5.1-.7.3-.2.2-.3.5-.3.7s.1.5.3.7z\"\/><\/svg><\/span><\/span><\/span><\/a><\/span><\/div>\n<nav><ul class='ez-toc-list ez-toc-list-level-1 ' ><li class='ez-toc-page-1 ez-toc-heading-level-2'><a class=\"ez-toc-link ez-toc-heading-1\" href=\"https:\/\/enfoquenoticioso.com\/?p=4830\/#%C2%BFDe_que_iria_la_temporada_2_de_The_Acolyte\" >\u00bfDe qu\u00e9 ir\u00eda la temporada 2 de The Acolyte?<\/a><ul class='ez-toc-list-level-4' ><li class='ez-toc-heading-level-4'><ul class='ez-toc-list-level-4' ><li class='ez-toc-heading-level-4'><a class=\"ez-toc-link ez-toc-heading-2\" href=\"https:\/\/enfoquenoticioso.com\/?p=4830\/#Tambien_en_Hipertextual\" >Tambi\u00e9n en Hipertextual:<\/a><\/li><\/ul><\/li><\/ul><\/li><\/ul><\/nav><\/div>\n<h2 class=\"wp-block-heading\" id=\"h-de-que-iria-la-temporada-2-de-the-acolyte\"><span class=\"ez-toc-section\" id=\"%C2%BFDe_que_iria_la_temporada_2_de_The_Acolyte\"><\/span>\u00bfDe qu\u00e9 ir\u00eda la temporada 2 de <em>The Acolyte<\/em>?<span class=\"ez-toc-section-end\"><\/span><\/h2>\n<figure class=\"wp-block-image alignwide size-large\"><img loading=\"lazy\" decoding=\"async\" width=\"780\" height=\"481\" alt=\"The Acolyte\" class=\"wp-image-1796060 perfmatters-lazy\" data-recalc-dims=\"1\" src=\"https:\/\/i0.wp.com\/imgs.hipertextual.com\/wp-content\/uploads\/2024\/06\/The-Acolyte-temporadas-1500x925.jpeg?resize=780%2C481&amp;quality=55&amp;strip=all&amp;ssl=1\" srcset=\"https:\/\/i0.wp.com\/imgs.hipertextual.com\/wp-content\/uploads\/2024\/06\/The-Acolyte-temporadas-scaled.jpeg?resize=1500%2C925&amp;quality=55&amp;strip=all&amp;ssl=1 1500w, https:\/\/i0.wp.com\/imgs.hipertextual.com\/wp-content\/uploads\/2024\/06\/The-Acolyte-temporadas-scaled.jpeg?resize=800%2C493&amp;quality=55&amp;strip=all&amp;ssl=1 800w, https:\/\/i0.wp.com\/imgs.hipertextual.com\/wp-content\/uploads\/2024\/06\/The-Acolyte-temporadas-scaled.jpeg?resize=768%2C473&amp;quality=55&amp;strip=all&amp;ssl=1 768w, https:\/\/i0.wp.com\/imgs.hipertextual.com\/wp-content\/uploads\/2024\/06\/The-Acolyte-temporadas-scaled.jpeg?resize=1536%2C947&amp;quality=55&amp;strip=all&amp;ssl=1 1536w, https:\/\/i0.wp.com\/imgs.hipertextual.com\/wp-content\/uploads\/2024\/06\/The-Acolyte-temporadas-scaled.jpeg?resize=2048%2C1263&amp;quality=55&amp;strip=all&amp;ssl=1 2048w, https:\/\/i0.wp.com\/imgs.hipertextual.com\/wp-content\/uploads\/2024\/06\/The-Acolyte-temporadas-scaled.jpeg?resize=1200%2C740&amp;quality=55&amp;strip=all&amp;ssl=1 1200w, https:\/\/i0.wp.com\/imgs.hipertextual.com\/wp-content\/uploads\/2024\/06\/The-Acolyte-temporadas-scaled.jpeg?resize=1024%2C631&amp;quality=55&amp;strip=all&amp;ssl=1 1024w, https:\/\/i0.wp.com\/imgs.hipertextual.com\/wp-content\/uploads\/2024\/06\/The-Acolyte-temporadas-scaled.jpeg?resize=1568%2C967&amp;quality=55&amp;strip=all&amp;ssl=1 1568w, https:\/\/i0.wp.com\/imgs.hipertextual.com\/wp-content\/uploads\/2024\/06\/The-Acolyte-temporadas-scaled.jpeg?resize=2000%2C1233&amp;quality=55&amp;strip=all&amp;ssl=1 2000w, https:\/\/i0.wp.com\/imgs.hipertextual.com\/wp-content\/uploads\/2024\/06\/The-Acolyte-temporadas-scaled.jpeg?resize=400%2C247&amp;quality=55&amp;strip=all&amp;ssl=1 400w, https:\/\/i0.wp.com\/imgs.hipertextual.com\/wp-content\/uploads\/2024\/06\/The-Acolyte-temporadas-scaled.jpeg?w=2340&amp;quality=55&amp;strip=all&amp;ssl=1 2340w, https:\/\/i0.wp.com\/imgs.hipertextual.com\/wp-content\/uploads\/2024\/06\/The-Acolyte-temporadas-1500x925.jpeg?w=370&amp;quality=55&amp;strip=all&amp;ssl=1 370w\" data-sizes=\"(max-width: 780px) 100vw, 780px\"\/><img loading=\"lazy\" decoding=\"async\" width=\"780\" height=\"481\" src=\"https:\/\/i0.wp.com\/imgs.hipertextual.com\/wp-content\/uploads\/2024\/06\/The-Acolyte-temporadas-1500x925.jpeg?resize=780%2C481&amp;quality=55&amp;strip=all&amp;ssl=1\" alt=\"The Acolyte\" class=\"wp-image-1796060\" srcset=\"https:\/\/i0.wp.com\/imgs.hipertextual.com\/wp-content\/uploads\/2024\/06\/The-Acolyte-temporadas-scaled.jpeg?resize=1500%2C925&amp;quality=55&amp;strip=all&amp;ssl=1 1500w, https:\/\/i0.wp.com\/imgs.hipertextual.com\/wp-content\/uploads\/2024\/06\/The-Acolyte-temporadas-scaled.jpeg?resize=800%2C493&amp;quality=55&amp;strip=all&amp;ssl=1 800w, https:\/\/i0.wp.com\/imgs.hipertextual.com\/wp-content\/uploads\/2024\/06\/The-Acolyte-temporadas-scaled.jpeg?resize=768%2C473&amp;quality=55&amp;strip=all&amp;ssl=1 768w, https:\/\/i0.wp.com\/imgs.hipertextual.com\/wp-content\/uploads\/2024\/06\/The-Acolyte-temporadas-scaled.jpeg?resize=1536%2C947&amp;quality=55&amp;strip=all&amp;ssl=1 1536w, https:\/\/i0.wp.com\/imgs.hipertextual.com\/wp-content\/uploads\/2024\/06\/The-Acolyte-temporadas-scaled.jpeg?resize=2048%2C1263&amp;quality=55&amp;strip=all&amp;ssl=1 2048w, https:\/\/i0.wp.com\/imgs.hipertextual.com\/wp-content\/uploads\/2024\/06\/The-Acolyte-temporadas-scaled.jpeg?resize=1200%2C740&amp;quality=55&amp;strip=all&amp;ssl=1 1200w, https:\/\/i0.wp.com\/imgs.hipertextual.com\/wp-content\/uploads\/2024\/06\/The-Acolyte-temporadas-scaled.jpeg?resize=1024%2C631&amp;quality=55&amp;strip=all&amp;ssl=1 1024w, https:\/\/i0.wp.com\/imgs.hipertextual.com\/wp-content\/uploads\/2024\/06\/The-Acolyte-temporadas-scaled.jpeg?resize=1568%2C967&amp;quality=55&amp;strip=all&amp;ssl=1 1568w, https:\/\/i0.wp.com\/imgs.hipertextual.com\/wp-content\/uploads\/2024\/06\/The-Acolyte-temporadas-scaled.jpeg?resize=2000%2C1233&amp;quality=55&amp;strip=all&amp;ssl=1 2000w, https:\/\/i0.wp.com\/imgs.hipertextual.com\/wp-content\/uploads\/2024\/06\/The-Acolyte-temporadas-scaled.jpeg?resize=400%2C247&amp;quality=55&amp;strip=all&amp;ssl=1 400w, https:\/\/i0.wp.com\/imgs.hipertextual.com\/wp-content\/uploads\/2024\/06\/The-Acolyte-temporadas-scaled.jpeg?w=2340&amp;quality=55&amp;strip=all&amp;ssl=1 2340w, https:\/\/i0.wp.com\/imgs.hipertextual.com\/wp-content\/uploads\/2024\/06\/The-Acolyte-temporadas-1500x925.jpeg?w=370&amp;quality=55&amp;strip=all&amp;ssl=1 370w\" sizes=\"auto, (max-width: 780px) 100vw, 780px\" data-recalc-dims=\"1\"\/><\/figure>\n<p>Por el momento, ni siquiera se sabe exactamente c\u00f3mo se desarrollar\u00e1 la historia de la primera temporada de <em>The Acolyte<\/em>. Pero en una entrevista concedida en exclusiva a Hipertextual, la propia <strong>Headland <\/strong>nos confes\u00f3 que ya hay ideas para ese ut\u00f3pico futuro. \u00abYa se ha hablado de que si tuvi\u00e9ramos que hacer una segunda temporada, \u00bfcu\u00e1l es la historia, qui\u00e9nes son los personajes que est\u00e1n en lo alto? Al final de la temporada <a href=\"https:\/\/hipertextual.com\/2024\/03\/nuevos-personajes-the-acolyte-serie-star-wars-alta-republica\" target=\"_blank\" rel=\"noopener\">hay un mont\u00f3n de personajes<\/a> en los que no profundizamos en esta temporada y que podr\u00edan llevarnos a nuevas historias\u00bb, revela.<\/p>\n<figure class=\"wp-block-image alignwide size-full\"><img loading=\"lazy\" decoding=\"async\" width=\"780\" height=\"582\" alt=\"The Acolyte\" class=\"wp-image-1794907 perfmatters-lazy\" data-recalc-dims=\"1\" src=\"https:\/\/i0.wp.com\/imgs.hipertextual.com\/wp-content\/uploads\/2024\/05\/Star-Wars-The-Acolyte-Empire-Mag.jpg?resize=780%2C582&amp;quality=55&amp;strip=all&amp;ssl=1\" srcset=\"https:\/\/i0.wp.com\/imgs.hipertextual.com\/wp-content\/uploads\/2024\/05\/Star-Wars-The-Acolyte-Empire-Mag.jpg?w=1200&amp;quality=55&amp;strip=all&amp;ssl=1 1200w, https:\/\/i0.wp.com\/imgs.hipertextual.com\/wp-content\/uploads\/2024\/05\/Star-Wars-The-Acolyte-Empire-Mag.jpg?resize=800%2C597&amp;quality=55&amp;strip=all&amp;ssl=1 800w, https:\/\/i0.wp.com\/imgs.hipertextual.com\/wp-content\/uploads\/2024\/05\/Star-Wars-The-Acolyte-Empire-Mag.jpg?resize=768%2C573&amp;quality=55&amp;strip=all&amp;ssl=1 768w, https:\/\/i0.wp.com\/imgs.hipertextual.com\/wp-content\/uploads\/2024\/05\/Star-Wars-The-Acolyte-Empire-Mag.jpg?resize=200%2C150&amp;quality=55&amp;strip=all&amp;ssl=1 200w, https:\/\/i0.wp.com\/imgs.hipertextual.com\/wp-content\/uploads\/2024\/05\/Star-Wars-The-Acolyte-Empire-Mag.jpg?resize=1024%2C764&amp;quality=55&amp;strip=all&amp;ssl=1 1024w, https:\/\/i0.wp.com\/imgs.hipertextual.com\/wp-content\/uploads\/2024\/05\/Star-Wars-The-Acolyte-Empire-Mag.jpg?resize=400%2C298&amp;quality=55&amp;strip=all&amp;ssl=1 400w, https:\/\/i0.wp.com\/imgs.hipertextual.com\/wp-content\/uploads\/2024\/05\/Star-Wars-The-Acolyte-Empire-Mag.jpg?w=370&amp;quality=55&amp;strip=all&amp;ssl=1 370w\" data-sizes=\"(max-width: 780px) 100vw, 780px\"\/><img loading=\"lazy\" decoding=\"async\" width=\"780\" height=\"582\" src=\"https:\/\/i0.wp.com\/imgs.hipertextual.com\/wp-content\/uploads\/2024\/05\/Star-Wars-The-Acolyte-Empire-Mag.jpg?resize=780%2C582&amp;quality=55&amp;strip=all&amp;ssl=1\" alt=\"The Acolyte\" class=\"wp-image-1794907\" srcset=\"https:\/\/i0.wp.com\/imgs.hipertextual.com\/wp-content\/uploads\/2024\/05\/Star-Wars-The-Acolyte-Empire-Mag.jpg?w=1200&amp;quality=55&amp;strip=all&amp;ssl=1 1200w, https:\/\/i0.wp.com\/imgs.hipertextual.com\/wp-content\/uploads\/2024\/05\/Star-Wars-The-Acolyte-Empire-Mag.jpg?resize=800%2C597&amp;quality=55&amp;strip=all&amp;ssl=1 800w, https:\/\/i0.wp.com\/imgs.hipertextual.com\/wp-content\/uploads\/2024\/05\/Star-Wars-The-Acolyte-Empire-Mag.jpg?resize=768%2C573&amp;quality=55&amp;strip=all&amp;ssl=1 768w, https:\/\/i0.wp.com\/imgs.hipertextual.com\/wp-content\/uploads\/2024\/05\/Star-Wars-The-Acolyte-Empire-Mag.jpg?resize=200%2C150&amp;quality=55&amp;strip=all&amp;ssl=1 200w, https:\/\/i0.wp.com\/imgs.hipertextual.com\/wp-content\/uploads\/2024\/05\/Star-Wars-The-Acolyte-Empire-Mag.jpg?resize=1024%2C764&amp;quality=55&amp;strip=all&amp;ssl=1 1024w, https:\/\/i0.wp.com\/imgs.hipertextual.com\/wp-content\/uploads\/2024\/05\/Star-Wars-The-Acolyte-Empire-Mag.jpg?resize=400%2C298&amp;quality=55&amp;strip=all&amp;ssl=1 400w, https:\/\/i0.wp.com\/imgs.hipertextual.com\/wp-content\/uploads\/2024\/05\/Star-Wars-The-Acolyte-Empire-Mag.jpg?w=370&amp;quality=55&amp;strip=all&amp;ssl=1 370w\" sizes=\"auto, (max-width: 780px) 100vw, 780px\" data-recalc-dims=\"1\"\/><\/figure>\n<p>En cualquier caso, deja claro que por ahora solo hay \u00abpeque\u00f1as ideas\u00bb que deben \u00abhacer grandes despu\u00e9s\u00bb. Adem\u00e1s, para tener esa oportunidad de seguir indagando en <a href=\"https:\/\/hipertextual.com\/2024\/03\/alta-republica-the-acolyte-star-wars\" target=\"_blank\" rel=\"noopener\">la Alta Rep\u00fablica de <em>Star Wars<\/em><\/a>, <strong>Headland <\/strong>recuerda que todo depende de los fans. \u00abPara que haya una segunda temporada necesitamos que todos la ve\u00e1is. Ten\u00e9is que ver la primera. Es lo que pasa cuando la gente me pregunta. Depende de vosotros, vosotros decid\u00eds. Pero s\u00ed que creo que se est\u00e1 generando un muy buen esp\u00edritu para la serie porque lo siento internamente entre mis productores y mi reparto\u00bb, confiesa la showrunner de <em>The Acolyte<\/em>.<\/p>\n<p>La serie est\u00e1 protagonizada por <strong>Amandla Stenberg<\/strong>, que da vida a dos hermanas gemelas, Mae y Osha. Junto a ella est\u00e1n <strong>Lee Jung-jae<\/strong> interpreta al maestro Sol y <strong>Carrie-Anne Moss<\/strong> a la Maestra Indara. El resto del elenco incluye a la espa\u00f1ola <strong>Dafne Keen<\/strong> como la padawan Jecki, <strong>Joonas Suotamo<\/strong> como el Jedi wookie Kelnacca, <strong>Rebecca Henderson<\/strong> como la Maestra Vernestra &#8216;Vern&#8217; Rwoh, <strong>Charlie Barnett<\/strong> como el Jedi Yord, <strong>Jodie Turner-Smith<\/strong> como la Madre Aniseya y <strong>Manny Jacinto<\/strong> como Quimir.<\/p>\n<div class=\"wp-block-group is-style-default has-primary-color has-text-color has-background\" style=\"background-color:#007e941c\">\n<div class=\"wp-block-group__inner-container is-layout-flow wp-block-group-is-layout-flow\">\n<div class=\"wp-block-columns is-layout-flex wp-container-core-columns-is-layout-1 wp-block-columns-is-layout-flex\">\n<div class=\"wp-block-column is-vertically-aligned-center is-layout-flow wp-block-column-is-layout-flow\" style=\"flex-basis:30%\">\n<div class=\"wp-block-image\">\n<figure class=\"aligncenter size-full\"><img loading=\"lazy\" decoding=\"async\" width=\"377\" height=\"354\" alt=\"\" class=\"wp-image-1785767 perfmatters-lazy\" data-recalc-dims=\"1\" src=\"https:\/\/i0.wp.com\/imgs.hipertextual.com\/wp-content\/uploads\/2024\/03\/new-disney-icon-splash-screen-v0-v5hjilcy4qpc1.jpeg?resize=377%2C354&amp;quality=55&amp;strip=all&amp;ssl=1\" srcset=\"https:\/\/i0.wp.com\/imgs.hipertextual.com\/wp-content\/uploads\/2024\/03\/new-disney-icon-splash-screen-v0-v5hjilcy4qpc1.jpeg?w=377&amp;quality=55&amp;strip=all&amp;ssl=1 377w, https:\/\/i0.wp.com\/imgs.hipertextual.com\/wp-content\/uploads\/2024\/03\/new-disney-icon-splash-screen-v0-v5hjilcy4qpc1.jpeg?w=370&amp;quality=55&amp;strip=all&amp;ssl=1 370w, https:\/\/i0.wp.com\/imgs.hipertextual.com\/wp-content\/uploads\/2024\/03\/new-disney-icon-splash-screen-v0-v5hjilcy4qpc1.jpeg?w=400&amp;quality=55&amp;strip=all&amp;ssl=1 400w\" data-sizes=\"(max-width: 377px) 100vw, 377px\"\/><img loading=\"lazy\" decoding=\"async\" width=\"377\" height=\"354\" src=\"https:\/\/i0.wp.com\/imgs.hipertextual.com\/wp-content\/uploads\/2024\/03\/new-disney-icon-splash-screen-v0-v5hjilcy4qpc1.jpeg?resize=377%2C354&amp;quality=55&amp;strip=all&amp;ssl=1\" alt=\"\" class=\"wp-image-1785767\" srcset=\"https:\/\/i0.wp.com\/imgs.hipertextual.com\/wp-content\/uploads\/2024\/03\/new-disney-icon-splash-screen-v0-v5hjilcy4qpc1.jpeg?w=377&amp;quality=55&amp;strip=all&amp;ssl=1 377w, https:\/\/i0.wp.com\/imgs.hipertextual.com\/wp-content\/uploads\/2024\/03\/new-disney-icon-splash-screen-v0-v5hjilcy4qpc1.jpeg?w=370&amp;quality=55&amp;strip=all&amp;ssl=1 370w, https:\/\/i0.wp.com\/imgs.hipertextual.com\/wp-content\/uploads\/2024\/03\/new-disney-icon-splash-screen-v0-v5hjilcy4qpc1.jpeg?w=400&amp;quality=55&amp;strip=all&amp;ssl=1 400w\" sizes=\"auto, (max-width: 377px) 100vw, 377px\" data-recalc-dims=\"1\"\/><\/figure>\n<\/div>\n<\/div>\n<div class=\"wp-block-column is-layout-flow wp-block-column-is-layout-flow\" style=\"flex-basis:70%\">\n<p class=\"has-text-align-center\" style=\"font-size:17px\">Date de <strong>alta en <a href=\"https:\/\/disneyplus.bn5x.net\/DV0Mzo\" target=\"_blank\" rel=\"noreferrer noopener sponsored nofollow\">Disney Plus<\/a><\/strong> ahora y <strong>ahorra gracias a la suscripci\u00f3n anual<\/strong>, con la que podr\u00e1s disfrutar de todo su cat\u00e1logo de series y pel\u00edculas. <strong>Acceso a los \u00faltimos estrenos<\/strong>, al cat\u00e1logo de <strong><a href=\"https:\/\/geni.us\/starpluslatam\" rel=\"noreferrer noopener sponsored nofollow\" target=\"_blank\">Star<\/a><\/strong> y a los mejores documentales de National Geographic.<\/p>\n<\/div>\n<\/div>\n<\/div>\n<\/div>\n<p><em>The Acolyte<\/em>\u00a0llega a Disney+\u00a0con sus dos primeros episodios el<strong>\u00a0<\/strong>5 de junio en Espa\u00f1a, la noche del 4 de junio en Am\u00e9rica Latina y Estados Unidos.<\/p>\n<section id=\"block-25\" class=\"below-content widget widget_block\">\n<div class=\"wp-block-group is-style-default hiper-newsletter-box has-background\" style=\"background:linear-gradient(180deg,rgb(0,23,188) 28%,rgb(0,15,131) 100%);padding-top:15px;padding-right:15px;padding-bottom:15px;padding-left:15px\">\n<div class=\"wp-block-group__inner-container is-layout-constrained wp-block-group-is-layout-constrained\">\n<p class=\"has-white-color has-text-color\">Recibe cada ma\u00f1ana nuestra <a rel=\"noreferrer noopener\" href=\"https:\/\/hipertextual.com\/newsletter\" target=\"_blank\">newsletter<\/a>. Una gu\u00eda para entender lo que importa en relaci\u00f3n con la tecnolog\u00eda, la ciencia y la cultura digital.<\/p>\n<div class=\"wp-block-jetpack-mailchimp\" data-blog-id=\"190110665\">\n<p>\nProcesando&#8230; <\/p>\n<p>\n\u00a1Listo! Ya est\u00e1s suscrito <\/p>\n<p>\nHubo un error, actualiza la p\u00e1gina e int\u00e9ntalo nuevamente <\/p>\n<\/div>\n<\/div>\n<\/div>\n<\/section>\n<section id=\"block-74\" class=\"below-content widget widget_block\">\n<\/section>\n<section id=\"block-71\" class=\"below-content widget widget_block\">\n<h4 class=\"wp-block-heading tambien-en-hipertextual\" id=\"h-tambien-en-hipertextual\" style=\"padding-top:0.8em;padding-right:0px;padding-bottom:0px;padding-left:0px\"><span class=\"ez-toc-section\" id=\"Tambien_en_Hipertextual\"><\/span>Tambi\u00e9n en Hipertextual:<span class=\"ez-toc-section-end\"><\/span><\/h4>\n<\/section>\n<section id=\"block-32\" class=\"below-content widget widget_block\">\n<nav class=\"jp-relatedposts-i2 jp-related-hipertextual wp-block-jetpack-related-posts has-normal-font-size\" style=\"padding-bottom:0px;padding-left:0px;padding-top:0px;padding-right:1.5em;\" data-layout=\"list\" aria-label=\"Entradas relacionadas\"\/><\/section>\n<\/p><\/div>\n<p><a href=\"https:\/\/hipertextual.com\/2024\/06\/cuantas-temporadas-tendra-star-wars-the-acolyte\" class=\" target=\" title=\"\u00bfCu\u00e1ntas temporadas tendr\u00e1 &#039;Star Wars: The Acolyte&#039;?\" target=\"_blank\" rel=\"noopener\">Ver fuente<\/a><\/p>\n","protected":false},"excerpt":{"rendered":"<p>The Acolyte, la nueva serie de Star Wars, llega a Disney+ con la promesa de ofrecer algo rompedor en la saga. Por primera vez en el audiovisual, Lucasfilm se aleja de la historia de los Skywalker. El proyecto es obra de Leslye Headland, que viaja hasta la Alta Rep\u00fablica para narrar una trama totalmente diferente [&hellip;]<\/p>\n","protected":false},"author":2,"featured_media":4831,"comment_status":"open","ping_status":"closed","sticky":false,"template":"","format":"standard","meta":{"footnotes":""},"categories":[9],"tags":[],"class_list":["post-4830","post","type-post","status-publish","format-standard","has-post-thumbnail","hentry","category-tecnologia"],"_links":{"self":[{"href":"https:\/\/enfoquenoticioso.com\/index.php?rest_route=\/wp\/v2\/posts\/4830","targetHints":{"allow":["GET"]}}],"collection":[{"href":"https:\/\/enfoquenoticioso.com\/index.php?rest_route=\/wp\/v2\/posts"}],"about":[{"href":"https:\/\/enfoquenoticioso.com\/index.php?rest_route=\/wp\/v2\/types\/post"}],"author":[{"embeddable":true,"href":"https:\/\/enfoquenoticioso.com\/index.php?rest_route=\/wp\/v2\/users\/2"}],"replies":[{"embeddable":true,"href":"https:\/\/enfoquenoticioso.com\/index.php?rest_route=%2Fwp%2Fv2%2Fcomments&post=4830"}],"version-history":[{"count":0,"href":"https:\/\/enfoquenoticioso.com\/index.php?rest_route=\/wp\/v2\/posts\/4830\/revisions"}],"wp:featuredmedia":[{"embeddable":true,"href":"https:\/\/enfoquenoticioso.com\/index.php?rest_route=\/wp\/v2\/media\/4831"}],"wp:attachment":[{"href":"https:\/\/enfoquenoticioso.com\/index.php?rest_route=%2Fwp%2Fv2%2Fmedia&parent=4830"}],"wp:term":[{"taxonomy":"category","embeddable":true,"href":"https:\/\/enfoquenoticioso.com\/index.php?rest_route=%2Fwp%2Fv2%2Fcategories&post=4830"},{"taxonomy":"post_tag","embeddable":true,"href":"https:\/\/enfoquenoticioso.com\/index.php?rest_route=%2Fwp%2Fv2%2Ftags&post=4830"}],"curies":[{"name":"wp","href":"https:\/\/api.w.org\/{rel}","templated":true}]}}