{"id":48313,"date":"2025-02-05T10:54:55","date_gmt":"2025-02-05T10:54:55","guid":{"rendered":"https:\/\/enfoquenoticioso.com\/entretenimiento\/aitana-sanchez-gijon-desvela-a-david-broncano-su-peculiar-anecdota-con-richard-gere-y-como-cambio-este-aspecto-de-su-vida-era-lo-mas-valioso-del-mundo\/"},"modified":"2025-02-05T10:54:55","modified_gmt":"2025-02-05T10:54:55","slug":"aitana-sanchez-gijon-desvela-a-david-broncano-su-peculiar-anecdota-con-richard-gere-y-como-cambio-este-aspecto-de-su-vida-era-lo-mas-valioso-del-mundo","status":"publish","type":"post","link":"https:\/\/enfoquenoticioso.com\/?p=48313","title":{"rendered":"Aitana S\u00e1nchez-Gij\u00f3n desvela a David Broncano su peculiar an\u00e9cdota con Richard Gere y c\u00f3mo cambi\u00f3 este aspecto de su vida. \u00abEra lo m\u00e1s valioso del mundo\u00bb"},"content":{"rendered":"<div>\n<p>Aitana S\u00e1nchez-Gij\u00f3n visit\u00f3 <a class=\"text-outboundlink\" href=\"https:\/\/www.espinof.com\/criticas\/revuelta-siquiera-intenta-luchar-hormiguero-sigue-teniendo-espiritu-programa-nicho-hecho-cuatro-amigos-garaje\" data-vars-post-title=\"&#039;La revuelta&#039; ni siquiera intenta luchar contra &#039;El hormiguero&#039; y sigue teniendo el esp\u00edritu de programa de nicho hecho por cuatro amigos en un garaje\" data-vars-post-url=\"https:\/\/www.espinof.com\/criticas\/revuelta-siquiera-intenta-luchar-hormiguero-sigue-teniendo-espiritu-programa-nicho-hecho-cuatro-amigos-garaje\" target=\"_blank\" rel=\"noopener\">&#8216;La revuelta&#8217;<\/a> anoche. La actriz presentaba nueva pel\u00edcula, pero tambi\u00e9n habl\u00f3 del Goya de Honor que se le va a conceder en los <a class=\"text-outboundlink\" href=\"https:\/\/www.espinof.com\/premios-goya\/todos-nominados-a-premios-goya-2025-47-segundo-premio-infiltrada-arrasan-otro-desaire-a-almodovar\" data-vars-post-title=\"Premios Goya 2025: nominados, favoritos y fecha de la gala del cine espa\u00f1ol\" data-vars-post-url=\"https:\/\/www.espinof.com\/premios-goya\/todos-nominados-a-premios-goya-2025-47-segundo-premio-infiltrada-arrasan-otro-desaire-a-almodovar\" target=\"_blank\" rel=\"noopener\">Premios Goya 2025<\/a>, as\u00ed como su an\u00e9cdota con <strong>Richard Gere, que cambi\u00f3 para siempre sus desayunos cuando lo conoci\u00f3 hace casi 40 a\u00f1os<\/strong>.<\/p>\n<p><!-- BREAK 1 --> <\/p>\n<div id=\"ez-toc-container\" class=\"ez-toc-v2_0_81 counter-hierarchy ez-toc-counter ez-toc-grey ez-toc-container-direction\">\n<div class=\"ez-toc-title-container\">\n<p class=\"ez-toc-title\" style=\"cursor:inherit\">Tabla de Contenido<\/p>\n<span class=\"ez-toc-title-toggle\"><a href=\"#\" class=\"ez-toc-pull-right ez-toc-btn ez-toc-btn-xs ez-toc-btn-default ez-toc-toggle\" aria-label=\"Alternar tabla de contenidos\"><span class=\"ez-toc-js-icon-con\"><span class=\"\"><span class=\"eztoc-hide\" style=\"display:none;\">Toggle<\/span><span class=\"ez-toc-icon-toggle-span\"><svg style=\"fill: #999;color:#999\" xmlns=\"http:\/\/www.w3.org\/2000\/svg\" class=\"list-377408\" width=\"20px\" height=\"20px\" viewBox=\"0 0 24 24\" fill=\"none\"><path d=\"M6 6H4v2h2V6zm14 0H8v2h12V6zM4 11h2v2H4v-2zm16 0H8v2h12v-2zM4 16h2v2H4v-2zm16 0H8v2h12v-2z\" fill=\"currentColor\"><\/path><\/svg><svg style=\"fill: #999;color:#999\" class=\"arrow-unsorted-368013\" xmlns=\"http:\/\/www.w3.org\/2000\/svg\" width=\"10px\" height=\"10px\" viewBox=\"0 0 24 24\" version=\"1.2\" baseProfile=\"tiny\"><path d=\"M18.2 9.3l-6.2-6.3-6.2 6.3c-.2.2-.3.4-.3.7s.1.5.3.7c.2.2.4.3.7.3h11c.3 0 .5-.1.7-.3.2-.2.3-.5.3-.7s-.1-.5-.3-.7zM5.8 14.7l6.2 6.3 6.2-6.3c.2-.2.3-.5.3-.7s-.1-.5-.3-.7c-.2-.2-.4-.3-.7-.3h-11c-.3 0-.5.1-.7.3-.2.2-.3.5-.3.7s.1.5.3.7z\"\/><\/svg><\/span><\/span><\/span><\/a><\/span><\/div>\n<nav><ul class='ez-toc-list ez-toc-list-level-1 ' ><li class='ez-toc-page-1 ez-toc-heading-level-2'><a class=\"ez-toc-link ez-toc-heading-1\" href=\"https:\/\/enfoquenoticioso.com\/?p=48313\/#%C2%ABYo_estaba_enamorada_perdida_de_el%C2%BB\" >\u00abYo estaba enamorada perdida de \u00e9l\u00bb<\/a><\/li><li class='ez-toc-page-1 ez-toc-heading-level-2'><a class=\"ez-toc-link ez-toc-heading-2\" href=\"https:\/\/enfoquenoticioso.com\/?p=48313\/#%C2%BFComo_fue_en_audiencias_anoche\" >\u00bfC\u00f3mo fue en audiencias anoche?<\/a><\/li><\/ul><\/nav><\/div>\n<h2><span class=\"ez-toc-section\" id=\"%C2%ABYo_estaba_enamorada_perdida_de_el%C2%BB\"><\/span>\u00abYo estaba enamorada perdida de \u00e9l\u00bb<span class=\"ez-toc-section-end\"><\/span><\/h2>\n<p>Aitana S\u00e1nchez-Gij\u00f3n present\u00f3 el martes 4 de febrero la pel\u00edcula &#8216;Tierra baja&#8217;, estrenada en cines el pasado 31 de enero. Adem\u00e1s, la actriz tambi\u00e9n habl\u00f3 con David Broncano sobre <strong>el Goya de Honor que recibir\u00e1 este s\u00e1bado en los Premios Goya<\/strong>, as\u00ed como del ganador del Goya Internacional.<\/p>\n<p><!-- BREAK 2 --><\/p>\n<div class=\"article-asset-image article-asset-large article-asset-center\">\n<div class=\"asset-content\">\n                   <img class=\"\" height=\"675\" width=\"1200\" loading=\"lazy\" decoding=\"async\" sizes=\"auto, 100vw\" fetchpriority=\"high\" srcset=\"https:\/\/i.blogs.es\/740928\/broncano\/450_1000.jpeg 450w, https:\/\/i.blogs.es\/740928\/broncano\/650_1200.jpeg 681w,https:\/\/i.blogs.es\/740928\/broncano\/1024_2000.jpeg 1024w, https:\/\/i.blogs.es\/740928\/broncano\/1366_2000.jpeg 1366w\" src=\"https:\/\/i.blogs.es\/740928\/broncano\/450_1000.jpeg\" alt=\"Broncano\"\/><br \/>\n   <img decoding=\"async\" alt=\"Broncano\" class=\"\" src=\"https:\/\/i.blogs.es\/740928\/broncano\/450_1000.jpeg\"\/><\/p><\/div>\n<\/div>\n<p>\u00abAl amor de mi vida se lo dan: a Richard Gere. Yo estaba enamorada loca perdida de \u00e9l. <strong>Yo ten\u00eda 16 a\u00f1os e iba compulsivamente a ver sus pel\u00edculas, ten\u00eda p\u00f3sters en la habitaci\u00f3n, en la carpeta&#8230;<\/strong>\u00bb comenz\u00f3 S\u00e1nchez-Gij\u00f3n, quien ten\u00eda una an\u00e9cdota muy especial con el actor de <a class=\"text-outboundlink\" href=\"https:\/\/www.espinof.com\/criticas\/pretty-woman-tengo-un-amor-en-la-calle\" data-vars-post-title=\"&#039;Pretty Woman&#039;, tengo un amor en la calle\" data-vars-post-url=\"https:\/\/www.espinof.com\/criticas\/pretty-woman-tengo-un-amor-en-la-calle\" target=\"_blank\" rel=\"noopener\">&#8216;Pretty Woman&#8217;<\/a>:<\/p>\n<p><!-- BREAK 3 --> <\/p>\n<blockquote><p>\u00abCuatro a\u00f1os despu\u00e9s, yo estaba en la sala de doblaje con Antonio Banderas. Sab\u00eda que estaba Richard en Madrid, en 1988. De repente, me llama mi agente y me dice: &#8216;\u00a1Richard Gere te quiere conocer! Est\u00e1n buscando actrices para un proyecto y alguien le ha ense\u00f1ado tu foto&#8217;. Me fui al d\u00eda siguiente a conocerle al Ritz, sub\u00ed a su habitaci\u00f3n y estuve charlando una hora entera, mientras \u00e9l desayunaba y preparaba su maleta. Al final, me regal\u00f3 un kiwi. Desde entonces, desayuno kiwis todas la ma\u00f1anas de mi vida\u00bb.<\/p><\/blockquote>\n<div class=\"article-asset article-asset-normal article-asset-center\">\n<div class=\"desvio-container\">\n<div class=\"desvio\">\n<div class=\"desvio-figure js-desvio-figure\">\n    <a href=\"https:\/\/www.espinof.com\/reality\/melody-le-hace-promesa-a-david-broncano-para-eurovision-remolonea-sus-preguntas-habituales-llevo-racha-fatal\" class=\"pivot-outboundlink\" data-vars-post-title=\"Melody le hace una promesa a David Broncano para Eurovisi\u00f3n y remolonea con sus preguntas habituales. &quot;Llevo una racha fatal&quot; \" target=\"_blank\" rel=\"noopener\"><br \/>\n     <img loading=\"lazy\" decoding=\"async\" alt=\"Melody le hace una promesa a David Broncano para Eurovisi\u00f3n y remolonea con sus preguntas habituales. &quot;Llevo una racha fatal&quot; \" width=\"375\" height=\"142\" src=\"https:\/\/i.blogs.es\/63ca82\/la-revuelta\/375_142.jpeg\"\/><br \/>\n    <\/a>\n   <\/div>\n<\/p><\/div>\n<\/p><\/div>\n<\/div>\n<p>\u00abVaya cutre, Richard Gere\u00bb<strong> <\/strong>brome\u00f3 Broncano. \u00ab<strong>A\u00f1os despu\u00e9s, le entregu\u00e9 el Premio Donostia en 2017<\/strong>. (Cuando) cenamos, <strong>le record\u00e9 esta historia e hizo como que se acordaba<\/strong>\u00bb concluy\u00f3 la actriz: \u00abEse kiwi era lo m\u00e1s valioso del mundo\u00bb. \u00abAhora han pasado casi 40 a\u00f1os y coincid\u00eds los dos con el Goya de Honor y el Internacional. Qu\u00e9 bonito\u00bb a\u00f1adi\u00f3 el presentador.<\/p>\n<p><!-- BREAK 4 --><\/p>\n<h2><span class=\"ez-toc-section\" id=\"%C2%BFComo_fue_en_audiencias_anoche\"><\/span>\u00bfC\u00f3mo fue en audiencias anoche?<span class=\"ez-toc-section-end\"><\/span><\/h2>\n<p>El martes 4 de febrero, &#8216;La revuelta&#8217; aplaz\u00f3 su hora de inicio debido a la Copa del Rey y eso se not\u00f3 en <a rel=\"noopener, noreferrer\" href=\"https:\/\/www.eldiario.es\/vertele\/audiencias-tv\/martes-4-febrero-2025-el-hormiguero-lidera-frente-copa-del-rey-la-revuelta-cae-despues-gh-duo-lider-renacer_1_12027185.html\" target=\"_blank\">los datos de audiencia<\/a>. El programa de La 1 <strong>cosech\u00f3 un 10,5% de <\/strong><em><strong>share <\/strong><\/em><strong>y 801.000 espectadores y fue superado por la serie &#8216;Renacer&#8217;<\/strong> (11,3% y 931.000) en Antena 3 y en cuota por <a href=\"https:\/\/www.espinof.com\/tag\/gran-hermano-duo\" target=\"_blank\" rel=\"noopener\">&#8216;GH D\u00fao&#8217;<\/a> (12,9% y 726.000) en Telecinco. Adem\u00e1s, <a class=\"text-outboundlink\" href=\"https:\/\/www.espinof.com\/tag\/el-hormiguero\" data-vars-post-title=\"El Hormiguero\" data-vars-post-url=\"https:\/\/www.espinof.com\/tag\/el-hormiguero\" target=\"_blank\" rel=\"noopener\">&#8216;El hormiguero&#8217;<\/a> se benefici\u00f3 de la ausencia de su rival para liderar el <em>access prime time <\/em>(16,5% y 2.160.000) frente al partido del Atl\u00e9tico de Madrid &#8211; Getafe (13,7% y 1.759.000).<\/p>\n<p><!-- BREAK 5 --><\/p>\n<p>En Espinof |<a class=\"text-outboundlink\" href=\"https:\/\/www.espinof.com\/la-1\/revuelta-aclara-cuanto-guion-lee-realmente-david-broncano-programa-donde-ideas-se-queman-historia\" data-vars-post-title=\"&#039;La Revuelta&#039; aclara cu\u00e1nto guion lee realmente David Broncano. &quot;Es el programa donde m\u00e1s ideas se queman de la historia&quot; \" data-vars-post-url=\"https:\/\/www.espinof.com\/la-1\/revuelta-aclara-cuanto-guion-lee-realmente-david-broncano-programa-donde-ideas-se-queman-historia\" target=\"_blank\" rel=\"noopener\">&#8216;La Revuelta&#8217; aclara cu\u00e1nto guion lee realmente David Broncano. \u00abEs el programa donde m\u00e1s ideas se queman de la historia\u00bb<\/a><\/p>\n<p>En Espinof | <a class=\"text-outboundlink\" href=\"https:\/\/www.espinof.com\/listas\/peliculas-esperadas-2025\" data-vars-post-title=\"Las 47 pel\u00edculas m\u00e1s esperadas de 2025 y los mejores estrenos del a\u00f1o: &#039;Avatar 3&#039;, el regreso de John Wick, &#039;Misi\u00f3n Imposible 8&#039;, &#039;Jurassic World 4&#039; y muchas m\u00e1s\" data-vars-post-url=\"https:\/\/www.espinof.com\/listas\/peliculas-esperadas-2025\" target=\"_blank\" rel=\"noopener\">Las pel\u00edculas m\u00e1s esperadas de 2025<\/a><\/p>\n<\/p><\/div>\n<p><a href=\"https:\/\/www.espinof.com\/reality\/aitana-sanchez-gijon-desvela-a-david-broncano-su-peculiar-anecdota-richard-gere-como-cambio-este-aspecto-su-vida-era-valioso-mundo\" class=\" target=\" title=\"Aitana S\u00e1nchez-Gij\u00f3n desvela a David Broncano su peculiar an\u00e9cdota con Richard Gere y c\u00f3mo cambi\u00f3 este aspecto de su vida. \" Era lo  valioso del target=\"_blank\" rel=\"noopener\">Ver fuente<\/a><\/p>\n","protected":false},"excerpt":{"rendered":"<p>Aitana S\u00e1nchez-Gij\u00f3n visit\u00f3 &#8216;La revuelta&#8217; anoche. La actriz presentaba nueva pel\u00edcula, pero tambi\u00e9n habl\u00f3 del Goya de Honor que se le va a conceder en los Premios Goya 2025, as\u00ed como su an\u00e9cdota con Richard Gere, que cambi\u00f3 para siempre sus desayunos cuando lo conoci\u00f3 hace casi 40 a\u00f1os. \u00abYo estaba enamorada perdida de \u00e9l\u00bb [&hellip;]<\/p>\n","protected":false},"author":2,"featured_media":48314,"comment_status":"open","ping_status":"closed","sticky":false,"template":"","format":"standard","meta":{"footnotes":""},"categories":[8],"tags":[],"class_list":["post-48313","post","type-post","status-publish","format-standard","has-post-thumbnail","hentry","category-entretenimiento"],"_links":{"self":[{"href":"https:\/\/enfoquenoticioso.com\/index.php?rest_route=\/wp\/v2\/posts\/48313","targetHints":{"allow":["GET"]}}],"collection":[{"href":"https:\/\/enfoquenoticioso.com\/index.php?rest_route=\/wp\/v2\/posts"}],"about":[{"href":"https:\/\/enfoquenoticioso.com\/index.php?rest_route=\/wp\/v2\/types\/post"}],"author":[{"embeddable":true,"href":"https:\/\/enfoquenoticioso.com\/index.php?rest_route=\/wp\/v2\/users\/2"}],"replies":[{"embeddable":true,"href":"https:\/\/enfoquenoticioso.com\/index.php?rest_route=%2Fwp%2Fv2%2Fcomments&post=48313"}],"version-history":[{"count":0,"href":"https:\/\/enfoquenoticioso.com\/index.php?rest_route=\/wp\/v2\/posts\/48313\/revisions"}],"wp:featuredmedia":[{"embeddable":true,"href":"https:\/\/enfoquenoticioso.com\/index.php?rest_route=\/wp\/v2\/media\/48314"}],"wp:attachment":[{"href":"https:\/\/enfoquenoticioso.com\/index.php?rest_route=%2Fwp%2Fv2%2Fmedia&parent=48313"}],"wp:term":[{"taxonomy":"category","embeddable":true,"href":"https:\/\/enfoquenoticioso.com\/index.php?rest_route=%2Fwp%2Fv2%2Fcategories&post=48313"},{"taxonomy":"post_tag","embeddable":true,"href":"https:\/\/enfoquenoticioso.com\/index.php?rest_route=%2Fwp%2Fv2%2Ftags&post=48313"}],"curies":[{"name":"wp","href":"https:\/\/api.w.org\/{rel}","templated":true}]}}