{"id":48352,"date":"2025-02-05T14:02:23","date_gmt":"2025-02-05T14:02:23","guid":{"rendered":"https:\/\/enfoquenoticioso.com\/entretenimiento\/vuelve-ana-de-las-tejas-verdes-anne-shirley-revela-su-primer-trailer-con-vistazo-a-diana-gilbert-y-los-cuthbert-y-el-anime-promete-ser-una-autentica-cucada\/"},"modified":"2025-02-05T14:02:23","modified_gmt":"2025-02-05T14:02:23","slug":"vuelve-ana-de-las-tejas-verdes-anne-shirley-revela-su-primer-trailer-con-vistazo-a-diana-gilbert-y-los-cuthbert-y-el-anime-promete-ser-una-autentica-cucada","status":"publish","type":"post","link":"https:\/\/enfoquenoticioso.com\/?p=48352","title":{"rendered":"Vuelve Ana de las Tejas Verdes. &#8216;Anne Shirley&#8217; revela su primer trailer con vistazo a Diana, Gilbert y los Cuthbert, y el anime promete ser una aut\u00e9ntica cucada"},"content":{"rendered":"<div>\n<p><strong>Isao Takahata<\/strong> ya se marc\u00f3 en 1979 una fant\u00e1stica adaptaci\u00f3n a anime de<strong> &#8216;Ana de las Tejas Verdes&#8217;,<\/strong> el cl\u00e1sico de Lucy Maud Montgomery sobre una hu\u00e9rfana pelirroja que tiene m\u00e1s cuento que Anto\u00f1ita la Fant\u00e1stica. Y como parece que l<strong>os animes tambi\u00e9n le han pillado el tranquillo a eso de los remakes<\/strong>, en apenas un par de meses llega una nueva serie para devolvernos a Avonlea.<\/p>\n<p><!-- BREAK 1 --> <\/p>\n<div id=\"ez-toc-container\" class=\"ez-toc-v2_0_81 counter-hierarchy ez-toc-counter ez-toc-grey ez-toc-container-direction\">\n<div class=\"ez-toc-title-container\">\n<p class=\"ez-toc-title\" style=\"cursor:inherit\">Tabla de Contenido<\/p>\n<span class=\"ez-toc-title-toggle\"><a href=\"#\" class=\"ez-toc-pull-right ez-toc-btn ez-toc-btn-xs ez-toc-btn-default ez-toc-toggle\" aria-label=\"Alternar tabla de contenidos\"><span class=\"ez-toc-js-icon-con\"><span class=\"\"><span class=\"eztoc-hide\" style=\"display:none;\">Toggle<\/span><span class=\"ez-toc-icon-toggle-span\"><svg style=\"fill: #999;color:#999\" xmlns=\"http:\/\/www.w3.org\/2000\/svg\" class=\"list-377408\" width=\"20px\" height=\"20px\" viewBox=\"0 0 24 24\" fill=\"none\"><path d=\"M6 6H4v2h2V6zm14 0H8v2h12V6zM4 11h2v2H4v-2zm16 0H8v2h12v-2zM4 16h2v2H4v-2zm16 0H8v2h12v-2z\" fill=\"currentColor\"><\/path><\/svg><svg style=\"fill: #999;color:#999\" class=\"arrow-unsorted-368013\" xmlns=\"http:\/\/www.w3.org\/2000\/svg\" width=\"10px\" height=\"10px\" viewBox=\"0 0 24 24\" version=\"1.2\" baseProfile=\"tiny\"><path d=\"M18.2 9.3l-6.2-6.3-6.2 6.3c-.2.2-.3.4-.3.7s.1.5.3.7c.2.2.4.3.7.3h11c.3 0 .5-.1.7-.3.2-.2.3-.5.3-.7s-.1-.5-.3-.7zM5.8 14.7l6.2 6.3 6.2-6.3c.2-.2.3-.5.3-.7s-.1-.5-.3-.7c-.2-.2-.4-.3-.7-.3h-11c-.3 0-.5.1-.7.3-.2.2-.3.5-.3.7s.1.5.3.7z\"\/><\/svg><\/span><\/span><\/span><\/a><\/span><\/div>\n<nav><ul class='ez-toc-list ez-toc-list-level-1 ' ><li class='ez-toc-page-1 ez-toc-heading-level-2'><a class=\"ez-toc-link ez-toc-heading-1\" href=\"https:\/\/enfoquenoticioso.com\/?p=48352\/#Regreso_a_Tejas_Verdes\" >Regreso a Tejas Verdes<\/a><\/li><\/ul><\/nav><\/div>\n<h2><span class=\"ez-toc-section\" id=\"Regreso_a_Tejas_Verdes\"><\/span>Regreso a Tejas Verdes<span class=\"ez-toc-section-end\"><\/span><\/h2>\n<p><strong>&#8216;Anne Shirley<\/strong>&#8216; ser\u00e1 un anime de 24 cap\u00edtulos que, en principio adaptar\u00e1 la primera de la saga de novelas de Montgomery sobre Anne. Esta es la historia de Anne Shirley, una hu\u00e9rfana con mucha imaginaci\u00f3n que es adoptada por los hermanos<strong> Matthew y Marilla Cuthbert.<\/strong> En un primer momento ellos quer\u00edan un ni\u00f1o que les ayudase con la granja, pero en el orfanato la l\u00edan y les env\u00edan una ni\u00f1a&#8230; <strong>Y una vez que conocen a Anne no tienen coraz\u00f3n como para devolverla.<\/strong><\/p>\n<p><!-- BREAK 2 --><\/p>\n<p>Ya se ha dejado ver un primer\u00edsimo tr\u00e1iler (aunque un poco corto, eso s\u00ed), en el que podemos ver a <strong>Anne llegando a Tejas Verdes <\/strong>y sus primeras \u00abliadas\u00bb. Tambi\u00e9n tenemos un vistacillo a los Cuthbert, a Diana Barry y a Gilbert Blythe, y la animaci\u00f3n por ahora parece que va a ser bastante cuqui con un estilo que le va de miedo a la historia.<\/p>\n<p><!-- BREAK 3 --> <\/p>\n<p>De la animaci\u00f3n se est\u00e1 encargando <strong>The Answer Studio,<\/strong> los responsables de \u00a0la segunda temporada de &#8216;<a href=\"https:\/\/www.espinof.com\/tag\/tower%20of%20god\" target=\"_blank\" rel=\"noopener\">Tower of God<\/a>&#8216;. Y aunque el estilo de esta \u00faltima no convenci\u00f3 a sus fans, parece que con &#8216;Anne Shirley&#8217; van mejor encaminados porque la historia tampoco requiere un despliegue t\u00e9cnico tremendo.<\/p>\n<p><!-- BREAK 4 --><\/p>\n<div class=\"article-asset article-asset-normal article-asset-center\">\n<div class=\"desvio-container\">\n<div class=\"desvio\">\n<div class=\"desvio-figure js-desvio-figure\">\n    <a href=\"https:\/\/www.espinof.com\/animacion\/world-masterpiece-theater-coleccion-animes-que-adaptaban-clasicos-europeos-que-hayao-miyazaki-dio-sus-primeros-pasos\" class=\"pivot-outboundlink\" data-vars-post-title=\"World Masterpiece Theater, la colecci\u00f3n de animes que adaptaban cl\u00e1sicos europeos en la que Hayao Miyazaki dio sus primeros pasos\" target=\"_blank\" rel=\"noopener\"><br \/>\n     <img loading=\"lazy\" decoding=\"async\" alt=\"World Masterpiece Theater, la colecci\u00f3n de animes que adaptaban cl\u00e1sicos europeos en la que Hayao Miyazaki dio sus primeros pasos\" width=\"375\" height=\"142\" src=\"https:\/\/i.blogs.es\/ccabc0\/sekai-meisaku-gekijo\/375_142.jpeg\"\/><br \/>\n    <\/a>\n   <\/div>\n<\/p><\/div>\n<\/p><\/div>\n<\/div>\n<p>Como se ha confirmado desde el tr\u00e1iler y <a rel=\"noopener, noreferrer\" href=\"https:\/\/x.com\/anime_ann_e\/status\/1886973040623542467\">las redes sociales del anime<\/a>, &#8216;Anne Shirley&#8217; tiene previsto su estreno para el pr\u00f3ximo <strong>5 de abril,<\/strong> con la temporada de primavera de anime. A\u00fan no se ha confirmado nada sobre su distribuci\u00f3n internacional, pero esperemos que podamos seguirlo a trav\u00e9s de Crunchyroll u otra plataforma.<\/p>\n<p><!-- BREAK 5 --><\/p>\n<div class=\"article-asset-image article-asset-normal article-asset-center\">\n<div class=\"asset-content\">\n                   <img class=\"centro_sinmarco\" height=\"1200\" width=\"860\" loading=\"lazy\" decoding=\"async\" sizes=\"auto, 100vw\" fetchpriority=\"high\" srcset=\"https:\/\/i.blogs.es\/50b54a\/anne-shirley-poster\/450_1000.jpeg 450w, https:\/\/i.blogs.es\/50b54a\/anne-shirley-poster\/650_1200.jpeg 681w,https:\/\/i.blogs.es\/50b54a\/anne-shirley-poster\/1024_2000.jpeg 1024w, https:\/\/i.blogs.es\/50b54a\/anne-shirley-poster\/1366_2000.jpeg 1366w\" src=\"https:\/\/i.blogs.es\/50b54a\/anne-shirley-poster\/450_1000.jpeg\" alt=\"Anne Shirley Poster\"\/><br \/>\n   <img decoding=\"async\" alt=\"Anne Shirley Poster\" class=\"centro_sinmarco\" src=\"https:\/\/i.blogs.es\/50b54a\/anne-shirley-poster\/450_1000.jpeg\"\/><\/p><\/div>\n<\/div>\n<p>Adem\u00e1s del primer tr\u00e1iler tambi\u00e9n se ha desvelado un p\u00f3ster promocional, que muestra al tr\u00edo de<strong> Anne, Diana y Gilbert<\/strong> un poco m\u00e1s mayorcitos. As\u00ed que podemos esperar que la serie adapte del todo la primera novela y cubra los eventos de varios a\u00f1os.<\/p>\n<p><!-- BREAK 6 --> <\/p>\n<p>En Espinof | <a class=\"text-outboundlink\" href=\"https:\/\/www.espinof.com\/listas\/mejores-animes-2024\" data-vars-post-title=\"Las mejores series de anime de 2024 y d\u00f3nde se pueden ver en streaming\" data-vars-post-url=\"https:\/\/www.espinof.com\/listas\/mejores-animes-2024\" target=\"_blank\" rel=\"noopener\">Los mejores animes de 2024<\/a><\/p>\n<p>En Espinof | <a class=\"text-outboundlink\" href=\"https:\/\/www.espinof.com\/listas\/mejores-webs-para-ver-anime-manera-legal-gratuitas-pago\" data-vars-post-title=\"Las 12 mejores webs para ver anime de manera legal, gratuitas y de pago\" data-vars-post-url=\"https:\/\/www.espinof.com\/listas\/mejores-webs-para-ver-anime-manera-legal-gratuitas-pago\" target=\"_blank\" rel=\"noopener\">Las 12 mejores webs para ver anime de manera legal<\/a><\/p>\n<\/p><\/div>\n<p><a href=\"https:\/\/www.espinof.com\/anime\/vuelve-ana-tejas-verdes-anne-shirley-revela-su-primer-trailer-vistazo-a-diana-gilbert-cuthbert-anime-promete-ser-autentica-cucada\" class=\" target=\" title=\"Vuelve Ana de las Tejas Verdes. &#039;Anne Shirley&#039; revela su primer trailer con vistazo a Diana, Gilbert y los Cuthbert, y el anime promete ser una aut\u00e9ntica cucada\" target=\"_blank\" rel=\"noopener\">Ver fuente<\/a><\/p>\n","protected":false},"excerpt":{"rendered":"<p>Isao Takahata ya se marc\u00f3 en 1979 una fant\u00e1stica adaptaci\u00f3n a anime de &#8216;Ana de las Tejas Verdes&#8217;, el cl\u00e1sico de Lucy Maud Montgomery sobre una hu\u00e9rfana pelirroja que tiene m\u00e1s cuento que Anto\u00f1ita la Fant\u00e1stica. Y como parece que los animes tambi\u00e9n le han pillado el tranquillo a eso de los remakes, en apenas [&hellip;]<\/p>\n","protected":false},"author":2,"featured_media":48353,"comment_status":"open","ping_status":"closed","sticky":false,"template":"","format":"standard","meta":{"footnotes":""},"categories":[8],"tags":[],"class_list":["post-48352","post","type-post","status-publish","format-standard","has-post-thumbnail","hentry","category-entretenimiento"],"_links":{"self":[{"href":"https:\/\/enfoquenoticioso.com\/index.php?rest_route=\/wp\/v2\/posts\/48352","targetHints":{"allow":["GET"]}}],"collection":[{"href":"https:\/\/enfoquenoticioso.com\/index.php?rest_route=\/wp\/v2\/posts"}],"about":[{"href":"https:\/\/enfoquenoticioso.com\/index.php?rest_route=\/wp\/v2\/types\/post"}],"author":[{"embeddable":true,"href":"https:\/\/enfoquenoticioso.com\/index.php?rest_route=\/wp\/v2\/users\/2"}],"replies":[{"embeddable":true,"href":"https:\/\/enfoquenoticioso.com\/index.php?rest_route=%2Fwp%2Fv2%2Fcomments&post=48352"}],"version-history":[{"count":0,"href":"https:\/\/enfoquenoticioso.com\/index.php?rest_route=\/wp\/v2\/posts\/48352\/revisions"}],"wp:featuredmedia":[{"embeddable":true,"href":"https:\/\/enfoquenoticioso.com\/index.php?rest_route=\/wp\/v2\/media\/48353"}],"wp:attachment":[{"href":"https:\/\/enfoquenoticioso.com\/index.php?rest_route=%2Fwp%2Fv2%2Fmedia&parent=48352"}],"wp:term":[{"taxonomy":"category","embeddable":true,"href":"https:\/\/enfoquenoticioso.com\/index.php?rest_route=%2Fwp%2Fv2%2Fcategories&post=48352"},{"taxonomy":"post_tag","embeddable":true,"href":"https:\/\/enfoquenoticioso.com\/index.php?rest_route=%2Fwp%2Fv2%2Ftags&post=48352"}],"curies":[{"name":"wp","href":"https:\/\/api.w.org\/{rel}","templated":true}]}}