{"id":48370,"date":"2025-02-05T15:21:27","date_gmt":"2025-02-05T15:21:27","guid":{"rendered":"https:\/\/enfoquenoticioso.com\/entretenimiento\/conoce-la-cartelera-de-conciertos-en-venezuela-para-febrero-y-marzo\/"},"modified":"2025-02-05T15:21:27","modified_gmt":"2025-02-05T15:21:27","slug":"conoce-la-cartelera-de-conciertos-en-venezuela-para-febrero-y-marzo","status":"publish","type":"post","link":"https:\/\/enfoquenoticioso.com\/?p=48370","title":{"rendered":"Conoce la cartelera de conciertos en Venezuela para febrero y marzo"},"content":{"rendered":"<div>\n<p>Muchos amantes\u00a0de la buena m\u00fasica cerraron el 2024\u00a0con mal pie, tras la suspensi\u00f3n de varios eventos como el C\u00fasica Fest, el concierto de Rawayana, Aventura, Marc Anthony, Young Miko, Morat, entre otros.<span id=\"more-547648\"\/><\/p>\n<p>Es por ello, que para este a\u00f1o los conciertos vuelven a Venezuela para dar lo mejor de los artistas en escena.<\/p>\n<p>El merenguero Omar Enrique, difundi\u00f3\u00a0a trav\u00e9s de la red social Instagram una cartelera de conciertos que se\u00a0realizar\u00e1 en Venezuela durante los meses de febrero y marzo.<\/p>\n<div id=\"ez-toc-container\" class=\"ez-toc-v2_0_81 counter-hierarchy ez-toc-counter ez-toc-grey ez-toc-container-direction\">\n<div class=\"ez-toc-title-container\">\n<p class=\"ez-toc-title\" style=\"cursor:inherit\">Tabla de Contenido<\/p>\n<span class=\"ez-toc-title-toggle\"><a href=\"#\" class=\"ez-toc-pull-right ez-toc-btn ez-toc-btn-xs ez-toc-btn-default ez-toc-toggle\" aria-label=\"Alternar tabla de contenidos\"><span class=\"ez-toc-js-icon-con\"><span class=\"\"><span class=\"eztoc-hide\" style=\"display:none;\">Toggle<\/span><span class=\"ez-toc-icon-toggle-span\"><svg style=\"fill: #999;color:#999\" xmlns=\"http:\/\/www.w3.org\/2000\/svg\" class=\"list-377408\" width=\"20px\" height=\"20px\" viewBox=\"0 0 24 24\" fill=\"none\"><path d=\"M6 6H4v2h2V6zm14 0H8v2h12V6zM4 11h2v2H4v-2zm16 0H8v2h12v-2zM4 16h2v2H4v-2zm16 0H8v2h12v-2z\" fill=\"currentColor\"><\/path><\/svg><svg style=\"fill: #999;color:#999\" class=\"arrow-unsorted-368013\" xmlns=\"http:\/\/www.w3.org\/2000\/svg\" width=\"10px\" height=\"10px\" viewBox=\"0 0 24 24\" version=\"1.2\" baseProfile=\"tiny\"><path d=\"M18.2 9.3l-6.2-6.3-6.2 6.3c-.2.2-.3.4-.3.7s.1.5.3.7c.2.2.4.3.7.3h11c.3 0 .5-.1.7-.3.2-.2.3-.5.3-.7s-.1-.5-.3-.7zM5.8 14.7l6.2 6.3 6.2-6.3c.2-.2.3-.5.3-.7s-.1-.5-.3-.7c-.2-.2-.4-.3-.7-.3h-11c-.3 0-.5.1-.7.3-.2.2-.3.5-.3.7s.1.5.3.7z\"\/><\/svg><\/span><\/span><\/span><\/a><\/span><\/div>\n<nav><ul class='ez-toc-list ez-toc-list-level-1 ' ><li class='ez-toc-page-1 ez-toc-heading-level-2'><a class=\"ez-toc-link ez-toc-heading-1\" href=\"https:\/\/enfoquenoticioso.com\/?p=48370\/#El_grupos_mexicano_Camila\" >El grupos mexicano Camila<\/a><\/li><li class='ez-toc-page-1 ez-toc-heading-level-2'><a class=\"ez-toc-link ez-toc-heading-2\" href=\"https:\/\/enfoquenoticioso.com\/?p=48370\/#Andrea_Bocelli\" >Andrea Bocelli<\/a><\/li><li class='ez-toc-page-1 ez-toc-heading-level-2'><a class=\"ez-toc-link ez-toc-heading-3\" href=\"https:\/\/enfoquenoticioso.com\/?p=48370\/#El_duo_musical_HaAsh\" >El duo musical Ha*Ash<\/a><\/li><\/ul><\/nav><\/div>\n<h2 class=\"h2\"><span class=\"ez-toc-section\" id=\"El_grupos_mexicano_Camila\"><\/span>El grupos mexicano Camila<span class=\"ez-toc-section-end\"><\/span><\/h2>\n<p>El Poliedro de Caracas ser\u00e1 el escenario para el junte de los mexicanos quienes regresan al pa\u00eds luego de casi tres a\u00f1os. La fecha para el\u00a0<strong>concierto de Camila<\/strong>\u00a0es el 11 de febrero y, las entradas est\u00e1n a la venta en la taquilla de MiTickera en el Nivel C2 del Centro Comercial Ciudad Tamanaco (CCCT), Restaurante Camil Deli en Los Palos Grandes, Metropark Chacaito.<\/p>\n<h2 class=\"h2\"><span class=\"ez-toc-section\" id=\"Andrea_Bocelli\"><\/span>Andrea Bocelli<span class=\"ez-toc-section-end\"><\/span><\/h2>\n<p>El cantante Italiano, Andrea Bocelli se presentar\u00e1 en el Estadio Monumental Sim\u00f3n Bol\u00edvar,\u00a0\u00a0el pr\u00f3ximo 22 de febrero, ofrecer\u00e1 un espect\u00e1culo acompa\u00f1ado de la Orquesta Sinf\u00f3nica Sim\u00f3n Bol\u00edvar de Venezuela y la Coral Nacional Sim\u00f3n Bol\u00edvar.<\/p>\n<h2 class=\"h2\"><span class=\"ez-toc-section\" id=\"El_duo_musical_HaAsh\"><\/span>El duo musical Ha*Ash<span class=\"ez-toc-section-end\"><\/span><\/h2>\n<p>Las hermanas Ashley y Hanna, regresan con\u00a0<strong>\u00abHaAshVille Tour\u00bb<\/strong>\u00a0en la Concha Ac\u00fastica de Bello Monte, el 16 de marzo. El dueto no pod\u00eda dejar de lado a sus seguidores de Venezuela, quienes han demostrado ser fieles seguidores de las artistas.<\/p>\n<p class=\"h1\">El\u00a0Partai\u00a0con DJ internacionales<\/p>\n<p>22 de marzo en la Universidad Sim\u00f3n Bol\u00edvar.<\/p>\n<p>En ese sentido, Omar Enrique destac\u00f3 el cronograma de conciertos, que contendr\u00e1 las presentaciones gratuitas que se ofrecer\u00e1n en el territorio nacional, durante las fiestas carnestolendas 2025 con artistas nacionales e internacionales.<\/p>\n<blockquote class=\"instagram-media\" style=\"background: #FFF; border: 0; border-radius: 3px; box-shadow: 0 0 1px 0 rgba(0,0,0,0.5),0 1px 10px 0 rgba(0,0,0,0.15); margin: 1px; max-width: 540px; min-width: 326px; padding: 0; width: calc(100% - 2px);\" data-instgrm-captioned=\"\" data-instgrm-permalink=\"https:\/\/www.instagram.com\/reel\/DFoLr7Sx0lr\/?utm_source=ig_embed&amp;utm_campaign=loading\" data-instgrm-version=\"14\">\n<\/blockquote>\n<p><strong>\u00abVienen unos Carnavales de pel\u00edcula en todo el pa\u00eds, vamos a hacer algo espectacular, porque el Carnaval en Venezuela se celebra en todo el pa\u00eds. En Colombia se celebra en Barranquilla; en Brasil es en R\u00edo de Janeiro, pero aqu\u00ed es en todo el pa\u00eds\u00bb<\/strong>, asegur\u00f3.<\/p>\n<p>Asimismo, el m\u00fasico adelant\u00f3 que en las pr\u00f3ximas semanas realizar\u00e1 anuncios de otros conciertos que se dar\u00e1n en la naci\u00f3n bolivariana.\u00a0<strong>\u00abQue se van a quedar con la boca abierta, impresionante, todo lo que viene a\u00a0Venezuela. Todo lo que ustedes se imaginen va a venir este a\u00f1o\u00bb,<\/strong>\u00a0dijo.<\/p>\n<p>\u00a0<\/p>\n<\/p><\/div>\n<p><script async src=\"\/\/www.instagram.com\/embed.js\"><\/script><br \/>\n<br \/><a href=\"https:\/\/noticiasaldiayalahora.co\/entretenimiento\/conoce-la-cartelera-de-conciertos-en-venezuela-para-febrero-y-marzo\/\" class=\" target=\" title=\"Conoce la cartelera de conciertos en Venezuela para febrero y marzo\" target=\"_blank\" rel=\"noopener\">Ver fuente<\/a><\/p>\n","protected":false},"excerpt":{"rendered":"<p>Muchos amantes\u00a0de la buena m\u00fasica cerraron el 2024\u00a0con mal pie, tras la suspensi\u00f3n de varios eventos como el C\u00fasica Fest, el concierto de Rawayana, Aventura, Marc Anthony, Young Miko, Morat, entre otros. Es por ello, que para este a\u00f1o los conciertos vuelven a Venezuela para dar lo mejor de los artistas en escena. El merenguero [&hellip;]<\/p>\n","protected":false},"author":2,"featured_media":48371,"comment_status":"open","ping_status":"closed","sticky":false,"template":"","format":"standard","meta":{"footnotes":""},"categories":[8],"tags":[],"class_list":["post-48370","post","type-post","status-publish","format-standard","has-post-thumbnail","hentry","category-entretenimiento"],"_links":{"self":[{"href":"https:\/\/enfoquenoticioso.com\/index.php?rest_route=\/wp\/v2\/posts\/48370","targetHints":{"allow":["GET"]}}],"collection":[{"href":"https:\/\/enfoquenoticioso.com\/index.php?rest_route=\/wp\/v2\/posts"}],"about":[{"href":"https:\/\/enfoquenoticioso.com\/index.php?rest_route=\/wp\/v2\/types\/post"}],"author":[{"embeddable":true,"href":"https:\/\/enfoquenoticioso.com\/index.php?rest_route=\/wp\/v2\/users\/2"}],"replies":[{"embeddable":true,"href":"https:\/\/enfoquenoticioso.com\/index.php?rest_route=%2Fwp%2Fv2%2Fcomments&post=48370"}],"version-history":[{"count":0,"href":"https:\/\/enfoquenoticioso.com\/index.php?rest_route=\/wp\/v2\/posts\/48370\/revisions"}],"wp:featuredmedia":[{"embeddable":true,"href":"https:\/\/enfoquenoticioso.com\/index.php?rest_route=\/wp\/v2\/media\/48371"}],"wp:attachment":[{"href":"https:\/\/enfoquenoticioso.com\/index.php?rest_route=%2Fwp%2Fv2%2Fmedia&parent=48370"}],"wp:term":[{"taxonomy":"category","embeddable":true,"href":"https:\/\/enfoquenoticioso.com\/index.php?rest_route=%2Fwp%2Fv2%2Fcategories&post=48370"},{"taxonomy":"post_tag","embeddable":true,"href":"https:\/\/enfoquenoticioso.com\/index.php?rest_route=%2Fwp%2Fv2%2Ftags&post=48370"}],"curies":[{"name":"wp","href":"https:\/\/api.w.org\/{rel}","templated":true}]}}