{"id":48380,"date":"2025-02-05T15:53:03","date_gmt":"2025-02-05T15:53:03","guid":{"rendered":"https:\/\/enfoquenoticioso.com\/entretenimiento\/deberia-estar-nominado-al-mejor-actor\/"},"modified":"2025-02-05T15:53:03","modified_gmt":"2025-02-05T15:53:03","slug":"deberia-estar-nominado-al-mejor-actor","status":"publish","type":"post","link":"https:\/\/enfoquenoticioso.com\/?p=48380","title":{"rendered":"Deber\u00eda estar nominado al mejor actor"},"content":{"rendered":"<div>\n<p><strong>Jos\u00e9 Luis Garci<\/strong> la ha liado parda en su participaci\u00f3n en la \u00faltima entrega del programa radiof\u00f3nico <strong>&#8216;Cowboys de medianoche&#8217;<\/strong>. Acompa\u00f1ado por <strong>Luis Herrero, Inocencio Arias, Eduardo Torres-Dulce y Luis Alberto de Cuenca<\/strong>, el director ganador de un \u00d3scar por &#8216;Volver a empezar&#8217; ha asegurado que <strong>Karla Sof\u00eda Gasc\u00f3n<\/strong> deber\u00eda estar nominada como mejor actor y no como mejor actriz por su trabajo en <a class=\"text-outboundlink\" href=\"https:\/\/www.espinof.com\/criticas\/emilia-perez-mejores-peliculas-ano-jacques-audiard-basa-su-musical-imprevisibilidad-triunfa-cine-algoritmico-festival-san-sebastian-2024\" data-vars-post-title=\"&#039;Emilia P\u00e9rez&#039; es una de las mejores pel\u00edculas del a\u00f1o: Jacques Audiard basa su musical en la imprevisibilidad y triunfa ante el cine algor\u00edtmico | Festival de San Sebasti\u00e1n 2024\" data-vars-post-url=\"https:\/\/www.espinof.com\/criticas\/emilia-perez-mejores-peliculas-ano-jacques-audiard-basa-su-musical-imprevisibilidad-triunfa-cine-algoritmico-festival-san-sebastian-2024\" data-id=\"noopener noreferrer\" target=\"_blank\" rel=\"noopener\">&#8216;Emilia P\u00e9rez&#8217;<\/a>.<\/p>\n<p><!-- BREAK 1 --> <\/p>\n<div id=\"ez-toc-container\" class=\"ez-toc-v2_0_81 counter-hierarchy ez-toc-counter ez-toc-grey ez-toc-container-direction\">\n<div class=\"ez-toc-title-container\">\n<p class=\"ez-toc-title\" style=\"cursor:inherit\">Tabla de Contenido<\/p>\n<span class=\"ez-toc-title-toggle\"><a href=\"#\" class=\"ez-toc-pull-right ez-toc-btn ez-toc-btn-xs ez-toc-btn-default ez-toc-toggle\" aria-label=\"Alternar tabla de contenidos\"><span class=\"ez-toc-js-icon-con\"><span class=\"\"><span class=\"eztoc-hide\" style=\"display:none;\">Toggle<\/span><span class=\"ez-toc-icon-toggle-span\"><svg style=\"fill: #999;color:#999\" xmlns=\"http:\/\/www.w3.org\/2000\/svg\" class=\"list-377408\" width=\"20px\" height=\"20px\" viewBox=\"0 0 24 24\" fill=\"none\"><path d=\"M6 6H4v2h2V6zm14 0H8v2h12V6zM4 11h2v2H4v-2zm16 0H8v2h12v-2zM4 16h2v2H4v-2zm16 0H8v2h12v-2z\" fill=\"currentColor\"><\/path><\/svg><svg style=\"fill: #999;color:#999\" class=\"arrow-unsorted-368013\" xmlns=\"http:\/\/www.w3.org\/2000\/svg\" width=\"10px\" height=\"10px\" viewBox=\"0 0 24 24\" version=\"1.2\" baseProfile=\"tiny\"><path d=\"M18.2 9.3l-6.2-6.3-6.2 6.3c-.2.2-.3.4-.3.7s.1.5.3.7c.2.2.4.3.7.3h11c.3 0 .5-.1.7-.3.2-.2.3-.5.3-.7s-.1-.5-.3-.7zM5.8 14.7l6.2 6.3 6.2-6.3c.2-.2.3-.5.3-.7s-.1-.5-.3-.7c-.2-.2-.4-.3-.7-.3h-11c-.3 0-.5.1-.7.3-.2.2-.3.5-.3.7s.1.5.3.7z\"\/><\/svg><\/span><\/span><\/span><\/a><\/span><\/div>\n<nav><ul class='ez-toc-list ez-toc-list-level-1 ' ><li class='ez-toc-page-1 ez-toc-heading-level-2'><a class=\"ez-toc-link ez-toc-heading-1\" href=\"https:\/\/enfoquenoticioso.com\/?p=48380\/#%C2%ABPorque_es_un_hombre_%C2%BFo_no%C2%BB\" >\u00abPorque es un hombre, \u00bfo no?\u00bb<\/a><\/li><\/ul><\/nav><\/div>\n<h2><span class=\"ez-toc-section\" id=\"%C2%ABPorque_es_un_hombre_%C2%BFo_no%C2%BB\"><\/span>\u00abPorque es un hombre, \u00bfo no?\u00bb<span class=\"ez-toc-section-end\"><\/span><\/h2>\n<p>El programa se centr\u00f3 en <a class=\"text-outboundlink\" href=\"https:\/\/www.espinof.com\/criticas\/the-brutalist-mejores-grandes-peliculas-siglo-xxi-que-su-intermedio-hace-acto-presencia\" data-vars-post-title=\"&#039;The Brutalist&#039; es una de las mejores y m\u00e1s grandes pel\u00edculas del siglo XXI... hasta que su intermedio hace acto de presencia\" data-vars-post-url=\"https:\/\/www.espinof.com\/criticas\/the-brutalist-mejores-grandes-peliculas-siglo-xxi-que-su-intermedio-hace-acto-presencia\" target=\"_blank\" rel=\"noopener\">&#8216;The Brutalist&#8217;<\/a>, la estupenda pel\u00edcula protagonizada por Adrien Brody que tambi\u00e9n compite en <a class=\"text-outboundlink\" href=\"https:\/\/www.espinof.com\/fecha-de-estreno\/premios-oscar-2025-nominados-favoritos-fecha-gala-otros-detalles-gran-evento-cinematografico\" data-vars-post-title=\"Premios Oscar 2025: nominados, favoritos, fecha de la gala y otros detalles del gran evento cinematogr\u00e1fico\" data-vars-post-url=\"https:\/\/www.espinof.com\/fecha-de-estreno\/premios-oscar-2025-nominados-favoritos-fecha-gala-otros-detalles-gran-evento-cinematografico\" target=\"_blank\" rel=\"noopener\">los Oscars 2025<\/a>, pero Garci quiso dedicar un momento a Gasc\u00f3n, envuelta actualmente <a class=\"text-outboundlink\" href=\"https:\/\/www.espinof.com\/actores-y-actrices\/no-mio-supuesto-karla-sofia-gascon-asegura-que-su-tuit-selena-gomez-falso-reitera-que-jamas-va-a-pedir-perdon-sus-opiniones\" data-vars-post-title=\"Karla Sof\u00eda Gasc\u00f3n asegura que su ataque a Selena G\u00f3mez es falso y reitera que jam\u00e1s pedir\u00e1 perd\u00f3n por sus opiniones: &quot;Ni yo ni mi familia somos racistas&quot;\" data-vars-post-url=\"https:\/\/www.espinof.com\/actores-y-actrices\/no-mio-supuesto-karla-sofia-gascon-asegura-que-su-tuit-selena-gomez-falso-reitera-que-jamas-va-a-pedir-perdon-sus-opiniones\" target=\"_blank\" rel=\"noopener\">en la gran pol\u00e9mica<\/a> del momento por una serie de mensajes que public\u00f3 en redes sociales hace unos a\u00f1os y por ser la protagonista de &#8216;Emilia P\u00e9rez&#8217;, <a class=\"text-outboundlink\" href=\"https:\/\/www.espinof.com\/premios-oscar\/todas-polemicas-emilia-perez-que-acumula-nominaciones-a-oscar-que-retorno-rey-a-pesar-usar-ia-ser-acusada-racismo-transfobia\" data-vars-post-title=\"&#039;Emilia P\u00e9rez&#039;, la gran protagonista de los Oscars 2025 destruye todas las pol\u00e9micas y suma m\u00e1s nominaciones que &#039;Ben-Hur&#039; o &#039;El retorno del rey&#039;\" data-vars-post-url=\"https:\/\/www.espinof.com\/premios-oscar\/todas-polemicas-emilia-perez-que-acumula-nominaciones-a-oscar-que-retorno-rey-a-pesar-usar-ia-ser-acusada-racismo-transfobia\" target=\"_blank\" rel=\"noopener\">una de las pel\u00edculas m\u00e1s controvertidas<\/a> de la temporada de premios.<\/p>\n<p><!-- BREAK 2 --><\/p>\n<div class=\"article-asset-image article-asset-normal article-asset-center\">\n<div class=\"asset-content\">\n                   <img class=\"centro_sinmarco\" height=\"800\" width=\"1200\" loading=\"lazy\" decoding=\"async\" sizes=\"auto, 100vw\" fetchpriority=\"high\" srcset=\"https:\/\/i.blogs.es\/261369\/karla\/450_1000.jpeg 450w, https:\/\/i.blogs.es\/261369\/karla\/650_1200.jpeg 681w,https:\/\/i.blogs.es\/261369\/karla\/1024_2000.jpeg 1024w, https:\/\/i.blogs.es\/261369\/karla\/1366_2000.jpeg 1366w\" src=\"https:\/\/i.blogs.es\/261369\/karla\/450_1000.jpeg\" alt=\"Karla\"\/><br \/>\n   <img decoding=\"async\" alt=\"Karla\" class=\"centro_sinmarco\" src=\"https:\/\/i.blogs.es\/261369\/karla\/450_1000.jpeg\"\/><\/p><\/div>\n<\/div>\n<p>Sobre Gasc\u00f3n, Garci empez\u00f3 diciendo lo siguiente:<\/p>\n<blockquote><p>\u00abSin meterme en ning\u00fan tipo de pol\u00e9mica, nuestra compatriota, Karla (Sof\u00eda Gasc\u00f3n), est\u00e1 nominada a mejor actriz. Tendr\u00eda que estar nominado al mejor actor, como estaba Dustin Hoffman por &#8216;<em>Tootsie&#8217;<\/em>. Porque es un hombre, \u00bfo no?\u00bb<\/p><\/blockquote>\n<p>Sus compa\u00f1eros de programa no tardaron en rectificarle y aclarar que la protagonista de &#8216;Emilia P\u00e9rez&#8217; \u00ab<em>es transexual. Era un hombre, ahora es mujer<\/em>\u00ab, le dijeron. Sin embargo, Garci insisti\u00f3: \u00ab<em>Pero no tiene los atributos del hombre, tiene los de la mujer, \u00bfo no se sabe?<\/em>\u00ab. Pese a los intentos por convencerle, <strong>el cineasta se mostr\u00f3 firme en su postura<\/strong>:<\/p>\n<p><!-- BREAK 3 --> <\/p>\n<blockquote><p>\u00abYa, ya, eso nos lleva a que la olimpiada de boxeo la ha ganado una se\u00f1ora que era un se\u00f1or. Las &#8216;mujeres mujeres&#8217; est\u00e1n en desventaja con un se\u00f1or que\u2026 Yo no hablo de interpretaci\u00f3n, ni me meto. Yo hubiera votado como mejor actor porque adem\u00e1s hace los dos trabajos. Es \u00e9l mismo cuando hace el personaje de un narcotraficante y luego es ella.\u00bb<\/p><\/blockquote>\n<div class=\"article-asset article-asset-normal article-asset-center\">\n<div class=\"desvio-container\">\n<div class=\"desvio\">\n<div class=\"desvio-figure js-desvio-figure\">\n    <a href=\"https:\/\/www.espinof.com\/actores-y-actrices\/karla-sofia-gascon-habia-hecho-historia-mexico-asi-fue-su-paso-peliculas-taquilleras-historia-pais\" class=\"pivot-outboundlink\" data-vars-post-title=\"Karla Sof\u00eda Gasc\u00f3n ya hab\u00eda hecho historia en M\u00e9xico: antes de &#039;Emilia P\u00e9rez&#039; conquist\u00f3 el cine con una de las pel\u00edculas m\u00e1s taquilleras del pa\u00eds\" target=\"_blank\" rel=\"noopener\"><br \/>\n     <img loading=\"lazy\" decoding=\"async\" alt=\"Karla Sof\u00eda Gasc\u00f3n ya hab\u00eda hecho historia en M\u00e9xico: antes de 'Emilia P\u00e9rez' conquist\u00f3 el cine con una de las pel\u00edculas m\u00e1s taquilleras del pa\u00eds\" width=\"375\" height=\"142\" src=\"https:\/\/i.blogs.es\/17bf2e\/ps---plantilla-portadas-xtk-copia\/375_142.jpeg\"\/><br \/>\n    <\/a>\n   <\/div>\n<\/p><\/div>\n<\/p><\/div>\n<\/div>\n<p>Personalmente,<strong> <\/strong>no estoy nada de acuerdo con la opini\u00f3n expresada por Jose Luis Garci y creo que es propia de un persona retr\u00f3grada. No me olvido tampoco de lo que podr\u00eda parecer m\u00e1s razonable de lo que argumenta, que Karla Sof\u00eda Gasc\u00f3n tambi\u00e9n da vida a un personaje masculino en &#8216;Emilia P\u00e9rez&#8217;, ya que <strong>Linda Hunt <\/strong>fue premiada con el \u00d3scar a mejor actriz de reparto por dar vida a un hombre en <a class=\"text-outboundlink\" href=\"https:\/\/www.espinof.com\/criticas\/peter-weir-el-ano-que-vivimos-peligrosamente-de-dioses-y-humanos\" data-vars-post-title=\"Peter Weir: &#039;El a\u00f1o que vivimos peligrosamente&#039;, de dioses y humanos\" data-vars-post-url=\"https:\/\/www.espinof.com\/criticas\/peter-weir-el-ano-que-vivimos-peligrosamente-de-dioses-y-humanos\" target=\"_blank\" rel=\"noopener\">&#8216;El a\u00f1o que vivimos peligrosamente<\/a>&#8216; y Hilary Swank gan\u00f3 tambi\u00e9n como mejor actriz protagonista por &#8216;Boys Don&#8217;t Cry&#8217;, donde su personaje, al igual que el de &#8216;Emilia P\u00e9rez&#8217;, tambi\u00e9n se operaba para cambiar de sexo. El premio se le da al actor o a la actriz en su respectiva categor\u00eda, independientemente del personaje.<\/p>\n<p><!-- BREAK 4 --><\/p>\n<p>Imagen de portada: <a rel=\"noopener, noreferrer\" href=\"https:\/\/flixole.com\/entrevista-jose-luis-garci\/\" target=\"_blank\">Flixol\u00e9<\/a><\/p>\n<p>En Espinof \u00a0| <a class=\"text-outboundlink\" href=\"https:\/\/www.espinof.com\/listas\/oscars-2025-donde-ver-streaming-peliculas-nominadas-dune-2-no-other-land-favoritas-para-arrasar-ultima-cita-temporada-premios\" data-vars-post-title=\"Oscars 2025, d\u00f3nde ver en streaming las pel\u00edculas nominadas: &#039;Dune 2&#039;, &#039;Del rev\u00e9s 2&#039;, &#039;No Other Land&#039; y m\u00e1s\" data-vars-post-url=\"https:\/\/www.espinof.com\/listas\/oscars-2025-donde-ver-streaming-peliculas-nominadas-dune-2-no-other-land-favoritas-para-arrasar-ultima-cita-temporada-premios\" target=\"_blank\" rel=\"noopener\">Oscars 2025, d\u00f3nde ver en streaming las pel\u00edculas nominadas: &#8216;Dune 2&#8217;, &#8216;Del rev\u00e9s 2&#8217;, &#8216;No Other Land&#8217; y m\u00e1s<\/a><\/p>\n<p>En Espinof | <a class=\"text-outboundlink\" href=\"https:\/\/www.espinof.com\/listas\/peliculas-esperadas-2025\" data-vars-post-title=\"Las 47 pel\u00edculas m\u00e1s esperadas de 2025 y los mejores estrenos del a\u00f1o: &#039;Avatar 3&#039;, el regreso de John Wick, &#039;Misi\u00f3n Imposible 8&#039;, &#039;Jurassic World 4&#039; y muchas m\u00e1s\" data-vars-post-url=\"https:\/\/www.espinof.com\/listas\/peliculas-esperadas-2025\" target=\"_blank\" rel=\"noopener\">Las 47 pel\u00edculas m\u00e1s esperadas de 2025 y los mejores estrenos del a\u00f1o: &#8216;Avatar 3&#8217;, el regreso de John Wick, &#8216;Misi\u00f3n Imposible 8&#8217;, &#8216;Jurassic World 4&#8217; y muchas m\u00e1s<\/a><\/p>\n<p><!-- BREAK 5 --><\/p><\/div>\n<p><a href=\"https:\/\/www.espinof.com\/premios-oscar\/jose-luis-garci-opina-filtros-karla-sofia-gascon-su-candidatura-al-oscar-deberia-estar-nominado-al-mejor-actor\" class=\" target=\" title=\"\"  estar nominado al mejor target=\"_blank\" rel=\"noopener\">Ver fuente<\/a><\/p>\n","protected":false},"excerpt":{"rendered":"<p>Jos\u00e9 Luis Garci la ha liado parda en su participaci\u00f3n en la \u00faltima entrega del programa radiof\u00f3nico &#8216;Cowboys de medianoche&#8217;. Acompa\u00f1ado por Luis Herrero, Inocencio Arias, Eduardo Torres-Dulce y Luis Alberto de Cuenca, el director ganador de un \u00d3scar por &#8216;Volver a empezar&#8217; ha asegurado que Karla Sof\u00eda Gasc\u00f3n deber\u00eda estar nominada como mejor actor [&hellip;]<\/p>\n","protected":false},"author":2,"featured_media":48381,"comment_status":"open","ping_status":"closed","sticky":false,"template":"","format":"standard","meta":{"footnotes":""},"categories":[8],"tags":[],"class_list":["post-48380","post","type-post","status-publish","format-standard","has-post-thumbnail","hentry","category-entretenimiento"],"_links":{"self":[{"href":"https:\/\/enfoquenoticioso.com\/index.php?rest_route=\/wp\/v2\/posts\/48380","targetHints":{"allow":["GET"]}}],"collection":[{"href":"https:\/\/enfoquenoticioso.com\/index.php?rest_route=\/wp\/v2\/posts"}],"about":[{"href":"https:\/\/enfoquenoticioso.com\/index.php?rest_route=\/wp\/v2\/types\/post"}],"author":[{"embeddable":true,"href":"https:\/\/enfoquenoticioso.com\/index.php?rest_route=\/wp\/v2\/users\/2"}],"replies":[{"embeddable":true,"href":"https:\/\/enfoquenoticioso.com\/index.php?rest_route=%2Fwp%2Fv2%2Fcomments&post=48380"}],"version-history":[{"count":0,"href":"https:\/\/enfoquenoticioso.com\/index.php?rest_route=\/wp\/v2\/posts\/48380\/revisions"}],"wp:featuredmedia":[{"embeddable":true,"href":"https:\/\/enfoquenoticioso.com\/index.php?rest_route=\/wp\/v2\/media\/48381"}],"wp:attachment":[{"href":"https:\/\/enfoquenoticioso.com\/index.php?rest_route=%2Fwp%2Fv2%2Fmedia&parent=48380"}],"wp:term":[{"taxonomy":"category","embeddable":true,"href":"https:\/\/enfoquenoticioso.com\/index.php?rest_route=%2Fwp%2Fv2%2Fcategories&post=48380"},{"taxonomy":"post_tag","embeddable":true,"href":"https:\/\/enfoquenoticioso.com\/index.php?rest_route=%2Fwp%2Fv2%2Ftags&post=48380"}],"curies":[{"name":"wp","href":"https:\/\/api.w.org\/{rel}","templated":true}]}}