{"id":4840,"date":"2024-06-04T20:37:11","date_gmt":"2024-06-04T20:37:11","guid":{"rendered":"https:\/\/enfoquenoticioso.com\/tecnologia\/el-mejor-momento-para-hacerse-con-un-iphone-un-ipad-o-un-apple-watch-es-ahora\/"},"modified":"2024-06-04T20:37:11","modified_gmt":"2024-06-04T20:37:11","slug":"el-mejor-momento-para-hacerse-con-un-iphone-un-ipad-o-un-apple-watch-es-ahora","status":"publish","type":"post","link":"https:\/\/enfoquenoticioso.com\/?p=4840","title":{"rendered":"el mejor momento para hacerse con un iPhone, un iPad o un Apple Watch es ahora"},"content":{"rendered":"<div>\n<p>Vuelven los Apple Days a MediaMarkt. Como siempre que la tienda roja pone en marcha esta campa\u00f1a, es el mejor momento para hacerse con un <strong>iPhone, un iPad, un MacBook<\/strong> o <strong>un Apple Wacth<\/strong>. SI no te lo crees, echa un vistazo a esta selecci\u00f3n.<\/p>\n<p><!-- BREAK 1 --> <\/p>\n<div id=\"ez-toc-container\" class=\"ez-toc-v2_0_81 counter-hierarchy ez-toc-counter ez-toc-grey ez-toc-container-direction\">\n<div class=\"ez-toc-title-container\">\n<p class=\"ez-toc-title\" style=\"cursor:inherit\">Tabla de Contenido<\/p>\n<span class=\"ez-toc-title-toggle\"><a href=\"#\" class=\"ez-toc-pull-right ez-toc-btn ez-toc-btn-xs ez-toc-btn-default ez-toc-toggle\" aria-label=\"Alternar tabla de contenidos\"><span class=\"ez-toc-js-icon-con\"><span class=\"\"><span class=\"eztoc-hide\" style=\"display:none;\">Toggle<\/span><span class=\"ez-toc-icon-toggle-span\"><svg style=\"fill: #999;color:#999\" xmlns=\"http:\/\/www.w3.org\/2000\/svg\" class=\"list-377408\" width=\"20px\" height=\"20px\" viewBox=\"0 0 24 24\" fill=\"none\"><path d=\"M6 6H4v2h2V6zm14 0H8v2h12V6zM4 11h2v2H4v-2zm16 0H8v2h12v-2zM4 16h2v2H4v-2zm16 0H8v2h12v-2z\" fill=\"currentColor\"><\/path><\/svg><svg style=\"fill: #999;color:#999\" class=\"arrow-unsorted-368013\" xmlns=\"http:\/\/www.w3.org\/2000\/svg\" width=\"10px\" height=\"10px\" viewBox=\"0 0 24 24\" version=\"1.2\" baseProfile=\"tiny\"><path d=\"M18.2 9.3l-6.2-6.3-6.2 6.3c-.2.2-.3.4-.3.7s.1.5.3.7c.2.2.4.3.7.3h11c.3 0 .5-.1.7-.3.2-.2.3-.5.3-.7s-.1-.5-.3-.7zM5.8 14.7l6.2 6.3 6.2-6.3c.2-.2.3-.5.3-.7s-.1-.5-.3-.7c-.2-.2-.4-.3-.7-.3h-11c-.3 0-.5.1-.7.3-.2.2-.3.5-.3.7s.1.5.3.7z\"\/><\/svg><\/span><\/span><\/span><\/a><\/span><\/div>\n<nav><ul class='ez-toc-list ez-toc-list-level-1 ' ><li class='ez-toc-page-1 ez-toc-heading-level-2'><a class=\"ez-toc-link ez-toc-heading-1\" href=\"https:\/\/enfoquenoticioso.com\/?p=4840\/#iPhone_15_Pro_Max\" >iPhone 15 Pro Max<\/a><\/li><li class='ez-toc-page-1 ez-toc-heading-level-2'><a class=\"ez-toc-link ez-toc-heading-2\" href=\"https:\/\/enfoquenoticioso.com\/?p=4840\/#iPhone_14_Plus\" >iPhone 14 Plus<\/a><\/li><li class='ez-toc-page-1 ez-toc-heading-level-2'><a class=\"ez-toc-link ez-toc-heading-3\" href=\"https:\/\/enfoquenoticioso.com\/?p=4840\/#MacBook_Air_2022\" >MacBook Air 2022<\/a><\/li><li class='ez-toc-page-1 ez-toc-heading-level-2'><a class=\"ez-toc-link ez-toc-heading-4\" href=\"https:\/\/enfoquenoticioso.com\/?p=4840\/#iPad_Air\" >iPad Air<\/a><\/li><li class='ez-toc-page-1 ez-toc-heading-level-2'><a class=\"ez-toc-link ez-toc-heading-5\" href=\"https:\/\/enfoquenoticioso.com\/?p=4840\/#Apple_Watch_SE_2023\" >Apple Watch SE (2023)<\/a><\/li><li class='ez-toc-page-1 ez-toc-heading-level-2'><a class=\"ez-toc-link ez-toc-heading-6\" href=\"https:\/\/enfoquenoticioso.com\/?p=4840\/#AirPods_de_Segunda_generacion\" >AirPods de Segunda generaci\u00f3n<\/a><\/li><li class='ez-toc-page-1 ez-toc-heading-level-2'><a class=\"ez-toc-link ez-toc-heading-7\" href=\"https:\/\/enfoquenoticioso.com\/?p=4840\/#AirTag\" >AirTag<\/a><\/li><\/ul><\/nav><\/div>\n<h2><span class=\"ez-toc-section\" id=\"iPhone_15_Pro_Max\"><\/span>iPhone 15 Pro Max<span class=\"ez-toc-section-end\"><\/span><\/h2>\n<div class=\"article-asset-image article-asset-normal article-asset-center\">\n<div class=\"asset-content\">\n                    <a rel=\"nofollow, sponsored, noopener, noreferrer noopener\" target=\"_blank\" class=\"js-ecommerce\" href=\"https:\/\/www.xataka.com\/redirect?url=https%3A%2F%2Fwww.mediamarkt.es%2Fes%2Fproduct%2F_apple-iphone-15-pro-max-titanio-negro-256-gb-5g-61-pantalla-super-retina-xdr-chip-a16-bionic-ios-1561366.html&amp;category=seleccion&amp;ecomPostExpiration=perish&amp;postId=302446\" data-vars-affiliate-url=\"https:\/\/www.xataka.com\/redirect?url=https%3A%2F%2Fwww.mediamarkt.es%2Fes%2Fproduct%2F_apple-iphone-15-pro-max-titanio-negro-256-gb-5g-61-pantalla-super-retina-xdr-chip-a16-bionic-ios-1561366.html&amp;category=seleccion&amp;ecomPostExpiration=perish&amp;postId=302446\"><br \/>\n         <img class=\"centro_sinmarco\" height=\"600\" width=\"1200\" loading=\"lazy\" decoding=\"async\" sizes=\"auto, 100vw\" fetchpriority=\"high\" srcset=\"https:\/\/i.blogs.es\/d0118a\/iphone-15-pro-max\/450_1000.jpeg 450w, https:\/\/i.blogs.es\/d0118a\/iphone-15-pro-max\/650_1200.jpeg 681w,https:\/\/i.blogs.es\/d0118a\/iphone-15-pro-max\/1024_2000.jpeg 1024w, https:\/\/i.blogs.es\/d0118a\/iphone-15-pro-max\/1366_2000.jpeg 1366w\" src=\"https:\/\/i.blogs.es\/d0118a\/iphone-15-pro-max\/450_1000.jpeg\" alt=\"Iphone 15 Pro Max\"\/><br \/>\n    <img decoding=\"async\" alt=\"Iphone 15 Pro Max\" class=\"centro_sinmarco\" src=\"https:\/\/i.blogs.es\/d0118a\/iphone-15-pro-max\/450_1000.jpeg\"\/><br \/>\n     <\/a><\/p><\/div>\n<\/div>\n<p>Hacerse con el \u00faltimo modelo Pro Max no sale barato, es algo bien sabido, pero si aprovechamos ofertas como esta, podremos ahorrarnos unos euros. As\u00ed, en lugar de los 1.469 euros oficiales, MediaMarkt nos deja el iPhone 15 Pro Max con <strong>256 GB<\/strong> de almacenamiento por <a rel=\"nofollow, sponsored, noopener, noreferrer noopener\" target=\"_blank\" class=\"js-ecommerce\" href=\"https:\/\/www.xataka.com\/redirect?url=https%3A%2F%2Fwww.mediamarkt.es%2Fes%2Fproduct%2F_apple-iphone-15-pro-max-titanio-negro-256-gb-5g-61-pantalla-super-retina-xdr-chip-a16-bionic-ios-1561366.html&amp;category=seleccion&amp;ecomPostExpiration=perish&amp;postId=302446\" data-vars-affiliate-url=\"https:\/\/www.xataka.com\/redirect?url=https%3A%2F%2Fwww.mediamarkt.es%2Fes%2Fproduct%2F_apple-iphone-15-pro-max-titanio-negro-256-gb-5g-61-pantalla-super-retina-xdr-chip-a16-bionic-ios-1561366.html&amp;category=seleccion&amp;ecomPostExpiration=perish&amp;postId=302446\">1.299 euros<\/a>, lo que nos supondr\u00e1 <strong>un ahorro de 170 euros<\/strong>.<\/p>\n<p><!-- BREAK 2 --><\/p>\n<p>Se trata del modelo tope de gama de Apple para este a\u00f1o, y nos ofrece una <strong>pantalla OLED de 6,7 pulgadas<\/strong> con 120 Hz de refresco. Bajo ella monta un procesador A17 Pro acompa\u00f1ado de 8 GB de RAM y, como decimos, de 256 GB de almacenamiento (en el caso de la oferta). Cuenta tambi\u00e9n con una bater\u00eda con 4.422 mAh y con una c\u00e1mara principal triple, con sensores de 48+12+12 Mp, junto con una frontal tambi\u00e9n de 12 Mp. Adem\u00e1s, destaca por \u00a0contar con un <strong>cuerpo construido en titanio<\/strong>.<\/p>\n<p><!-- BREAK 3 --><br \/>\n<!-- PIVOT START --><\/p>\n<div class=\"pivot-ecommerce-container m-pivot-ecommerce-redesign article-asset-normal article-asset-center\">\n<div class=\"pivot-ecommerce\">\n<div class=\"pivot-ecommerce-figure\">\n  <a rel=\"nofollow, sponsored, noopener, noreferrer noopener\" target=\"_blank\" href=\"https:\/\/www.xataka.com\/redirect?url=https%3A%2F%2Fwww.mediamarkt.es%2Fes%2Fproduct%2F_apple-iphone-15-pro-max-titanio-negro-256-gb-5g-61-pantalla-super-retina-xdr-chip-a16-bionic-ios-1561366.html&amp;category=seleccion&amp;pivot=1&amp;ecomPostExpiration=perish&amp;postId=302446\"><br \/>\n   <img loading=\"lazy\" decoding=\"async\" alt=\"iPhone 15 Pro Max (256GB)&#10;&#10;&#10;\" width=\"600\" height=\"600\" src=\"https:\/\/i.blogs.es\/3f6234\/blob\/original.jpeg\"\/><br \/>\n  <\/a>\n  <\/div>\n<div class=\"pivot-ecommerce-summary\">\n<p class=\"pivot-ecommerce-desc\">iPhone 15 Pro Max (256GB)<\/p>\n<\/p><\/div>\n<\/p><\/div>\n<p>* Alg\u00fan precio puede haber cambiado desde la \u00faltima revisi\u00f3n<\/p>\n<\/p><\/div>\n<p><!-- PIVOT END --><\/p>\n<h2><\/h2>\n<h2><span class=\"ez-toc-section\" id=\"iPhone_14_Plus\"><\/span>iPhone 14 Plus<span class=\"ez-toc-section-end\"><\/span><\/h2>\n<div class=\"article-asset-image article-asset-normal article-asset-center\">\n<div class=\"asset-content\">\n                    <a rel=\"nofollow, sponsored, noopener, noreferrer noopener\" target=\"_blank\" class=\"js-ecommerce\" href=\"https:\/\/www.xataka.com\/redirect?url=https%3A%2F%2Fwww.mediamarkt.es%2Fes%2Fproduct%2F_apple-iphone-14-plus-blanco-estrella-128gb-5g-67-pantalla-super-retina-xdr-chip-a15-bionic-ios-1540190.html&amp;category=seleccion&amp;ecomPostExpiration=perish&amp;postId=302446\" data-vars-affiliate-url=\"https:\/\/www.xataka.com\/redirect?url=https%3A%2F%2Fwww.mediamarkt.es%2Fes%2Fproduct%2F_apple-iphone-14-plus-blanco-estrella-128gb-5g-67-pantalla-super-retina-xdr-chip-a15-bionic-ios-1540190.html&amp;category=seleccion&amp;ecomPostExpiration=perish&amp;postId=302446\"><br \/>\n         <img class=\"centro_sinmarco\" height=\"500\" width=\"1000\" loading=\"lazy\" decoding=\"async\" sizes=\"auto, 100vw\" fetchpriority=\"high\" srcset=\"https:\/\/i.blogs.es\/e750cf\/comprar-iphone-al-mejor-precio-mediamarkt\/450_1000.jpeg 450w, https:\/\/i.blogs.es\/e750cf\/comprar-iphone-al-mejor-precio-mediamarkt\/650_1200.jpeg 681w,https:\/\/i.blogs.es\/e750cf\/comprar-iphone-al-mejor-precio-mediamarkt\/1024_2000.jpeg 1024w, https:\/\/i.blogs.es\/e750cf\/comprar-iphone-al-mejor-precio-mediamarkt\/1366_2000.jpeg 1366w\" src=\"https:\/\/i.blogs.es\/e750cf\/comprar-iphone-al-mejor-precio-mediamarkt\/450_1000.jpeg\" alt=\"comprar-iphone-al-mejor-precio-mediamarkt\"\/><br \/>\n    <img decoding=\"async\" alt=\"comprar-iphone-al-mejor-precio-mediamarkt\" class=\"centro_sinmarco\" src=\"https:\/\/i.blogs.es\/e750cf\/comprar-iphone-al-mejor-precio-mediamarkt\/450_1000.jpeg\"\/><br \/>\n     <\/a><\/p><\/div>\n<\/div>\n<p>MediaMarkt vuelve a tener el mejor precio para hacerse con un iPhone grande. El <a href=\"https:\/\/www.xataka.com\/analisis\/apple-iphone-14-plus-analisis-caracteristicas-precio-especificaciones\" target=\"_blank\" rel=\"noopener\">iPhone 14 Plus<\/a> puede ser nuestro ahora por <a rel=\"nofollow, sponsored, noopener, noreferrer noopener\" target=\"_blank\" class=\"js-ecommerce\" href=\"https:\/\/www.xataka.com\/redirect?url=https%3A%2F%2Fwww.mediamarkt.es%2Fes%2Fproduct%2F_apple-iphone-14-plus-blanco-estrella-128gb-5g-67-pantalla-super-retina-xdr-chip-a15-bionic-ios-1540190.html&amp;category=seleccion&amp;ecomPostExpiration=perish&amp;postId=302446\" data-vars-affiliate-url=\"https:\/\/www.xataka.com\/redirect?url=https%3A%2F%2Fwww.mediamarkt.es%2Fes%2Fproduct%2F_apple-iphone-14-plus-blanco-estrella-128gb-5g-67-pantalla-super-retina-xdr-chip-a15-bionic-ios-1540190.html&amp;category=seleccion&amp;ecomPostExpiration=perish&amp;postId=302446\">739 euros<\/a> con <strong>70 euros de rebaja<\/strong> sobre los 809 euros que ven\u00eda costando (aunque su precio oficial es de 959 euros).<\/p>\n<p><!-- BREAK 4 --><\/p>\n<p>Como bien sabr\u00e1s, este es el modelo base de la versi\u00f3n de mayor tama\u00f1o del terminal del a\u00f1o pasado. Cuenta con <strong>pantalla OLED Retina de 6,7 pulgadas<\/strong> y <strong>procesador A15 Bionic<\/strong> de la propia Apple. Lleva 6 GB de memoria RAM y 128 GB de almacenamiento.\u00a0<\/p>\n<p><!-- BREAK 5 --><\/p>\n<p>Adem\u00e1s, monta una doble <strong>c\u00e1mara trasera con 12 + 12 Mp m\u00e1s una frontal de 12 MP<\/strong> con Face ID. Y si por algo merece la pena, incluso si no te gustan las pantallas grandes, es por su mayor autonom\u00eda.<\/p>\n<p><!-- BREAK 6 --><br \/>\n<!-- PIVOT START --><\/p>\n<div class=\"pivot-ecommerce-container m-pivot-ecommerce-redesign article-asset-normal article-asset-center\">\n<div class=\"pivot-ecommerce\">\n<div class=\"pivot-ecommerce-figure\">\n  <a rel=\"nofollow, sponsored, noopener, noreferrer noopener\" target=\"_blank\" href=\"https:\/\/www.xataka.com\/redirect?url=https%3A%2F%2Fwww.amazon.es%2Fdp%2FB0BDKG28S8%3Ftag%3Dxataka-21%26linkCode%3Dogi%26th%3D1%26psc%3D1&amp;category=seleccion&amp;pivot=1&amp;ecomPostExpiration=perish&amp;postId=302446\"><br \/>\n   <img loading=\"lazy\" decoding=\"async\" alt=\"Apple iPhone 14 Plus (128 GB) - Blanco Estrella\" width=\"500\" height=\"500\" src=\"https:\/\/i.blogs.es\/af09ef\/31xbwvkofwl._sl500_\/original.jpeg\"\/><br \/>\n  <\/a>\n  <\/div>\n<div class=\"pivot-ecommerce-summary\">\n<p class=\"pivot-ecommerce-desc\">Apple iPhone 14 Plus (128 GB) &#8211; Blanco Estrella<\/p>\n<\/p><\/div>\n<\/p><\/div>\n<p>* Alg\u00fan precio puede haber cambiado desde la \u00faltima revisi\u00f3n<\/p>\n<\/p><\/div>\n<p><!-- PIVOT END --><\/p>\n<h2><span class=\"ez-toc-section\" id=\"MacBook_Air_2022\"><\/span>MacBook Air 2022<span class=\"ez-toc-section-end\"><\/span><\/h2>\n<div class=\"article-asset-image article-asset-normal article-asset-center\">\n<div class=\"asset-content\">\n                    <a rel=\"nofollow, sponsored, noopener, noreferrer noopener\" target=\"_blank\" class=\"js-ecommerce\" href=\"https:\/\/www.xataka.com\/redirect?url=https%3A%2F%2Fwww.mediamarkt.es%2Fes%2Fproduct%2F_apple-macbook-air-2022-136-retina-chip-m2-de-apple-gpu-8-nucleos-8-gb-256-gb-ssd-macos-teclado-magic-keyboard-touch-id-negro-1534482.html&amp;category=seleccion&amp;ecomPostExpiration=perish&amp;postId=302446\" data-vars-affiliate-url=\"https:\/\/www.xataka.com\/redirect?url=https%3A%2F%2Fwww.mediamarkt.es%2Fes%2Fproduct%2F_apple-macbook-air-2022-136-retina-chip-m2-de-apple-gpu-8-nucleos-8-gb-256-gb-ssd-macos-teclado-magic-keyboard-touch-id-negro-1534482.html&amp;category=seleccion&amp;ecomPostExpiration=perish&amp;postId=302446\"><br \/>\n         <img class=\"centro_sinmarco\" height=\"600\" width=\"1200\" loading=\"lazy\" decoding=\"async\" sizes=\"auto, 100vw\" fetchpriority=\"high\" srcset=\"https:\/\/i.blogs.es\/e87968\/mb_air\/450_1000.jpeg 450w, https:\/\/i.blogs.es\/e87968\/mb_air\/650_1200.jpeg 681w,https:\/\/i.blogs.es\/e87968\/mb_air\/1024_2000.jpeg 1024w, https:\/\/i.blogs.es\/e87968\/mb_air\/1366_2000.jpeg 1366w\" src=\"https:\/\/i.blogs.es\/e87968\/mb_air\/450_1000.jpeg\" alt=\"Mb Air\"\/><br \/>\n    <img decoding=\"async\" alt=\"Mb Air\" class=\"centro_sinmarco\" src=\"https:\/\/i.blogs.es\/e87968\/mb_air\/450_1000.jpeg\"\/><br \/>\n     <\/a><\/p><\/div>\n<\/div>\n<p>La forma m\u00e1s econ\u00f3mica de entrar en el (caro) mundo de los port\u00e1tiles Apple es el MacBook Air y si adem\u00e1s nos decantamos por un modelo de la generaci\u00f3n anterior, nos saldr\u00e1 incluso m\u00e1s barato. As\u00ed, comprar un <strong>MacBook Air de 2022<\/strong> no llega a los 1.000 euros en estos Apple Days, qued\u00e1ndose en <a rel=\"nofollow, sponsored, noopener, noreferrer noopener\" target=\"_blank\" class=\"js-ecommerce\" href=\"https:\/\/www.xataka.com\/redirect?url=https%3A%2F%2Fwww.mediamarkt.es%2Fes%2Fproduct%2F_apple-macbook-air-2022-136-retina-chip-m2-de-apple-gpu-8-nucleos-8-gb-256-gb-ssd-macos-teclado-magic-keyboard-touch-id-negro-1534482.html&amp;category=seleccion&amp;ecomPostExpiration=perish&amp;postId=302446\" data-vars-affiliate-url=\"https:\/\/www.xataka.com\/redirect?url=https%3A%2F%2Fwww.mediamarkt.es%2Fes%2Fproduct%2F_apple-macbook-air-2022-136-retina-chip-m2-de-apple-gpu-8-nucleos-8-gb-256-gb-ssd-macos-teclado-magic-keyboard-touch-id-negro-1534482.html&amp;category=seleccion&amp;ecomPostExpiration=perish&amp;postId=302446\">999 euros<\/a> con <strong>200 de rebaja<\/strong> sobre los 1.199 habituales.<\/p>\n<p><!-- BREAK 7 --><\/p>\n<p>Este port\u00e1til es delgado y ligero, cuenta con una <strong>pantalla IPS LCD Liquid Retina con 13,6 pulgadas<\/strong> y resoluci\u00f3n 2560 x 1664 p\u00edxeles y monta el procesador M2 de la propia Apple. Viene con los 8 GB de RAM base, y con un SSD algo escaso, de <strong>256 GB<\/strong>.<\/p>\n<p><!-- BREAK 8 --><!-- PIVOT START --><\/p>\n<div class=\"pivot-ecommerce-container m-pivot-ecommerce-redesign article-asset-normal article-asset-center\">\n<div class=\"pivot-ecommerce\">\n<div class=\"pivot-ecommerce-figure\">\n  <a rel=\"nofollow, sponsored, noopener, noreferrer noopener\" target=\"_blank\" href=\"https:\/\/www.xataka.com\/redirect?url=https%3A%2F%2Fwww.amazon.es%2Fdp%2FB0B3CDRDTB%3Ftag%3Dxataka-21%26linkCode%3Dogi%26th%3D1%26psc%3D1&amp;category=seleccion&amp;pivot=1&amp;ecomPostExpiration=perish&amp;postId=302446\"><br \/>\n   <img loading=\"lazy\" decoding=\"async\" alt=\"MacBook Air 2022 (Chip M2)\" width=\"500\" height=\"500\" src=\"https:\/\/i.blogs.es\/974be6\/410uuwekhil._sl500_\/original.jpeg\"\/><br \/>\n  <\/a>\n  <\/div>\n<div class=\"pivot-ecommerce-summary\">\n<p class=\"pivot-ecommerce-desc\">MacBook Air 2022 (Chip M2)<\/p>\n<\/p><\/div>\n<\/p><\/div>\n<p>* Alg\u00fan precio puede haber cambiado desde la \u00faltima revisi\u00f3n<\/p>\n<\/p><\/div>\n<p><!-- PIVOT END --><\/p>\n<h2><span class=\"ez-toc-section\" id=\"iPad_Air\"><\/span>iPad Air<span class=\"ez-toc-section-end\"><\/span><\/h2>\n<div class=\"article-asset-image article-asset-normal article-asset-center\">\n<div class=\"asset-content\">\n                    <a rel=\"nofollow, sponsored, noopener, noreferrer noopener\" target=\"_blank\" class=\"js-ecommerce\" href=\"https:\/\/www.xataka.com\/redirect?url=https%3A%2F%2Fwww.mediamarkt.es%2Fes%2Fproduct%2F_apple-ipad-air-2024-128gb-gris-espacial-11-wifi-pantalla-liquid-retina-chip-m2-10gpu-1575259.html&amp;category=seleccion&amp;ecomPostExpiration=perish&amp;postId=302446\" data-vars-affiliate-url=\"https:\/\/www.xataka.com\/redirect?url=https%3A%2F%2Fwww.mediamarkt.es%2Fes%2Fproduct%2F_apple-ipad-air-2024-128gb-gris-espacial-11-wifi-pantalla-liquid-retina-chip-m2-10gpu-1575259.html&amp;category=seleccion&amp;ecomPostExpiration=perish&amp;postId=302446\"><br \/>\n         <img class=\"centro_sinmarco\" height=\"600\" width=\"1200\" loading=\"lazy\" decoding=\"async\" sizes=\"auto, 100vw\" fetchpriority=\"high\" srcset=\"https:\/\/i.blogs.es\/b52b86\/ipad_air\/450_1000.jpeg 450w, https:\/\/i.blogs.es\/b52b86\/ipad_air\/650_1200.jpeg 681w,https:\/\/i.blogs.es\/b52b86\/ipad_air\/1024_2000.jpeg 1024w, https:\/\/i.blogs.es\/b52b86\/ipad_air\/1366_2000.jpeg 1366w\" src=\"https:\/\/i.blogs.es\/b52b86\/ipad_air\/450_1000.jpeg\" alt=\"Ipad Air\"\/><br \/>\n    <img decoding=\"async\" alt=\"Ipad Air\" class=\"centro_sinmarco\" src=\"https:\/\/i.blogs.es\/b52b86\/ipad_air\/450_1000.jpeg\"\/><br \/>\n     <\/a><\/p><\/div>\n<\/div>\n<p>Aunque no es la mayor rebaja que seguramente veremos a lo largo de su vida comercial, ya podemos ahorrarnos unos euros en el reciente <strong>iPad Air<\/strong> (2024) con Chip M2. Concretamente, podemos conseguirlo por <a rel=\"nofollow, sponsored, noopener, noreferrer noopener\" target=\"_blank\" class=\"js-ecommerce\" href=\"https:\/\/www.xataka.com\/redirect?url=https%3A%2F%2Fwww.mediamarkt.es%2Fes%2Fproduct%2F_apple-ipad-air-2024-128gb-gris-espacial-11-wifi-pantalla-liquid-retina-chip-m2-10gpu-1575259.html&amp;category=seleccion&amp;ecomPostExpiration=perish&amp;postId=302446\" data-vars-affiliate-url=\"https:\/\/www.xataka.com\/redirect?url=https%3A%2F%2Fwww.mediamarkt.es%2Fes%2Fproduct%2F_apple-ipad-air-2024-128gb-gris-espacial-11-wifi-pantalla-liquid-retina-chip-m2-10gpu-1575259.html&amp;category=seleccion&amp;ecomPostExpiration=perish&amp;postId=302446\">679 euros<\/a> en lugar de los 698 habituales, lo que nos supondr\u00e1 pagar <strong>19 euros menos<\/strong> por \u00e9l.<\/p>\n<p><!-- BREAK 9 --><\/p>\n<p>Este nuevo modelo cuenta con una pantalla Liquid Retina de 11 pulgadas y monta el chip M2 con GPU de 10 n\u00facleos. Pesa s\u00f3lo 0,462 Kg y ofrece <strong>128 GB de almacenamiento<\/strong> as\u00ed como autonom\u00eda para unas 10 horas de uso. Hablamos, eso s\u00ed, de la versi\u00f3n sin conectividad m\u00f3vil, que s\u00f3lo cuenta con WiFi y Bluetooth.<\/p>\n<p><!-- BREAK 10 --><br \/>\n<!-- PIVOT START --><\/p>\n<div class=\"pivot-ecommerce-container m-pivot-ecommerce-redesign article-asset-normal article-asset-center\">\n<div class=\"pivot-ecommerce\">\n<div class=\"pivot-ecommerce-figure\">\n  <a rel=\"nofollow, sponsored, noopener, noreferrer noopener\" target=\"_blank\" href=\"https:\/\/www.xataka.com\/redirect?url=https%3A%2F%2Fwww.amazon.es%2Fdp%2FB0D3J75W9J%3Ftag%3Dxataka-21%26linkCode%3Dogi%26th%3D1%26psc%3D1&amp;category=seleccion&amp;pivot=1&amp;ecomPostExpiration=perish&amp;postId=302446\"><br \/>\n   <img loading=\"lazy\" decoding=\"async\" alt=\"iPad Air (2024)\" width=\"500\" height=\"500\" src=\"https:\/\/i.blogs.es\/da9459\/31a6o0mrehl._sl500_\/original.jpeg\"\/><br \/>\n  <\/a>\n  <\/div>\n<\/p><\/div>\n<p>* Alg\u00fan precio puede haber cambiado desde la \u00faltima revisi\u00f3n<\/p>\n<\/p><\/div>\n<p><!-- PIVOT END --><\/p>\n<h2><span class=\"ez-toc-section\" id=\"Apple_Watch_SE_2023\"><\/span>Apple Watch SE (2023)<span class=\"ez-toc-section-end\"><\/span><\/h2>\n<div class=\"article-asset-image article-asset-normal article-asset-center\">\n<div class=\"asset-content\">\n                    <a rel=\"nofollow, sponsored, noopener, noreferrer noopener\" target=\"_blank\" class=\"js-ecommerce\" href=\"https:\/\/www.xataka.com\/redirect?url=https%3A%2F%2Fwww.mediamarkt.es%2Fes%2Fproduct%2F_apple-watch-se-2023-gps-40-mm-caja-de-aluminio-plata-vidrio-delantero-ion-x-talla-ml-correa-deportiva-azul-tempestad-1561385.html&amp;category=seleccion&amp;ecomPostExpiration=perish&amp;postId=302446\" data-vars-affiliate-url=\"https:\/\/www.xataka.com\/redirect?url=https%3A%2F%2Fwww.mediamarkt.es%2Fes%2Fproduct%2F_apple-watch-se-2023-gps-40-mm-caja-de-aluminio-plata-vidrio-delantero-ion-x-talla-ml-correa-deportiva-azul-tempestad-1561385.html&amp;category=seleccion&amp;ecomPostExpiration=perish&amp;postId=302446\"><br \/>\n         <img class=\"centro_sinmarco\" height=\"600\" width=\"1200\" loading=\"lazy\" decoding=\"async\" sizes=\"auto, 100vw\" fetchpriority=\"high\" srcset=\"https:\/\/i.blogs.es\/503a25\/apple_watch_se\/450_1000.jpeg 450w, https:\/\/i.blogs.es\/503a25\/apple_watch_se\/650_1200.jpeg 681w,https:\/\/i.blogs.es\/503a25\/apple_watch_se\/1024_2000.jpeg 1024w, https:\/\/i.blogs.es\/503a25\/apple_watch_se\/1366_2000.jpeg 1366w\" src=\"https:\/\/i.blogs.es\/503a25\/apple_watch_se\/450_1000.jpeg\" alt=\"Apple Watch Se\"\/><br \/>\n    <img decoding=\"async\" alt=\"Apple Watch Se\" class=\"centro_sinmarco\" src=\"https:\/\/i.blogs.es\/503a25\/apple_watch_se\/450_1000.jpeg\"\/><br \/>\n     <\/a><\/p><\/div>\n<\/div>\n<p>Hacerse con un reloj de la manzana tampoco suele ser barato, pero tenemos el <strong>Apple Wacth SE<\/strong> como modelo de entrada a precios mucho m\u00e1s razonables. Si adem\u00e1s elegimos el modelo de 2023 con 40mm podremos lucirlo en la mu\u00f1eca por s\u00f3lo <a rel=\"nofollow, sponsored, noopener, noreferrer noopener\" target=\"_blank\" class=\"js-ecommerce\" href=\"https:\/\/www.xataka.com\/redirect?url=https%3A%2F%2Fwww.mediamarkt.es%2Fes%2Fproduct%2F_apple-watch-se-2023-gps-40-mm-caja-de-aluminio-plata-vidrio-delantero-ion-x-talla-ml-correa-deportiva-azul-tempestad-1561385.html&amp;category=seleccion&amp;ecomPostExpiration=perish&amp;postId=302446\" data-vars-affiliate-url=\"https:\/\/www.xataka.com\/redirect?url=https%3A%2F%2Fwww.mediamarkt.es%2Fes%2Fproduct%2F_apple-watch-se-2023-gps-40-mm-caja-de-aluminio-plata-vidrio-delantero-ion-x-talla-ml-correa-deportiva-azul-tempestad-1561385.html&amp;category=seleccion&amp;ecomPostExpiration=perish&amp;postId=302446\">249 euros<\/a>, con 30 euros de rebaja sobre los 279 habituales.<\/p>\n<p><!-- BREAK 11 --><\/p>\n<p>Lo tenemos disponible a este precio en todos los colores y si lo preferimos en formato grande, el de 44mm tambi\u00e9n est\u00e1 rebajado en 30 euros, de 309 a <a rel=\"nofollow, sponsored, noopener, noreferrer noopener\" target=\"_blank\" class=\"js-ecommerce\" href=\"https:\/\/www.xataka.com\/redirect?url=https%3A%2F%2Fwww.mediamarkt.es%2Fes%2Fproduct%2F_apple-watch-se-2023-gps-44-mm-caja-de-aluminio-medianoche-vidrio-delantero-ion-x-correa-solo-loop-medianoche-1561392.html&amp;category=seleccion&amp;ecomPostExpiration=perish&amp;postId=302446\" data-vars-affiliate-url=\"https:\/\/www.xataka.com\/redirect?url=https%3A%2F%2Fwww.mediamarkt.es%2Fes%2Fproduct%2F_apple-watch-se-2023-gps-44-mm-caja-de-aluminio-medianoche-vidrio-delantero-ion-x-correa-solo-loop-medianoche-1561392.html&amp;category=seleccion&amp;ecomPostExpiration=perish&amp;postId=302446\">279 euros<\/a>.<\/p>\n<p><!-- BREAK 12 --><!-- PIVOT START --><\/p>\n<div class=\"pivot-ecommerce-container m-pivot-ecommerce-redesign article-asset-normal article-asset-center\">\n<div class=\"pivot-ecommerce\">\n<div class=\"pivot-ecommerce-figure\">\n  <a rel=\"nofollow, sponsored, noopener, noreferrer noopener\" target=\"_blank\" href=\"https:\/\/www.xataka.com\/redirect?url=https%3A%2F%2Fwww.amazon.es%2Fdp%2FB0CHX415P6%3Ftag%3Dxataka-21%26linkCode%3Dogi%26th%3D1%26psc%3D1&amp;category=seleccion&amp;pivot=1&amp;ecomPostExpiration=perish&amp;postId=302446\"><br \/>\n   <img loading=\"lazy\" decoding=\"async\" alt=\"Apple Watch SE (2023)\" width=\"500\" height=\"500\" src=\"https:\/\/i.blogs.es\/095713\/41aoy1gglwl._sl500_\/original.jpeg\"\/><br \/>\n  <\/a>\n  <\/div>\n<\/p><\/div>\n<p>* Alg\u00fan precio puede haber cambiado desde la \u00faltima revisi\u00f3n<\/p>\n<\/p><\/div>\n<p><!-- PIVOT END --><\/p>\n<h2><span class=\"ez-toc-section\" id=\"AirPods_de_Segunda_generacion\"><\/span>AirPods de Segunda generaci\u00f3n<span class=\"ez-toc-section-end\"><\/span><\/h2>\n<div class=\"article-asset-image article-asset-normal article-asset-center\">\n<div class=\"asset-content\">\n                    <a rel=\"nofollow, sponsored, noopener, noreferrer noopener\" target=\"_blank\" class=\"js-ecommerce\" href=\"https:\/\/www.xataka.com\/redirect?url=https%3A%2F%2Fwww.mediamarkt.es%2Fes%2Fproduct%2F_apple-airpods-2019-2%25C2%25AA-gen-inalambricos-bluetooth%25C2%25AE-estuche-carga-no-inalambrica-chip-h1-siri-blanco-1450020.html&amp;category=seleccion&amp;ecomPostExpiration=perish&amp;postId=302446\" data-vars-affiliate-url=\"https:\/\/www.xataka.com\/redirect?url=https%3A%2F%2Fwww.mediamarkt.es%2Fes%2Fproduct%2F_apple-airpods-2019-2%25C2%25AA-gen-inalambricos-bluetooth%25C2%25AE-estuche-carga-no-inalambrica-chip-h1-siri-blanco-1450020.html&amp;category=seleccion&amp;ecomPostExpiration=perish&amp;postId=302446\"><br \/>\n         <img class=\"centro_sinmarco\" height=\"595\" width=\"1094\" loading=\"lazy\" decoding=\"async\" sizes=\"auto, 100vw\" fetchpriority=\"high\" srcset=\"https:\/\/i.blogs.es\/c5d38e\/captura-de-pantalla-2024-01-09-a-las-14.00.27\/450_1000.png 450w, https:\/\/i.blogs.es\/c5d38e\/captura-de-pantalla-2024-01-09-a-las-14.00.27\/650_1200.png 681w,https:\/\/i.blogs.es\/c5d38e\/captura-de-pantalla-2024-01-09-a-las-14.00.27\/1024_2000.png 1024w, https:\/\/i.blogs.es\/c5d38e\/captura-de-pantalla-2024-01-09-a-las-14.00.27\/1366_2000.png 1366w\" src=\"https:\/\/i.blogs.es\/c5d38e\/captura-de-pantalla-2024-01-09-a-las-14.00.27\/450_1000.png\" alt=\"Captura De Pantalla 2024 01 09 A Las 14 00 27\"\/><br \/>\n    <img decoding=\"async\" alt=\"Captura De Pantalla 2024 01 09 A Las 14 00 27\" class=\"centro_sinmarco\" src=\"https:\/\/i.blogs.es\/c5d38e\/captura-de-pantalla-2024-01-09-a-las-14.00.27\/450_1000.png\"\/><br \/>\n     <\/a><\/p><\/div>\n<\/div>\n<p>Tambi\u00e9n tenemos los <a href=\"https:\/\/www.xataka.com\/analisis\/nuevos-airpods-analisis-caracteristicas-precio-especificaciones\" target=\"_blank\" rel=\"noopener\">AirPods de segunda generaci\u00f3n<\/a> rebajados, a unos razonables <a rel=\"nofollow, sponsored, noopener, noreferrer noopener\" target=\"_blank\" class=\"js-ecommerce\" href=\"https:\/\/www.xataka.com\/redirect?url=https%3A%2F%2Fwww.mediamarkt.es%2Fes%2Fproduct%2F_apple-airpods-2019-2%25C2%25AA-gen-inalambricos-bluetooth%25C2%25AE-estuche-carga-no-inalambrica-chip-h1-siri-blanco-1450020.html&amp;category=seleccion&amp;ecomPostExpiration=perish&amp;postId=302446\" data-vars-affiliate-url=\"https:\/\/www.xataka.com\/redirect?url=https%3A%2F%2Fwww.mediamarkt.es%2Fes%2Fproduct%2F_apple-airpods-2019-2%25C2%25AA-gen-inalambricos-bluetooth%25C2%25AE-estuche-carga-no-inalambrica-chip-h1-siri-blanco-1450020.html&amp;category=seleccion&amp;ecomPostExpiration=perish&amp;postId=302446\">109 euros<\/a> en lugar de los 149 oficiales. Son <strong>40 euros de descuento<\/strong> los que llevan.<\/p>\n<p><!-- BREAK 13 --><\/p>\n<p>Bien conocidos a estas alturas (se lanzaron en 2019), sabr\u00e1s que se trata de unos auriculares Bluetooth de tipo <em>true wireless<\/em>, Son <strong>compatibles con Siri<\/strong>, ofrecen hasta 5 horas de autonom\u00eda (24 en total contando la carga del estuche) y disponen de control t\u00e1ctil.<\/p>\n<p><!-- BREAK 14 --><!-- PIVOT START --><\/p>\n<div class=\"pivot-ecommerce-container m-pivot-ecommerce-redesign article-asset-normal article-asset-center\">\n<div class=\"pivot-ecommerce\">\n<div class=\"pivot-ecommerce-figure\">\n  <a rel=\"nofollow, sponsored, noopener, noreferrer noopener\" target=\"_blank\" href=\"https:\/\/www.xataka.com\/redirect?url=https%3A%2F%2Fwww.amazon.es%2Fdp%2FB07PYMK77Y%3Ftag%3Dxataka-21%26linkCode%3Dogi%26th%3D1%26psc%3D1&amp;category=seleccion&amp;pivot=1&amp;ecomPostExpiration=perish&amp;postId=302446\"><br \/>\n   <img loading=\"lazy\" decoding=\"async\" alt=\"AirPods (2.\u00aa generaci\u00f3n)\" width=\"302\" height=\"500\" src=\"https:\/\/i.blogs.es\/44a49b\/21exshmb3wl._sl500_\/original.jpeg\"\/><br \/>\n  <\/a>\n  <\/div>\n<div class=\"pivot-ecommerce-summary\">\n<p class=\"pivot-ecommerce-desc\">AirPods (2.\u00aa generaci\u00f3n)<\/p>\n<\/p><\/div>\n<\/p><\/div>\n<p>* Alg\u00fan precio puede haber cambiado desde la \u00faltima revisi\u00f3n<\/p>\n<\/p><\/div>\n<p><!-- PIVOT END --><\/p>\n<h2><span class=\"ez-toc-section\" id=\"AirTag\"><\/span>AirTag<span class=\"ez-toc-section-end\"><\/span><\/h2>\n<div class=\"article-asset-image article-asset-normal article-asset-center\">\n<div class=\"asset-content\">\n                    <a rel=\"nofollow, sponsored, noopener, noreferrer noopener\" target=\"_blank\" class=\"js-ecommerce\" href=\"https:\/\/www.xataka.com\/redirect?url=https%3A%2F%2Fwww.mediamarkt.es%2Fes%2Fproduct%2F_apple-airtag-localizador-paquete-de-1-unidad-bluetooth-chip-u1-nfc-privaciad-de-serie-plata-1506416.html&amp;category=seleccion&amp;ecomPostExpiration=perish&amp;postId=302446\" data-vars-affiliate-url=\"https:\/\/www.xataka.com\/redirect?url=https%3A%2F%2Fwww.mediamarkt.es%2Fes%2Fproduct%2F_apple-airtag-localizador-paquete-de-1-unidad-bluetooth-chip-u1-nfc-privaciad-de-serie-plata-1506416.html&amp;category=seleccion&amp;ecomPostExpiration=perish&amp;postId=302446\"><br \/>\n         <img class=\"centro_sinmarco\" height=\"500\" width=\"1000\" loading=\"lazy\" decoding=\"async\" sizes=\"auto, 100vw\" fetchpriority=\"high\" srcset=\"https:\/\/i.blogs.es\/7982d5\/comprar-apple-airtag-al-mejor-precio-mediamarkt\/450_1000.jpeg 450w, https:\/\/i.blogs.es\/7982d5\/comprar-apple-airtag-al-mejor-precio-mediamarkt\/650_1200.jpeg 681w,https:\/\/i.blogs.es\/7982d5\/comprar-apple-airtag-al-mejor-precio-mediamarkt\/1024_2000.jpeg 1024w, https:\/\/i.blogs.es\/7982d5\/comprar-apple-airtag-al-mejor-precio-mediamarkt\/1366_2000.jpeg 1366w\" src=\"https:\/\/i.blogs.es\/7982d5\/comprar-apple-airtag-al-mejor-precio-mediamarkt\/450_1000.jpeg\" alt=\"comprar-apple-airtag-al-mejor-precio-mediamarkt\"\/><br \/>\n    <img decoding=\"async\" alt=\"comprar-apple-airtag-al-mejor-precio-mediamarkt\" class=\"centro_sinmarco\" src=\"https:\/\/i.blogs.es\/7982d5\/comprar-apple-airtag-al-mejor-precio-mediamarkt\/450_1000.jpeg\"\/><br \/>\n     <\/a><\/p><\/div>\n<\/div>\n<p>Para terminar, volvemos a tener el <a href=\"https:\/\/www.xataka.com\/analisis\/apple-airtag-analisis-caracteristicas-precio-especificaciones\" target=\"_blank\" rel=\"noopener\">AirTag de Apple<\/a> a un precio estupendo: <a rel=\"nofollow, sponsored, noopener, noreferrer noopener\" target=\"_blank\" class=\"js-ecommerce\" href=\"https:\/\/www.xataka.com\/redirect?url=https%3A%2F%2Fwww.mediamarkt.es%2Fes%2Fproduct%2F_apple-airtag-localizador-paquete-de-1-unidad-bluetooth-chip-u1-nfc-privaciad-de-serie-plata-1506416.html&amp;category=seleccion&amp;ecomPostExpiration=perish&amp;postId=302446\" data-vars-affiliate-url=\"https:\/\/www.xataka.com\/redirect?url=https%3A%2F%2Fwww.mediamarkt.es%2Fes%2Fproduct%2F_apple-airtag-localizador-paquete-de-1-unidad-bluetooth-chip-u1-nfc-privaciad-de-serie-plata-1506416.html&amp;category=seleccion&amp;ecomPostExpiration=perish&amp;postId=302446\">29 euros<\/a>, con unos <strong>10 euros de rebaja<\/strong> sobre los 38,99 euros habituales.<\/p>\n<p>Como ya sabr\u00e1s, se trata de la etiqueta localizadora de Apple, que nos vendr\u00e1 bien para tener siempre localizadas nuestras cosas, ya sean unas llaves, la maleta o la cartera. Tiene un compacto dise\u00f1o ideal para colocarlo en cualquier parte, y cuenta con <a href=\"https:\/\/www.xataka.com\/basics\/ip55-ip67-ip68-otras-que-significan-tipos-proteccion-telefono-dispositivo\" target=\"_blank\" rel=\"noopener\">resistencia IP67<\/a> al agua permite para que nos podamos despreocupar de \u00e9l. Tiene un <strong>alcance de 120 metros<\/strong> y usa las tecnolog\u00edas <strong>Bluetooth LE<\/strong>, <strong>NFC<\/strong>, montando el <strong>chip Apple U1<\/strong>.<\/p>\n<p><!-- BREAK 15 --><br \/>\n<!-- PIVOT START --><\/p>\n<div class=\"pivot-ecommerce-container m-pivot-ecommerce-redesign article-asset-normal article-asset-center\">\n<div class=\"pivot-ecommerce\">\n<div class=\"pivot-ecommerce-figure\">\n  <a rel=\"nofollow, sponsored, noopener, noreferrer noopener\" target=\"_blank\" href=\"https:\/\/www.xataka.com\/redirect?url=https%3A%2F%2Fwww.amazon.es%2Fdp%2FB09364K56M%3Ftag%3Dxataka-21%26linkCode%3Dogi%26th%3D1%26psc%3D1&amp;category=seleccion&amp;pivot=1&amp;ecomPostExpiration=perish&amp;postId=302446\"><br \/>\n   <img loading=\"lazy\" decoding=\"async\" alt=\"Apple AirTag\" width=\"500\" height=\"500\" src=\"https:\/\/i.blogs.es\/575452\/318ulj8mohs._sl500_\/original.jpeg\"\/><br \/>\n  <\/a>\n  <\/div>\n<\/p><\/div>\n<p>* Alg\u00fan precio puede haber cambiado desde la \u00faltima revisi\u00f3n<\/p>\n<\/p><\/div>\n<p><!-- PIVOT END --><\/p>\n<p><em>Algunos de los enlaces de este art\u00edculo son afiliados y pueden reportar un beneficio a Xataka. En caso de no disponibilidad, las ofertas pueden variar.<\/em><\/p>\n<p><!-- BREAK 16 --><\/p>\n<p>Im\u00e1genes | Apple<\/p>\n<p>En Xataka | \u00a0<a href=\"https:\/\/www.xataka.com\/analisis\/ipad-2022-analisis-caracteristicas-precio-especificaciones\" target=\"_blank\" rel=\"noopener\">iPad (2022), an\u00e1lisis: el nuevo iPad b\u00e1sico de Apple supone el fin del iPad b\u00e1sico de Apple<\/a><\/p>\n<p>En Xataka | <a href=\"https:\/\/www.xataka.com\/analisis\/iphone-14-vs-iphone-14-plus-vs-iphone-14-pro-vs-iphone-14-pro-max-comparativa-a-fondo\" target=\"_blank\" rel=\"noopener\">iPhone 14 vs 14 Plus vs 14 Pro vs 14 Pro Max, an\u00e1lisis frente a frente: cu\u00e1l comprar entre los cuatro modelos<\/a><\/p>\n<\/p><\/div>\n<p><a href=\"https:\/\/www.xataka.com\/seleccion\/apple-days-mediamarkt-mejor-momento-para-hacerse-iphone-ipad-apple-watch-ahora\" class=\" target=\" title=\"el mejor momento para hacerse con un iPhone, un iPad o un Apple Watch es ahora\" target=\"_blank\" rel=\"noopener\">Ver fuente<\/a><\/p>\n","protected":false},"excerpt":{"rendered":"<p>Vuelven los Apple Days a MediaMarkt. Como siempre que la tienda roja pone en marcha esta campa\u00f1a, es el mejor momento para hacerse con un iPhone, un iPad, un MacBook o un Apple Wacth. SI no te lo crees, echa un vistazo a esta selecci\u00f3n. iPhone 15 Pro Max Hacerse con el \u00faltimo modelo Pro [&hellip;]<\/p>\n","protected":false},"author":2,"featured_media":4841,"comment_status":"open","ping_status":"closed","sticky":false,"template":"","format":"standard","meta":{"footnotes":""},"categories":[9],"tags":[],"class_list":["post-4840","post","type-post","status-publish","format-standard","has-post-thumbnail","hentry","category-tecnologia"],"_links":{"self":[{"href":"https:\/\/enfoquenoticioso.com\/index.php?rest_route=\/wp\/v2\/posts\/4840","targetHints":{"allow":["GET"]}}],"collection":[{"href":"https:\/\/enfoquenoticioso.com\/index.php?rest_route=\/wp\/v2\/posts"}],"about":[{"href":"https:\/\/enfoquenoticioso.com\/index.php?rest_route=\/wp\/v2\/types\/post"}],"author":[{"embeddable":true,"href":"https:\/\/enfoquenoticioso.com\/index.php?rest_route=\/wp\/v2\/users\/2"}],"replies":[{"embeddable":true,"href":"https:\/\/enfoquenoticioso.com\/index.php?rest_route=%2Fwp%2Fv2%2Fcomments&post=4840"}],"version-history":[{"count":0,"href":"https:\/\/enfoquenoticioso.com\/index.php?rest_route=\/wp\/v2\/posts\/4840\/revisions"}],"wp:featuredmedia":[{"embeddable":true,"href":"https:\/\/enfoquenoticioso.com\/index.php?rest_route=\/wp\/v2\/media\/4841"}],"wp:attachment":[{"href":"https:\/\/enfoquenoticioso.com\/index.php?rest_route=%2Fwp%2Fv2%2Fmedia&parent=4840"}],"wp:term":[{"taxonomy":"category","embeddable":true,"href":"https:\/\/enfoquenoticioso.com\/index.php?rest_route=%2Fwp%2Fv2%2Fcategories&post=4840"},{"taxonomy":"post_tag","embeddable":true,"href":"https:\/\/enfoquenoticioso.com\/index.php?rest_route=%2Fwp%2Fv2%2Ftags&post=4840"}],"curies":[{"name":"wp","href":"https:\/\/api.w.org\/{rel}","templated":true}]}}