{"id":48417,"date":"2025-02-05T19:08:31","date_gmt":"2025-02-05T19:08:31","guid":{"rendered":"https:\/\/enfoquenoticioso.com\/entretenimiento\/critica-de-celda-211-2025-la-miniserie-de-netflix-es-brutal-y-arriesga-mezclando-realidad-y-ficcion-pero-la-pelicula-con-luis-tosar-es-mucho-mejor\/"},"modified":"2025-02-05T19:08:31","modified_gmt":"2025-02-05T19:08:31","slug":"critica-de-celda-211-2025-la-miniserie-de-netflix-es-brutal-y-arriesga-mezclando-realidad-y-ficcion-pero-la-pelicula-con-luis-tosar-es-mucho-mejor","status":"publish","type":"post","link":"https:\/\/enfoquenoticioso.com\/?p=48417","title":{"rendered":"Cr\u00edtica de &#8216;Celda 211&#8217; (2025), la miniserie de Netflix es brutal y arriesga mezclando realidad y ficci\u00f3n, pero la pel\u00edcula con Luis Tosar es mucho mejor"},"content":{"rendered":"<div>\n<p>No es la primera vez que muchos nos preguntamos qu\u00e9 necesidad hay de una nueva versi\u00f3n de una historia que ya tuvo una adaptaci\u00f3n dif\u00edcilmente mejorable. Ahora tenemos un nuevo ejemplo de ella con <a class=\"text-outboundlink\" href=\"https:\/\/www.espinof.com\/criticas\/celda-211-el-corazon-de-la-bestia\" data-vars-post-title=\"&#039;Celda 211&#039;, el coraz\u00f3n de la bestia\" data-vars-post-url=\"https:\/\/www.espinof.com\/criticas\/celda-211-el-corazon-de-la-bestia\" target=\"_blank\" rel=\"noopener\">&#8216;Celda 211&#8217;<\/a>, una <strong>miniserie de Netflix<\/strong> que parte de la misma novela de <strong>Francisco P\u00e9rez Gandul<\/strong> que sirvi\u00f3 como base para la estupenda pel\u00edcula de <strong>Daniel Monz\u00f3n<\/strong> estrenada en 2009.<\/p>\n<p><!-- BREAK 1 --> <\/p>\n<p>Ese thriller es especialmente recordado por la arrolladora interpretaci\u00f3n de <strong>Luis Tosar<\/strong> como Malamadre, pero son muchos m\u00e1s los factores que ayudaron a convertirla en una pel\u00edcula \u00fanica. Ahora la acci\u00f3n se traslada a M\u00e9xico en una miniserie de 6 episodios liderada por <strong>Diego Calva<\/strong> (<a class=\"text-outboundlink\" href=\"https:\/\/www.espinof.com\/criticas\/babylon-pelicula-fascinante-que-no-merecia-su-historico-fracaso-estados-unidos-damien-chazelle-declara-su-amor-al-cine-tambien-muestra-lado-miserable-hollywood\" data-vars-post-title=\"&#039;Babylon&#039; es una pel\u00edcula fascinante que no merec\u00eda su hist\u00f3rico fracaso en Estados Unidos: Damien Chazelle declara su amor al cine pero tambi\u00e9n muestra el lado m\u00e1s miserable de Hollywood\" data-vars-post-url=\"https:\/\/www.espinof.com\/criticas\/babylon-pelicula-fascinante-que-no-merecia-su-historico-fracaso-estados-unidos-damien-chazelle-declara-su-amor-al-cine-tambien-muestra-lado-miserable-hollywood\" target=\"_blank\" rel=\"noopener\">&#8216;Babylon&#8217;<\/a>) que acaba de estrenarse en Netflix que opta por una llamativa mezcla de ficci\u00f3n y realidad, pero que a la hora de la verdad se queda muy lejos del film espa\u00f1ol.<\/p>\n<p><!-- BREAK 2 --><\/p>\n<div class=\"video-boost-container article-asset-normal\">\n<div class=\"article-asset-video\">\n<div class=\"asset-content\">\n<p>\n                         <iframe loading=\"lazy\" title=\"LAS 10 MEJORES SERIES DE LA DE\u0301CADA (2010-2019)\" width=\"640\" height=\"360\" src=\"https:\/\/www.youtube.com\/embed\/SxcFyMqU1ao?feature=oembed\" frameborder=\"0\" allow=\"accelerometer; autoplay; clipboard-write; encrypted-media; gyroscope; picture-in-picture; web-share\" referrerpolicy=\"strict-origin-when-cross-origin\" allowfullscreen><\/iframe>\n       <\/p>\n<\/p><\/div>\n<\/p><\/div>\n<p> <span class=\"video-boost-title\">LAS 10 MEJORES SERIES DE LA D\u00c9CADA (2010-2019)<\/span>\n<\/div>\n<div id=\"ez-toc-container\" class=\"ez-toc-v2_0_81 counter-hierarchy ez-toc-counter ez-toc-grey ez-toc-container-direction\">\n<div class=\"ez-toc-title-container\">\n<p class=\"ez-toc-title\" style=\"cursor:inherit\">Tabla de Contenido<\/p>\n<span class=\"ez-toc-title-toggle\"><a href=\"#\" class=\"ez-toc-pull-right ez-toc-btn ez-toc-btn-xs ez-toc-btn-default ez-toc-toggle\" aria-label=\"Alternar tabla de contenidos\"><span class=\"ez-toc-js-icon-con\"><span class=\"\"><span class=\"eztoc-hide\" style=\"display:none;\">Toggle<\/span><span class=\"ez-toc-icon-toggle-span\"><svg style=\"fill: #999;color:#999\" xmlns=\"http:\/\/www.w3.org\/2000\/svg\" class=\"list-377408\" width=\"20px\" height=\"20px\" viewBox=\"0 0 24 24\" fill=\"none\"><path d=\"M6 6H4v2h2V6zm14 0H8v2h12V6zM4 11h2v2H4v-2zm16 0H8v2h12v-2zM4 16h2v2H4v-2zm16 0H8v2h12v-2z\" fill=\"currentColor\"><\/path><\/svg><svg style=\"fill: #999;color:#999\" class=\"arrow-unsorted-368013\" xmlns=\"http:\/\/www.w3.org\/2000\/svg\" width=\"10px\" height=\"10px\" viewBox=\"0 0 24 24\" version=\"1.2\" baseProfile=\"tiny\"><path d=\"M18.2 9.3l-6.2-6.3-6.2 6.3c-.2.2-.3.4-.3.7s.1.5.3.7c.2.2.4.3.7.3h11c.3 0 .5-.1.7-.3.2-.2.3-.5.3-.7s-.1-.5-.3-.7zM5.8 14.7l6.2 6.3 6.2-6.3c.2-.2.3-.5.3-.7s-.1-.5-.3-.7c-.2-.2-.4-.3-.7-.3h-11c-.3 0-.5.1-.7.3-.2.2-.3.5-.3.7s.1.5.3.7z\"\/><\/svg><\/span><\/span><\/span><\/a><\/span><\/div>\n<nav><ul class='ez-toc-list ez-toc-list-level-1 ' ><li class='ez-toc-page-1 ez-toc-heading-level-2'><a class=\"ez-toc-link ez-toc-heading-1\" href=\"https:\/\/enfoquenoticioso.com\/?p=48417\/#Buscando_el_realismo_desesperadamente\" >Buscando el realismo desesperadamente<\/a><\/li><\/ul><\/nav><\/div>\n<h2><span class=\"ez-toc-section\" id=\"Buscando_el_realismo_desesperadamente\"><\/span>Buscando el realismo desesperadamente<span class=\"ez-toc-section-end\"><\/span><\/h2>\n<div class=\"article-asset-image article-asset-normal article-asset-center\">\n<div class=\"asset-content\">\n                   <img class=\"centro_sinmarco\" height=\"1772\" width=\"2560\" loading=\"lazy\" decoding=\"async\" sizes=\"auto, 100vw\" fetchpriority=\"high\" srcset=\"https:\/\/i.blogs.es\/553120\/diego-calva-celda-211\/450_1000.jpeg 450w, https:\/\/i.blogs.es\/553120\/diego-calva-celda-211\/650_1200.jpeg 681w,https:\/\/i.blogs.es\/553120\/diego-calva-celda-211\/1024_2000.jpeg 1024w, https:\/\/i.blogs.es\/553120\/diego-calva-celda-211\/1366_2000.jpeg 1366w\" src=\"https:\/\/i.blogs.es\/553120\/diego-calva-celda-211\/450_1000.jpeg\" alt=\"Diego Calva Celda 211\"\/><br \/>\n   <img decoding=\"async\" alt=\"Diego Calva Celda 211\" class=\"centro_sinmarco\" src=\"https:\/\/i.blogs.es\/553120\/diego-calva-celda-211\/450_1000.jpeg\"\/><\/p><\/div>\n<\/div>\n<p>Es evidente que el cambio de pa\u00eds supone una diferencia palpable desde el propio arranque de la serie, pero donde encontramos los principales cambios es <strong>en el tono y el ritmo<\/strong>. Esta nueva &#8216;Celda 211&#8217; avanza de forma m\u00e1s pausada, seguramente por una mera cuesti\u00f3n de que tiene m\u00e1s tiempo para contar la historia del mot\u00edn en la prisi\u00f3n, y quiz\u00e1 para compensarlo opto por un tono m\u00e1s violento y brutal. No es que faltara de eso en la pel\u00edcula de Monz\u00f3n, pero aqu\u00ed se nota que sus responsables han querido ir un paso m\u00e1s all\u00e1.<\/p>\n<p><!-- BREAK 3 --> <\/p>\n<p>De hecho, esta miniserie tambi\u00e9n <strong>se inspira en un mot\u00edn real<\/strong> que tuvo lugar el 1 de enero de 2023 en el Centro de Reinserci\u00f3n Social para Adultos 3 de Ciudad Ju\u00e1rez, y lo hace con la idea de ofrecer una visi\u00f3n nada suavizada de la realidad en las prisiones de M\u00e9xico. El propio Calva <a rel=\"noopener, noreferrer\" href=\"https:\/\/www.swissinfo.ch\/spa\/celda-211%2C-la-serie-que-evidencia-las-condiciones-inhumanas-de-la-prisi%C3%B3n-mexicana\/88831373\" target=\"_blank\">ha incidido<\/a> en que se muestra \u00ab<em>la falta de justicia que hay en el pa\u00eds y tambi\u00e9n las condiciones inhumanas que se viven dentro de las c\u00e1rceles<\/em>\u00ab.<\/p>\n<p><!-- BREAK 4 --><\/p>\n<div class=\"article-asset article-asset-normal article-asset-center\">\n<div class=\"desvio-container\">\n<div class=\"desvio\">\n<div class=\"desvio-figure js-desvio-figure\">\n    <a href=\"https:\/\/www.espinof.com\/listas\/series-netflix-vistas-toda-su-historia\" class=\"pivot-outboundlink\" data-vars-post-title=\"Las 20 series de Netflix m\u00e1s vistas de toda la historia\" target=\"_blank\" rel=\"noopener\"><br \/>\n     <img loading=\"lazy\" decoding=\"async\" alt=\"Las 20 series de Netflix m\u00e1s vistas de toda la historia\" width=\"375\" height=\"142\" src=\"https:\/\/i.blogs.es\/0d7733\/series-mas-vistas-de-netflix\/375_142.jpeg\"\/><br \/>\n    <\/a>\n   <\/div>\n<\/p><\/div>\n<\/p><\/div>\n<\/div>\n<p>Con todo, eso no quiere decir necesariamente que estemos ante una serie que potencie el realismo por encima de recrearse hasta cierto punto en el morbo de una situaci\u00f3n l\u00edmite. Por ah\u00ed tenemos uno de sus puntos d\u00e9biles con respecto a la serie espa\u00f1ola, pues hay situaciones en las que los directores<strong> Jaime Reynoso y Gerardo Naranjo<\/strong> buscan potenciar el dramatismo a trav\u00e9s del uso de la c\u00e1mara lenta con un resultado como m\u00ednimo cuestionable.<\/p>\n<p><!-- BREAK 5 --><\/p>\n<div class=\"article-asset-image article-asset-normal article-asset-center\">\n<div class=\"asset-content\">\n                   <img class=\"centro_sinmarco\" height=\"720\" width=\"1280\" loading=\"lazy\" decoding=\"async\" sizes=\"auto, 100vw\" fetchpriority=\"high\" srcset=\"https:\/\/i.blogs.es\/fad5f6\/celda-211-netflix\/450_1000.jpeg 450w, https:\/\/i.blogs.es\/fad5f6\/celda-211-netflix\/650_1200.jpeg 681w,https:\/\/i.blogs.es\/fad5f6\/celda-211-netflix\/1024_2000.jpeg 1024w, https:\/\/i.blogs.es\/fad5f6\/celda-211-netflix\/1366_2000.jpeg 1366w\" src=\"https:\/\/i.blogs.es\/fad5f6\/celda-211-netflix\/450_1000.jpeg\" alt=\"Celda 211 Netflix\"\/><br \/>\n   <img decoding=\"async\" alt=\"Celda 211 Netflix\" class=\"centro_sinmarco\" src=\"https:\/\/i.blogs.es\/fad5f6\/celda-211-netflix\/450_1000.jpeg\"\/><\/p><\/div>\n<\/div>\n<p>Y es que esas situaciones ya ten\u00edan la suficiente fuerza -ah\u00ed puedo aseguraros que el sufrimiento que ha de padecer el protagonista supera con mucho al de la pel\u00edcula estrenada hace ya 16 a\u00f1os- para no recurrir a un subrayado tan obvio. <strong>De hecho, resta a ese realismo que sus responsables parecen querer buscar en todo momento<\/strong>.<\/p>\n<p><!-- BREAK 6 --> <\/p>\n<p>Eso s\u00ed, tambi\u00e9n hay cambios que funcionan bien, como el hecho de que <strong>el protagonista sea aqu\u00ed un abogado defensor de los derechos humanos en lugar de un funcionario de prisiones<\/strong>, lo cual le sit\u00faa en una posici\u00f3n diferente ante el mot\u00edn. Otros detalles sobre el personaje, como el hecho de que su mujer est\u00e9 embarazada, s\u00ed se mantienen, pero si en algo puedo decir que esta miniserie est\u00e1 a la altura o que incluso puede superar a la cinta de Monz\u00f3n es aqu\u00ed.<\/p>\n<p><!-- BREAK 7 --><\/p>\n<div class=\"article-asset article-asset-normal article-asset-center\">\n<div class=\"desvio-container\">\n<div class=\"desvio\">\n<div class=\"desvio-figure js-desvio-figure\">\n    <a href=\"https:\/\/www.espinof.com\/listas\/mejores-remakes-historia-cine\" class=\"pivot-outboundlink\" data-vars-post-title=\"Los 21 mejores remakes de la historia del cine\" target=\"_blank\" rel=\"noopener\"><br \/>\n     <img loading=\"lazy\" decoding=\"async\" alt=\"Los 21 mejores remakes de la historia del cine\" width=\"375\" height=\"142\" src=\"https:\/\/i.blogs.es\/6d6faa\/los-mejores-remakes-de-la-historia-del-cine\/375_142.jpeg\"\/><br \/>\n    <\/a>\n   <\/div>\n<\/p><\/div>\n<\/p><\/div>\n<\/div>\n<p>Y es que adem\u00e1s Calva es un actor con m\u00e1s talento que <strong>Alberto Ammann<\/strong>, por mucho que este \u00faltimo justo se llevase el Goya al mejor actor revelaci\u00f3n por &#8216;Celda 211&#8217;. \u00a0La propia serie parece consciente de ello y se apoya de forma a\u00fan m\u00e1s descarada en su personaje para ejercer como punto de apoyo para el espectador, buscando de forma clara que los horrores a los que asiste o sufre taladren las emociones del p\u00fablico.<\/p>\n<p><!-- BREAK 8 --><\/p>\n<div class=\"article-asset-image article-asset-normal article-asset-center\">\n<div class=\"asset-content\">\n                   <img class=\"centro_sinmarco\" height=\"739\" width=\"1201\" loading=\"lazy\" decoding=\"async\" sizes=\"auto, 100vw\" fetchpriority=\"high\" srcset=\"https:\/\/i.blogs.es\/4cbaf5\/celda-211-escena-netflix\/450_1000.jpeg 450w, https:\/\/i.blogs.es\/4cbaf5\/celda-211-escena-netflix\/650_1200.jpeg 681w,https:\/\/i.blogs.es\/4cbaf5\/celda-211-escena-netflix\/1024_2000.jpeg 1024w, https:\/\/i.blogs.es\/4cbaf5\/celda-211-escena-netflix\/1366_2000.jpeg 1366w\" src=\"https:\/\/i.blogs.es\/4cbaf5\/celda-211-escena-netflix\/450_1000.jpeg\" alt=\"Celda 211 Escena Netflix\"\/><br \/>\n   <img decoding=\"async\" alt=\"Celda 211 Escena Netflix\" class=\"centro_sinmarco\" src=\"https:\/\/i.blogs.es\/4cbaf5\/celda-211-escena-netflix\/450_1000.jpeg\"\/><\/p><\/div>\n<\/div>\n<p>Sin embargo, ah\u00ed tambi\u00e9n entra en escena que su forma de relatar las malas condiciones de los presos y la brutalidad de sus acciones acaba teniendo un componente familiar, como si fuera algo que ya hab\u00edamos visto en mayor o menor medida en otros t\u00edtulos. <strong>Ah\u00ed se juega la carta de la acumulaci\u00f3n de salvajadas<\/strong>, pero lleva un punto en el que eso hacen que pierdan el efecto buscado y acaben coqueteando con la b\u00fasqueda del impacto gratuito.<\/p>\n<p><!-- BREAK 9 --><\/p>\n<p>Al menos queda el consuelo de que no estamos ante una adaptaci\u00f3n con poco que aportar respecto a la que ya ten\u00edamos y que adem\u00e1s muestra cierta osad\u00eda al inspirarse en hechos reales. Sin embargo, esta nueva &#8216;Celda 211&#8217; puede ser todo lo brutal que quiera, pero a la hora de la verdad <strong>deja una huella mucho menor que el largometraje de Monz\u00f3n<\/strong>.<\/p>\n<p><!-- BREAK 10 --> <\/p>\n<p>En Espinof | <a class=\"text-outboundlink\" href=\"https:\/\/www.espinof.com\/listas\/mejores-miniseries-netflix\" data-vars-post-title=\"Las 16 mejores miniseries de Netflix\" data-vars-post-url=\"https:\/\/www.espinof.com\/listas\/mejores-miniseries-netflix\" target=\"_blank\" rel=\"noopener\">Las 16 mejores miniseries de Netflix<\/a><\/p>\n<p>En Espinof | <a class=\"text-outboundlink\" href=\"https:\/\/www.espinof.com\/listas\/mejores-series-historia-netflix\" data-vars-post-title=\"Las 27 mejores series de la historia de Netflix\" data-vars-post-url=\"https:\/\/www.espinof.com\/listas\/mejores-series-historia-netflix\" target=\"_blank\" rel=\"noopener\">Las 27 mejores series de la historia de Netflix<\/a><\/p>\n<\/p><\/div>\n<p><a href=\"https:\/\/www.espinof.com\/criticas\/nueva-celda-211-netflix-brutal-arriesga-mezclando-realidad-ficcion-pelicula-luis-tosar-mucho-mejor\" class=\" target=\" title=\"Cr\u00edtica de &#039;Celda 211&#039; (2025), la miniserie de Netflix es brutal y arriesga mezclando realidad y ficci\u00f3n, pero la pel\u00edcula con Luis Tosar es mucho mejor\" target=\"_blank\" rel=\"noopener\">Ver fuente<\/a><\/p>\n","protected":false},"excerpt":{"rendered":"<p>No es la primera vez que muchos nos preguntamos qu\u00e9 necesidad hay de una nueva versi\u00f3n de una historia que ya tuvo una adaptaci\u00f3n dif\u00edcilmente mejorable. Ahora tenemos un nuevo ejemplo de ella con &#8216;Celda 211&#8217;, una miniserie de Netflix que parte de la misma novela de Francisco P\u00e9rez Gandul que sirvi\u00f3 como base para [&hellip;]<\/p>\n","protected":false},"author":2,"featured_media":48418,"comment_status":"open","ping_status":"closed","sticky":false,"template":"","format":"standard","meta":{"footnotes":""},"categories":[8],"tags":[],"class_list":["post-48417","post","type-post","status-publish","format-standard","has-post-thumbnail","hentry","category-entretenimiento"],"_links":{"self":[{"href":"https:\/\/enfoquenoticioso.com\/index.php?rest_route=\/wp\/v2\/posts\/48417","targetHints":{"allow":["GET"]}}],"collection":[{"href":"https:\/\/enfoquenoticioso.com\/index.php?rest_route=\/wp\/v2\/posts"}],"about":[{"href":"https:\/\/enfoquenoticioso.com\/index.php?rest_route=\/wp\/v2\/types\/post"}],"author":[{"embeddable":true,"href":"https:\/\/enfoquenoticioso.com\/index.php?rest_route=\/wp\/v2\/users\/2"}],"replies":[{"embeddable":true,"href":"https:\/\/enfoquenoticioso.com\/index.php?rest_route=%2Fwp%2Fv2%2Fcomments&post=48417"}],"version-history":[{"count":0,"href":"https:\/\/enfoquenoticioso.com\/index.php?rest_route=\/wp\/v2\/posts\/48417\/revisions"}],"wp:featuredmedia":[{"embeddable":true,"href":"https:\/\/enfoquenoticioso.com\/index.php?rest_route=\/wp\/v2\/media\/48418"}],"wp:attachment":[{"href":"https:\/\/enfoquenoticioso.com\/index.php?rest_route=%2Fwp%2Fv2%2Fmedia&parent=48417"}],"wp:term":[{"taxonomy":"category","embeddable":true,"href":"https:\/\/enfoquenoticioso.com\/index.php?rest_route=%2Fwp%2Fv2%2Fcategories&post=48417"},{"taxonomy":"post_tag","embeddable":true,"href":"https:\/\/enfoquenoticioso.com\/index.php?rest_route=%2Fwp%2Fv2%2Ftags&post=48417"}],"curies":[{"name":"wp","href":"https:\/\/api.w.org\/{rel}","templated":true}]}}