{"id":4846,"date":"2024-06-04T21:01:34","date_gmt":"2024-06-04T21:01:34","guid":{"rendered":"https:\/\/enfoquenoticioso.com\/deporte\/caciques-suma-otro-dominicano-a-sus-filas\/"},"modified":"2024-06-04T21:01:34","modified_gmt":"2024-06-04T21:01:34","slug":"caciques-suma-otro-dominicano-a-sus-filas","status":"publish","type":"post","link":"https:\/\/enfoquenoticioso.com\/?p=4846","title":{"rendered":"Caciques suma otro dominicano a sus filas"},"content":{"rendered":"<div data-td-block-uid=\"tdi_91\">\n<div class=\"tdb-block-inner td-fix-index\">\n<p>Caciques de Distrito anunci\u00f3 la contrataci\u00f3n del beisbolista dominicano Jordany Valdesp\u00edn para la presente temporada de la Liga Mayor de Beisbol Profesional (LMBP).<\/p>\n<p>La informaci\u00f3n la dio a conocer el equipo a trav\u00e9s de su cuenta en la red social Instagram, donde mostraron su emoci\u00f3n por contar con esta figura que disputar\u00e1 su segunda zafra en la LMBP<a href=\"https:\/\/x.com\/search?q=serie+del+caribe&amp;src=typed_query\">.<\/a><\/p>\n<figure class=\"wp-block-embed is-type-rich is-provider-instagram wp-block-embed-instagram\"\/>\n<p>El oriundo de San Pedro de Macor\u00eds cosecha un promedio vitalicio de .301 en la pelota de verano venezolana producto de 55 imparables, 8 dobles, 7 cuadrangulares, 22 carreras impulsadas y 10 bases robadas.<\/p>\n<p>\u201cValdesp\u00edn tiene experiencia en las ligas menores y tambi\u00e9n en Grandes Ligas con los uniformes de los Mets de Nueva York y Marlins de Miami\u201d, detall\u00f3 el cuadro capitalino en su comunicado.\u00a0<\/p>\n<p><strong>Lee tambi\u00e9n:\u00a0<a href=\"https:\/\/www.liderendeportes.com\/noticias\/venezolanos-mlb\/tucupita-marcano-es-suspendido-de-la-mlb\/\" target=\"_blank\" rel=\"noopener\">Tucupita Marcano es suspendido de la MLB<\/a><\/strong><\/p>\n<p>Actualmente Caciques se encuentra igualado en la primera posici\u00f3n de la tabla de clasificaci\u00f3n con Samanes de Aragua al cosechar una marca de ocho victorias y seis derrotas en la campa\u00f1a.\u00a0<\/p>\n<p>El infielder llega con el objetivo de aportar en la ofensiva de Caciques para poder mejorar el line up y as\u00ed impulsar el n\u00famero de victorias.\u00a0<\/p>\n<\/div>\n<\/div>\n<p><a href=\"https:\/\/www.liderendeportes.com\/noticias\/baseball\/lmbp\/caciques-suma-otro-dominicano-a-sus-filas\/\" class=\" target=\" title=\"Caciques suma otro dominicano a sus filas\" target=\"_blank\" rel=\"noopener\">Ver fuente<\/a><\/p>\n","protected":false},"excerpt":{"rendered":"<p>Caciques de Distrito anunci\u00f3 la contrataci\u00f3n del beisbolista dominicano Jordany Valdesp\u00edn para la presente temporada de la Liga Mayor de Beisbol Profesional (LMBP). La informaci\u00f3n la dio a conocer el equipo a trav\u00e9s de su cuenta en la red social Instagram, donde mostraron su emoci\u00f3n por contar con esta figura que disputar\u00e1 su segunda zafra [&hellip;]<\/p>\n","protected":false},"author":2,"featured_media":4847,"comment_status":"open","ping_status":"closed","sticky":false,"template":"","format":"standard","meta":{"footnotes":""},"categories":[7],"tags":[],"class_list":["post-4846","post","type-post","status-publish","format-standard","has-post-thumbnail","hentry","category-deporte"],"_links":{"self":[{"href":"https:\/\/enfoquenoticioso.com\/index.php?rest_route=\/wp\/v2\/posts\/4846","targetHints":{"allow":["GET"]}}],"collection":[{"href":"https:\/\/enfoquenoticioso.com\/index.php?rest_route=\/wp\/v2\/posts"}],"about":[{"href":"https:\/\/enfoquenoticioso.com\/index.php?rest_route=\/wp\/v2\/types\/post"}],"author":[{"embeddable":true,"href":"https:\/\/enfoquenoticioso.com\/index.php?rest_route=\/wp\/v2\/users\/2"}],"replies":[{"embeddable":true,"href":"https:\/\/enfoquenoticioso.com\/index.php?rest_route=%2Fwp%2Fv2%2Fcomments&post=4846"}],"version-history":[{"count":0,"href":"https:\/\/enfoquenoticioso.com\/index.php?rest_route=\/wp\/v2\/posts\/4846\/revisions"}],"wp:featuredmedia":[{"embeddable":true,"href":"https:\/\/enfoquenoticioso.com\/index.php?rest_route=\/wp\/v2\/media\/4847"}],"wp:attachment":[{"href":"https:\/\/enfoquenoticioso.com\/index.php?rest_route=%2Fwp%2Fv2%2Fmedia&parent=4846"}],"wp:term":[{"taxonomy":"category","embeddable":true,"href":"https:\/\/enfoquenoticioso.com\/index.php?rest_route=%2Fwp%2Fv2%2Fcategories&post=4846"},{"taxonomy":"post_tag","embeddable":true,"href":"https:\/\/enfoquenoticioso.com\/index.php?rest_route=%2Fwp%2Fv2%2Ftags&post=4846"}],"curies":[{"name":"wp","href":"https:\/\/api.w.org\/{rel}","templated":true}]}}