{"id":48502,"date":"2025-02-06T06:43:17","date_gmt":"2025-02-06T06:43:17","guid":{"rendered":"https:\/\/enfoquenoticioso.com\/entretenimiento\/estrenos-infantiles-de-febrero-de-2025-peliculas-y-series\/"},"modified":"2025-02-06T06:43:17","modified_gmt":"2025-02-06T06:43:17","slug":"estrenos-infantiles-de-febrero-de-2025-peliculas-y-series","status":"publish","type":"post","link":"https:\/\/enfoquenoticioso.com\/?p=48502","title":{"rendered":"Estrenos infantiles de febrero de 2025: Pel\u00edculas y series"},"content":{"rendered":"<div id=\"mvp-content-main\">\n<p>Conoce los estrenos infantiles de febrero de 2025 a trav\u00e9s de las pel\u00edculas y series que llegar\u00e1n tanto a cines como a plataformas de streaming. Y es que este mes disfrutaremos de un mont\u00f3n de producciones familiares que gustar\u00e1n a ni\u00f1os y adultos casi por igual \u00a1Vamos all\u00e1!<\/p>\n<p><span id=\"more-46304\"\/><\/p>\n<figure class=\"wp-block-embed is-type-video is-provider-youtube wp-block-embed-youtube wp-embed-aspect-16-9 wp-has-aspect-ratio\">\n<p>\n<iframe loading=\"lazy\" title=\"Los ESTRENOS M\u00c1S ESPERADOS de FEBRERO 2025  \ud83d\udd25\" width=\"640\" height=\"360\" src=\"https:\/\/www.youtube.com\/embed\/plcsusowwd8?feature=oembed\" frameborder=\"0\" allow=\"accelerometer; autoplay; clipboard-write; encrypted-media; gyroscope; picture-in-picture; web-share\" referrerpolicy=\"strict-origin-when-cross-origin\" allowfullscreen><\/iframe>\n<\/p>\n<\/figure>\n<div id=\"ez-toc-container\" class=\"ez-toc-v2_0_81 counter-hierarchy ez-toc-counter ez-toc-grey ez-toc-container-direction\">\n<div class=\"ez-toc-title-container\">\n<p class=\"ez-toc-title\" style=\"cursor:inherit\">Tabla de Contenido<\/p>\n<span class=\"ez-toc-title-toggle\"><a href=\"#\" class=\"ez-toc-pull-right ez-toc-btn ez-toc-btn-xs ez-toc-btn-default ez-toc-toggle\" aria-label=\"Alternar tabla de contenidos\"><span class=\"ez-toc-js-icon-con\"><span class=\"\"><span class=\"eztoc-hide\" style=\"display:none;\">Toggle<\/span><span class=\"ez-toc-icon-toggle-span\"><svg style=\"fill: #999;color:#999\" xmlns=\"http:\/\/www.w3.org\/2000\/svg\" class=\"list-377408\" width=\"20px\" height=\"20px\" viewBox=\"0 0 24 24\" fill=\"none\"><path d=\"M6 6H4v2h2V6zm14 0H8v2h12V6zM4 11h2v2H4v-2zm16 0H8v2h12v-2zM4 16h2v2H4v-2zm16 0H8v2h12v-2z\" fill=\"currentColor\"><\/path><\/svg><svg style=\"fill: #999;color:#999\" class=\"arrow-unsorted-368013\" xmlns=\"http:\/\/www.w3.org\/2000\/svg\" width=\"10px\" height=\"10px\" viewBox=\"0 0 24 24\" version=\"1.2\" baseProfile=\"tiny\"><path d=\"M18.2 9.3l-6.2-6.3-6.2 6.3c-.2.2-.3.4-.3.7s.1.5.3.7c.2.2.4.3.7.3h11c.3 0 .5-.1.7-.3.2-.2.3-.5.3-.7s-.1-.5-.3-.7zM5.8 14.7l6.2 6.3 6.2-6.3c.2-.2.3-.5.3-.7s-.1-.5-.3-.7c-.2-.2-.4-.3-.7-.3h-11c-.3 0-.5.1-.7.3-.2.2-.3.5-.3.7s.1.5.3.7z\"\/><\/svg><\/span><\/span><\/span><\/a><\/span><\/div>\n<nav><ul class='ez-toc-list ez-toc-list-level-1 ' ><li class='ez-toc-page-1 ez-toc-heading-level-2'><a class=\"ez-toc-link ez-toc-heading-1\" href=\"https:\/\/enfoquenoticioso.com\/?p=48502\/#Estrenos_infantiles_de_febrero_de_2025_en_cines\" >Estrenos infantiles de febrero de 2025 en cines<\/a><ul class='ez-toc-list-level-3' ><li class='ez-toc-heading-level-3'><a class=\"ez-toc-link ez-toc-heading-2\" href=\"https:\/\/enfoquenoticioso.com\/?p=48502\/#Capitan_America_Brave_New_World\" >Capit\u00e1n Am\u00e9rica: Brave New World<\/a><\/li><li class='ez-toc-page-1 ez-toc-heading-level-3'><a class=\"ez-toc-link ez-toc-heading-3\" href=\"https:\/\/enfoquenoticioso.com\/?p=48502\/#Mary_Superchef\" >Mary Superchef<\/a><\/li><li class='ez-toc-page-1 ez-toc-heading-level-3'><a class=\"ez-toc-link ez-toc-heading-4\" href=\"https:\/\/enfoquenoticioso.com\/?p=48502\/#Paddington_Aventura_en_la_selva\" >Paddington: Aventura en la selva<\/a><\/li><\/ul><\/li><li class='ez-toc-page-1 ez-toc-heading-level-2'><a class=\"ez-toc-link ez-toc-heading-5\" href=\"https:\/\/enfoquenoticioso.com\/?p=48502\/#Estrenos_infantiles_de_febrero_de_2025_en_plataformas_de_streaming\" >Estrenos infantiles de febrero de 2025 en plataformas de streaming<\/a><ul class='ez-toc-list-level-3' ><li class='ez-toc-heading-level-3'><a class=\"ez-toc-link ez-toc-heading-6\" href=\"https:\/\/enfoquenoticioso.com\/?p=48502\/#Space_Jam_1_de_febrero_en_MAX\" >Space Jam: 1 de febrero en MAX<\/a><\/li><li class='ez-toc-page-1 ez-toc-heading-level-3'><a class=\"ez-toc-link ez-toc-heading-7\" href=\"https:\/\/enfoquenoticioso.com\/?p=48502\/#Gru_4_Mi_villano_favorito\" >Gru 4: Mi villano favorito<\/a><\/li><li class='ez-toc-page-1 ez-toc-heading-level-3'><a class=\"ez-toc-link ez-toc-heading-8\" href=\"https:\/\/enfoquenoticioso.com\/?p=48502\/#Tom_y_Jerry_10_de_febrero_en_MAX\" >Tom y Jerry: 10 de febrero en MAX<\/a><\/li><li class='ez-toc-page-1 ez-toc-heading-level-3'><a class=\"ez-toc-link ez-toc-heading-9\" href=\"https:\/\/enfoquenoticioso.com\/?p=48502\/#The_Witcher_Sirenas_de_las_profundidades\" >The Witcher: Sirenas de las profundidades<\/a><\/li><li class='ez-toc-page-1 ez-toc-heading-level-3'><a class=\"ez-toc-link ez-toc-heading-10\" href=\"https:\/\/enfoquenoticioso.com\/?p=48502\/#En_la_victoria_o_en_la_derrota\" >En la victoria o en la derrota<\/a><\/li><li class='ez-toc-page-1 ez-toc-heading-level-3'><a class=\"ez-toc-link ez-toc-heading-11\" href=\"https:\/\/enfoquenoticioso.com\/?p=48502\/#Star_Trek_Seccion_31\" >Star Trek: Secci\u00f3n 31<\/a><\/li><li class='ez-toc-page-1 ez-toc-heading-level-3'><a class=\"ez-toc-link ez-toc-heading-12\" href=\"https:\/\/enfoquenoticioso.com\/?p=48502\/#Sonic_3_la_pelicula\" >Sonic 3: la pel\u00edcula<\/a><\/li><li class='ez-toc-page-1 ez-toc-heading-level-3'><a class=\"ez-toc-link ez-toc-heading-13\" href=\"https:\/\/enfoquenoticioso.com\/?p=48502\/#Colegio_Abbott_temporada_4_parte_1\" >Colegio Abbott, temporada 4 (parte 1)<\/a><\/li><li class='ez-toc-page-1 ez-toc-heading-level-3'><a class=\"ez-toc-link ez-toc-heading-14\" href=\"https:\/\/enfoquenoticioso.com\/?p=48502\/#Ninja_Turtles_Caos_mutante_26_de_febrero_en_Movistar_plus\" >Ninja Turtles: Caos mutante: 26 de febrero en Movistar plus+<\/a><\/li><li class='ez-toc-page-1 ez-toc-heading-level-3'><a class=\"ez-toc-link ez-toc-heading-15\" href=\"https:\/\/enfoquenoticioso.com\/?p=48502\/#Me_contro_te_%E2%80%93_operacion_espia_28_de_febrero_en_MAX\" >Me contro te \u2013 operaci\u00f3n esp\u00eda: 28 de febrero en MAX<\/a><\/li><\/ul><\/li><\/ul><\/nav><\/div>\n<h2 class=\"wp-block-heading\"><span class=\"ez-toc-section\" id=\"Estrenos_infantiles_de_febrero_de_2025_en_cines\"><\/span><span class=\"ez-toc-section\" id=\"Estrenos_infantiles_de_febrero_de_2025_en_cines\"\/>Estrenos infantiles de febrero de 2025 en cines<span class=\"ez-toc-section-end\"\/><span class=\"ez-toc-section-end\"><\/span><\/h2>\n<p>Comenzamos nuestro repaso con los estrenos infantiles de febrero de 2025 en cines. Hablamos de pel\u00edculas familiares y aptas para todos los p\u00fablicos que aterrizar\u00e1n en la cartelera de las grandes salas de nuestro pa\u00eds. Hablemos de algunas de ellas.<\/p>\n<div class=\"ficha-pelicula-completa\" style=\"margin-bottom: 40px;\">\n        <!-- T&iacute;tulo --><\/p>\n<h3 style=\"font-size: 1.2em; margin-bottom: 15px; color: #333;\"><span class=\"ez-toc-section\" id=\"Capitan_America_Brave_New_World\"><\/span><span class=\"ez-toc-section\" id=\"Capitan_America_Brave_New_World\"\/><br \/>\n            <a href=\"https:\/\/somosdecine.com\/peliculas\/capitan-america-brave-new-world-2025\/\" style=\"text-decoration: none; color: #0073aa;\" target=\"_blank\" rel=\"noopener\"><br \/>\n                Capit\u00e1n Am\u00e9rica: Brave New World            <\/a><br \/>\n        <span class=\"ez-toc-section-end\"\/><span class=\"ez-toc-section-end\"><\/span><\/h3>\n<p>        <!-- Imagen y detalles (Dise&ntilde;o flexible) --><\/p>\n<div class=\"ficha-contenedor\" style=\"display: flex; gap: 20px; align-items: flex-start; flex-wrap: wrap;\">\n<div class=\"ficha-imagen\" style=\"flex: 0 0 250px; max-width: 250px;\">\n                    <a href=\"https:\/\/somosdecine.com\/peliculas\/capitan-america-brave-new-world-2025\/\" target=\"_blank\" rel=\"noopener\"><br \/>\n                        <img decoding=\"async\" alt=\"Capit\u00e1n Am\u00e9rica: Brave New World\" style=\"width: 100%; height: auto; border-radius: 5px;\" src=\"https:\/\/somosdecine.com\/wp-content\/uploads\/capitan-america-brave-new-world-2025-.webp\"\/><img decoding=\"async\" src=\"https:\/\/somosdecine.com\/wp-content\/uploads\/capitan-america-brave-new-world-2025-.webp\" alt=\"Capit\u00e1n Am\u00e9rica: Brave New World\" style=\"width: 100%; height: auto; border-radius: 5px;\"\/><br \/>\n                    <\/a>\n                <\/div>\n<div class=\"ficha-detalles\" style=\"flex: 1; min-width: 300px; text-align: left;\">\n<ul style=\"list-style: none; padding: 0; margin: 0;\">\n<li><strong>Fecha de estreno:<\/strong> 14 de febrero de 2025<\/li>\n<li><strong>G\u00e9nero:<\/strong> Acci\u00f3n, Aventuras, Superh\u00e9roes, Marvel<\/li>\n<li><strong>Pa\u00eds:<\/strong> Estados Unidos<\/li>\n<li><strong>A\u00f1o:<\/strong> 2025<\/li>\n<li><strong>Direcci\u00f3n:<\/strong> Julius Onah<\/li>\n<li><strong>Reparto:<\/strong> Anthony Mackie, Danny Ramirez, Shira Haas, Xosha Roquemore, Carl Lumbly, Giancarlo Esposito, Liv Tyler, Tim Blake Nelson, Harrison Ford<\/li>\n<\/ul><\/div>\n<\/p><\/div>\n<p>        <!-- Descripci&oacute;n --><\/p>\n<div class=\"descripcion-pelicula\" style=\"margin-top: 20px; text-align: justify; font-size: 1em; line-height: 1.6;\">\n<p><em><span class=\"il\">En Capit\u00e1n<\/span> <span class=\"il\">Am\u00e9rica<\/span>: Brave New World<\/em> Anthony Mackie es <span class=\"il\">Capit\u00e1n <\/span><span class=\"il\">Am\u00e9rica<\/span>. Falcon, interpretado por Mackie en anteriores pel\u00edculas del UCM, asumi\u00f3 oficialmente el manto del <strong><a href=\"https:\/\/somosdecine.com\/capitan-america-personaje\/\" target=\"_blank\" rel=\"noopener\"><span class=\"il\">Capit\u00e1n<\/span> <span class=\"il\">Am\u00e9rica<\/span><\/a><\/strong> en el final de <em>Falcon\u00a0y el Soldado de Invierno<\/em>, en Disney+ en 2021.<\/p>\n<p>Tras reunirse con el reci\u00e9n elegido presidente de Estados Unidos Thaddeus Ross, interpretado por Harrison Ford en su debut en el Universo Cinematogr\u00e1fico Marvel, Sam se encuentra en medio de un incidente internacional. Debe descubrir la raz\u00f3n detr\u00e1s de un nefasto complot global antes de que la verdadera mente maestra tenga al mundo entero viendo rojo.<\/p>\n<p><em><span class=\"il\">Capit\u00e1n<\/span> <span class=\"il\">Am\u00e9rica<\/span>: Brave New World<\/em> es una nueva <a href=\"https:\/\/somosdecine.com\/capitan-america-peliculas\/\" target=\"_blank\" rel=\"noopener\"><strong>pel\u00edcula de <em>Capit\u00e1n Am\u00e9rica<\/em><\/strong><\/a> est\u00e1 protagonizada por Anthony Mackie, Danny Ramirez, Shira Haas, Xosha Roquemore, Carl Lumbly, con Giancarlo Esposito, Liv Tyler, Tim Blake Nelson y Harrison Ford. La pel\u00edcula est\u00e1 dirigida por Julius Onah y producida por Kevin Feige y Nate Moore. Louis D\u2019Esposito y Charles Newirth son los productores ejecutivos.<\/p>\n<\/p><\/div>\n<p>        <!-- Bot&oacute;n de enlace --><br \/>\n        <a href=\"https:\/\/somosdecine.com\/peliculas\/capitan-america-brave-new-world-2025\/\" style=\"display: inline-block; margin-top: 20px; color: #0073aa; text-decoration: none; font-weight: bold;\" target=\"_blank\" rel=\"noopener\">Ver ficha completa<\/a>\n    <\/div>\n<p>    <!-- Estilos para m&oacute;vil --><\/p>\n<div class=\"ficha-pelicula-completa\" style=\"margin-bottom: 40px;\">\n        <!-- T&iacute;tulo --><\/p>\n<h3 style=\"font-size: 1.2em; margin-bottom: 15px; color: #333;\"><span class=\"ez-toc-section\" id=\"Mary_Superchef\"><\/span><span class=\"ez-toc-section\" id=\"Mary_Superchef\"\/><br \/>\n            <a href=\"https:\/\/somosdecine.com\/peliculas\/mary-superchef-2025\/\" style=\"text-decoration: none; color: #0073aa;\" target=\"_blank\" rel=\"noopener\"><br \/>\n                Mary Superchef            <\/a><br \/>\n        <span class=\"ez-toc-section-end\"\/><span class=\"ez-toc-section-end\"><\/span><\/h3>\n<p>        <!-- Imagen y detalles (Dise&ntilde;o flexible) --><\/p>\n<div class=\"ficha-contenedor\" style=\"display: flex; gap: 20px; align-items: flex-start; flex-wrap: wrap;\">\n<div class=\"ficha-imagen\" style=\"flex: 0 0 250px; max-width: 250px;\">\n                    <a href=\"https:\/\/somosdecine.com\/peliculas\/mary-superchef-2025\/\" target=\"_blank\" rel=\"noopener\"><br \/>\n                        <img decoding=\"async\" alt=\"Mary Superchef\" style=\"width: 100%; height: auto; border-radius: 5px;\" src=\"https:\/\/somosdecine.com\/wp-content\/uploads\/mary-superchef-2025.webp\"\/><img decoding=\"async\" src=\"https:\/\/somosdecine.com\/wp-content\/uploads\/mary-superchef-2025.webp\" alt=\"Mary Superchef\" style=\"width: 100%; height: auto; border-radius: 5px;\"\/><br \/>\n                    <\/a>\n                <\/div>\n<div class=\"ficha-detalles\" style=\"flex: 1; min-width: 300px; text-align: left;\">\n<ul style=\"list-style: none; padding: 0; margin: 0;\">\n<li><strong>Fecha de estreno:<\/strong> 14 de febrero de 2025<\/li>\n<li><strong>G\u00e9nero:<\/strong> Animaci\u00f3n, Infantil<\/li>\n<li><strong>Pa\u00eds:<\/strong> Italia<\/li>\n<li><strong>A\u00f1o:<\/strong> 2025<\/li>\n<li><strong>Direcci\u00f3n:<\/strong> Enzo d&#8217;Al\u00f2<\/li>\n<li><strong>Reparto:<\/strong> Elisa Waves<\/li>\n<\/ul><\/div>\n<\/p><\/div>\n<p>        <!-- Descripci&oacute;n --><\/p>\n<div class=\"descripcion-pelicula\" style=\"margin-top: 20px; text-align: justify; font-size: 1em; line-height: 1.6;\">\n<p>Mary Superchef es una pel\u00edcula del director de cine Enzo d\u2019Al\u00f2, considerado el padre del nuevo cine de animaci\u00f3n italiano y uno de los directores de animaci\u00f3n m\u00e1s importantes de Europa. La pel\u00edcula, basada en el libro \u00abComo un galgo\u00bb de Roddy Doyle, cuenta la historia de Mary a trav\u00e9s de cuatro generaciones de mujeres en la m\u00e1gica Irlanda. Elisa Waves, la artista multidisciplinar y creadora de contenido, pone voz a Mary, el personaje principal.<\/p>\n<p>En ella, Mary tiene 11 a\u00f1os y una pasi\u00f3n irrefrenable por la cocina: sue\u00f1a con convertirse en una gran chef. Su abuela Emer, con la que mantiene una relaci\u00f3n muy especial, la anima a hacer realidad este sue\u00f1o. Pero en todo camino hay escollos y enfrentarse a ellos se convierte a veces en toda una aventura. Por ello, Mary emprende un viaje que le obliga a traspasar las barreras del tiempo y en el que cuatro generaciones de mujeres se re\u00fanen para apoyarse mutuamente.<\/p>\n<\/p><\/div>\n<p>        <!-- Bot&oacute;n de enlace --><br \/>\n        <a href=\"https:\/\/somosdecine.com\/peliculas\/mary-superchef-2025\/\" style=\"display: inline-block; margin-top: 20px; color: #0073aa; text-decoration: none; font-weight: bold;\" target=\"_blank\" rel=\"noopener\">Ver ficha completa<\/a>\n    <\/div>\n<p>    <!-- Estilos para m&oacute;vil --><\/p>\n<div class=\"ficha-pelicula-completa\" style=\"margin-bottom: 40px;\">\n        <!-- T&iacute;tulo --><\/p>\n<h3 style=\"font-size: 1.2em; margin-bottom: 15px; color: #333;\"><span class=\"ez-toc-section\" id=\"Paddington_Aventura_en_la_selva\"><\/span><span class=\"ez-toc-section\" id=\"Paddington_Aventura_en_la_selva\"\/><br \/>\n            <a href=\"https:\/\/somosdecine.com\/peliculas\/paddington-aventura-en-la-selva-2025\/\" style=\"text-decoration: none; color: #0073aa;\" target=\"_blank\" rel=\"noopener\"><br \/>\n                Paddington: Aventura en la selva            <\/a><br \/>\n        <span class=\"ez-toc-section-end\"\/><span class=\"ez-toc-section-end\"><\/span><\/h3>\n<p>        <!-- Imagen y detalles (Dise&ntilde;o flexible) --><\/p>\n<div class=\"ficha-contenedor\" style=\"display: flex; gap: 20px; align-items: flex-start; flex-wrap: wrap;\">\n<div class=\"ficha-imagen\" style=\"flex: 0 0 250px; max-width: 250px;\">\n                    <a href=\"https:\/\/somosdecine.com\/peliculas\/paddington-aventura-en-la-selva-2025\/\" target=\"_blank\" rel=\"noopener\"><br \/>\n                        <img decoding=\"async\" alt=\"Paddington: Aventura en la selva\" style=\"width: 100%; height: auto; border-radius: 5px;\" src=\"https:\/\/somosdecine.com\/wp-content\/uploads\/paddington-aventura-en-la-selva-2025.webp\"\/><img decoding=\"async\" src=\"https:\/\/somosdecine.com\/wp-content\/uploads\/paddington-aventura-en-la-selva-2025.webp\" alt=\"Paddington: Aventura en la selva\" style=\"width: 100%; height: auto; border-radius: 5px;\"\/><br \/>\n                    <\/a>\n                <\/div>\n<div class=\"ficha-detalles\" style=\"flex: 1; min-width: 300px; text-align: left;\">\n<ul style=\"list-style: none; padding: 0; margin: 0;\">\n<li><strong>Fecha de estreno:<\/strong> 21 de febrero de 2025 en cines<\/li>\n<li><strong>G\u00e9nero:<\/strong> Comedia, Aventuras, Infantil<\/li>\n<li><strong>Pa\u00eds:<\/strong> Reino Unido<\/li>\n<li><strong>A\u00f1o:<\/strong> 2025<\/li>\n<li><strong>Direcci\u00f3n:<\/strong> Dougal Wilson<\/li>\n<li><strong>Reparto:<\/strong> Hugh Bonneville, Emily Mortimer, Julie Walters, Jim Broadbent, Imelda Staunton, Carla Tous, Madeleine Harris, Samuel Joslin, Olivia Colman, Antonio Banderas, Ben Whishaw (voz de Paddington)<\/li>\n<\/ul><\/div>\n<\/p><\/div>\n<p>        <!-- Descripci&oacute;n --><\/p>\n<div class=\"descripcion-pelicula\" style=\"margin-top: 20px; text-align: justify; font-size: 1em; line-height: 1.6;\">\n<p>Llena de la caracter\u00edstica mezcla de ingenio, encanto y humor a carcajadas de Paddington, <em>Paddington: aventura en la selva<\/em> encuentra al querido oso amante de la mermelada perdido en la selva en una emocionante aventura de alto riesgo. Cuando Paddington descubre que su querida t\u00eda Lucy ha desaparecido del Hogar para Osos Jubilados, \u00e9l y la familia Brown se dirigen a las selvas de Per\u00fa para buscarla, siendo la \u00fanica pista de su paradero un punto marcado en un enigm\u00e1tico mapa. Decidido a resolver el misterio, Paddington se embarca en una emocionante b\u00fasqueda a trav\u00e9s de las selvas tropicales del Amazonas para encontrar a su t\u00eda\u2026 y puede que tambi\u00e9n descubra uno de los tesoros m\u00e1s legendarios del mundo.<\/p>\n<p>La tercera pel\u00edcula de la saga Paddington, basada en los libros de Michael Bond, est\u00e1 dirigida por Dougal Wilson, escrita por Mark Burton, Jon Foster y James Lamont y producida por Rosie Alison, y cuenta con un reparto espectacular encabezado por Hugh Bonneville, Emily Mortimer, Julie Walters, Jim Broadbent, Imelda Staunton, Carla Tous, Madeleine Harris, Samuel Joslin, Olivia Colman, Antonio Banderas y Ben Whishaw, que regresa como la voz de Paddington.<\/p>\n<\/p><\/div>\n<p>        <!-- Bot&oacute;n de enlace --><br \/>\n        <a href=\"https:\/\/somosdecine.com\/peliculas\/paddington-aventura-en-la-selva-2025\/\" style=\"display: inline-block; margin-top: 20px; color: #0073aa; text-decoration: none; font-weight: bold;\" target=\"_blank\" rel=\"noopener\">Ver ficha completa<\/a>\n    <\/div>\n<p>    <!-- Estilos para m&oacute;vil --><\/p>\n<h2 class=\"wp-block-heading\"><span class=\"ez-toc-section\" id=\"Estrenos_infantiles_de_febrero_de_2025_en_plataformas_de_streaming\"><\/span><span class=\"ez-toc-section\" id=\"Estrenos_infantiles_de_febrero_de_2025_en_plataformas_de_streaming\"\/>Estrenos infantiles de febrero de 2025 en plataformas de streaming<span class=\"ez-toc-section-end\"\/><span class=\"ez-toc-section-end\"><\/span><\/h2>\n<p>Hablemos ahora de <strong>los estrenos infantiles de febrero de 2025<\/strong> en plataformas de streaming como <a href=\"https:\/\/somosdecine.com\/streaming\/disney-plus\/\" target=\"_blank\" rel=\"noopener\">Disney plus<\/a>, tanto series como pel\u00edculas.<\/p>\n<h3 class=\"wp-block-heading\"><span class=\"ez-toc-section\" id=\"Space_Jam_1_de_febrero_en_MAX\"><\/span><span class=\"ez-toc-section\" id=\"Space_Jam_1_de_febrero_en_MAX\"\/>Space Jam: 1 de febrero en MAX<span class=\"ez-toc-section-end\"\/><span class=\"ez-toc-section-end\"><\/span><\/h3>\n<p>En \u00abSpace Jam\u00bb, el legendario jugador de baloncesto Michael Jordan se une a Bugs Bunny y al resto de los Looney Tunes en un partido \u00e9pico contra extraterrestres que buscan esclavizarlos. Esta pel\u00edcula combina acci\u00f3n en vivo con animaci\u00f3n y se ha convertido en un cl\u00e1sico de los a\u00f1os 90.<\/p>\n<div class=\"ficha-pelicula-completa\" style=\"margin-bottom: 40px;\">\n        <!-- T&iacute;tulo --><\/p>\n<h3 style=\"font-size: 1.2em; margin-bottom: 15px; color: #333;\"><span class=\"ez-toc-section\" id=\"Gru_4_Mi_villano_favorito\"><\/span><span class=\"ez-toc-section\" id=\"Gru_4_Mi_villano_favorito\"\/><br \/>\n            <a href=\"https:\/\/somosdecine.com\/peliculas\/gru-4-mi-villano-favorito-2024\/\" style=\"text-decoration: none; color: #0073aa;\" target=\"_blank\" rel=\"noopener\"><br \/>\n                Gru 4: Mi villano favorito            <\/a><br \/>\n        <span class=\"ez-toc-section-end\"\/><span class=\"ez-toc-section-end\"><\/span><\/h3>\n<p>        <!-- Imagen y detalles (Dise&ntilde;o flexible) --><\/p>\n<div class=\"ficha-contenedor\" style=\"display: flex; gap: 20px; align-items: flex-start; flex-wrap: wrap;\">\n<div class=\"ficha-imagen\" style=\"flex: 0 0 250px; max-width: 250px;\">\n                    <a href=\"https:\/\/somosdecine.com\/peliculas\/gru-4-mi-villano-favorito-2024\/\" target=\"_blank\" rel=\"noopener\"><br \/>\n                        <img decoding=\"async\" alt=\"Gru 4: Mi villano favorito\" style=\"width: 100%; height: auto; border-radius: 5px;\" src=\"https:\/\/somosdecine.com\/wp-content\/uploads\/gru-4-mi-villano-favorito-2024.webp\"\/><img decoding=\"async\" src=\"https:\/\/somosdecine.com\/wp-content\/uploads\/gru-4-mi-villano-favorito-2024.webp\" alt=\"Gru 4: Mi villano favorito\" style=\"width: 100%; height: auto; border-radius: 5px;\"\/><br \/>\n                    <\/a>\n                <\/div>\n<div class=\"ficha-detalles\" style=\"flex: 1; min-width: 300px; text-align: left;\">\n<ul style=\"list-style: none; padding: 0; margin: 0;\">\n<li><strong>Fecha de estreno:<\/strong> 10 de febrero de 2025 en SkyShowtime<\/li>\n<li><strong>G\u00e9nero:<\/strong> Animaci\u00f3n, Comedia, Infantil<\/li>\n<li><strong>Pa\u00eds:<\/strong> Estados Unidos<\/li>\n<li><strong>A\u00f1o:<\/strong> 2024<\/li>\n<li><strong>Duraci\u00f3n:<\/strong> 95 min<\/li>\n<li><strong>Direcci\u00f3n:<\/strong> Chris Renaud, Patrick Delage<\/li>\n<li><strong>Reparto:<\/strong> Steve Carell, Kristen Wiig, Will Ferrell, Sof\u00eda Vergara, Miranda Cosgrove, Dana Gaier<\/li>\n<li><strong>M\u00fasica:<\/strong> Heitor Pereira<\/li>\n<\/ul><\/div>\n<\/p><\/div>\n<p>        <!-- Descripci&oacute;n --><\/p>\n<div class=\"descripcion-pelicula\" style=\"margin-top: 20px; text-align: justify; font-size: 1em; line-height: 1.6;\">\n<p>Despu\u00e9s de siete a\u00f1os, nuestro supervillano favorito, ahora convertido en agente de la Liga Antivillanos, vuelve con una impactante y fren\u00e9tica entrega de caos al m\u00e1s puro estilo Minion en la esperad\u00edsima nueva pel\u00edcula de Illumination: Gru 4: Mi villano favorito.<\/p>\n<p>Tras el bombazo en taquilla de Illumination con Minions: El origen de Gru, que recaud\u00f3 m\u00e1s de mil millones de d\u00f3lares en todo mundo, la mayor saga de animaci\u00f3n de la historia abre un nuevo cap\u00edtulo en el que Gru (con voz en VO del nominado al Oscar\u00ae Steve Carrell y de Florentino Fern\u00e1ndez en la versi\u00f3n doblada al espa\u00f1ol), Lucy (con voz en VO de la nominada al Oscar\u00ae Kristen Wiig y de Patricia Conde en la versi\u00f3n doblada al espa\u00f1ol) y las ni\u00f1as \u2014Margo (Miranda Cosgrove en VO), Edith (Dana Gaier en VO) y Agnes (Madison Polan en VO)\u2014 dan la bienvenida a un nuevo miembro en la familia: Gru Junior, que parece llegar con el prop\u00f3sito de ser un suplicio para su padre.<\/p>\n<p>Gru tendr\u00e1 que enfrentarse en esta ocasi\u00f3n a su nueva n\u00e9mesis Maxime Le Mal (con voz en VO del icono de la comedia Will Ferrell) y su sofisticada y mal\u00e9vola novia Valentina (con voz en VO de la nominada al Emmy Sofia Vergara), lo que obligar\u00e1 a la familia a tener que darse a la fuga.<\/p>\n<p>La pel\u00edcula nos presenta en la versi\u00f3n original a un nuevo elenco de personajes con las voces de Joey King (Bullet Train), el ganador de varios Emmy Stephen Colbert (The Late Show with Stephen Colbert) y Chloe Fineman (Saturday Night Live). Pierre Coffin regresa como la emblem\u00e1tica voz de los Minions y el nominado al Oscar\u00ae Steve Coogan pone de nuevo voz en VO a Sila McCulloch.<\/p>\n<p>Cargada de acci\u00f3n trepidante y rebosante del caracter\u00edstico humor subversivo de Illumination, Gru 4: Mi villano favorito est\u00e1 dirigida por el cocreador de los Minions, el nominado al Oscar\u00ae Chris Renaud (Gru 2, mi villano favorito, Mascotas), y producida por el visionario fundador y director ejecutivo de Illumination, Chris Meledandri, as\u00ed como por Brett Hoffman (productor ejecutivo de Super Mario Bros: La pel\u00edcula y Minions: El origen de Gru). Codirige la cinta Patrick Delage (director de animaci\u00f3n de \u00a1Canta! 2 y Mascotas 2) y el guion es de Mike White, ganador de dos Emmy y creador de la serie The White Lotus, y del veterano guionista de todas las anteriores entregas de Gru, mi villano favorito, Ken Daurio.<\/p>\n<\/p><\/div>\n<p>        <!-- Bot&oacute;n de enlace --><br \/>\n        <a href=\"https:\/\/somosdecine.com\/peliculas\/gru-4-mi-villano-favorito-2024\/\" style=\"display: inline-block; margin-top: 20px; color: #0073aa; text-decoration: none; font-weight: bold;\" target=\"_blank\" rel=\"noopener\">Ver ficha completa<\/a>\n    <\/div>\n<p>    <!-- Estilos para m&oacute;vil --><\/p>\n<h3 class=\"wp-block-heading\"><span class=\"ez-toc-section\" id=\"Tom_y_Jerry_10_de_febrero_en_MAX\"><\/span><span class=\"ez-toc-section\" id=\"Tom_y_Jerry_10_de_febrero_en_MAX\"\/>Tom y Jerry: 10 de febrero en MAX<span class=\"ez-toc-section-end\"\/><span class=\"ez-toc-section-end\"><\/span><\/h3>\n<figure class=\"wp-block-image size-large\"><img loading=\"lazy\" decoding=\"async\" width=\"840\" height=\"600\" alt=\"estrenos-hbo-max-octubre-2022-peliculas-series\" class=\"wp-image-23679\" src=\"https:\/\/somosdecine.com\/wp-content\/uploads\/estrenos-hbo-max-octubre-2022-peliculas-series-840x600.jpg\"\/><img loading=\"lazy\" decoding=\"async\" width=\"840\" height=\"600\" src=\"https:\/\/somosdecine.com\/wp-content\/uploads\/estrenos-hbo-max-octubre-2022-peliculas-series-840x600.jpg\" alt=\"estrenos-hbo-max-octubre-2022-peliculas-series\" class=\"wp-image-23679\"\/><figcaption class=\"wp-element-caption\">Tom &amp; Jerry | Imagen cedida por Warner<\/figcaption><\/figure>\n<p>En esta adaptaci\u00f3n cinematogr\u00e1fica, Tom y Jerry llevan su eterna rivalidad a un lujoso hotel de Nueva York, donde una planificadora de bodas los contrata para deshacerse del travieso rat\u00f3n antes de una importante ceremonia. La pel\u00edcula mezcla animaci\u00f3n cl\u00e1sica con escenarios reales.<\/p>\n<div class=\"ficha-pelicula-completa\" style=\"margin-bottom: 40px;\">\n        <!-- T&iacute;tulo --><\/p>\n<h3 style=\"font-size: 1.2em; margin-bottom: 15px; color: #333;\"><span class=\"ez-toc-section\" id=\"The_Witcher_Sirenas_de_las_profundidades\"><\/span><span class=\"ez-toc-section\" id=\"The_Witcher_Sirenas_de_las_profundidades\"\/><br \/>\n            <a href=\"https:\/\/somosdecine.com\/peliculas\/the-witcher-sirenas-de-las-profundidades-2025\/\" style=\"text-decoration: none; color: #0073aa;\" target=\"_blank\" rel=\"noopener\"><br \/>\n                The Witcher: Sirenas de las profundidades            <\/a><br \/>\n        <span class=\"ez-toc-section-end\"\/><span class=\"ez-toc-section-end\"><\/span><\/h3>\n<p>        <!-- Imagen y detalles (Dise&ntilde;o flexible) --><\/p>\n<div class=\"ficha-contenedor\" style=\"display: flex; gap: 20px; align-items: flex-start; flex-wrap: wrap;\">\n<div class=\"ficha-imagen\" style=\"flex: 0 0 250px; max-width: 250px;\">\n                    <a href=\"https:\/\/somosdecine.com\/peliculas\/the-witcher-sirenas-de-las-profundidades-2025\/\" target=\"_blank\" rel=\"noopener\"><br \/>\n                        <img decoding=\"async\" alt=\"The Witcher: Sirenas de las profundidades\" style=\"width: 100%; height: auto; border-radius: 5px;\" src=\"https:\/\/somosdecine.com\/wp-content\/uploads\/the-witcher-sirenas-de-las-profundidades-2025.webp\"\/><img decoding=\"async\" src=\"https:\/\/somosdecine.com\/wp-content\/uploads\/the-witcher-sirenas-de-las-profundidades-2025.webp\" alt=\"The Witcher: Sirenas de las profundidades\" style=\"width: 100%; height: auto; border-radius: 5px;\"\/><br \/>\n                    <\/a>\n                <\/div>\n<div class=\"ficha-detalles\" style=\"flex: 1; min-width: 300px; text-align: left;\">\n<ul style=\"list-style: none; padding: 0; margin: 0;\">\n<li><strong>Fecha de estreno:<\/strong> 11 de febrero de 2025 en Netflix<\/li>\n<li><strong>G\u00e9nero:<\/strong> Animaci\u00f3n, Aventuras, Acci\u00f3n, Fantas\u00eda, Drama<\/li>\n<li><strong>Pa\u00eds:<\/strong> Corea del Sur, Estados Unidos, Polonia<\/li>\n<li><strong>A\u00f1o:<\/strong> 2025<\/li>\n<li><strong>Direcci\u00f3n:<\/strong> Kang Hei Chul<\/li>\n<li><strong>Reparto:<\/strong> Doug Cockle, Joey Batey, Anya Chalotra, Christina Wren<\/li>\n<li><strong>M\u00fasica:<\/strong> Joseph Trapanese<\/li>\n<\/ul><\/div>\n<\/p><\/div>\n<p>        <!-- Descripci&oacute;n --><\/p>\n<div class=\"descripcion-pelicula\" style=\"margin-top: 20px; text-align: justify; font-size: 1em; line-height: 1.6;\">\n<p>Geralt de Rivia, un cazador de monstruos mutado, es contratado para investigar una serie de ataques en un pueblo costero y se ve envuelto en un conflicto de siglos entre humanos y tritones. Para resolver el misterio y evitar que las hostilidades entre los dos reinos escalen hasta una guerra total, deber\u00e1 contar con la ayuda de amigos, tanto antiguos como nuevos.<\/p>\n<p>The Witcher: Sirenas de las profundidades mezcla acci\u00f3n, drama y fantas\u00eda, expandiendo el universo \u00e9pico de la saga basada en los libros de Andrzej Sapkowski.<\/p>\n<\/p><\/div>\n<p>        <!-- Bot&oacute;n de enlace --><br \/>\n        <a href=\"https:\/\/somosdecine.com\/peliculas\/the-witcher-sirenas-de-las-profundidades-2025\/\" style=\"display: inline-block; margin-top: 20px; color: #0073aa; text-decoration: none; font-weight: bold;\" target=\"_blank\" rel=\"noopener\">Ver ficha completa<\/a>\n    <\/div>\n<p>    <!-- Estilos para m&oacute;vil --><\/p>\n<div class=\"ficha-serie-completa\" style=\"margin-bottom: 40px;\">\n<div class=\"ficha-contenedor\" style=\"display: flex; gap: 20px; align-items: flex-start; flex-wrap: wrap;\">\n<div class=\"ficha-imagen\" style=\"flex: 0 0 250px; max-width: 250px;\">\n                    <a href=\"https:\/\/somosdecine.com\/series\/goldie-2025\/\" target=\"_blank\" rel=\"noopener\"><br \/>\n                        <img decoding=\"async\" alt=\"Goldie\" style=\"width: 100%; height: auto; border-radius: 5px;\" src=\"https:\/\/somosdecine.com\/wp-content\/uploads\/goldie-2025.webp\"\/><img decoding=\"async\" src=\"https:\/\/somosdecine.com\/wp-content\/uploads\/goldie-2025.webp\" alt=\"Goldie\" style=\"width: 100%; height: auto; border-radius: 5px;\"\/><br \/>\n                    <\/a>\n                <\/div>\n<div class=\"ficha-detalles\" style=\"flex: 1; min-width: 300px; text-align: left;\">\n<ul style=\"list-style: none; padding: 0; margin: 0;\">\n<li><strong>Fecha de estreno:<\/strong> 14 de febrero de 2025 en Apple TV+<\/li>\n<li><strong>G\u00e9nero:<\/strong> Animaci\u00f3n, Infantil, Aventura<\/li>\n<li><strong>Pa\u00eds:<\/strong> Estados Unidos<\/li>\n<li><strong>A\u00f1o de lanzamiento:<\/strong> 2025<\/li>\n<li><strong>Direcci\u00f3n:<\/strong> Graham MacDonald<\/li>\n<li><strong>Reparto:<\/strong> Jessica McKenna, Dee Bradley Baker, Amari McCoy, Vedantem Naidoo<\/li>\n<li><strong>Plataforma:<\/strong><br \/>\n                            Apple TV+                        <\/li>\n<\/ul><\/div>\n<\/p><\/div>\n<div class=\"descripcion-serie\" style=\"margin-top: 20px; text-align: justify; font-size: 1em; line-height: 1.6;\">\n<p><em>Goldie<\/em>, inspirada en el galardonado corto animado de Emily Brundige de 2019 del mismo nombre, cuenta las aventuras de Goldie, una chica gigante con un enorme coraz\u00f3n, junto a sus amigos de la ciudad de Boysenberg. A lo largo de 13 episodios de media hora, aprender\u00e1n juntos que ser diferente es motivo de celebraci\u00f3n, y que todos tenemos cabida en este mundo, incluidos los gigantes.<\/p>\n<\/p><\/div>\n<p>        <a href=\"https:\/\/somosdecine.com\/series\/goldie-2025\/\" style=\"display: inline-block; margin-top: 20px; color: #0073aa; text-decoration: none; font-weight: bold;\" target=\"_blank\" rel=\"noopener\">Ver ficha completa<\/a>\n    <\/div>\n<div class=\"ficha-serie-completa\" style=\"margin-bottom: 40px;\">\n<h3 style=\"font-size: 1.2em; margin-bottom: 15px; color: #333;\"><span class=\"ez-toc-section\" id=\"En_la_victoria_o_en_la_derrota\"><\/span><span class=\"ez-toc-section\" id=\"En_la_victoria_o_en_la_derrota\"\/><br \/>\n            <a href=\"https:\/\/somosdecine.com\/series\/en-la-victoria-o-en-la-derrota-2025\/\" style=\"text-decoration: none; color: #0073aa;\" target=\"_blank\" rel=\"noopener\"><br \/>\n                En la victoria o en la derrota            <\/a><br \/>\n        <span class=\"ez-toc-section-end\"\/><span class=\"ez-toc-section-end\"><\/span><\/h3>\n<div class=\"ficha-contenedor\" style=\"display: flex; gap: 20px; align-items: flex-start; flex-wrap: wrap;\">\n<div class=\"ficha-imagen\" style=\"flex: 0 0 250px; max-width: 250px;\">\n                    <a href=\"https:\/\/somosdecine.com\/series\/en-la-victoria-o-en-la-derrota-2025\/\" target=\"_blank\" rel=\"noopener\"><br \/>\n                        <img decoding=\"async\" alt=\"En la victoria o en la derrota\" style=\"width: 100%; height: auto; border-radius: 5px;\" src=\"https:\/\/somosdecine.com\/wp-content\/uploads\/en-la-victoria-o-en-la-derrota-2025.webp\"\/><img decoding=\"async\" src=\"https:\/\/somosdecine.com\/wp-content\/uploads\/en-la-victoria-o-en-la-derrota-2025.webp\" alt=\"En la victoria o en la derrota\" style=\"width: 100%; height: auto; border-radius: 5px;\"\/><br \/>\n                    <\/a>\n                <\/div>\n<div class=\"ficha-detalles\" style=\"flex: 1; min-width: 300px; text-align: left;\">\n<ul style=\"list-style: none; padding: 0; margin: 0;\">\n<li><strong>Fecha de estreno:<\/strong> 19 de febrero de 2025 en Disney+<\/li>\n<li><strong>G\u00e9nero:<\/strong> Animaci\u00f3n, Comedia, Drama, Pixar, Disney<\/li>\n<li><strong>Pa\u00eds:<\/strong> Estados Unidos<\/li>\n<li><strong>A\u00f1o de lanzamiento:<\/strong> 2025<\/li>\n<li><strong>Direcci\u00f3n:<\/strong> Carrie Hobson, Michael Yates<\/li>\n<li><strong>Plataforma:<\/strong><br \/>\n                            Disney+                        <\/li>\n<\/ul><\/div>\n<\/p><\/div>\n<div class=\"descripcion-serie\" style=\"margin-top: 20px; text-align: justify; font-size: 1em; line-height: 1.6;\">\n<p><em>En la victoria o en la derrota<\/em> la serie original de Pixar Animation Studios que cuenta las historias entrelazadas de ocho personas distintas mientras se preparan para la final de un campeonato de s\u00f3ftbol -ni\u00f1os inseguros, padres sobreprotectores y hasta un \u00e1rbitro enamorado- desde perspectivas distintas, divertidas, emotivas y \u00fanicas.<\/p>\n<p><strong>Sobre la serie<\/strong><\/p>\n<p>Carrie Hobson, que ha escrito, dirigido y producido la serie junto a Michael Yates, explica \u00ab<em>jugu\u00e9 al s\u00f3ftbol de peque\u00f1a. Inspirados por esa experiencia, nos pareci\u00f3 que el s\u00f3ftbol era el escenario perfecto para la serie. Practicar deporte tiene much\u00edsimas facetas que me encantan: puede sacar lo mejor y lo peor de una persona, incluso la persona m\u00e1s tranquila puede perder los nervios. Cuando se trata de ganar o perder, las consecuencias no significan nada y a la vez todo. Nos pareci\u00f3 el mejor escenario para contar los temas que nos apasionan<\/em>\u00ab.<\/p>\n<p>Seg\u00fan Yates, la idea de mostrar diferentes perspectivas naci\u00f3 de lo que ocurre en el d\u00eda a d\u00eda de Pixar. \u201c<em>Carrie y yo fuimos compa\u00f1eros de oficina en \u2018<a href=\"https:\/\/somosdecine.com\/peliculas\/toy.-story-4-2019\/\" target=\"_blank\" rel=\"noopener\">Toy Story 4<\/a>\u2019<\/em>\u201d, dijo Yates. \u00ab<em>Los dos trabaj\u00e1bamos como ilustradores en la pel\u00edcula y habl\u00e1bamos de muchas cosas que pasaban en la pel\u00edcula y de muchas otras que ocurr\u00edan en el mundo: sucesos de actualidad, noticias\u2026 Despu\u00e9s de asistir a la misma reuni\u00f3n, siempre sal\u00edamos con reacciones o interpretaciones diferentes. Uno de nosotros dec\u00eda: \u201c\u00a1Ha sido genial!\u201d y el otro dec\u00eda: \u2018\u00a1No! Ha sido horrible. \u00bfDe qu\u00e9 hablas?\u2019 Nos dimos cuenta de que nuestras propias experiencias cambian nuestra percepci\u00f3n de un mismo acontecimiento. As\u00ed que quer\u00edamos contar una historia que ilustrara todo eso<\/em>\u201d.<\/p>\n<p><em>En la victoria o en la derrota<\/em>, que ofrece a los espectadores perspectivas incre\u00edblemente divertidas, muy emotivas y con una animaci\u00f3n \u00fanica, est\u00e1 producida por David Lally e incluye m\u00fasica del compositor Ramin Djawadi y canciones originales de CAMPFIRE y Djawadi.<\/p>\n<\/p><\/div>\n<p>        <a href=\"https:\/\/somosdecine.com\/series\/en-la-victoria-o-en-la-derrota-2025\/\" style=\"display: inline-block; margin-top: 20px; color: #0073aa; text-decoration: none; font-weight: bold;\" target=\"_blank\" rel=\"noopener\">Ver ficha completa<\/a>\n    <\/div>\n<div class=\"ficha-pelicula-completa\" style=\"margin-bottom: 40px;\">\n        <!-- T&iacute;tulo --><\/p>\n<h3 style=\"font-size: 1.2em; margin-bottom: 15px; color: #333;\"><span class=\"ez-toc-section\" id=\"Star_Trek_Seccion_31\"><\/span><span class=\"ez-toc-section\" id=\"Star_Trek_Seccion_31\"\/><br \/>\n            <a href=\"https:\/\/somosdecine.com\/peliculas\/star-trek-seccion-31-2025\/\" style=\"text-decoration: none; color: #0073aa;\" target=\"_blank\" rel=\"noopener\"><br \/>\n                Star Trek: Secci\u00f3n 31            <\/a><br \/>\n        <span class=\"ez-toc-section-end\"\/><span class=\"ez-toc-section-end\"><\/span><\/h3>\n<p>        <!-- Imagen y detalles (Dise&ntilde;o flexible) --><\/p>\n<div class=\"ficha-contenedor\" style=\"display: flex; gap: 20px; align-items: flex-start; flex-wrap: wrap;\">\n<div class=\"ficha-imagen\" style=\"flex: 0 0 250px; max-width: 250px;\">\n                    <a href=\"https:\/\/somosdecine.com\/peliculas\/star-trek-seccion-31-2025\/\" target=\"_blank\" rel=\"noopener\"><br \/>\n                        <img decoding=\"async\" alt=\"Star Trek: Secci\u00f3n 31\" style=\"width: 100%; height: auto; border-radius: 5px;\" src=\"https:\/\/somosdecine.com\/wp-content\/uploads\/star-trek-seccion-31-2025.webp\"\/><img decoding=\"async\" src=\"https:\/\/somosdecine.com\/wp-content\/uploads\/star-trek-seccion-31-2025.webp\" alt=\"Star Trek: Secci\u00f3n 31\" style=\"width: 100%; height: auto; border-radius: 5px;\"\/><br \/>\n                    <\/a>\n                <\/div>\n<div class=\"ficha-detalles\" style=\"flex: 1; min-width: 300px; text-align: left;\">\n<ul style=\"list-style: none; padding: 0; margin: 0;\">\n<li><strong>Fecha de estreno:<\/strong> 21 de febrero de 2025 en SkyShowtime<\/li>\n<li><strong>G\u00e9nero:<\/strong> Ciencia ficci\u00f3n, Acci\u00f3n<\/li>\n<li><strong>Pa\u00eds:<\/strong> Estados Unidos<\/li>\n<li><strong>A\u00f1o:<\/strong> 2025<\/li>\n<li><strong>Direcci\u00f3n:<\/strong> Olatunde Osunsanmi<\/li>\n<li><strong>Reparto:<\/strong> Michelle Yeoh, Omari Hardwick, Sam Richardson, Robert Kazinsky, Kacey Rohl, Sven Ruygrok, James Hiroyuki Liao, Humberly Gonz\u00e1lez, Miku Martineau<\/li>\n<\/ul><\/div>\n<\/p><\/div>\n<p>        <!-- Descripci&oacute;n --><\/p>\n<div class=\"descripcion-pelicula\" style=\"margin-top: 20px; text-align: justify; font-size: 1em; line-height: 1.6;\">\n<p>En Star Trek: Secci\u00f3n 31, Michelle Yeoh retoma su papel como Philippa Georgiou, la emperadora del Universo Espejo. Georgiou se une a una divisi\u00f3n secreta de la Flota Estelar encargada de proteger la Federaci\u00f3n Unida de Planetas mientras lidia con los pecados de su pasado. La historia mezcla intriga, acci\u00f3n y los elementos filos\u00f3ficos caracter\u00edsticos del universo Star Trek, adentr\u00e1ndose en el lado m\u00e1s oscuro de la Flota Estelar.<\/p>\n<p>Sobre la pel\u00edcula<\/p>\n<p>Esta es la primera pel\u00edcula de Star Trek en casi una d\u00e9cada, desde el estreno de Star Trek: M\u00e1s all\u00e1 (2016). Dirigida por Olatunde Osunsanmi, habitual de la franquicia, la cinta re\u00fane a Michelle Yeoh con un elenco diverso que incluye a Omari Hardwick (Power), Sam Richardson (Ted Lasso) y Robert Kazinsky (Pacific Rim). La pel\u00edcula explora temas como la redenci\u00f3n y el sacrificio, mientras mantiene el esp\u00edritu de exploraci\u00f3n y diplomacia de la franquicia.<\/p>\n<\/p><\/div>\n<p>        <!-- Bot&oacute;n de enlace --><br \/>\n        <a href=\"https:\/\/somosdecine.com\/peliculas\/star-trek-seccion-31-2025\/\" style=\"display: inline-block; margin-top: 20px; color: #0073aa; text-decoration: none; font-weight: bold;\" target=\"_blank\" rel=\"noopener\">Ver ficha completa<\/a>\n    <\/div>\n<p>    <!-- Estilos para m&oacute;vil --><\/p>\n<div class=\"ficha-pelicula-completa\" style=\"margin-bottom: 40px;\">\n        <!-- T&iacute;tulo --><\/p>\n<h3 style=\"font-size: 1.2em; margin-bottom: 15px; color: #333;\"><span class=\"ez-toc-section\" id=\"Sonic_3_la_pelicula\"><\/span><span class=\"ez-toc-section\" id=\"Sonic_3_la_pelicula\"\/><br \/>\n            <a href=\"https:\/\/somosdecine.com\/peliculas\/sonic-3-la-pelicula-2024\/\" style=\"text-decoration: none; color: #0073aa;\" target=\"_blank\" rel=\"noopener\"><br \/>\n                Sonic 3: la pel\u00edcula            <\/a><br \/>\n        <span class=\"ez-toc-section-end\"\/><span class=\"ez-toc-section-end\"><\/span><\/h3>\n<p>        <!-- Imagen y detalles (Dise&ntilde;o flexible) --><\/p>\n<div class=\"ficha-contenedor\" style=\"display: flex; gap: 20px; align-items: flex-start; flex-wrap: wrap;\">\n<div class=\"ficha-imagen\" style=\"flex: 0 0 250px; max-width: 250px;\">\n                    <a href=\"https:\/\/somosdecine.com\/peliculas\/sonic-3-la-pelicula-2024\/\" target=\"_blank\" rel=\"noopener\"><br \/>\n                        <img decoding=\"async\" alt=\"Sonic 3: la pel\u00edcula\" style=\"width: 100%; height: auto; border-radius: 5px;\" src=\"https:\/\/somosdecine.com\/wp-content\/uploads\/sonic-3-la-pelicula-2024.webp\"\/><img decoding=\"async\" src=\"https:\/\/somosdecine.com\/wp-content\/uploads\/sonic-3-la-pelicula-2024.webp\" alt=\"Sonic 3: la pel\u00edcula\" style=\"width: 100%; height: auto; border-radius: 5px;\"\/><br \/>\n                    <\/a>\n                <\/div>\n<div class=\"ficha-detalles\" style=\"flex: 1; min-width: 300px; text-align: left;\">\n<ul style=\"list-style: none; padding: 0; margin: 0;\">\n<li><strong>Fecha de estreno:<\/strong> 24 de febrero de 2025 en Prime Video para compra o alquiler<\/li>\n<li><strong>G\u00e9nero:<\/strong> Animaci\u00f3n, Aventuras, Comedia, Fant\u00e1stico, Infantil<\/li>\n<li><strong>Pa\u00eds:<\/strong> Estados Unidos<\/li>\n<li><strong>A\u00f1o:<\/strong> 2024<\/li>\n<li><strong>Direcci\u00f3n:<\/strong> Jeff Fowler<\/li>\n<li><strong>Reparto:<\/strong> Jim Carrey, Ben Schwartz, James Marsden, Tika Sumpter, Idris Elba, Keanu Reeves, Krysten Ritter, Lee Majdoub, Natasha Rothwell, Adam Pally, Shemar Moore, Colleen O\u2019Shaughnessey, Alyla Browne, James Wolk<\/li>\n<\/ul><\/div>\n<\/p><\/div>\n<p>        <!-- Descripci&oacute;n --><\/p>\n<div class=\"descripcion-pelicula\" style=\"margin-top: 20px; text-align: justify; font-size: 1em; line-height: 1.6;\">\n<p>En Sonic 3: la pel\u00edcula, Sonic, Knuckles y Tails se re\u00fanen para enfrentarse a un nuevo y poderoso adversario, Shadow, un misterioso villano cuyos poderes no se parecen a nada de lo que nuestros h\u00e9roes han conocido hasta ahora.<\/p>\n<p>Con sus facultades superadas en todos los sentidos, el Equipo Sonic tendr\u00e1 que establecer una ins\u00f3lita alianza con la esperanza de detener a Shadow y proteger el planeta.<\/p>\n<p>El director Jeff Fowler regresa en Sonic 3: la pel\u00edcula\u00a0junto con un reparto plagado de estrellas que incluye a Jim Carrey, Ben Schwartz, James Marsden, Tika Sumpter, Idris Elba, Colleen O\u2019Shaughnessey, Natasha Rothwell, Shemar Moore, Adam Pally y Lee Majdoub junto a las reci\u00e9n llegadas Alyla Browne, Krysten Ritter y Keanu Reeves, que se une a la franquicia como Shadow.<\/p>\n<\/p><\/div>\n<p>        <!-- Bot&oacute;n de enlace --><br \/>\n        <a href=\"https:\/\/somosdecine.com\/peliculas\/sonic-3-la-pelicula-2024\/\" style=\"display: inline-block; margin-top: 20px; color: #0073aa; text-decoration: none; font-weight: bold;\" target=\"_blank\" rel=\"noopener\">Ver ficha completa<\/a>\n    <\/div>\n<p>    <!-- Estilos para m&oacute;vil --><\/p>\n<div class=\"ficha-serie-completa\" style=\"margin-bottom: 40px;\">\n<h3 style=\"font-size: 1.2em; margin-bottom: 15px; color: #333;\"><span class=\"ez-toc-section\" id=\"Colegio_Abbott_temporada_4_parte_1\"><\/span><span class=\"ez-toc-section\" id=\"Colegio_Abbott_temporada_4_parte_1\"\/><br \/>\n            <a href=\"https:\/\/somosdecine.com\/series\/colegio-abbott-2021\/\" style=\"text-decoration: none; color: #0073aa;\" target=\"_blank\" rel=\"noopener\"><br \/>\n                Colegio Abbott, temporada 4 (parte 1)            <\/a><br \/>\n        <span class=\"ez-toc-section-end\"\/><span class=\"ez-toc-section-end\"><\/span><\/h3>\n<div class=\"ficha-contenedor\" style=\"display: flex; gap: 20px; align-items: flex-start; flex-wrap: wrap;\">\n<div class=\"ficha-imagen\" style=\"flex: 0 0 250px; max-width: 250px;\">\n                    <a href=\"https:\/\/somosdecine.com\/series\/colegio-abbott-2021\/\" target=\"_blank\" rel=\"noopener\"><br \/>\n                        <img decoding=\"async\" alt=\"Colegio Abbott\" style=\"width: 100%; height: auto; border-radius: 5px;\" src=\"https:\/\/somosdecine.com\/wp-content\/uploads\/colegio-abbott-2021.webp\"\/><img decoding=\"async\" src=\"https:\/\/somosdecine.com\/wp-content\/uploads\/colegio-abbott-2021.webp\" alt=\"Colegio Abbott\" style=\"width: 100%; height: auto; border-radius: 5px;\"\/><br \/>\n                    <\/a>\n                <\/div>\n<div class=\"ficha-detalles\" style=\"flex: 1; min-width: 300px; text-align: left;\">\n<ul style=\"list-style: none; padding: 0; margin: 0;\">\n<li><strong>Fecha de estreno:<\/strong> 26 de febrero de 2025 en Disney+<\/li>\n<li><strong>G\u00e9nero:<\/strong> Comedia<\/li>\n<li><strong>Pa\u00eds:<\/strong> Estados Unidos<\/li>\n<li><strong>A\u00f1o de lanzamiento:<\/strong> 2021<\/li>\n<li><strong>Direcci\u00f3n:<\/strong> Quinta Brunson (Creadora), Randall Einhorn, Matt Sohn, Jay Karas, Shahrzad Davani, Melissa Kosar, Jennifer Celotta, Matthew A. Cherry<\/li>\n<li><strong>Reparto:<\/strong> Quinta Brunson, Tyler James Williams, Janelle James, Chris Perfetti, Lisa Ann Walter, Sheryl Lee Ralph<\/li>\n<li><strong>Plataforma:<\/strong><br \/>\n                            Disney+                        <\/li>\n<\/ul><\/div>\n<\/p><\/div>\n<div class=\"descripcion-serie\" style=\"margin-top: 20px; text-align: justify; font-size: 1em; line-height: 1.6;\">\n<p><em>Colegio Abbott<\/em> es una comedia que sigue a un grupo de profesores dedicados y apasionados que trabajan en una escuela p\u00fablica de Filadelfia con recursos limitados. A pesar de tener una directora incompetente y enfrentarse diariamente a los desaf\u00edos del sistema educativo, los maestros nunca tiran la toalla cuando se trata de asegurar que sus alumnos logren el \u00e9xito en la vida.<\/p>\n<p>Aunque la falta de apoyo financiero y administrativo complica su labor, estos educadores hacen todo lo posible por brindar la mejor educaci\u00f3n a sus estudiantes. La serie, en formato de falso documental, ofrece una mirada c\u00f3mica y cr\u00edtica a la ense\u00f1anza p\u00fablica en EE.UU.<\/p>\n<\/p><\/div>\n<p>        <a href=\"https:\/\/somosdecine.com\/series\/colegio-abbott-2021\/\" style=\"display: inline-block; margin-top: 20px; color: #0073aa; text-decoration: none; font-weight: bold;\" target=\"_blank\" rel=\"noopener\">Ver ficha completa<\/a>\n    <\/div>\n<h3 class=\"wp-block-heading\"><span class=\"ez-toc-section\" id=\"Ninja_Turtles_Caos_mutante_26_de_febrero_en_Movistar_plus\"><\/span><span class=\"ez-toc-section\" id=\"Ninja_Turtles_Caos_mutante_26_de_febrero_en_Movistar_plus\"\/>Ninja Turtles: Caos mutante: 26 de febrero en Movistar plus+<span class=\"ez-toc-section-end\"\/><span class=\"ez-toc-section-end\"><\/span><\/h3>\n<figure class=\"wp-block-image size-large\"><img loading=\"lazy\" decoding=\"async\" width=\"840\" height=\"600\" alt=\"estrenos-25-agosto-2023\" class=\"wp-image-34503\" src=\"https:\/\/somosdecine.com\/wp-content\/uploads\/estrenos-25-agosto-2023-840x600.jpg\"\/><img loading=\"lazy\" decoding=\"async\" width=\"840\" height=\"600\" src=\"https:\/\/somosdecine.com\/wp-content\/uploads\/estrenos-25-agosto-2023-840x600.jpg\" alt=\"estrenos-25-agosto-2023\" class=\"wp-image-34503\"\/><figcaption class=\"wp-element-caption\">Ninja Turtles: Caos mutante | Imagen cedida por Paramount Pictures<\/figcaption><\/figure>\n<p>Seth Rogen (\u2018Chicos buenos\u2019) ejerce como productor y guionista en este recomienzo de las aventuras de las tortugas mutantes, m\u00e1s divertidas y aut\u00e9nticamente adolescentes que nunca. \u2018<a href=\"https:\/\/somosdecine.com\/ninja-turtles-caos-mutante-pelicula-critica\/\" target=\"_blank\" rel=\"noopener\">Ninja Turtles: caos mutante<\/a>\u2018 comienza quince a\u00f1os atr\u00e1s, cuando una ejecutiva de una corporaci\u00f3n cient\u00edfica env\u00eda a un grupo de paramilitares para capturar a Baxter Stockman y hacerse con su descubrimiento: un fluido con lo que Stockman pretende crear su propia familia de animales mutantes.<\/p>\n<h3 class=\"wp-block-heading\"><span class=\"ez-toc-section\" id=\"Me_contro_te_%E2%80%93_operacion_espia_28_de_febrero_en_MAX\"><\/span><span class=\"ez-toc-section\" id=\"Me_contro_te_%E2%80%93_operacion_espia_28_de_febrero_en_MAX\"\/>Me contro te \u2013 operaci\u00f3n esp\u00eda: 28 de febrero en MAX<span class=\"ez-toc-section-end\"\/><span class=\"ez-toc-section-end\"><\/span><\/h3>\n<p>Esta pel\u00edcula italiana para ni\u00f1os sigue a los populares youtubers Lu\u00ec y Sof\u00ec en una aventura donde deben detener a un villano que amenaza con convertir a todos en estatuas de hielo. Combina humor y acci\u00f3n para el p\u00fablico infantil.<\/p>\n<p>Hasta aqui nuestro repaso a los mejores estrenos infantiles de febrero de 2025. Espero haber puesto en tu radar varias producciones interesantes que puedas disfrutar junto a los m\u00e1s peque\u00f1os de la casa. Para conocer m\u00e1s novedades en cines y plataformas visita <a href=\"https:\/\/somosdecine.com\/estrenos\/\" target=\"_blank\" rel=\"noopener\">nuestra secci\u00f3n de estrenos<\/a>.<\/p>\n<p><!-- CONTENT END 5 -->\n\t\t\t\t\t\t\t\t\t\t\t\t\t\t\t\t\t\t\t\t\t\t\t\t\t\t\t<\/div>\n<p><a href=\"https:\/\/somosdecine.com\/estrenos-infantiles-febrero-2025\/\" class=\" target=\" title=\"Estrenos infantiles de febrero de 2025: Pel\u00edculas y series\" target=\"_blank\" rel=\"noopener\">Ver fuente<\/a><\/p>\n","protected":false},"excerpt":{"rendered":"<p>Conoce los estrenos infantiles de febrero de 2025 a trav\u00e9s de las pel\u00edculas y series que llegar\u00e1n tanto a cines como a plataformas de streaming. Y es que este mes disfrutaremos de un mont\u00f3n de producciones familiares que gustar\u00e1n a ni\u00f1os y adultos casi por igual \u00a1Vamos all\u00e1! Estrenos infantiles de febrero de 2025 en [&hellip;]<\/p>\n","protected":false},"author":2,"featured_media":48503,"comment_status":"open","ping_status":"closed","sticky":false,"template":"","format":"standard","meta":{"footnotes":""},"categories":[8],"tags":[],"class_list":["post-48502","post","type-post","status-publish","format-standard","has-post-thumbnail","hentry","category-entretenimiento"],"_links":{"self":[{"href":"https:\/\/enfoquenoticioso.com\/index.php?rest_route=\/wp\/v2\/posts\/48502","targetHints":{"allow":["GET"]}}],"collection":[{"href":"https:\/\/enfoquenoticioso.com\/index.php?rest_route=\/wp\/v2\/posts"}],"about":[{"href":"https:\/\/enfoquenoticioso.com\/index.php?rest_route=\/wp\/v2\/types\/post"}],"author":[{"embeddable":true,"href":"https:\/\/enfoquenoticioso.com\/index.php?rest_route=\/wp\/v2\/users\/2"}],"replies":[{"embeddable":true,"href":"https:\/\/enfoquenoticioso.com\/index.php?rest_route=%2Fwp%2Fv2%2Fcomments&post=48502"}],"version-history":[{"count":0,"href":"https:\/\/enfoquenoticioso.com\/index.php?rest_route=\/wp\/v2\/posts\/48502\/revisions"}],"wp:featuredmedia":[{"embeddable":true,"href":"https:\/\/enfoquenoticioso.com\/index.php?rest_route=\/wp\/v2\/media\/48503"}],"wp:attachment":[{"href":"https:\/\/enfoquenoticioso.com\/index.php?rest_route=%2Fwp%2Fv2%2Fmedia&parent=48502"}],"wp:term":[{"taxonomy":"category","embeddable":true,"href":"https:\/\/enfoquenoticioso.com\/index.php?rest_route=%2Fwp%2Fv2%2Fcategories&post=48502"},{"taxonomy":"post_tag","embeddable":true,"href":"https:\/\/enfoquenoticioso.com\/index.php?rest_route=%2Fwp%2Fv2%2Ftags&post=48502"}],"curies":[{"name":"wp","href":"https:\/\/api.w.org\/{rel}","templated":true}]}}