{"id":48526,"date":"2025-02-06T10:21:30","date_gmt":"2025-02-06T10:21:30","guid":{"rendered":"https:\/\/enfoquenoticioso.com\/entretenimiento\/esta-en-un-momento-autodestructivo-el-director-de-emilia-perez-se-niega-en-rotundo-a-volver-a-hablar-con-karla-sofia-gascon\/"},"modified":"2025-02-06T10:21:30","modified_gmt":"2025-02-06T10:21:30","slug":"esta-en-un-momento-autodestructivo-el-director-de-emilia-perez-se-niega-en-rotundo-a-volver-a-hablar-con-karla-sofia-gascon","status":"publish","type":"post","link":"https:\/\/enfoquenoticioso.com\/?p=48526","title":{"rendered":"\u00abEst\u00e1 en un momento autodestructivo\u00bb. El director de &#8216;Emilia P\u00e9rez&#8217; se niega en rotundo a volver a hablar con Karla Sof\u00eda Gasc\u00f3n"},"content":{"rendered":"<div>\n<p>No importa si te gust\u00f3 o no <a class=\"text-outboundlink\" href=\"https:\/\/www.espinof.com\/criticas\/emilia-perez-mejores-peliculas-ano-jacques-audiard-basa-su-musical-imprevisibilidad-triunfa-cine-algoritmico-festival-san-sebastian-2024\" data-vars-post-title=\"&#039;Emilia P\u00e9rez&#039; es una de las mejores pel\u00edculas del a\u00f1o: Jacques Audiard basa su musical en la imprevisibilidad y triunfa ante el cine algor\u00edtmico | Festival de San Sebasti\u00e1n 2024\" data-vars-post-url=\"https:\/\/www.espinof.com\/criticas\/emilia-perez-mejores-peliculas-ano-jacques-audiard-basa-su-musical-imprevisibilidad-triunfa-cine-algoritmico-festival-san-sebastian-2024\" target=\"_blank\" rel=\"noopener\">&#8216;Emilia P\u00e9rez&#8217;<\/a>. <strong>Ni siquiera si est\u00e1s en el lado de quien desprecia a Karla Sof\u00eda Gasc\u00f3n por sus tuits<\/strong> o de quien la apoya porque todos hemos cometido errores en Internet. Lo \u00fanico que est\u00e1 claro es que ver c\u00f3mo su candidatura (y por extensi\u00f3n, la de su pel\u00edcula) est\u00e1 inmol\u00e1ndose en directo, d\u00eda tras d\u00eda, es extra\u00f1amente fascinante, como un accidente de tren a c\u00e1mara lenta, historia de los <a class=\"text-outboundlink\" href=\"https:\/\/www.espinof.com\/todo-lo-que-sabemos\/premios-oscar-2025-nominados-favoritos-fecha-gala-otros-detalles-gran-evento-cinematografico\" data-vars-post-title=\"Premios Oscar 2025: nominados, favoritos, fecha de la gala y otros detalles del gran evento cinematogr\u00e1fico\" data-vars-post-url=\"https:\/\/www.espinof.com\/todo-lo-que-sabemos\/premios-oscar-2025-nominados-favoritos-fecha-gala-otros-detalles-gran-evento-cinematografico\" target=\"_blank\" rel=\"noopener\">\u00d3scar<\/a> en vivo y en directo. Sobre todo, <strong>despu\u00e9s de que la propia Netflix la haya dejado vendida y tirada en la cuneta<\/strong>&#8230; a menos de un mes de la ceremonia.<\/p>\n<p><!-- BREAK 1 --> <\/p>\n<div id=\"ez-toc-container\" class=\"ez-toc-v2_0_81 counter-hierarchy ez-toc-counter ez-toc-grey ez-toc-container-direction\">\n<div class=\"ez-toc-title-container\">\n<p class=\"ez-toc-title\" style=\"cursor:inherit\">Tabla de Contenido<\/p>\n<span class=\"ez-toc-title-toggle\"><a href=\"#\" class=\"ez-toc-pull-right ez-toc-btn ez-toc-btn-xs ez-toc-btn-default ez-toc-toggle\" aria-label=\"Alternar tabla de contenidos\"><span class=\"ez-toc-js-icon-con\"><span class=\"\"><span class=\"eztoc-hide\" style=\"display:none;\">Toggle<\/span><span class=\"ez-toc-icon-toggle-span\"><svg style=\"fill: #999;color:#999\" xmlns=\"http:\/\/www.w3.org\/2000\/svg\" class=\"list-377408\" width=\"20px\" height=\"20px\" viewBox=\"0 0 24 24\" fill=\"none\"><path d=\"M6 6H4v2h2V6zm14 0H8v2h12V6zM4 11h2v2H4v-2zm16 0H8v2h12v-2zM4 16h2v2H4v-2zm16 0H8v2h12v-2z\" fill=\"currentColor\"><\/path><\/svg><svg style=\"fill: #999;color:#999\" class=\"arrow-unsorted-368013\" xmlns=\"http:\/\/www.w3.org\/2000\/svg\" width=\"10px\" height=\"10px\" viewBox=\"0 0 24 24\" version=\"1.2\" baseProfile=\"tiny\"><path d=\"M18.2 9.3l-6.2-6.3-6.2 6.3c-.2.2-.3.4-.3.7s.1.5.3.7c.2.2.4.3.7.3h11c.3 0 .5-.1.7-.3.2-.2.3-.5.3-.7s-.1-.5-.3-.7zM5.8 14.7l6.2 6.3 6.2-6.3c.2-.2.3-.5.3-.7s-.1-.5-.3-.7c-.2-.2-.4-.3-.7-.3h-11c-.3 0-.5.1-.7.3-.2.2-.3.5-.3.7s.1.5.3.7z\"\/><\/svg><\/span><\/span><\/span><\/a><\/span><\/div>\n<nav><ul class='ez-toc-list ez-toc-list-level-1 ' ><li class='ez-toc-page-1 ez-toc-heading-level-2'><a class=\"ez-toc-link ez-toc-heading-1\" href=\"https:\/\/enfoquenoticioso.com\/?p=48526\/#No_quiero_verte_tan_triste_Gascon_anda_sonrie_por_mi\" >No quiero verte tan triste, Gasc\u00f3n, anda, sonr\u00ede por m\u00ed<\/a><\/li><\/ul><\/nav><\/div>\n<h2><span class=\"ez-toc-section\" id=\"No_quiero_verte_tan_triste_Gascon_anda_sonrie_por_mi\"><\/span>No quiero verte tan triste, Gasc\u00f3n, anda, sonr\u00ede por m\u00ed<span class=\"ez-toc-section-end\"><\/span><\/h2>\n<p>Solo faltaba una persona por pronunciarse en este debate (o, m\u00e1s bien, esta inmolaci\u00f3n): el propio director de la pel\u00edcula, Jacques Audiard, que despu\u00e9s de meter la pata hace una semana diciendo que el espa\u00f1ol es un idioma de pa\u00edses pobres, <strong>ha intentado corregir su rumbo sin meterse en m\u00e1s pol\u00e9micas<\/strong>. Por eso, cuando en <a rel=\"noopener, noreferrer\" href=\"https:\/\/deadline.com\/2025\/02\/emilia-perez-jacques-audiard-disavows-karla-sofia-gascon-1236279021\/#recipient_hashed=6a8682a656f3fa03750e7fc9454667bfbe91bae211d47771ef3ddb58dc609b8b&amp;recipient_salt=d18907f957cd49b5096def8fceb702f0ced16ff033205a9482627328547caaad&amp;utm_medium=email&amp;utm_source=exacttarget&amp;utm_campaign=Deadline_BreakingNews&amp;utm_content=584454_02-05-2025&amp;utm_term=13810493\" target=\"_blank\">Deadline<\/a> le han preguntado por la protagonista de &#8216;Emilia P\u00e9rez&#8217; <strong>ha hecho todo lo posible por escurrir el bulto y unirse a la masa enfurecida.<\/strong><\/p>\n<p><!-- BREAK 2 --><\/p>\n<div class=\"article-asset article-asset-normal article-asset-center\">\n<div class=\"desvio-container\">\n<div class=\"desvio\">\n<div class=\"desvio-figure js-desvio-figure\">\n    <a href=\"https:\/\/www.espinof.com\/premios-oscar\/primera-vez-mucho-tiempo-no-se-que-pelicula-va-a-ganar-oscars-esto-hace-muchisimo-emocionante\" class=\"pivot-outboundlink\" data-vars-post-title=\"Por primera vez en mucho tiempo no s\u00e9 qu\u00e9 pel\u00edcula va a ganar los Oscars. Pero esto lo hace much\u00edsimo m\u00e1s emocionante\" target=\"_blank\" rel=\"noopener\"><br \/>\n     <img loading=\"lazy\" decoding=\"async\" alt=\"Por primera vez en mucho tiempo no s\u00e9 qu\u00e9 pel\u00edcula va a ganar los Oscars. Pero esto lo hace much\u00edsimo m\u00e1s emocionante\" width=\"375\" height=\"142\" src=\"https:\/\/i.blogs.es\/7876b6\/oscar\/375_142.jpeg\"\/><br \/>\n    <\/a>\n   <\/div>\n<\/p><\/div>\n<\/p><\/div>\n<\/div>\n<blockquote><p>No he hablado con ella, ni quiero hacerlo. Est\u00e1 en un momento autodestructivo en el que no puedo interferir, y realmente no entiendo por qu\u00e9 contin\u00faa. \u00bfPor qu\u00e9 se est\u00e1 haciendo da\u00f1o a ella misma? \u00bfPor qu\u00e9? No lo entiendo, y lo que tampoco entiendo es por qu\u00e9 est\u00e1 haciendo da\u00f1o a gente que era muy cercana a ella.<\/p><\/blockquote>\n<div class=\"article-asset-image article-asset-large article-asset-center\">\n<div class=\"asset-content\">\n                   <img class=\"\" height=\"770\" width=\"1280\" loading=\"lazy\" decoding=\"async\" sizes=\"auto, 100vw\" fetchpriority=\"high\" srcset=\"https:\/\/i.blogs.es\/4d4df5\/audiard\/450_1000.jpeg 450w, https:\/\/i.blogs.es\/4d4df5\/audiard\/650_1200.jpeg 681w,https:\/\/i.blogs.es\/4d4df5\/audiard\/1024_2000.jpeg 1024w, https:\/\/i.blogs.es\/4d4df5\/audiard\/1366_2000.jpeg 1366w\" src=\"https:\/\/i.blogs.es\/4d4df5\/audiard\/450_1000.jpeg\" alt=\"Audiard\"\/><br \/>\n   <img decoding=\"async\" alt=\"Audiard\" class=\"\" src=\"https:\/\/i.blogs.es\/4d4df5\/audiard\/450_1000.jpeg\"\/><\/p><\/div>\n<\/div>\n<p>De hecho, Audiard ha ampliado lo que cree al respecto: <em>\u00abPienso en c\u00f3mo est\u00e1 hiriendo a otros, al equipo y todas esas personas que trabajaron tan incre\u00edblemente duro en la pel\u00edcula. Pienso en m\u00ed mismo, en Zoe y Selena. Simplemente no entiendo por qu\u00e9 sigue haci\u00e9ndonos da\u00f1o. No voy a ponerme en contacto con ella porque <\/em><em><strong>necesita espacio para reflexionar y asumir la responsabilidad de sus actos<\/strong><\/em><em>\u00ab<\/em>. De momento, los Critics Choice Awards son este viernes y la actriz no estar\u00e1 presente. Solo queda la duda de qu\u00e9 har\u00e1 en los \u00d3scar: <strong>\u00bfAprovechar algo que solo te va a pasar una vez en la vida o no querer ser el centro de todas las miradas internacionales?<\/strong> No es mal debate para una muchacha de Alcobendas.<\/p>\n<p><!-- BREAK 3 --> <\/p>\n<p>Foto | Festival de San Sebasti\u00e1n<\/p>\n<p>En Espinof | <a class=\"text-outboundlink\" href=\"https:\/\/www.espinof.com\/criticas\/emilia-perez-libertad-absoluta-como-sinonimo-buen-cine\" data-vars-post-title=\"&#039;Emilia P\u00e9rez&#039;. La libertad absoluta como sin\u00f3nimo de buen cine\" data-vars-post-url=\"https:\/\/www.espinof.com\/criticas\/emilia-perez-libertad-absoluta-como-sinonimo-buen-cine\" target=\"_blank\" rel=\"noopener\">&#8216;Emilia P\u00e9rez&#8217;. La libertad absoluta como sin\u00f3nimo de buen cine<\/a><\/p>\n<p>En Espinof | <a class=\"text-outboundlink\" href=\"https:\/\/www.espinof.com\/listas\/mejores-bandas-sonoras-cine-decada\" data-vars-post-title=\"Las 41 mejores bandas sonoras del cine de la d\u00e9cada\" data-vars-post-url=\"https:\/\/www.espinof.com\/listas\/mejores-bandas-sonoras-cine-decada\" target=\"_blank\" rel=\"noopener\">Las 41 mejores bandas sonoras del cine de la d\u00e9cada<\/a><\/p>\n<\/p><\/div>\n<p><a href=\"https:\/\/www.espinof.com\/directores-y-guionistas\/esta-momento-autodestructivo-director-emilia-perez-se-niega-rotundo-a-volver-a-hablar-karla-sofia-gascon\" class=\" target=\" title=\"\" en un momento El director de &#039;Emilia se niega rotundo volver hablar con Karla  target=\"_blank\" rel=\"noopener\">Ver fuente<\/a><\/p>\n","protected":false},"excerpt":{"rendered":"<p>No importa si te gust\u00f3 o no &#8216;Emilia P\u00e9rez&#8217;. Ni siquiera si est\u00e1s en el lado de quien desprecia a Karla Sof\u00eda Gasc\u00f3n por sus tuits o de quien la apoya porque todos hemos cometido errores en Internet. Lo \u00fanico que est\u00e1 claro es que ver c\u00f3mo su candidatura (y por extensi\u00f3n, la de su [&hellip;]<\/p>\n","protected":false},"author":2,"featured_media":48527,"comment_status":"open","ping_status":"closed","sticky":false,"template":"","format":"standard","meta":{"footnotes":""},"categories":[8],"tags":[],"class_list":["post-48526","post","type-post","status-publish","format-standard","has-post-thumbnail","hentry","category-entretenimiento"],"_links":{"self":[{"href":"https:\/\/enfoquenoticioso.com\/index.php?rest_route=\/wp\/v2\/posts\/48526","targetHints":{"allow":["GET"]}}],"collection":[{"href":"https:\/\/enfoquenoticioso.com\/index.php?rest_route=\/wp\/v2\/posts"}],"about":[{"href":"https:\/\/enfoquenoticioso.com\/index.php?rest_route=\/wp\/v2\/types\/post"}],"author":[{"embeddable":true,"href":"https:\/\/enfoquenoticioso.com\/index.php?rest_route=\/wp\/v2\/users\/2"}],"replies":[{"embeddable":true,"href":"https:\/\/enfoquenoticioso.com\/index.php?rest_route=%2Fwp%2Fv2%2Fcomments&post=48526"}],"version-history":[{"count":0,"href":"https:\/\/enfoquenoticioso.com\/index.php?rest_route=\/wp\/v2\/posts\/48526\/revisions"}],"wp:featuredmedia":[{"embeddable":true,"href":"https:\/\/enfoquenoticioso.com\/index.php?rest_route=\/wp\/v2\/media\/48527"}],"wp:attachment":[{"href":"https:\/\/enfoquenoticioso.com\/index.php?rest_route=%2Fwp%2Fv2%2Fmedia&parent=48526"}],"wp:term":[{"taxonomy":"category","embeddable":true,"href":"https:\/\/enfoquenoticioso.com\/index.php?rest_route=%2Fwp%2Fv2%2Fcategories&post=48526"},{"taxonomy":"post_tag","embeddable":true,"href":"https:\/\/enfoquenoticioso.com\/index.php?rest_route=%2Fwp%2Fv2%2Ftags&post=48526"}],"curies":[{"name":"wp","href":"https:\/\/api.w.org\/{rel}","templated":true}]}}