{"id":48533,"date":"2025-02-06T10:52:25","date_gmt":"2025-02-06T10:52:25","guid":{"rendered":"https:\/\/enfoquenoticioso.com\/entretenimiento\/soy-la-espia-mas-joven-de-la-ii-guerra-mundial-liana-romero-swirski-comparte-con-david-broncano-la-sobrecogedora-historia-sobre-los-campos-de-concentracion-nazi\/"},"modified":"2025-02-06T10:52:25","modified_gmt":"2025-02-06T10:52:25","slug":"soy-la-espia-mas-joven-de-la-ii-guerra-mundial-liana-romero-swirski-comparte-con-david-broncano-la-sobrecogedora-historia-sobre-los-campos-de-concentracion-nazi","status":"publish","type":"post","link":"https:\/\/enfoquenoticioso.com\/?p=48533","title":{"rendered":"\u00abSoy la esp\u00eda m\u00e1s joven de la II Guerra Mundial\u00bb. Liana Romero Swirski comparte con David Broncano la sobrecogedora historia sobre los campos de concentraci\u00f3n nazi"},"content":{"rendered":"<div>\n<p>Otro punto imprevisible de <a class=\"text-outboundlink\" href=\"https:\/\/www.espinof.com\/criticas\/revuelta-siquiera-intenta-luchar-hormiguero-sigue-teniendo-espiritu-programa-nicho-hecho-cuatro-amigos-garaje\" data-vars-post-title=\"&#039;La revuelta&#039; ni siquiera intenta luchar contra &#039;El hormiguero&#039; y sigue teniendo el esp\u00edritu de programa de nicho hecho por cuatro amigos en un garaje\" data-vars-post-url=\"https:\/\/www.espinof.com\/criticas\/revuelta-siquiera-intenta-luchar-hormiguero-sigue-teniendo-espiritu-programa-nicho-hecho-cuatro-amigos-garaje\" target=\"_blank\" rel=\"noopener\">&#8216;La revuelta&#8217;<\/a> son los invitados, que no siempre son los que te esperas. Anoche, David Broncano entrevist\u00f3 a Liana Romero Swirski, la esp\u00eda m\u00e1s joven de la II Guerra Mundial que comparti\u00f3 muchas an\u00e9cdotas sobre la profesi\u00f3n, incluyendo <strong>el momento en que su madre descubri\u00f3 lo que suced\u00eda en los campos de concentraci\u00f3n nazi<\/strong>.<\/p>\n<p><!-- BREAK 1 --> <\/p>\n<div id=\"ez-toc-container\" class=\"ez-toc-v2_0_81 counter-hierarchy ez-toc-counter ez-toc-grey ez-toc-container-direction\">\n<div class=\"ez-toc-title-container\">\n<p class=\"ez-toc-title\" style=\"cursor:inherit\">Tabla de Contenido<\/p>\n<span class=\"ez-toc-title-toggle\"><a href=\"#\" class=\"ez-toc-pull-right ez-toc-btn ez-toc-btn-xs ez-toc-btn-default ez-toc-toggle\" aria-label=\"Alternar tabla de contenidos\"><span class=\"ez-toc-js-icon-con\"><span class=\"\"><span class=\"eztoc-hide\" style=\"display:none;\">Toggle<\/span><span class=\"ez-toc-icon-toggle-span\"><svg style=\"fill: #999;color:#999\" xmlns=\"http:\/\/www.w3.org\/2000\/svg\" class=\"list-377408\" width=\"20px\" height=\"20px\" viewBox=\"0 0 24 24\" fill=\"none\"><path d=\"M6 6H4v2h2V6zm14 0H8v2h12V6zM4 11h2v2H4v-2zm16 0H8v2h12v-2zM4 16h2v2H4v-2zm16 0H8v2h12v-2z\" fill=\"currentColor\"><\/path><\/svg><svg style=\"fill: #999;color:#999\" class=\"arrow-unsorted-368013\" xmlns=\"http:\/\/www.w3.org\/2000\/svg\" width=\"10px\" height=\"10px\" viewBox=\"0 0 24 24\" version=\"1.2\" baseProfile=\"tiny\"><path d=\"M18.2 9.3l-6.2-6.3-6.2 6.3c-.2.2-.3.4-.3.7s.1.5.3.7c.2.2.4.3.7.3h11c.3 0 .5-.1.7-.3.2-.2.3-.5.3-.7s-.1-.5-.3-.7zM5.8 14.7l6.2 6.3 6.2-6.3c.2-.2.3-.5.3-.7s-.1-.5-.3-.7c-.2-.2-.4-.3-.7-.3h-11c-.3 0-.5.1-.7.3-.2.2-.3.5-.3.7s.1.5.3.7z\"\/><\/svg><\/span><\/span><\/span><\/a><\/span><\/div>\n<nav><ul class='ez-toc-list ez-toc-list-level-1 ' ><li class='ez-toc-page-1 ez-toc-heading-level-2'><a class=\"ez-toc-link ez-toc-heading-1\" href=\"https:\/\/enfoquenoticioso.com\/?p=48533\/#%C2%ABEl_cabello_lo_utilizaban_para_tejer_calcetines%C2%BB\" >\u00abEl cabello lo utilizaban para tejer calcetines\u00bb<\/a><\/li><\/ul><\/nav><\/div>\n<h2><span class=\"ez-toc-section\" id=\"%C2%ABEl_cabello_lo_utilizaban_para_tejer_calcetines%C2%BB\"><\/span>\u00abEl cabello lo utilizaban para tejer calcetines\u00bb<span class=\"ez-toc-section-end\"><\/span><\/h2>\n<p>Durante el programa de anoche, &#8216;La revueta&#8217; recibi\u00f3 a Liana Romero Swirski. Seg\u00fan cont\u00f3 David Broncano, la mujer se puso en contacto con \u00e9l \u00a0mediante correo electr\u00f3nico y se present\u00f3 de la siguiente manera: <strong>\u00abSoy la esp\u00eda m\u00e1s joven de la II Guerra Mundial\u00bb<\/strong>. La presentaci\u00f3n no es balad\u00ed, ya que Romero, que actualmente tiene 93 a\u00f1os, comenz\u00f3 a trabajar como esp\u00eda a los 11 a\u00f1os.<\/p>\n<p><!-- BREAK 2 --><\/p>\n<div class=\"article-asset article-asset-normal article-asset-center\">\n<div class=\"desvio-container\">\n<div class=\"desvio\">\n<div class=\"desvio-figure js-desvio-figure\">\n    <a href=\"https:\/\/www.espinof.com\/reality\/aitana-sanchez-gijon-desvela-a-david-broncano-su-peculiar-anecdota-richard-gere-como-cambio-este-aspecto-su-vida-era-valioso-mundo\" class=\"pivot-outboundlink\" data-vars-post-title=\"Aitana S\u00e1nchez-Gij\u00f3n desvela a David Broncano su peculiar an\u00e9cdota con Richard Gere y c\u00f3mo cambi\u00f3 este aspecto de su vida. &quot;Era lo m\u00e1s valioso del mundo&quot; \" target=\"_blank\" rel=\"noopener\"><br \/>\n     <img loading=\"lazy\" decoding=\"async\" alt=\"Aitana S\u00e1nchez-Gij\u00f3n desvela a David Broncano su peculiar an\u00e9cdota con Richard Gere y c\u00f3mo cambi\u00f3 este aspecto de su vida. &quot;Era lo m\u00e1s valioso del mundo&quot; \" width=\"375\" height=\"142\" src=\"https:\/\/i.blogs.es\/170e3c\/la-revuelta\/375_142.jpeg\"\/><br \/>\n    <\/a>\n   <\/div>\n<\/p><\/div>\n<\/p><\/div>\n<\/div>\n<p>Lo hizo en compa\u00f1\u00eda de <strong>su madre, Larissa Swirski<\/strong>, tambi\u00e9n conocida como \u00abla reina de corazones\u00bb y <strong>una de las mayores esp\u00edas de la II Guerra Mundial<\/strong>. Su madre era de Odessa (Ucrania) y comenz\u00f3 trabajando como esp\u00eda para Alemania. Sin embargo, tal y como relat\u00f3 Romero, cambi\u00f3 de bando enseguida en cuanto descubri\u00f3 lo que hac\u00edan los nazis en los campos de concentraci\u00f3n:<\/p>\n<p><!-- BREAK 3 --> <\/p>\n<blockquote><p>\u00abEn el sur de Espa\u00f1a, en esa \u00e9poca, no se ten\u00eda el menor conocimiento de lo que los alemanes estaban haciendo en Europa. Nosotros sab\u00edamos que hab\u00eda una guerra, Alemania contra Inglaterra (pero) no ten\u00edamos la menor idea de lo que estaban haciendo los nazis en los campos de concentraci\u00f3n. (&#8230;) Mi t\u00eda le dijo a mi madre: &#8216;No son campos de concentraci\u00f3n, son de exterminio, el que entra, no sale'\u00bb.<\/p><\/blockquote>\n<blockquote><p>\u00abLos trenes llegaban cargados de prisioneros jud\u00edos. A las mujeres se les rapaba el cabello, las dejaban calvas total, y el cabello lo utilizaban para tejer calcetines para los submarinistas alemanes. Por lo visto, conservaba el calor m\u00e1s que la lana. Hac\u00edan l\u00e1mparas y la cubierta la hac\u00edan con piel humana. Cuando mi madre oy\u00f3 todo esto, inmediatamente cambi\u00f3 de bando y dijo: &#8216;Yo no trabajo para los alemanes ni un solo d\u00eda m\u00e1s'\u00bb.<\/p><\/blockquote>\n<div class=\"article-asset-image article-asset-large article-asset-center\">\n<div class=\"asset-content\">\n                   <img class=\"\" height=\"1080\" width=\"1920\" loading=\"lazy\" decoding=\"async\" sizes=\"auto, 100vw\" fetchpriority=\"high\" srcset=\"https:\/\/i.blogs.es\/a1a786\/broncano\/450_1000.jpeg 450w, https:\/\/i.blogs.es\/a1a786\/broncano\/650_1200.jpeg 681w,https:\/\/i.blogs.es\/a1a786\/broncano\/1024_2000.jpeg 1024w, https:\/\/i.blogs.es\/a1a786\/broncano\/1366_2000.jpeg 1366w\" src=\"https:\/\/i.blogs.es\/a1a786\/broncano\/450_1000.jpeg\" alt=\"Broncano\"\/><br \/>\n   <img decoding=\"async\" alt=\"Broncano\" class=\"\" src=\"https:\/\/i.blogs.es\/a1a786\/broncano\/450_1000.jpeg\"\/><\/p><\/div>\n<\/div>\n<p>Adem\u00e1s, Romero trajo una c\u00e1mara de las que usaba su madre cuando era esp\u00eda, para llevar oculta en sus expediciones: \u00abEs incre\u00edble que esto sea del a\u00f1o 39, esto es valioso\u00bb admir\u00f3 Broncano. La esp\u00eda tambi\u00e9n explic\u00f3 <strong>el idioma secreto que utilizaba su madre para comunicarse<\/strong>, escribiendo con una mezcla de zumo de lim\u00f3n y ceniza: <strong>\u00abAparec\u00eda la letra, se le\u00eda un momento y luego desaparec\u00eda\u00bb<\/strong>.<\/p>\n<p><!-- BREAK 4 --><\/p>\n<p>En Espinof | <a class=\"text-outboundlink\" href=\"https:\/\/www.espinof.com\/criticas\/cuando-final-feliz-imposible-the-americans-nos-deja-despues-seis-temporadas-apasionantes\" data-vars-post-title=\"Cuando el final feliz es imposible: &#039;The Americans&#039; nos deja despu\u00e9s de seis temporadas apasionantes\" data-vars-post-url=\"https:\/\/www.espinof.com\/criticas\/cuando-final-feliz-imposible-the-americans-nos-deja-despues-seis-temporadas-apasionantes\" target=\"_blank\" rel=\"noopener\">Cuando el final feliz es imposible: &#8216;The Americans&#8217; nos deja despu\u00e9s de seis temporadas apasionantes<\/a><\/p>\n<p>En Espinof | <a class=\"text-outboundlink\" href=\"https:\/\/www.espinof.com\/listas\/series-esperadas-2025\" data-vars-post-title=\"Las 39 series m\u00e1s esperadas de 2025 y los mejores estrenos del a\u00f1o: &#039;Alien: Planeta Tierra&#039;, &#039;Daredevil: Born Again&#039;, la precuela de &#039;Outlander&#039; y mucho m\u00e1s \" data-vars-post-url=\"https:\/\/www.espinof.com\/listas\/series-esperadas-2025\" target=\"_blank\" rel=\"noopener\">Las series m\u00e1s esperadas de 2025<\/a><\/p>\n<\/p><\/div>\n<p><a href=\"https:\/\/www.espinof.com\/reality\/soy-espia-joven-ii-guerra-mundial-liana-romero-swirski-comparte-david-broncano-sobrecogedora-historia-campos-concentracion-nazi\" class=\" target=\" title=\"\" Soy la   joven de II Guerra Liana Romero Swirski comparte con David Broncano sobrecogedora historia sobre los campos  target=\"_blank\" rel=\"noopener\">Ver fuente<\/a><\/p>\n","protected":false},"excerpt":{"rendered":"<p>Otro punto imprevisible de &#8216;La revuelta&#8217; son los invitados, que no siempre son los que te esperas. Anoche, David Broncano entrevist\u00f3 a Liana Romero Swirski, la esp\u00eda m\u00e1s joven de la II Guerra Mundial que comparti\u00f3 muchas an\u00e9cdotas sobre la profesi\u00f3n, incluyendo el momento en que su madre descubri\u00f3 lo que suced\u00eda en los campos [&hellip;]<\/p>\n","protected":false},"author":2,"featured_media":48534,"comment_status":"open","ping_status":"closed","sticky":false,"template":"","format":"standard","meta":{"footnotes":""},"categories":[8],"tags":[],"class_list":["post-48533","post","type-post","status-publish","format-standard","has-post-thumbnail","hentry","category-entretenimiento"],"_links":{"self":[{"href":"https:\/\/enfoquenoticioso.com\/index.php?rest_route=\/wp\/v2\/posts\/48533","targetHints":{"allow":["GET"]}}],"collection":[{"href":"https:\/\/enfoquenoticioso.com\/index.php?rest_route=\/wp\/v2\/posts"}],"about":[{"href":"https:\/\/enfoquenoticioso.com\/index.php?rest_route=\/wp\/v2\/types\/post"}],"author":[{"embeddable":true,"href":"https:\/\/enfoquenoticioso.com\/index.php?rest_route=\/wp\/v2\/users\/2"}],"replies":[{"embeddable":true,"href":"https:\/\/enfoquenoticioso.com\/index.php?rest_route=%2Fwp%2Fv2%2Fcomments&post=48533"}],"version-history":[{"count":0,"href":"https:\/\/enfoquenoticioso.com\/index.php?rest_route=\/wp\/v2\/posts\/48533\/revisions"}],"wp:featuredmedia":[{"embeddable":true,"href":"https:\/\/enfoquenoticioso.com\/index.php?rest_route=\/wp\/v2\/media\/48534"}],"wp:attachment":[{"href":"https:\/\/enfoquenoticioso.com\/index.php?rest_route=%2Fwp%2Fv2%2Fmedia&parent=48533"}],"wp:term":[{"taxonomy":"category","embeddable":true,"href":"https:\/\/enfoquenoticioso.com\/index.php?rest_route=%2Fwp%2Fv2%2Fcategories&post=48533"},{"taxonomy":"post_tag","embeddable":true,"href":"https:\/\/enfoquenoticioso.com\/index.php?rest_route=%2Fwp%2Fv2%2Ftags&post=48533"}],"curies":[{"name":"wp","href":"https:\/\/api.w.org\/{rel}","templated":true}]}}