{"id":48577,"date":"2025-02-06T13:57:32","date_gmt":"2025-02-06T13:57:32","guid":{"rendered":"https:\/\/enfoquenoticioso.com\/entretenimiento\/la-que-se-avecina-pierde-a-uno-de-sus-protagonistas-este-iconico-personaje-no-estara-en-la-temporada-16-porque-esta-todo-contado\/"},"modified":"2025-02-06T13:57:32","modified_gmt":"2025-02-06T13:57:32","slug":"la-que-se-avecina-pierde-a-uno-de-sus-protagonistas-este-iconico-personaje-no-estara-en-la-temporada-16-porque-esta-todo-contado","status":"publish","type":"post","link":"https:\/\/enfoquenoticioso.com\/?p=48577","title":{"rendered":"&#8216;La que se avecina&#8217; pierde a uno de sus protagonistas. Este ic\u00f3nico personaje no estar\u00e1 en la temporada 16 porque \u00abest\u00e1 todo contado\u00bb"},"content":{"rendered":"<div>\n<p>Si bien no formaba parte del elenco original de &#8216;<a class=\"text-outboundlink\" href=\"https:\/\/www.espinof.com\/todo-lo-que-sabemos\/que-se-avecina-temporada-15-trailer-fecha-estreno-reparto-todo-que-sabemos-serie-telecinco-amazon-prime-video\" data-vars-post-title=\"&#039;La que se avecina&#039; temporada 15 - fecha de estreno, reparto y todo lo que sabemos sobre el regreso de la serie de Telecinco en Amazon Prime Video\" data-vars-post-url=\"https:\/\/www.espinof.com\/todo-lo-que-sabemos\/que-se-avecina-temporada-15-trailer-fecha-estreno-reparto-todo-que-sabemos-serie-telecinco-amazon-prime-video\" target=\"_blank\" rel=\"noopener\">La que se avecina<\/a>&#8216;, como muchos de sus compa\u00f1eros provenientes de &#8216;<a href=\"https:\/\/www.espinof.com\/tag\/aqui-no-hay-quien-viva\" target=\"_blank\" rel=\"noopener\">Aqu\u00ed no hay quien viva<\/a>&#8216;, el personaje de <strong>Ferm\u00edn, interpretado por Fernando Tejero<\/strong> ha sido una constante ic\u00f3nica durante todo un decenio. Hasta ahora.<\/p>\n<p><!-- BREAK 1 --> <\/p>\n<p>El actor <strong>ha anunciado por sorpresa que no estar\u00e1 en la temporada 16<\/strong> de la comedia de Mediaset. Una decisi\u00f3n que ya llevar\u00eda un tiempo fragu\u00e1ndose, ya que en la reci\u00e9n emitida temporada 15 (vista ya en Prime Video pero pendiente de que llegue a Telecinco) su participaci\u00f3n ha sido bastante menor que de costumbre.<\/p>\n<p><!-- BREAK 2 --><\/p>\n<div class=\"article-asset article-asset-normal article-asset-center\">\n<div class=\"desvio-container\">\n<div class=\"desvio\">\n<div class=\"desvio-figure js-desvio-figure\">\n    <a href=\"https:\/\/www.espinof.com\/criticas\/mejor-serie-creadores-que-se-avecina-demasiado-corta-temporada-2-muertos-s-l-llega-a-su-fin-dejando-ganas\" class=\"pivot-outboundlink\" data-vars-post-title=\"La mejor serie de los creadores de &#039;La que se avecina&#039; es demasiado corta: la temporada 2 de &#039;Muertos S.L.&#039; llega a su fin dejando con ganas de m\u00e1s\" target=\"_blank\" rel=\"noopener\"><br \/>\n     <img loading=\"lazy\" decoding=\"async\" alt=\"La mejor serie de los creadores de 'La que se avecina' es demasiado corta: la temporada 2 de 'Muertos S.L.' llega a su fin dejando con ganas de m\u00e1s\" width=\"375\" height=\"142\" src=\"https:\/\/i.blogs.es\/88bb4f\/muertos-sl-cartel\/375_142.jpeg\"\/><br \/>\n    <\/a>\n   <\/div>\n<\/p><\/div>\n<\/p><\/div>\n<\/div>\n<div id=\"ez-toc-container\" class=\"ez-toc-v2_0_81 counter-hierarchy ez-toc-counter ez-toc-grey ez-toc-container-direction\">\n<div class=\"ez-toc-title-container\">\n<p class=\"ez-toc-title\" style=\"cursor:inherit\">Tabla de Contenido<\/p>\n<span class=\"ez-toc-title-toggle\"><a href=\"#\" class=\"ez-toc-pull-right ez-toc-btn ez-toc-btn-xs ez-toc-btn-default ez-toc-toggle\" aria-label=\"Alternar tabla de contenidos\"><span class=\"ez-toc-js-icon-con\"><span class=\"\"><span class=\"eztoc-hide\" style=\"display:none;\">Toggle<\/span><span class=\"ez-toc-icon-toggle-span\"><svg style=\"fill: #999;color:#999\" xmlns=\"http:\/\/www.w3.org\/2000\/svg\" class=\"list-377408\" width=\"20px\" height=\"20px\" viewBox=\"0 0 24 24\" fill=\"none\"><path d=\"M6 6H4v2h2V6zm14 0H8v2h12V6zM4 11h2v2H4v-2zm16 0H8v2h12v-2zM4 16h2v2H4v-2zm16 0H8v2h12v-2z\" fill=\"currentColor\"><\/path><\/svg><svg style=\"fill: #999;color:#999\" class=\"arrow-unsorted-368013\" xmlns=\"http:\/\/www.w3.org\/2000\/svg\" width=\"10px\" height=\"10px\" viewBox=\"0 0 24 24\" version=\"1.2\" baseProfile=\"tiny\"><path d=\"M18.2 9.3l-6.2-6.3-6.2 6.3c-.2.2-.3.4-.3.7s.1.5.3.7c.2.2.4.3.7.3h11c.3 0 .5-.1.7-.3.2-.2.3-.5.3-.7s-.1-.5-.3-.7zM5.8 14.7l6.2 6.3 6.2-6.3c.2-.2.3-.5.3-.7s-.1-.5-.3-.7c-.2-.2-.4-.3-.7-.3h-11c-.3 0-.5.1-.7.3-.2.2-.3.5-.3.7s.1.5.3.7z\"\/><\/svg><\/span><\/span><\/span><\/a><\/span><\/div>\n<nav><ul class='ez-toc-list ez-toc-list-level-1 ' ><li class='ez-toc-page-1 ez-toc-heading-level-2'><a class=\"ez-toc-link ez-toc-heading-1\" href=\"https:\/\/enfoquenoticioso.com\/?p=48577\/#Otro_momento_de_su_vida\" >Otro momento de su vida<\/a><\/li><\/ul><\/nav><\/div>\n<h2><span class=\"ez-toc-section\" id=\"Otro_momento_de_su_vida\"><\/span>Otro momento de su vida<span class=\"ez-toc-section-end\"><\/span><\/h2>\n<p><em>\u00abEstoy en otro momento de mi vida\u00bb<\/em>, asegura Tejero en <strong>declaraciones para La8 Mediterr\u00e1neo<\/strong>. El veterano actor aduce no solo que est\u00e1 a bordo de muchos proyectos m\u00e1s (teatro, &#8216;Los Farad&#8217;, quiere escribir una pel\u00edcula, etc.), sino tambi\u00e9n que siente que <em>\u00abtodo lo que ten\u00eda que contar de Ferm\u00edn ya lo he contado\u00bb<\/em>.<\/p>\n<p><!-- BREAK 3 --> <\/p>\n<blockquote><p>\u00abYo creo que la vida son etapas, y yo siento que del personaje de Ferm\u00edn est\u00e1 todo contado. Estoy en otro barco ahora, quiero hacer otras cosas (&#8230;) Soy un actor que si me paso mucho tiempo haciendo lo mismo, me siento un poco funcionario. Con todo el respeto a los funcionarios, eh.\u00bb<\/p><\/blockquote>\n<p>Ahora habr\u00e1 que ver c\u00f3mo se suple su ausencia,<strong> pero en todos estos a\u00f1os hemos tenido numerosas idas y venidas<\/strong> de personajes e, incluso, un cambio de edificio con cierto reseteo en cuanto al reparto. Recordemos, adem\u00e1s, que &#8216;La que se avecina&#8217; est\u00e1 renovada no solo para una temporada 16, <a class=\"text-outboundlink\" href=\"https:\/\/www.espinof.com\/series-de-ficcion\/termina-drama-que-se-avecina-tranquilidad-para-seguidores\" data-vars-post-title=\"Termina el drama de &#039;La que se avecina&#039; con tranquilidad para los seguidores \" data-vars-post-url=\"https:\/\/www.espinof.com\/series-de-ficcion\/termina-drama-que-se-avecina-tranquilidad-para-seguidores\" target=\"_blank\" rel=\"noopener\">tambi\u00e9n para una 17<\/a> que veremos en los pr\u00f3ximos a\u00f1os.<\/p>\n<p><!-- BREAK 4 --><\/p>\n<p>En Espinof | <a class=\"text-outboundlink\" href=\"https:\/\/www.espinof.com\/actores-y-actrices\/que-fue-eduardo-garcia-nino-trasto-aqui-no-hay-quien-viva-que-se-salio-que-se-avecina-termino-liandola-como-rapero\" data-vars-post-title=\"Qu\u00e9 fue de Eduardo Garc\u00eda, el ni\u00f1o trasto de &#039;Aqu\u00ed no hay quien viva&#039; que se sali\u00f3 de &#039;La que se avecina&#039; y termin\u00f3 li\u00e1ndola como rapero\" data-vars-post-url=\"https:\/\/www.espinof.com\/actores-y-actrices\/que-fue-eduardo-garcia-nino-trasto-aqui-no-hay-quien-viva-que-se-salio-que-se-avecina-termino-liandola-como-rapero\" target=\"_blank\" rel=\"noopener\">Qu\u00e9 fue de Eduardo Garc\u00eda<\/a><\/p>\n<p>En Espinof | <a class=\"text-outboundlink\" href=\"https:\/\/www.espinof.com\/listas\/mejores-series-2024\" data-vars-post-title=\"Las 21 mejores series de 2024 y d\u00f3nde verlas\" data-vars-post-url=\"https:\/\/www.espinof.com\/listas\/mejores-series-2024\" target=\"_blank\" rel=\"noopener\">Las mejores series de 2024<\/a><\/p>\n<\/p><\/div>\n<p><a href=\"https:\/\/www.espinof.com\/series-de-ficcion\/que-se-avecina-pierde-a-uno-sus-protagonistas-este-iconico-personaje-no-estara-temporada-16-porque-esta-todo-contado\" class=\" target=\" title=\"&#039;La que se avecina&#039; pierde a uno de sus protagonistas. Este ic\u00f3nico personaje no estar\u00e1 en la temporada 16 porque \" todo target=\"_blank\" rel=\"noopener\">Ver fuente<\/a><\/p>\n","protected":false},"excerpt":{"rendered":"<p>Si bien no formaba parte del elenco original de &#8216;La que se avecina&#8216;, como muchos de sus compa\u00f1eros provenientes de &#8216;Aqu\u00ed no hay quien viva&#8216;, el personaje de Ferm\u00edn, interpretado por Fernando Tejero ha sido una constante ic\u00f3nica durante todo un decenio. Hasta ahora. El actor ha anunciado por sorpresa que no estar\u00e1 en la [&hellip;]<\/p>\n","protected":false},"author":2,"featured_media":48578,"comment_status":"open","ping_status":"closed","sticky":false,"template":"","format":"standard","meta":{"footnotes":""},"categories":[8],"tags":[],"class_list":["post-48577","post","type-post","status-publish","format-standard","has-post-thumbnail","hentry","category-entretenimiento"],"_links":{"self":[{"href":"https:\/\/enfoquenoticioso.com\/index.php?rest_route=\/wp\/v2\/posts\/48577","targetHints":{"allow":["GET"]}}],"collection":[{"href":"https:\/\/enfoquenoticioso.com\/index.php?rest_route=\/wp\/v2\/posts"}],"about":[{"href":"https:\/\/enfoquenoticioso.com\/index.php?rest_route=\/wp\/v2\/types\/post"}],"author":[{"embeddable":true,"href":"https:\/\/enfoquenoticioso.com\/index.php?rest_route=\/wp\/v2\/users\/2"}],"replies":[{"embeddable":true,"href":"https:\/\/enfoquenoticioso.com\/index.php?rest_route=%2Fwp%2Fv2%2Fcomments&post=48577"}],"version-history":[{"count":0,"href":"https:\/\/enfoquenoticioso.com\/index.php?rest_route=\/wp\/v2\/posts\/48577\/revisions"}],"wp:featuredmedia":[{"embeddable":true,"href":"https:\/\/enfoquenoticioso.com\/index.php?rest_route=\/wp\/v2\/media\/48578"}],"wp:attachment":[{"href":"https:\/\/enfoquenoticioso.com\/index.php?rest_route=%2Fwp%2Fv2%2Fmedia&parent=48577"}],"wp:term":[{"taxonomy":"category","embeddable":true,"href":"https:\/\/enfoquenoticioso.com\/index.php?rest_route=%2Fwp%2Fv2%2Fcategories&post=48577"},{"taxonomy":"post_tag","embeddable":true,"href":"https:\/\/enfoquenoticioso.com\/index.php?rest_route=%2Fwp%2Fv2%2Ftags&post=48577"}],"curies":[{"name":"wp","href":"https:\/\/api.w.org\/{rel}","templated":true}]}}