{"id":48589,"date":"2025-02-06T14:59:44","date_gmt":"2025-02-06T14:59:44","guid":{"rendered":"https:\/\/enfoquenoticioso.com\/entretenimiento\/la-serie-de-asterix-para-netflix-promete-ser-una-de-las-mejores-aventuras-animadas-de-los-galos-el-combate-de-los-jefes-solo-ensena-cosas-buenas-y-me-tiene-dando-palmas\/"},"modified":"2025-02-06T14:59:44","modified_gmt":"2025-02-06T14:59:44","slug":"la-serie-de-asterix-para-netflix-promete-ser-una-de-las-mejores-aventuras-animadas-de-los-galos-el-combate-de-los-jefes-solo-ensena-cosas-buenas-y-me-tiene-dando-palmas","status":"publish","type":"post","link":"https:\/\/enfoquenoticioso.com\/?p=48589","title":{"rendered":"La serie de &#8216;Ast\u00e9rix&#8217; para Netflix promete ser una de las mejores aventuras animadas de los galos. &#8216;El combate de los jefes&#8217; solo ense\u00f1a cosas buenas y me tiene dando palmas"},"content":{"rendered":"<div>\n<p>All\u00e1 por 2021 Netflix anunci\u00f3 que ten\u00eda en marcha <a class=\"text-outboundlink\" href=\"https:\/\/www.espinof.com\/netflix\/asterix-tendra-su-primera-serie-netflix-marcha-adaptacion-animacion-3d-combate-jefes\" data-vars-post-title=\"&#039;Ast\u00e9rix&#039; tendr\u00e1 su primera serie en Netflix: en marcha la adaptaci\u00f3n en animaci\u00f3n 3D de &#039;El combate de los jefes&#039; \" data-vars-post-url=\"https:\/\/www.espinof.com\/netflix\/asterix-tendra-su-primera-serie-netflix-marcha-adaptacion-animacion-3d-combate-jefes\" target=\"_blank\" rel=\"noopener\">la primera serie en CGI de &#8216;Ast\u00e9rix&#8217;<\/a>&#8230; Pero tras la ristra de cancelaciones de proyectos animados, mucho lo ve\u00edamos ya muy negro. Por suerte, los galos se han salvado de la criba y parece que <strong>&#8216;Ast\u00e9rix y Ob\u00e9lix: El combate de los jefes<\/strong>&#8216; va viento en popa para traernos m\u00e1s poci\u00f3n m\u00e1gica, mamporros a mano abierta y menhires,<strong> muchos menhires.<\/strong><\/p>\n<p><!-- BREAK 1 --> <\/p>\n<div id=\"ez-toc-container\" class=\"ez-toc-v2_0_81 counter-hierarchy ez-toc-counter ez-toc-grey ez-toc-container-direction\">\n<div class=\"ez-toc-title-container\">\n<p class=\"ez-toc-title\" style=\"cursor:inherit\">Tabla de Contenido<\/p>\n<span class=\"ez-toc-title-toggle\"><a href=\"#\" class=\"ez-toc-pull-right ez-toc-btn ez-toc-btn-xs ez-toc-btn-default ez-toc-toggle\" aria-label=\"Alternar tabla de contenidos\"><span class=\"ez-toc-js-icon-con\"><span class=\"\"><span class=\"eztoc-hide\" style=\"display:none;\">Toggle<\/span><span class=\"ez-toc-icon-toggle-span\"><svg style=\"fill: #999;color:#999\" xmlns=\"http:\/\/www.w3.org\/2000\/svg\" class=\"list-377408\" width=\"20px\" height=\"20px\" viewBox=\"0 0 24 24\" fill=\"none\"><path d=\"M6 6H4v2h2V6zm14 0H8v2h12V6zM4 11h2v2H4v-2zm16 0H8v2h12v-2zM4 16h2v2H4v-2zm16 0H8v2h12v-2z\" fill=\"currentColor\"><\/path><\/svg><svg style=\"fill: #999;color:#999\" class=\"arrow-unsorted-368013\" xmlns=\"http:\/\/www.w3.org\/2000\/svg\" width=\"10px\" height=\"10px\" viewBox=\"0 0 24 24\" version=\"1.2\" baseProfile=\"tiny\"><path d=\"M18.2 9.3l-6.2-6.3-6.2 6.3c-.2.2-.3.4-.3.7s.1.5.3.7c.2.2.4.3.7.3h11c.3 0 .5-.1.7-.3.2-.2.3-.5.3-.7s-.1-.5-.3-.7zM5.8 14.7l6.2 6.3 6.2-6.3c.2-.2.3-.5.3-.7s-.1-.5-.3-.7c-.2-.2-.4-.3-.7-.3h-11c-.3 0-.5.1-.7.3-.2.2-.3.5-.3.7s.1.5.3.7z\"\/><\/svg><\/span><\/span><\/span><\/a><\/span><\/div>\n<nav><ul class='ez-toc-list ez-toc-list-level-1 ' ><li class='ez-toc-page-1 ez-toc-heading-level-2'><a class=\"ez-toc-link ez-toc-heading-1\" href=\"https:\/\/enfoquenoticioso.com\/?p=48589\/#Nos_vemos_en_el_cuadrilatero\" >Nos vemos en el cuadril\u00e1tero<\/a><\/li><\/ul><\/nav><\/div>\n<h2><span class=\"ez-toc-section\" id=\"Nos_vemos_en_el_cuadrilatero\"><\/span>Nos vemos en el cuadril\u00e1tero<span class=\"ez-toc-section-end\"><\/span><\/h2>\n<p>La verdad es que me considero muy fan de &#8216;<strong>Ast\u00e9rix<\/strong>&#8216; en general y las \u00faltimas pel\u00edculas en CGI de los personajes de <strong>Ren\u00e9 Goscinny y Albert Uderzo<\/strong> me han encantado, en especial &#8216;<a class=\"text-outboundlink\" href=\"https:\/\/www.espinof.com\/criticas\/comic-en-cine-asterix-la-residencia-de-los-dioses-de-alexandre-astier-y-louis-clichy\" data-vars-post-title=\"C\u00f3mic en cine: &#039;Ast\u00e9rix. La residencia de los dioses&#039;, de Alexandre Astier y Louis Clichy\" data-vars-post-url=\"https:\/\/www.espinof.com\/criticas\/comic-en-cine-asterix-la-residencia-de-los-dioses-de-alexandre-astier-y-louis-clichy\" target=\"_blank\" rel=\"noopener\">La residencia de los dioses<\/a>&#8216;. As\u00ed que voy con bastante entusiasmo por la serie de &#8216;El combate de los jefes&#8217;, sobre todo despu\u00e9s de ver el fant\u00e1stico primer tr\u00e1iler que nos lleg\u00f3 desde la plataforma.<\/p>\n<p><!-- BREAK 2 --><\/p>\n<p><strong>&#8216;Ast\u00e9rix y Ob\u00e9lix: El combate de los jefe<\/strong>s&#8217; llegar\u00e1 a Netflix el pr\u00f3ximo <strong>30 de abril<\/strong> y ser\u00e1 una miniserie limitada para adaptar uno de los c\u00f3mics m\u00e1s divertidos de Goscinny y Uderzo. Que aunque ya fue adaptado parcialmente en su momento con &#8216;El golpe del menhir&#8217;, ahora le han pegado alg\u00fan peque\u00f1o lavado de cara y con un estilo que le va de miedo a los personajes.<\/p>\n<p><!-- BREAK 3 --> <\/p>\n<div class=\"article-asset article-asset-normal article-asset-center\">\n<div class=\"desvio-container\">\n<div class=\"desvio\">\n<div class=\"desvio-figure js-desvio-figure\">\n    <a href=\"https:\/\/www.espinof.com\/otros\/asterix-obelix-cine-asi-han-sido-peliculas-que-han-adaptado-comic-uderzo-goscinny-a-largo-cinco-decadas\" class=\"pivot-outboundlink\" data-vars-post-title=\"Ast\u00e9rix y Ob\u00e9lix en el cine: as\u00ed han sido las pel\u00edculas que han adaptado el c\u00f3mic de Uderzo y Goscinny a lo largo de cinco d\u00e9cadas \" target=\"_blank\" rel=\"noopener\"><br \/>\n     <img loading=\"lazy\" decoding=\"async\" alt=\"Ast\u00e9rix y Ob\u00e9lix en el cine: as\u00ed han sido las pel\u00edculas que han adaptado el c\u00f3mic de Uderzo y Goscinny a lo largo de cinco d\u00e9cadas \" width=\"375\" height=\"142\" src=\"https:\/\/i.blogs.es\/0f21e0\/asterix-cine-espinof\/375_142.jpeg\"\/><br \/>\n    <\/a>\n   <\/div>\n<\/p><\/div>\n<\/p><\/div>\n<\/div>\n<p>Seg\u00fan la sinopsis oficial de la miniserie: Roma est\u00e1 desesperada por conquistar la \u00faltima aldea independiente en toda la Galia, hogar de Ast\u00e9rix y Ob\u00e9lix. El secreto de la superioridad de los galos en la batalla es una poci\u00f3n m\u00e1gica, pero <strong>cuando el druida encargado de prepararla pierde la memoria<\/strong>, los aldeanos quedan a su suerte frente al poder de Roma.<\/p>\n<p><!-- BREAK 4 --><\/p>\n<div class=\"article-asset-image article-asset-normal article-asset-center\">\n<div class=\"asset-content\">\n                   <img class=\"centro_sinmarco\" height=\"900\" width=\"1600\" loading=\"lazy\" decoding=\"async\" sizes=\"auto, 100vw\" fetchpriority=\"high\" srcset=\"https:\/\/i.blogs.es\/8619b6\/asterix-y-obelix-el-combate-de-los-jefes-2025\/450_1000.png 450w, https:\/\/i.blogs.es\/8619b6\/asterix-y-obelix-el-combate-de-los-jefes-2025\/650_1200.png 681w,https:\/\/i.blogs.es\/8619b6\/asterix-y-obelix-el-combate-de-los-jefes-2025\/1024_2000.png 1024w, https:\/\/i.blogs.es\/8619b6\/asterix-y-obelix-el-combate-de-los-jefes-2025\/1366_2000.png 1366w\" src=\"https:\/\/i.blogs.es\/8619b6\/asterix-y-obelix-el-combate-de-los-jefes-2025\/450_1000.png\" alt=\"Asterix Y Obelix El Combate De Los Jefes 2025\"\/><br \/>\n   <img decoding=\"async\" alt=\"Asterix Y Obelix El Combate De Los Jefes 2025\" class=\"centro_sinmarco\" src=\"https:\/\/i.blogs.es\/8619b6\/asterix-y-obelix-el-combate-de-los-jefes-2025\/450_1000.png\"\/><\/p><\/div>\n<\/div>\n<p>Lo nuevo de &#8216;<strong>Ast\u00e9rix<\/strong>&#8216; est\u00e1 dirigido y producido por por <strong>Alain Goldman<\/strong>, el director de &#8216;Ast\u00e9rix y Ob\u00e9lix: Misi\u00f3n Cleopatra&#8217;, y con animaci\u00f3n de TAT. Por ahora los primeros vistazos van muy bien encaminados y parece que han pillado el humor de miedo. Ahora a ver si est\u00e1 a la altura de las expectativas (y de estos cuatro a\u00f1os de espera), pero como sea tan buena como &#8216;La residencia de los dioses&#8217; ya va a merecer la pena.<\/p>\n<p><!-- BREAK 5 --><\/p>\n<p>En Espinof | <a class=\"text-outboundlink\" href=\"https:\/\/www.espinof.com\/listas\/mejores-peliculas-2024\" data-vars-post-title=\"Las 33 mejores pel\u00edculas de 2024\" data-vars-post-url=\"https:\/\/www.espinof.com\/listas\/mejores-peliculas-2024\" target=\"_blank\" rel=\"noopener\">Las mejores pel\u00edculas de 2024<\/a><\/p>\n<p>En Espinof | <a class=\"text-outboundlink\" href=\"https:\/\/www.espinof.com\/listas\/29-mejores-peliculas-animacion-historia\" data-vars-post-title=\"Las 31 mejores pel\u00edculas de animaci\u00f3n de la historia\" data-vars-post-url=\"https:\/\/www.espinof.com\/listas\/29-mejores-peliculas-animacion-historia\" target=\"_blank\" rel=\"noopener\">Las mejores pel\u00edculas de animaci\u00f3n de todos los tiempos<\/a><\/p>\n<\/p><\/div>\n<p><a href=\"https:\/\/www.espinof.com\/animacion\/serie-asterix-para-netflix-promete-ser-mejores-aventuras-animadas-galos-combate-jefes-solo-ensena-cosas-buenas-me-tiene-dando-palmas\" class=\" target=\" title=\"La serie de &#039;Ast\u00e9rix&#039; para Netflix promete ser una de las mejores aventuras animadas de los galos. &#039;El combate de los jefes&#039; solo ense\u00f1a cosas buenas y me tiene dando palmas\" target=\"_blank\" rel=\"noopener\">Ver fuente<\/a><\/p>\n","protected":false},"excerpt":{"rendered":"<p>All\u00e1 por 2021 Netflix anunci\u00f3 que ten\u00eda en marcha la primera serie en CGI de &#8216;Ast\u00e9rix&#8217;&#8230; Pero tras la ristra de cancelaciones de proyectos animados, mucho lo ve\u00edamos ya muy negro. Por suerte, los galos se han salvado de la criba y parece que &#8216;Ast\u00e9rix y Ob\u00e9lix: El combate de los jefes&#8216; va viento en [&hellip;]<\/p>\n","protected":false},"author":2,"featured_media":48590,"comment_status":"open","ping_status":"closed","sticky":false,"template":"","format":"standard","meta":{"footnotes":""},"categories":[8],"tags":[],"class_list":["post-48589","post","type-post","status-publish","format-standard","has-post-thumbnail","hentry","category-entretenimiento"],"_links":{"self":[{"href":"https:\/\/enfoquenoticioso.com\/index.php?rest_route=\/wp\/v2\/posts\/48589","targetHints":{"allow":["GET"]}}],"collection":[{"href":"https:\/\/enfoquenoticioso.com\/index.php?rest_route=\/wp\/v2\/posts"}],"about":[{"href":"https:\/\/enfoquenoticioso.com\/index.php?rest_route=\/wp\/v2\/types\/post"}],"author":[{"embeddable":true,"href":"https:\/\/enfoquenoticioso.com\/index.php?rest_route=\/wp\/v2\/users\/2"}],"replies":[{"embeddable":true,"href":"https:\/\/enfoquenoticioso.com\/index.php?rest_route=%2Fwp%2Fv2%2Fcomments&post=48589"}],"version-history":[{"count":0,"href":"https:\/\/enfoquenoticioso.com\/index.php?rest_route=\/wp\/v2\/posts\/48589\/revisions"}],"wp:featuredmedia":[{"embeddable":true,"href":"https:\/\/enfoquenoticioso.com\/index.php?rest_route=\/wp\/v2\/media\/48590"}],"wp:attachment":[{"href":"https:\/\/enfoquenoticioso.com\/index.php?rest_route=%2Fwp%2Fv2%2Fmedia&parent=48589"}],"wp:term":[{"taxonomy":"category","embeddable":true,"href":"https:\/\/enfoquenoticioso.com\/index.php?rest_route=%2Fwp%2Fv2%2Fcategories&post=48589"},{"taxonomy":"post_tag","embeddable":true,"href":"https:\/\/enfoquenoticioso.com\/index.php?rest_route=%2Fwp%2Fv2%2Ftags&post=48589"}],"curies":[{"name":"wp","href":"https:\/\/api.w.org\/{rel}","templated":true}]}}