{"id":4860,"date":"2024-06-05T02:18:20","date_gmt":"2024-06-05T02:18:20","guid":{"rendered":"https:\/\/enfoquenoticioso.com\/deporte\/venezuela-u15-conocio-su-calendario-para-el-mundial\/"},"modified":"2024-06-05T02:18:20","modified_gmt":"2024-06-05T02:18:20","slug":"venezuela-u15-conocio-su-calendario-para-el-mundial","status":"publish","type":"post","link":"https:\/\/enfoquenoticioso.com\/?p=4860","title":{"rendered":"Venezuela U15 conoci\u00f3 su calendario para el Mundial"},"content":{"rendered":"<div data-td-block-uid=\"tdi_91\">\n<div class=\"tdb-block-inner td-fix-index\">\n<p>El Team B\u00e9isbol Venezuela conoci\u00f3 su calendario para lo que ser\u00e1 el Mundial U15 que se llevar\u00e1 a cabo en Colombia en el mes de agosto.<\/p>\n<p>La selecci\u00f3n estar\u00e1 al mando de Francisco \u201cKid\u201d Rodr\u00edguez que repite como dirigente del equipo en esta categor\u00eda.<\/p>\n<p>El primer rival de los criollos ser\u00e1 la novena de Nicaragua el 16 de agosto. Un d\u00eda despu\u00e9s enfrentaran de visitante a China Taip\u00e9i.<\/p>\n<p>Los dirigidos por el \u201cKid\u201d Rodr\u00edguez tendr\u00e1n su primer encuentro como local cuando choquen el 18 de agosto contra el conjunto de Sud\u00e1frica. El 19 de agosto volver\u00e1n en condici\u00f3n de visitantes para jugar ante Pa\u00edses Bajos.<\/p>\n<p><strong>Lee tambi\u00e9n: <a href=\"https:\/\/www.liderendeportes.com\/noticias\/venezolanos-mlb\/wilyer-abreu-fuera-al-menos-10-dias\/\" target=\"_blank\" rel=\"noopener\">Wilyer Abreu fuera al menos 10 d\u00edas<\/a><\/strong><\/p>\n<p>La selecci\u00f3n venezolana buscar\u00e1 estar entre los primeros tres lugares de su llave para poder jugar contra los equipos del Grupo A, que est\u00e1 conformado por Rep\u00fablica Dominicana, Guam, Italia, Jap\u00f3n, Puerto Rico y el anfitri\u00f3n Colombia.<\/p>\n<p>Es de destacar, que el combinado nacional clasific\u00f3 para esta competici\u00f3n mundialista en el Premundial realizado en Rep\u00fablica Dominicana. Los criollos vencieron a la novena de Brasil en el juego decisivo para quedarse con el boleto al torneo de agosto.<\/p>\n<\/div>\n<\/div>\n<p><a href=\"https:\/\/www.liderendeportes.com\/noticias\/sin-categoria\/venezuela-u15-conocio-su-calendario-para-el-mundial\/\" class=\" target=\" title=\"Venezuela U15 conoci\u00f3 su calendario para el Mundial\" target=\"_blank\" rel=\"noopener\">Ver fuente<\/a><\/p>\n","protected":false},"excerpt":{"rendered":"<p>El Team B\u00e9isbol Venezuela conoci\u00f3 su calendario para lo que ser\u00e1 el Mundial U15 que se llevar\u00e1 a cabo en Colombia en el mes de agosto. La selecci\u00f3n estar\u00e1 al mando de Francisco \u201cKid\u201d Rodr\u00edguez que repite como dirigente del equipo en esta categor\u00eda. El primer rival de los criollos ser\u00e1 la novena de Nicaragua [&hellip;]<\/p>\n","protected":false},"author":2,"featured_media":4861,"comment_status":"open","ping_status":"closed","sticky":false,"template":"","format":"standard","meta":{"footnotes":""},"categories":[7],"tags":[],"class_list":["post-4860","post","type-post","status-publish","format-standard","has-post-thumbnail","hentry","category-deporte"],"_links":{"self":[{"href":"https:\/\/enfoquenoticioso.com\/index.php?rest_route=\/wp\/v2\/posts\/4860","targetHints":{"allow":["GET"]}}],"collection":[{"href":"https:\/\/enfoquenoticioso.com\/index.php?rest_route=\/wp\/v2\/posts"}],"about":[{"href":"https:\/\/enfoquenoticioso.com\/index.php?rest_route=\/wp\/v2\/types\/post"}],"author":[{"embeddable":true,"href":"https:\/\/enfoquenoticioso.com\/index.php?rest_route=\/wp\/v2\/users\/2"}],"replies":[{"embeddable":true,"href":"https:\/\/enfoquenoticioso.com\/index.php?rest_route=%2Fwp%2Fv2%2Fcomments&post=4860"}],"version-history":[{"count":0,"href":"https:\/\/enfoquenoticioso.com\/index.php?rest_route=\/wp\/v2\/posts\/4860\/revisions"}],"wp:featuredmedia":[{"embeddable":true,"href":"https:\/\/enfoquenoticioso.com\/index.php?rest_route=\/wp\/v2\/media\/4861"}],"wp:attachment":[{"href":"https:\/\/enfoquenoticioso.com\/index.php?rest_route=%2Fwp%2Fv2%2Fmedia&parent=4860"}],"wp:term":[{"taxonomy":"category","embeddable":true,"href":"https:\/\/enfoquenoticioso.com\/index.php?rest_route=%2Fwp%2Fv2%2Fcategories&post=4860"},{"taxonomy":"post_tag","embeddable":true,"href":"https:\/\/enfoquenoticioso.com\/index.php?rest_route=%2Fwp%2Fv2%2Ftags&post=4860"}],"curies":[{"name":"wp","href":"https:\/\/api.w.org\/{rel}","templated":true}]}}