{"id":48645,"date":"2025-02-06T20:29:12","date_gmt":"2025-02-06T20:29:12","guid":{"rendered":"https:\/\/enfoquenoticioso.com\/entretenimiento\/entre-autobuses-terroristas-burgueses-catalanes-y-grupos-indie\/"},"modified":"2025-02-06T20:29:12","modified_gmt":"2025-02-06T20:29:12","slug":"entre-autobuses-terroristas-burgueses-catalanes-y-grupos-indie","status":"publish","type":"post","link":"https:\/\/enfoquenoticioso.com\/?p=48645","title":{"rendered":"entre autobuses, terroristas, burgueses catalanes y grupos indie"},"content":{"rendered":"<div>\n<p>Aunque no lo creas, a\u00fan hay gente que cree que el cine espa\u00f1ol es todo \u00abpel\u00edculas de la guerra civil\u00bb. <strong>\u00a1Que la realidad no tape sus prejuicios!<\/strong> Aunque puede que este no sea el mejor a\u00f1o para el cine espa\u00f1ol, lo cierto es que si las pel\u00edculas <a class=\"text-outboundlink\" href=\"https:\/\/www.espinof.com\/premios-goya\/todos-nominados-a-premios-goya-2025-47-segundo-premio-infiltrada-arrasan-otro-desaire-a-almodovar\" data-vars-post-title=\"Premios Goya 2025: nominados, favoritos y fecha de la gala del cine espa\u00f1ol\" data-vars-post-url=\"https:\/\/www.espinof.com\/premios-goya\/todos-nominados-a-premios-goya-2025-47-segundo-premio-infiltrada-arrasan-otro-desaire-a-almodovar\" target=\"_blank\" rel=\"noopener\">nominadas al Goya<\/a> en 2025 demuestran algo es que en nuestro pa\u00eds hay un hueco para todo, desde el biopic musical de arte y ensayo hasta el thriller mod\u00e9lico basado en nuestro propio pasado. Pero con tantas pel\u00edculas nominadas y tan poco tiempo para verlas, <strong>es posible que no tengas ni idea de lo que va a pasar este s\u00e1bado en Granada<\/strong> durante la 39 edici\u00f3n de los Goya. No te preocupes, estamos aqu\u00ed para ayudarte a hacer tu quiniela.<\/p>\n<p><!-- BREAK 1 --> <\/p>\n<p>No es que yo sea un visionario, ni mucho menos: aunque no est\u00e1 tan abierto como en los <a class=\"text-outboundlink\" href=\"https:\/\/www.espinof.com\/todo-lo-que-sabemos\/premios-oscar-2025-nominados-favoritos-fecha-gala-otros-detalles-gran-evento-cinematografico\" data-vars-post-title=\"Premios Oscar 2025: nominados, favoritos, fecha de la gala y otros detalles del gran evento cinematogr\u00e1fico\" data-vars-post-url=\"https:\/\/www.espinof.com\/todo-lo-que-sabemos\/premios-oscar-2025-nominados-favoritos-fecha-gala-otros-detalles-gran-evento-cinematografico\" target=\"_blank\" rel=\"noopener\">\u00d3scar<\/a>, <strong>este a\u00f1o hay varias categor\u00edas en disputa absoluta <\/strong>en los premios principales, as\u00ed que, si no consegu\u00eds ganar la porra, no veng\u00e1is a exigir vuestro dinero de vuelta. No me hago responsable. Ahora s\u00ed, hagamos de Nostradamus hispano con <strong>nuestra quiniela para los Goya 2025<\/strong>. Crucemos los dedos.<\/p>\n<p><!-- BREAK 2 --><\/p>\n<div id=\"ez-toc-container\" class=\"ez-toc-v2_0_81 counter-hierarchy ez-toc-counter ez-toc-grey ez-toc-container-direction\">\n<div class=\"ez-toc-title-container\">\n<p class=\"ez-toc-title\" style=\"cursor:inherit\">Tabla de Contenido<\/p>\n<span class=\"ez-toc-title-toggle\"><a href=\"#\" class=\"ez-toc-pull-right ez-toc-btn ez-toc-btn-xs ez-toc-btn-default ez-toc-toggle\" aria-label=\"Alternar tabla de contenidos\"><span class=\"ez-toc-js-icon-con\"><span class=\"\"><span class=\"eztoc-hide\" style=\"display:none;\">Toggle<\/span><span class=\"ez-toc-icon-toggle-span\"><svg style=\"fill: #999;color:#999\" xmlns=\"http:\/\/www.w3.org\/2000\/svg\" class=\"list-377408\" width=\"20px\" height=\"20px\" viewBox=\"0 0 24 24\" fill=\"none\"><path d=\"M6 6H4v2h2V6zm14 0H8v2h12V6zM4 11h2v2H4v-2zm16 0H8v2h12v-2zM4 16h2v2H4v-2zm16 0H8v2h12v-2z\" fill=\"currentColor\"><\/path><\/svg><svg style=\"fill: #999;color:#999\" class=\"arrow-unsorted-368013\" xmlns=\"http:\/\/www.w3.org\/2000\/svg\" width=\"10px\" height=\"10px\" viewBox=\"0 0 24 24\" version=\"1.2\" baseProfile=\"tiny\"><path d=\"M18.2 9.3l-6.2-6.3-6.2 6.3c-.2.2-.3.4-.3.7s.1.5.3.7c.2.2.4.3.7.3h11c.3 0 .5-.1.7-.3.2-.2.3-.5.3-.7s-.1-.5-.3-.7zM5.8 14.7l6.2 6.3 6.2-6.3c.2-.2.3-.5.3-.7s-.1-.5-.3-.7c-.2-.2-.4-.3-.7-.3h-11c-.3 0-.5.1-.7.3-.2.2-.3.5-.3.7s.1.5.3.7z\"\/><\/svg><\/span><\/span><\/span><\/a><\/span><\/div>\n<nav><ul class='ez-toc-list ez-toc-list-level-1 ' ><li class='ez-toc-page-1 ez-toc-heading-level-2'><a class=\"ez-toc-link ez-toc-heading-1\" href=\"https:\/\/enfoquenoticioso.com\/?p=48645\/#Mejor_direccion_novel\" >Mejor direcci\u00f3n novel<\/a><\/li><li class='ez-toc-page-1 ez-toc-heading-level-2'><a class=\"ez-toc-link ez-toc-heading-2\" href=\"https:\/\/enfoquenoticioso.com\/?p=48645\/#Mejor_guion_adaptado\" >Mejor guion adaptado<\/a><\/li><li class='ez-toc-page-1 ez-toc-heading-level-2'><a class=\"ez-toc-link ez-toc-heading-3\" href=\"https:\/\/enfoquenoticioso.com\/?p=48645\/#Mejor_guion_original\" >Mejor guion original<\/a><\/li><li class='ez-toc-page-1 ez-toc-heading-level-2'><a class=\"ez-toc-link ez-toc-heading-4\" href=\"https:\/\/enfoquenoticioso.com\/?p=48645\/#Mejor_actriz_revelacion\" >Mejor actriz revelaci\u00f3n<\/a><\/li><li class='ez-toc-page-1 ez-toc-heading-level-2'><a class=\"ez-toc-link ez-toc-heading-5\" href=\"https:\/\/enfoquenoticioso.com\/?p=48645\/#Mejor_actor_revelacion\" >Mejor actor revelaci\u00f3n<\/a><\/li><li class='ez-toc-page-1 ez-toc-heading-level-2'><a class=\"ez-toc-link ez-toc-heading-6\" href=\"https:\/\/enfoquenoticioso.com\/?p=48645\/#Mejor_actriz_de_reparto\" >Mejor actriz de reparto<\/a><\/li><li class='ez-toc-page-1 ez-toc-heading-level-2'><a class=\"ez-toc-link ez-toc-heading-7\" href=\"https:\/\/enfoquenoticioso.com\/?p=48645\/#Mejor_actor_de_reparto\" >Mejor actor de reparto<\/a><\/li><li class='ez-toc-page-1 ez-toc-heading-level-2'><a class=\"ez-toc-link ez-toc-heading-8\" href=\"https:\/\/enfoquenoticioso.com\/?p=48645\/#Mejor_actriz\" >Mejor actriz<\/a><\/li><li class='ez-toc-page-1 ez-toc-heading-level-2'><a class=\"ez-toc-link ez-toc-heading-9\" href=\"https:\/\/enfoquenoticioso.com\/?p=48645\/#Mejor_actor\" >Mejor actor<\/a><\/li><li class='ez-toc-page-1 ez-toc-heading-level-2'><a class=\"ez-toc-link ez-toc-heading-10\" href=\"https:\/\/enfoquenoticioso.com\/?p=48645\/#Mejor_direccion\" >Mejor direcci\u00f3n<\/a><\/li><li class='ez-toc-page-1 ez-toc-heading-level-2'><a class=\"ez-toc-link ez-toc-heading-11\" href=\"https:\/\/enfoquenoticioso.com\/?p=48645\/#Premios_tecnicos\" >Premios t\u00e9cnicos<\/a><\/li><li class='ez-toc-page-1 ez-toc-heading-level-2'><a class=\"ez-toc-link ez-toc-heading-12\" href=\"https:\/\/enfoquenoticioso.com\/?p=48645\/#Mejor_pelicula\" >Mejor pel\u00edcula<\/a><\/li><\/ul><\/nav><\/div>\n<h2><span class=\"ez-toc-section\" id=\"Mejor_direccion_novel\"><\/span>Mejor direcci\u00f3n novel<span class=\"ez-toc-section-end\"><\/span><\/h2>\n<div class=\"article-asset-image article-asset-large article-asset-center\">\n<div class=\"asset-content\">\n                   <img class=\"\" height=\"843\" width=\"1499\" loading=\"lazy\" decoding=\"async\" sizes=\"auto, 100vw\" fetchpriority=\"high\" srcset=\"https:\/\/i.blogs.es\/a9f4ce\/estrella\/450_1000.jpeg 450w, https:\/\/i.blogs.es\/a9f4ce\/estrella\/650_1200.jpeg 681w,https:\/\/i.blogs.es\/a9f4ce\/estrella\/1024_2000.jpeg 1024w, https:\/\/i.blogs.es\/a9f4ce\/estrella\/1366_2000.jpeg 1366w\" src=\"https:\/\/i.blogs.es\/a9f4ce\/estrella\/450_1000.jpeg\" alt=\"Estrella\"\/><br \/>\n   <img decoding=\"async\" alt=\"Estrella\" class=\"\" src=\"https:\/\/i.blogs.es\/a9f4ce\/estrella\/450_1000.jpeg\"\/><\/p><\/div>\n<\/div>\n<p>Una de las categor\u00edas que, a priori, deber\u00edan estar m\u00e1s claras: <a class=\"text-outboundlink\" href=\"https:\/\/www.espinof.com\/criticas\/estrella-azul-mayores-sorpresas-ano-repleta-alma-corazon-tristeza-rock-incomprendido\" data-vars-post-title=\"&#039;La estrella azul&#039; es una de las mayores sorpresas del a\u00f1o, una pel\u00edcula repleta de alma, tristeza y rock incomprendido\" data-vars-post-url=\"https:\/\/www.espinof.com\/criticas\/estrella-azul-mayores-sorpresas-ano-repleta-alma-corazon-tristeza-rock-incomprendido\" target=\"_blank\" rel=\"noopener\">&#8216;La estrella azul&#8217;<\/a> ha conseguido 8 nominaciones m\u00e1s que merecidas, y <strong>Javier Macipe deber\u00eda recibir el premio sin grandes sobresaltos<\/strong>&#8230; A no ser que a los miembros de la Academia les pueda el gusto de darnos la imagen de Paz Vega en el escenario por su cinta &#8216;Rita&#8217; o dar un premio de consolaci\u00f3n a <a class=\"text-outboundlink\" href=\"https:\/\/www.espinof.com\/criticas\/sitges-2024-llanto-muy-original-su-estetica-fantastica-ester-exposito-capaz-levantar-guion-empenado-ser-terror-elevado\" data-vars-post-title=\"&#039;El llanto&#039; es muy original en su est\u00e9tica, pero ni una fant\u00e1stica Ester Exp\u00f3sito es capaz de levantar un guion empe\u00f1ado en ser &quot;terror elevado&quot; (Sitges 2024)\" data-vars-post-url=\"https:\/\/www.espinof.com\/criticas\/sitges-2024-llanto-muy-original-su-estetica-fantastica-ester-exposito-capaz-levantar-guion-empenado-ser-terror-elevado\" target=\"_blank\" rel=\"noopener\">&#8216;El Llanto&#8217;<\/a>, una de esas pel\u00edculas espa\u00f1olas que parec\u00eda que s\u00ed, pero se qued\u00f3 en el camino al \u00e9xito. <strong>A priori, eso s\u00ed, es una categor\u00eda ya vendida.<\/strong><\/p>\n<p><!-- BREAK 3 --> <\/p>\n<p><strong>Ganador<\/strong>: Javier Macipe (&#8216;La estrella azul&#8217;)<\/p>\n<h2><span class=\"ez-toc-section\" id=\"Mejor_guion_adaptado\"><\/span>Mejor guion adaptado<span class=\"ez-toc-section-end\"><\/span><\/h2>\n<div class=\"article-asset-image article-asset-large article-asset-center\">\n<div class=\"asset-content\">\n                   <img class=\"\" height=\"675\" width=\"1200\" loading=\"lazy\" decoding=\"async\" sizes=\"auto, 100vw\" fetchpriority=\"high\" srcset=\"https:\/\/i.blogs.es\/40a2ea\/habitacion\/450_1000.jpeg 450w, https:\/\/i.blogs.es\/40a2ea\/habitacion\/650_1200.jpeg 681w,https:\/\/i.blogs.es\/40a2ea\/habitacion\/1024_2000.jpeg 1024w, https:\/\/i.blogs.es\/40a2ea\/habitacion\/1366_2000.jpeg 1366w\" src=\"https:\/\/i.blogs.es\/40a2ea\/habitacion\/450_1000.jpeg\" alt=\"Habitacion\"\/><br \/>\n   <img decoding=\"async\" alt=\"Habitacion\" class=\"\" src=\"https:\/\/i.blogs.es\/40a2ea\/habitacion\/450_1000.jpeg\"\/><\/p><\/div>\n<\/div>\n<p>Personalmente, y sin dudarlo un instante, se lo dar\u00eda a <a class=\"text-outboundlink\" href=\"https:\/\/www.espinof.com\/criticas\/casa-mejores-peliculas-2024-excelente-emotiva-adaptacion-comic-paco-roca-que-todo-encaja\" data-vars-post-title=\"&#039;La Casa&#039; es una de las mejores pel\u00edculas de 2024. Una excelente y emotiva adaptaci\u00f3n del c\u00f3mic de Paco Roca en la que todo encaja\" data-vars-post-url=\"https:\/\/www.espinof.com\/criticas\/casa-mejores-peliculas-2024-excelente-emotiva-adaptacion-comic-paco-roca-que-todo-encaja\" target=\"_blank\" rel=\"noopener\">&#8216;La casa&#8217;<\/a>, <strong>una adaptaci\u00f3n absolutamente incre\u00edble del c\u00f3mic hom\u00f3nimo de Paco Roca<\/strong>, pero su ninguneo en el resto de categor\u00edas puede jugar en su contra. En su defecto, ser\u00eda para &#8216;Salve Mar\u00eda&#8217;, pero la veo sin posibilidades de ning\u00fan tipo, tristemente. En su lugar, <strong>los acad\u00e9micos pueden dar un premio de consolaci\u00f3n a Pedro Almod\u00f3var<\/strong> por un guion que, a la larga, es lo mejor de <a class=\"text-outboundlink\" href=\"https:\/\/www.espinof.com\/criticas\/habitacion-al-lado-notable-no-esta-al-nivel-mejores-peliculas-pedro-almodovar-tilda-swinton-julianne-moore-brillan-esta-medida-reflexion-muerte\" data-vars-post-title=\"&#039;La habitaci\u00f3n de al lado&#039; es notable pero no est\u00e1 al nivel de las mejores pel\u00edculas de Pedro Almod\u00f3var. Tilda Swinton y Julianne Moore brillan en esta medida reflexi\u00f3n sobre la muerte\" data-vars-post-url=\"https:\/\/www.espinof.com\/criticas\/habitacion-al-lado-notable-no-esta-al-nivel-mejores-peliculas-pedro-almodovar-tilda-swinton-julianne-moore-brillan-esta-medida-reflexion-muerte\" target=\"_blank\" rel=\"noopener\">&#8216;La habitaci\u00f3n de al lado&#8217;<\/a> (junto a sus dos protagonistas). Sus grandes competidoras son <a class=\"text-outboundlink\" href=\"https:\/\/www.espinof.com\/criticas\/los-destellos-encapsula-la-tristeza-compleja-e-infinita-de-acompanar-en-la-muerte-pero-pilar-palomero-se-niega-a-que-sea-una-pelicula-lacrimogena-festival-de-san-sebastian-2024\" data-vars-post-title=\"&#039;Los destellos&#039; encapsula la tristeza compleja e infinita de acompa\u00f1ar en la muerte, pero Pilar Palomero se niega a que sea una pel\u00edcula lacrim\u00f3gena | Festival de San Sebasti\u00e1n 2024\" data-vars-post-url=\"https:\/\/www.espinof.com\/criticas\/los-destellos-encapsula-la-tristeza-compleja-e-infinita-de-acompanar-en-la-muerte-pero-pilar-palomero-se-niega-a-que-sea-una-pelicula-lacrimogena-festival-de-san-sebastian-2024\" target=\"_blank\" rel=\"noopener\">&#8216;Los destellos&#8217;<\/a> y <a class=\"text-outboundlink\" href=\"https:\/\/www.espinof.com\/criticas\/soy-nevenka-muestra-solvencia-primer-me-too-historia-espana-su-mayor-acierto-hacer-que-resuene-nuestro-presente-festival-san-sebastian-2024\" data-vars-post-title=\"&#039;Soy Nevenka&#039; muestra con solvencia el primer &quot;Me Too&quot; de la historia de Espa\u00f1a, pero su mayor acierto es hacer que resuene con nuestro presente | Festival de San Sebasti\u00e1n 2024\" data-vars-post-url=\"https:\/\/www.espinof.com\/criticas\/soy-nevenka-muestra-solvencia-primer-me-too-historia-espana-su-mayor-acierto-hacer-que-resuene-nuestro-presente-festival-san-sebastian-2024\" target=\"_blank\" rel=\"noopener\">&#8216;Soy Nevenka&#8217;<\/a>, que pueden encontrar aqu\u00ed su premio de consolaci\u00f3n, pero, salvo sorpresa, Pedro subir\u00e1 a recoger otro cabez\u00f3n m\u00e1s.<\/p>\n<p><!-- BREAK 4 --><\/p>\n<p><strong>Ganador<\/strong>: Pedro Almod\u00f3var (&#8216;La habitaci\u00f3n de al lado&#8217;)<\/p>\n<h2><span class=\"ez-toc-section\" id=\"Mejor_guion_original\"><\/span>Mejor guion original<span class=\"ez-toc-section-end\"><\/span><\/h2>\n<div class=\"article-asset-image article-asset-large article-asset-center\">\n<div class=\"asset-content\">\n                   <img class=\"\" height=\"1125\" width=\"2000\" loading=\"lazy\" decoding=\"async\" sizes=\"auto, 100vw\" fetchpriority=\"high\" srcset=\"https:\/\/i.blogs.es\/07c85c\/llamas\/450_1000.jpeg 450w, https:\/\/i.blogs.es\/07c85c\/llamas\/650_1200.jpeg 681w,https:\/\/i.blogs.es\/07c85c\/llamas\/1024_2000.jpeg 1024w, https:\/\/i.blogs.es\/07c85c\/llamas\/1366_2000.jpeg 1366w\" src=\"https:\/\/i.blogs.es\/07c85c\/llamas\/450_1000.jpeg\" alt=\"Llamas\"\/><br \/>\n   <img decoding=\"async\" alt=\"Llamas\" class=\"\" src=\"https:\/\/i.blogs.es\/07c85c\/llamas\/450_1000.jpeg\"\/><\/p><\/div>\n<\/div>\n<p>Se complica la cosa un poco m\u00e1s. <strong>\u00bfPremiamos la personalidad de &#8216;Casa en llamas&#8217; o la eficiencia de &#8216;La infiltrada&#8217;? <\/strong>\u00bfLa originalidad de &#8216;La estrella azul&#8217; o la perfecci\u00f3n mainstream de <a class=\"text-outboundlink\" href=\"https:\/\/www.espinof.com\/criticas\/47-tiene-uno-finales-emotivos-ano-pelicula-nominada-a-goya-brilla-su-canto-a-esperanza\" data-vars-post-title=\"&#039;El 47&#039;, la pel\u00edcula m\u00e1s nominada a los Goya brilla en su canto a la esperanza\" data-vars-post-url=\"https:\/\/www.espinof.com\/criticas\/47-tiene-uno-finales-emotivos-ano-pelicula-nominada-a-goya-brilla-su-canto-a-esperanza\" target=\"_blank\" rel=\"noopener\">&#8216;El 47&#8217;<\/a>? \u00bfO quiz\u00e1 rompemos con todo y se lo damos inesperadamente a <a class=\"text-outboundlink\" href=\"https:\/\/www.espinof.com\/criticas\/marco-disecciona-mentiras-increibles-historia-espana-gracias-a-gran-eduard-fernandez-no-puede-evitar-repetirse-a\" data-vars-post-title=\"&#039;Marco&#039; disecciona una de las mentiras m\u00e1s incre\u00edbles de la historia de Espa\u00f1a gracias a un gran Eduard Fern\u00e1ndez. Pero acaba repiti\u00e9ndose\" data-vars-post-url=\"https:\/\/www.espinof.com\/criticas\/marco-disecciona-mentiras-increibles-historia-espana-gracias-a-gran-eduard-fernandez-no-puede-evitar-repetirse-a\" target=\"_blank\" rel=\"noopener\">&#8216;Marco&#8217;<\/a>? Esta categor\u00eda es pr\u00e1cticamente imposible de adivinar, <strong>pero viendo que Eduard Sola se ha llevado tanto el Feroz como el Gaud\u00ed<\/strong>, y sus discursos de recogida se han hecho virales, acrecentando el runr\u00fan, me inclino levemente a pensar que la historia de la familia catalana de <a class=\"text-outboundlink\" href=\"https:\/\/www.espinof.com\/criticas\/mejores-peliculas-espanolas-ano-puedes-ver-netflix-retorcido-retrato-familiar-que-no-deja-titere-cabeza\" data-vars-post-title=\"Es una de las mejores pel\u00edculas espa\u00f1olas del a\u00f1o y la puedes ver en Netflix. Un retorcido retrato familiar que no deja t\u00edtere con cabeza\" data-vars-post-url=\"https:\/\/www.espinof.com\/criticas\/mejores-peliculas-espanolas-ano-puedes-ver-netflix-retorcido-retrato-familiar-que-no-deja-titere-cabeza\" target=\"_blank\" rel=\"noopener\">&#8216;Casa en llamas&#8217;<\/a> puede hacerse con el galard\u00f3n. Eso s\u00ed, con todas las dudas del mundo.<\/p>\n<p><!-- BREAK 5 --><\/p>\n<p><strong>Ganador<\/strong>: Eduard Sola (&#8216;Casa en llamas&#8217;)<\/p>\n<div class=\"article-asset article-asset-normal article-asset-center\">\n<div class=\"desvio-container\">\n<div class=\"desvio\">\n<div class=\"desvio-figure js-desvio-figure\">\n    <a href=\"https:\/\/www.espinof.com\/premios-goya\/9-grandes-sorpresas-decepciones-nominaciones-a-goya-2025-ninguneo-a-najwa-nimri-faltada-a-pedro-almodovar\" class=\"pivot-outboundlink\" data-vars-post-title=\"Las 9 grandes sorpresas y decepciones de las nominaciones a los Goya 2025, entre el ninguneo a Najwa Nimri y la faltada a Pedro Almod\u00f3var\" target=\"_blank\" rel=\"noopener\"><br \/>\n     <img loading=\"lazy\" decoding=\"async\" alt=\"Las 9 grandes sorpresas y decepciones de las nominaciones a los Goya 2025, entre el ninguneo a Najwa Nimri y la faltada a Pedro Almod\u00f3var\" width=\"375\" height=\"142\" src=\"https:\/\/i.blogs.es\/118d7a\/goya\/375_142.jpeg\"\/><br \/>\n    <\/a>\n   <\/div>\n<\/p><\/div>\n<\/p><\/div>\n<\/div>\n<h2><span class=\"ez-toc-section\" id=\"Mejor_actriz_revelacion\"><\/span>Mejor actriz revelaci\u00f3n<span class=\"ez-toc-section-end\"><\/span><\/h2>\n<div class=\"article-asset-image article-asset-large article-asset-center\">\n<div class=\"asset-content\">\n                   <img class=\"\" height=\"900\" width=\"1600\" loading=\"lazy\" decoding=\"async\" sizes=\"auto, 100vw\" fetchpriority=\"high\" srcset=\"https:\/\/i.blogs.es\/bda3b3\/weissmahr\/450_1000.jpeg 450w, https:\/\/i.blogs.es\/bda3b3\/weissmahr\/650_1200.jpeg 681w,https:\/\/i.blogs.es\/bda3b3\/weissmahr\/1024_2000.jpeg 1024w, https:\/\/i.blogs.es\/bda3b3\/weissmahr\/1366_2000.jpeg 1366w\" src=\"https:\/\/i.blogs.es\/bda3b3\/weissmahr\/450_1000.jpeg\" alt=\"Weissmahr\"\/><br \/>\n   <img decoding=\"async\" alt=\"Weissmahr\" class=\"\" src=\"https:\/\/i.blogs.es\/bda3b3\/weissmahr\/450_1000.jpeg\"\/><\/p><\/div>\n<\/div>\n<p>A priori, y antes de los premios, Luc\u00eda Veiga lo ten\u00eda todo hecho con <a class=\"text-outboundlink\" href=\"https:\/\/www.espinof.com\/criticas\/soy-nevenka-muestra-solvencia-primer-me-too-historia-espana-su-mayor-acierto-hacer-que-resuene-nuestro-presente-festival-san-sebastian-2024\" data-vars-post-title=\"&#039;Soy Nevenka&#039; muestra con solvencia el primer &quot;Me Too&quot; de la historia de Espa\u00f1a, pero su mayor acierto es hacer que resuene con nuestro presente | Festival de San Sebasti\u00e1n 2024\" data-vars-post-url=\"https:\/\/www.espinof.com\/criticas\/soy-nevenka-muestra-solvencia-primer-me-too-historia-espana-su-mayor-acierto-hacer-que-resuene-nuestro-presente-festival-san-sebastian-2024\" target=\"_blank\" rel=\"noopener\">&#8216;Soy Nevenka&#8217;<\/a>, <strong>un papel impresionante, especialmente para una novata<\/strong>, con el que lograba recrear a un personaje imprescindible para entender el devenir del siglo XXI en nuestro pa\u00eds. Sin embargo, lo que hace Laura Weissmahr en &#8216;Salve Mar\u00eda&#8217; est\u00e1 a la altura solo de unos pocos, en un viaje a la locura al que cae de cabeza y del que solo puede salir herida. Tengo muchas dudas (sin dejar de lado el fabuloso trabajo del resto de nominadas), pero creo que <strong>en este caso, y por sorpresa, se lo va a llevar el papel de la peor madre del a\u00f1o.<\/strong><\/p>\n<p><!-- BREAK 6 --> <\/p>\n<p><strong>Ganadora<\/strong>: Laura Weissmahr (&#8216;Salve Mar\u00eda&#8217;)<\/p>\n<h2><span class=\"ez-toc-section\" id=\"Mejor_actor_revelacion\"><\/span>Mejor actor revelaci\u00f3n<span class=\"ez-toc-section-end\"><\/span><\/h2>\n<div class=\"article-asset-image article-asset-large article-asset-center\">\n<div class=\"asset-content\">\n                   <img class=\"\" height=\"675\" width=\"1200\" loading=\"lazy\" decoding=\"async\" sizes=\"auto, 100vw\" fetchpriority=\"high\" srcset=\"https:\/\/i.blogs.es\/64b3fe\/azul\/450_1000.jpeg 450w, https:\/\/i.blogs.es\/64b3fe\/azul\/650_1200.jpeg 681w,https:\/\/i.blogs.es\/64b3fe\/azul\/1024_2000.jpeg 1024w, https:\/\/i.blogs.es\/64b3fe\/azul\/1366_2000.jpeg 1366w\" src=\"https:\/\/i.blogs.es\/64b3fe\/azul\/450_1000.jpeg\" alt=\"Azul\"\/><br \/>\n   <img decoding=\"async\" alt=\"Azul\" class=\"\" src=\"https:\/\/i.blogs.es\/64b3fe\/azul\/450_1000.jpeg\"\/><\/p><\/div>\n<\/div>\n<p>En este caso, <strong>el premio est\u00e1 entre dos personas que hacen papeles de aut\u00e9ntico maestro en su primera gran aparici\u00f3n<\/strong> en una pel\u00edcula. De un lado, Pepe Lorente, protagonista absoluto de &#8216;La estrella azul&#8217; y bajo el que cae la responsabilidad de que esta pel\u00edcula metaling\u00fc\u00edstica, a caballo entre el biopic y el drama, llegue a buen puerto. Lo consigue, y de qu\u00e9 manera, logrando que te de la impresi\u00f3n de que est\u00e1s ante alguien con a\u00f1os y a\u00f1os de tablas frente a una c\u00e1mara. Del otro, Cristalino, que interpreta a Florent Mu\u00f1&#8230; Ay, perd\u00f3n, a El Guitarrista en <a class=\"text-outboundlink\" href=\"https:\/\/www.espinof.com\/criticas\/segundo-premio-mejor-biopic-musical-hecho-espana-no-hace-falta-ser-fan-planetas-para-emocionarse-su-casting-perfecto\" data-vars-post-title=\"&#039;Segundo Premio&#039; es el mejor biopic musical hecho en Espa\u00f1a. No hace falta ser fan de Los Planetas para emocionarse con su casting perfecto\" data-vars-post-url=\"https:\/\/www.espinof.com\/criticas\/segundo-premio-mejor-biopic-musical-hecho-espana-no-hace-falta-ser-fan-planetas-para-emocionarse-su-casting-perfecto\" target=\"_blank\" rel=\"noopener\">&#8216;Segundo Premio&#8217;<\/a>, con un papel que se clava en el coraz\u00f3n para no salir de all\u00ed, sensible y que al mismo tiempo te destroza. <strong>Cristalino tiene el h\u00e1ndicap de haber estado menos presente en la temporada de premios<\/strong>, pero quiz\u00e1 ese sea su as bajo la manga. Qui\u00e9n sabe.<\/p>\n<p><!-- BREAK 7 --><\/p>\n<p><strong>Ganador<\/strong>: Pepe Lorente (&#8216;La estrella azul&#8217;)<\/p>\n<h2><span class=\"ez-toc-section\" id=\"Mejor_actriz_de_reparto\"><\/span>Mejor actriz de reparto<span class=\"ez-toc-section-end\"><\/span><\/h2>\n<div class=\"article-asset-image article-asset-large article-asset-center\">\n<div class=\"asset-content\">\n                   <img class=\"\" height=\"2160\" width=\"3840\" loading=\"lazy\" decoding=\"async\" sizes=\"auto, 100vw\" fetchpriority=\"high\" srcset=\"https:\/\/i.blogs.es\/b9728b\/segura\/450_1000.jpeg 450w, https:\/\/i.blogs.es\/b9728b\/segura\/650_1200.jpeg 681w,https:\/\/i.blogs.es\/b9728b\/segura\/1024_2000.jpeg 1024w, https:\/\/i.blogs.es\/b9728b\/segura\/1366_2000.jpeg 1366w\" src=\"https:\/\/i.blogs.es\/b9728b\/segura\/450_1000.jpeg\" alt=\"Segura\"\/><br \/>\n   <img decoding=\"async\" alt=\"Segura\" class=\"\" src=\"https:\/\/i.blogs.es\/b9728b\/segura\/450_1000.jpeg\"\/><\/p><\/div>\n<\/div>\n<p>Aunque &#8216;Casa en llamas&#8217; es una pel\u00edcula de actores con un reparto coral perfecto, en este caso creo que <strong>es posible que Macarena Garc\u00eda y Mar\u00eda Rodr\u00edguez Soto se dividan los votos<\/strong>, dejando la puerta abierta a una guerra entre Aixa Villagr\u00e1n por <a class=\"text-outboundlink\" href=\"https:\/\/www.espinof.com\/festival-san-sebastian\/virgen-roja-lujoso-retrato-crimen-insolito-cronica-negra-espanola-que-aborda-divisiones-actuales-feminismo\" data-vars-post-title=\"&#039;La virgen roja&#039; es un lujoso retrato del crimen m\u00e1s ins\u00f3lito de la cr\u00f3nica negra espa\u00f1ola que aborda divisiones actuales en el feminismo | Festival de San Sebasti\u00e1n 2024\" data-vars-post-url=\"https:\/\/www.espinof.com\/festival-san-sebastian\/virgen-roja-lujoso-retrato-crimen-insolito-cronica-negra-espanola-que-aborda-divisiones-actuales-feminismo\" target=\"_blank\" rel=\"noopener\">&#8216;La virgen roja&#8217;<\/a> y Clara Segura por &#8216;El 47&#8217; (me temo que este no es el a\u00f1o ni el papel de Nausicaa Bonn\u00edn). Aunque el papel de Villagr\u00e1n es potente, \u00fanico y distintivo, y darle el premio podr\u00eda valer como manera de subsanar el error de no nominar a Najwa Nimri, lo que hace Segura, sosteniendo toda una pel\u00edcula sobre sus hombros y <strong>en un cara a cara con Eduard Fern\u00e1ndez donde no baja nunca el tono ni el ritmo<\/strong>, es impresionante. Es una categor\u00eda abierta, eso s\u00ed, y ambas deber\u00edan prepararse un discurso. Por si acaso.<\/p>\n<p><!-- BREAK 8 --><\/p>\n<p><strong>Ganadora<\/strong>: Clara Segura (&#8216;El 47&#8217;)<\/p>\n<h2><span class=\"ez-toc-section\" id=\"Mejor_actor_de_reparto\"><\/span>Mejor actor de reparto<span class=\"ez-toc-section-end\"><\/span><\/h2>\n<div class=\"article-asset-image article-asset-large article-asset-center\">\n<div class=\"asset-content\">\n                   <img class=\"\" height=\"1000\" width=\"1778\" loading=\"lazy\" decoding=\"async\" sizes=\"auto, 100vw\" fetchpriority=\"high\" srcset=\"https:\/\/i.blogs.es\/32d3d4\/destellos\/450_1000.jpeg 450w, https:\/\/i.blogs.es\/32d3d4\/destellos\/650_1200.jpeg 681w,https:\/\/i.blogs.es\/32d3d4\/destellos\/1024_2000.jpeg 1024w, https:\/\/i.blogs.es\/32d3d4\/destellos\/1366_2000.jpeg 1366w\" src=\"https:\/\/i.blogs.es\/32d3d4\/destellos\/450_1000.jpeg\" alt=\"Destellos\"\/><br \/>\n   <img decoding=\"async\" alt=\"Destellos\" class=\"\" src=\"https:\/\/i.blogs.es\/32d3d4\/destellos\/450_1000.jpeg\"\/><\/p><\/div>\n<\/div>\n<p>Dura decisi\u00f3n la de la Academia en esta categor\u00eda, con cinco interpretaciones muy s\u00f3lidas. <strong>\u00bfDar el cuarto Goya a Luis Tosar o el tercero a Antonio de la Torre?<\/strong> \u00bfO quiz\u00e1 dar el paso a otras figuras de la interpretaci\u00f3n en nuestro pa\u00eds, como el gran Enric Auquer, \u00d3scar de la Fuente o Salva Reina? A priori, la actuaci\u00f3n m\u00e1s potente del a\u00f1o es la de &#8216;Los destellos&#8217;, con un personaje caramelito para los premios, un moribundo que disfruta como puede de sus \u00faltimos d\u00edas de vida, pero es dif\u00edcil no recordar a Auquer en &#8216;Casa en llamas&#8217; o Reina en &#8216;El 47&#8217;. Lo dicho: <strong>esta es una categor\u00eda en la que todo est\u00e1 abierto y para nombrar ganador me f\u00edo solo de mi instinto<\/strong>. Veremos.<\/p>\n<p><!-- BREAK 9 --><\/p>\n<p><strong>Ganador<\/strong>: Antonio de la Torre (&#8216;Los destellos&#8217;)<\/p>\n<h2><span class=\"ez-toc-section\" id=\"Mejor_actriz\"><\/span>Mejor actriz<span class=\"ez-toc-section-end\"><\/span><\/h2>\n<div class=\"article-asset-image article-asset-large article-asset-center\">\n<div class=\"asset-content\">\n                   <img class=\"\" height=\"2000\" width=\"3556\" loading=\"lazy\" decoding=\"async\" sizes=\"auto, 100vw\" fetchpriority=\"high\" srcset=\"https:\/\/i.blogs.es\/1f9347\/infiltrada\/450_1000.jpeg 450w, https:\/\/i.blogs.es\/1f9347\/infiltrada\/650_1200.jpeg 681w,https:\/\/i.blogs.es\/1f9347\/infiltrada\/1024_2000.jpeg 1024w, https:\/\/i.blogs.es\/1f9347\/infiltrada\/1366_2000.jpeg 1366w\" src=\"https:\/\/i.blogs.es\/1f9347\/infiltrada\/450_1000.jpeg\" alt=\"Infiltrada\"\/><br \/>\n   <img decoding=\"async\" alt=\"Infiltrada\" class=\"\" src=\"https:\/\/i.blogs.es\/1f9347\/infiltrada\/450_1000.jpeg\"\/><\/p><\/div>\n<\/div>\n<p>Con permiso de las otras tres actrices protagonistas (especialmente teniendo a dos leyendas como Julianne Moore y Tilda Swinton nominadas, en dos papeles fabulosos), este a\u00f1o el duelo real es entre Emma Vilasarau, la matriarca de &#8216;Casa en llamas&#8217; que lleva a toda su familia a la destrucci\u00f3n (figurativa y literal) en un papel tan melanc\u00f3lico como c\u00f3mico y duro al mismo tiempo, y Carolina Yuste por <a class=\"text-outboundlink\" href=\"https:\/\/www.espinof.com\/criticas\/creo-que-la-infiltrada-es-tan-buena-que-deberia-llevarse-un-monton-de-goyas-pero-no-puede-evitar-en-el-fondo-ser-mas-de-lo-mismo\" data-vars-post-title=\"Creo que &#039;La infiltrada&#039; es tan buena que deber\u00eda llevarse un mont\u00f3n de Goyas, pero no puede evitar, en el fondo, ser m\u00e1s de lo mismo\" data-vars-post-url=\"https:\/\/www.espinof.com\/criticas\/creo-que-la-infiltrada-es-tan-buena-que-deberia-llevarse-un-monton-de-goyas-pero-no-puede-evitar-en-el-fondo-ser-mas-de-lo-mismo\" target=\"_blank\" rel=\"noopener\">&#8216;La infiltrada&#8217;<\/a>. <strong>Toda la pel\u00edcula gira en torno a Yuste<\/strong>, y aqu\u00ed demuestra que su Goya por &#8216;Carmen y Lola&#8217; no fue prematuro ni injusto: el via crucis de Arantxa, su personaje, a trav\u00e9s de sus propias contradicciones, el auto-odio y una obsesi\u00f3n que la atormenta por dejar marca, no podr\u00eda haber tenido otra cara. Realmente cualquiera de las dos puede llevarse el gato al agua, pero <strong>creo que hay un papel que destaca ligeramente m\u00e1s que el otro.<\/strong><\/p>\n<p><!-- BREAK 10 --> <\/p>\n<p><strong>Ganadora<\/strong>: Carolina Yuste (&#8216;La infiltrada&#8217;)<\/p>\n<div class=\"article-asset article-asset-normal article-asset-center\">\n<div class=\"desvio-container\">\n<div class=\"desvio\">\n<div class=\"desvio-figure js-desvio-figure\">\n    <a href=\"https:\/\/www.espinof.com\/listas\/goya-2025-donde-ver-todas-peliculas-nominadas-a-premios-cine-espanol-que-estan-plataformas-streaming\" class=\"pivot-outboundlink\" data-vars-post-title=\"Goya 2025, d\u00f3nde ver todas las pel\u00edculas nominadas a los premios del cine espa\u00f1ol que ya est\u00e1n en plataformas de streaming\" target=\"_blank\" rel=\"noopener\"><br \/>\n     <img loading=\"lazy\" decoding=\"async\" alt=\"Goya 2025, d\u00f3nde ver todas las pel\u00edculas nominadas a los premios del cine espa\u00f1ol que ya est\u00e1n en plataformas de streaming\" width=\"375\" height=\"142\" src=\"https:\/\/i.blogs.es\/7b5bfd\/goyas\/375_142.jpeg\"\/><br \/>\n    <\/a>\n   <\/div>\n<\/p><\/div>\n<\/p><\/div>\n<\/div>\n<h2><span class=\"ez-toc-section\" id=\"Mejor_actor\"><\/span>Mejor actor<span class=\"ez-toc-section-end\"><\/span><\/h2>\n<div class=\"article-asset-image article-asset-large article-asset-center\">\n<div class=\"asset-content\">\n                   <img class=\"\" height=\"700\" width=\"1244\" loading=\"lazy\" decoding=\"async\" sizes=\"auto, 100vw\" fetchpriority=\"high\" srcset=\"https:\/\/i.blogs.es\/f4d175\/marco\/450_1000.jpeg 450w, https:\/\/i.blogs.es\/f4d175\/marco\/650_1200.jpeg 681w,https:\/\/i.blogs.es\/f4d175\/marco\/1024_2000.jpeg 1024w, https:\/\/i.blogs.es\/f4d175\/marco\/1366_2000.jpeg 1366w\" src=\"https:\/\/i.blogs.es\/f4d175\/marco\/450_1000.jpeg\" alt=\"Marco\"\/><br \/>\n   <img decoding=\"async\" alt=\"Marco\" class=\"\" src=\"https:\/\/i.blogs.es\/f4d175\/marco\/450_1000.jpeg\"\/><\/p><\/div>\n<\/div>\n<p>Aqu\u00ed creo que no hay duda alguna, por una vez: <strong>este ha sido el a\u00f1o de Eduard Fern\u00e1ndez<\/strong>, tanto por &#8216;El 47&#8217; como por la que ha sido nominado, &#8216;Marco&#8217;, y solo le queda poner el punto y final a este regalito de 2024. Cualquier otro a\u00f1o, <strong>Urko Olaz\u00e1bal se acercar\u00eda al premio por su fabuloso papel <\/strong>de un alcalde baboso y machista en &#8216;Soy Nevenka&#8217;, pero se ha dado de bruces con un hurac\u00e1n al que no se le puede cambiar el rumbo.<\/p>\n<p><!-- BREAK 11 --><\/p>\n<p><strong>Ganador<\/strong>: Eduard Fern\u00e1ndez (&#8216;Marco&#8217;)<\/p>\n<h2><span class=\"ez-toc-section\" id=\"Mejor_direccion\"><\/span>Mejor direcci\u00f3n<span class=\"ez-toc-section-end\"><\/span><\/h2>\n<div class=\"article-asset-image article-asset-large article-asset-center\">\n<div class=\"asset-content\">\n                   <img class=\"\" height=\"1440\" width=\"2560\" loading=\"lazy\" decoding=\"async\" sizes=\"auto, 100vw\" fetchpriority=\"high\" srcset=\"https:\/\/i.blogs.es\/253975\/premio\/450_1000.jpeg 450w, https:\/\/i.blogs.es\/253975\/premio\/650_1200.jpeg 681w,https:\/\/i.blogs.es\/253975\/premio\/1024_2000.jpeg 1024w, https:\/\/i.blogs.es\/253975\/premio\/1366_2000.jpeg 1366w\" src=\"https:\/\/i.blogs.es\/253975\/premio\/450_1000.jpeg\" alt=\"Premio\"\/><br \/>\n   <img decoding=\"async\" alt=\"Premio\" class=\"\" src=\"https:\/\/i.blogs.es\/253975\/premio\/450_1000.jpeg\"\/><\/p><\/div>\n<\/div>\n<p><strong>Muy tentado de poner en esta categor\u00eda \u00abY yo qu\u00e9 s\u00e9\u00bb<\/strong>, porque las cinco candidatas pueden ganar, y va a depender de c\u00f3mo se desarrolle el resto de la gala. Si Almod\u00f3var no gana guion tiene m\u00e1s posibilidades de ganar direcci\u00f3n, como compensaci\u00f3n, <strong>pero la direcci\u00f3n m\u00e1s personal del a\u00f1o es la de Isaki Lacuesta y Pol Rodr\u00edguez en &#8216;Segundo premio&#8217;<\/strong>, seguidos de cerca por Paula Ortiz en &#8216;La virgen roja&#8217;. Y eso, sin dejar de lado que Arantxa Echevarr\u00eda hace un trabajo mod\u00e9lico en &#8216;La infiltrada&#8217; y el equipo de Aitor Arregi y Jon Gara\u00f1o pueden recibir el premio como consuelo por no haber sido nominados a mejor pel\u00edcula por &#8216;Marco&#8217;. En este caso, la predicci\u00f3n es un triple desde fuera del estadio, porque tambi\u00e9n pueden perfectamente ganar Almod\u00f3var o Echevarr\u00eda (Ortiz, Arregi y Gara\u00f1o est\u00e1n un paso por detr\u00e1s).<\/p>\n<p><!-- BREAK 12 --><\/p>\n<p><strong>Ganadores<\/strong>: Isaki Lacuesta y Pol Rodr\u00edguez (&#8216;Segundo premio&#8217;)<\/p>\n<h2><span class=\"ez-toc-section\" id=\"Premios_tecnicos\"><\/span>Premios t\u00e9cnicos<span class=\"ez-toc-section-end\"><\/span><\/h2>\n<p>Antes de dar el paso a mejor pel\u00edcula, y aunque no voy a meterme a analizarlos con profundidad, <strong>me gustar\u00eda dejar unas pinceladas<\/strong> para completar la quiniela con los premios t\u00e9cnicos, esos que a veces parecen simplemente rellenar el palmar\u00e9s de la ganadora a mejor pel\u00edcula pero realmente esconden tendencias y premios secundarios de todo tipo. Echemos un vistazo r\u00e1pido.<\/p>\n<p><!-- BREAK 13 --><\/p>\n<p><strong>Mejor pel\u00edcula europea<\/strong>: <a class=\"text-outboundlink\" href=\"https:\/\/www.espinof.com\/criticas\/zona-interes-jonathan-glazer-firma-gelida-estomagante-obra-maestra-que-explora-suerte-cara-b-holocausto\" data-vars-post-title=\"&#039;La zona de inter\u00e9s&#039; es una g\u00e9lida y estomagante obra maestra que explora una suerte de &quot;cara B&quot; del Holocausto\" data-vars-post-url=\"https:\/\/www.espinof.com\/criticas\/zona-interes-jonathan-glazer-firma-gelida-estomagante-obra-maestra-que-explora-suerte-cara-b-holocausto\" target=\"_blank\" rel=\"noopener\">&#8216;La zona de inter\u00e9s&#8217;<\/a><\/p>\n<p><strong>Mejor pel\u00edcula iberoamericana<\/strong>: &#8216;A\u00fan estoy aqu\u00ed&#8217;<\/p>\n<p><strong>Mejor cortometraje de ficci\u00f3n<\/strong>: &#8216;La gran obra&#8217;<\/p>\n<p><strong>Mejor cortometraje documental<\/strong>: &#8216;Els buits&#8217;<\/p>\n<p><strong>Mejor cortometraje de animaci\u00f3n<\/strong>: &#8216;Wan&#8217;<\/p>\n<p><strong>Mejor pel\u00edcula de animaci\u00f3n<\/strong>: &#8216;Dragonkeeper: Guardiana de dragones&#8217;<\/p>\n<p><strong>Mejores efectos especiales<\/strong>: &#8216;La infiltrada&#8217;<\/p>\n<p><strong>Mejor sonido<\/strong>: &#8216;La estrella azul&#8217;<\/p>\n<p><strong>Mejor maquillaje y peluquer\u00eda<\/strong>: &#8216;El 47&#8217;<\/p>\n<p><strong>Mejor dise\u00f1o de vestuario<\/strong>: <a class=\"text-outboundlink\" href=\"https:\/\/www.espinof.com\/criticas\/uno-mejores-biopics-musicales-ano-puedes-verlo-netflix\" data-vars-post-title=\"Es uno de los mejores biopics musicales del a\u00f1o y ya puedes verlo en Netflix\" data-vars-post-url=\"https:\/\/www.espinof.com\/criticas\/uno-mejores-biopics-musicales-ano-puedes-verlo-netflix\" target=\"_blank\" rel=\"noopener\">&#8216;Disco, Ibiza, Locom\u00eda&#8217;<\/a><\/p>\n<p><strong>Mejor direcci\u00f3n art\u00edstica<\/strong>: &#8216;La habitaci\u00f3n de al lado&#8217;<\/p>\n<p><strong>Mejor fotograf\u00eda<\/strong>: &#8216;El 47&#8217;<\/p>\n<p><strong>Mejor canci\u00f3n original<\/strong>: &#8216;La guitarra flamenca de Yerai Cort\u00e9s&#8217;<\/p>\n<p><strong>Mejor m\u00fasica original<\/strong>: &#8216;La habitaci\u00f3n de al lado&#8217;<\/p>\n<p><strong>Mejor montaje<\/strong>: &#8216;La infiltrada&#8217;<\/p>\n<p><strong>Mejor direcci\u00f3n de producci\u00f3n<\/strong>: &#8216;Casa en llamas&#8217;<\/p>\n<p><strong>Mejor documental<\/strong>: &#8216;La guitarra flamenca de Yerai Cort\u00e9s&#8217;<\/p>\n<h2><span class=\"ez-toc-section\" id=\"Mejor_pelicula\"><\/span>Mejor pel\u00edcula<span class=\"ez-toc-section-end\"><\/span><\/h2>\n<div class=\"article-asset-image article-asset-large article-asset-center\">\n<div class=\"asset-content\">\n                   <img class=\"\" height=\"721\" width=\"1282\" loading=\"lazy\" decoding=\"async\" sizes=\"auto, 100vw\" fetchpriority=\"high\" srcset=\"https:\/\/i.blogs.es\/003842\/37\/450_1000.jpeg 450w, https:\/\/i.blogs.es\/003842\/37\/650_1200.jpeg 681w,https:\/\/i.blogs.es\/003842\/37\/1024_2000.jpeg 1024w, https:\/\/i.blogs.es\/003842\/37\/1366_2000.jpeg 1366w\" src=\"https:\/\/i.blogs.es\/003842\/37\/450_1000.jpeg\" alt=\"El 47\"\/><br \/>\n   <img decoding=\"async\" alt=\"El 47\" class=\"\" src=\"https:\/\/i.blogs.es\/003842\/37\/450_1000.jpeg\"\/><\/p><\/div>\n<\/div>\n<p>Y aqu\u00ed llega la duda definitiva. <strong>Visto lo visto, el premio a mejor pel\u00edcula deber\u00eda estar entre &#8216;El 47&#8217; y &#8216;La infiltrada&#8217;<\/strong>, pero &#8216;Casa en llamas&#8217; viene pisando fuerte y no olvidemos que &#8216;Segundo premio&#8217; fue la elegida para ir a los \u00d3scar y &#8216;La estrella azul&#8217; ha sido la gran sorpresa de la temporada. Es absolutamente imposible predecir qu\u00e9 va a pasar en esta categor\u00eda: son cinco pel\u00edculas potentes y capaces de salir vencedoras, y elegir entre ellas no ser\u00e1 f\u00e1cil. Como mucho, me aventuro a decir que &#8216;La estrella azul&#8217; ya tiene suficiente reconocimiento con estar ah\u00ed, y que &#8216;Segundo premio&#8217; es demasiado extra\u00f1a para los est\u00e1ndares de la Academia. Eso nos deja con <strong>tres cintas que han gustado tanto al gran p\u00fablico a la cr\u00edtica, que pueden repartirse la ceremonia<\/strong>. Hay que mojarse, claro, pero tened en cuenta que es un riesgo y para nada una victoria asegurada. \u00a1Lo veremos el s\u00e1bado!<\/p>\n<p><!-- BREAK 14 --><\/p>\n<p><strong>Ganador<\/strong>: &#8216;El 47&#8217;<\/p>\n<p>En Espinof | <a class=\"text-outboundlink\" href=\"https:\/\/www.espinof.com\/listas\/9-mejores-peliculas-espanolas-2024-ahora\" data-vars-post-title=\"Las 19 mejores pel\u00edculas espa\u00f1olas de 2024\" data-vars-post-url=\"https:\/\/www.espinof.com\/listas\/9-mejores-peliculas-espanolas-2024-ahora\" target=\"_blank\" rel=\"noopener\">Las 19 mejores pel\u00edculas espa\u00f1olas de 2024<\/a><\/p>\n<p>En Espinof | <a class=\"text-outboundlink\" href=\"https:\/\/www.espinof.com\/listas\/mejores-peliculas-cine-culto-historia\" data-vars-post-title=\"Las 24 mejores pel\u00edculas de cine de culto de la historia\" data-vars-post-url=\"https:\/\/www.espinof.com\/listas\/mejores-peliculas-cine-culto-historia\" target=\"_blank\" rel=\"noopener\">Las mejores pel\u00edculas de cine de culto de la historia<\/a><\/p>\n<\/p><\/div>\n<p><a href=\"https:\/\/www.espinof.com\/premios-goya\/quiniela-goya-2025-autobuses-terroristas-burgueses-catalanes-grupos-indie\" class=\" target=\" title=\"entre autobuses, terroristas, burgueses catalanes y grupos indie\" target=\"_blank\" rel=\"noopener\">Ver fuente<\/a><\/p>\n","protected":false},"excerpt":{"rendered":"<p>Aunque no lo creas, a\u00fan hay gente que cree que el cine espa\u00f1ol es todo \u00abpel\u00edculas de la guerra civil\u00bb. \u00a1Que la realidad no tape sus prejuicios! Aunque puede que este no sea el mejor a\u00f1o para el cine espa\u00f1ol, lo cierto es que si las pel\u00edculas nominadas al Goya en 2025 demuestran algo es [&hellip;]<\/p>\n","protected":false},"author":2,"featured_media":48646,"comment_status":"open","ping_status":"closed","sticky":false,"template":"","format":"standard","meta":{"footnotes":""},"categories":[8],"tags":[],"class_list":["post-48645","post","type-post","status-publish","format-standard","has-post-thumbnail","hentry","category-entretenimiento"],"_links":{"self":[{"href":"https:\/\/enfoquenoticioso.com\/index.php?rest_route=\/wp\/v2\/posts\/48645","targetHints":{"allow":["GET"]}}],"collection":[{"href":"https:\/\/enfoquenoticioso.com\/index.php?rest_route=\/wp\/v2\/posts"}],"about":[{"href":"https:\/\/enfoquenoticioso.com\/index.php?rest_route=\/wp\/v2\/types\/post"}],"author":[{"embeddable":true,"href":"https:\/\/enfoquenoticioso.com\/index.php?rest_route=\/wp\/v2\/users\/2"}],"replies":[{"embeddable":true,"href":"https:\/\/enfoquenoticioso.com\/index.php?rest_route=%2Fwp%2Fv2%2Fcomments&post=48645"}],"version-history":[{"count":0,"href":"https:\/\/enfoquenoticioso.com\/index.php?rest_route=\/wp\/v2\/posts\/48645\/revisions"}],"wp:featuredmedia":[{"embeddable":true,"href":"https:\/\/enfoquenoticioso.com\/index.php?rest_route=\/wp\/v2\/media\/48646"}],"wp:attachment":[{"href":"https:\/\/enfoquenoticioso.com\/index.php?rest_route=%2Fwp%2Fv2%2Fmedia&parent=48645"}],"wp:term":[{"taxonomy":"category","embeddable":true,"href":"https:\/\/enfoquenoticioso.com\/index.php?rest_route=%2Fwp%2Fv2%2Fcategories&post=48645"},{"taxonomy":"post_tag","embeddable":true,"href":"https:\/\/enfoquenoticioso.com\/index.php?rest_route=%2Fwp%2Fv2%2Ftags&post=48645"}],"curies":[{"name":"wp","href":"https:\/\/api.w.org\/{rel}","templated":true}]}}