{"id":48651,"date":"2025-02-06T21:04:51","date_gmt":"2025-02-06T21:04:51","guid":{"rendered":"https:\/\/enfoquenoticioso.com\/entretenimiento\/nunca-nadie-se-habia-jugado-el-cuello-por-mi-de-esa-forma-ben-stiller-tuvo-que-luchar-con-apple-para-meter-a-adam-scott-en-separacion\/"},"modified":"2025-02-06T21:04:51","modified_gmt":"2025-02-06T21:04:51","slug":"nunca-nadie-se-habia-jugado-el-cuello-por-mi-de-esa-forma-ben-stiller-tuvo-que-luchar-con-apple-para-meter-a-adam-scott-en-separacion","status":"publish","type":"post","link":"https:\/\/enfoquenoticioso.com\/?p=48651","title":{"rendered":"\u00abNunca nadie se hab\u00eda jugado el cuello por m\u00ed de esa forma\u00bb. Ben Stiller tuvo que luchar con Apple para meter a Adam Scott en &#8216;Separaci\u00f3n&#8217;"},"content":{"rendered":"<div>\n<p>Al parecer, Ben Stiller tuvo que montar una guerra en Apple TV+ \u00a0para que Adam Scott fuera el protagonista de la brillante <a class=\"text-outboundlink\" href=\"https:\/\/www.espinof.com\/criticas\/separacion-inquietante-efectiva-distopia-laboral-apple-tv-que-se-deleita-su-alegoria-que-historia\" data-vars-post-title=\"&#039;Separaci\u00f3n&#039;: una inquietante y efectiva distop\u00eda laboral de Apple TV+ que se deleita m\u00e1s en su alegor\u00eda que en la historia\" data-vars-post-url=\"https:\/\/www.espinof.com\/criticas\/separacion-inquietante-efectiva-distopia-laboral-apple-tv-que-se-deleita-su-alegoria-que-historia\" target=\"_blank\" rel=\"noopener\">&#8216;Severance<\/a>&#8216;. Ahora que su <a class=\"text-outboundlink\" href=\"https:\/\/www.espinof.com\/criticas\/espera-separacion-ha-valido-pena-temporada-2-se-supera-a-demostrando-ser-mejores-series-ciencia-ficcion-actuales\" data-vars-post-title=\"&#039;Separaci\u00f3n&#039; me ha entusiasmado en su temporada 2. La excelente serie se supera a s\u00ed misma como una de las mejores obras de ciencia ficci\u00f3n actuales\" data-vars-post-url=\"https:\/\/www.espinof.com\/criticas\/espera-separacion-ha-valido-pena-temporada-2-se-supera-a-demostrando-ser-mejores-series-ciencia-ficcion-actuales\" target=\"_blank\" rel=\"noopener\">temporada 2 <\/a>est\u00e1 triunfando, el actor ha comentado con <a rel=\"noopener, noreferrer\" href=\"https:\/\/www.hollywoodreporter.com\/tv\/tv-features\/ben-stiller-severance-apple-filmmaking-parents-documentary-1236126909\/\" target=\"_blank\">The Hollywood Reporter<\/a> que <strong>fue primordial convencer a la plataforma de streaming para que diera a Scott la oportunidad de asumir el personaje <\/strong>de Mark S. en la serie que produce ejecutivamente y dirige, al menos en bastantes episodios.<\/p>\n<p><!-- BREAK 1 --> <\/p>\n<div id=\"ez-toc-container\" class=\"ez-toc-v2_0_81 counter-hierarchy ez-toc-counter ez-toc-grey ez-toc-container-direction\">\n<div class=\"ez-toc-title-container\">\n<p class=\"ez-toc-title\" style=\"cursor:inherit\">Tabla de Contenido<\/p>\n<span class=\"ez-toc-title-toggle\"><a href=\"#\" class=\"ez-toc-pull-right ez-toc-btn ez-toc-btn-xs ez-toc-btn-default ez-toc-toggle\" aria-label=\"Alternar tabla de contenidos\"><span class=\"ez-toc-js-icon-con\"><span class=\"\"><span class=\"eztoc-hide\" style=\"display:none;\">Toggle<\/span><span class=\"ez-toc-icon-toggle-span\"><svg style=\"fill: #999;color:#999\" xmlns=\"http:\/\/www.w3.org\/2000\/svg\" class=\"list-377408\" width=\"20px\" height=\"20px\" viewBox=\"0 0 24 24\" fill=\"none\"><path d=\"M6 6H4v2h2V6zm14 0H8v2h12V6zM4 11h2v2H4v-2zm16 0H8v2h12v-2zM4 16h2v2H4v-2zm16 0H8v2h12v-2z\" fill=\"currentColor\"><\/path><\/svg><svg style=\"fill: #999;color:#999\" class=\"arrow-unsorted-368013\" xmlns=\"http:\/\/www.w3.org\/2000\/svg\" width=\"10px\" height=\"10px\" viewBox=\"0 0 24 24\" version=\"1.2\" baseProfile=\"tiny\"><path d=\"M18.2 9.3l-6.2-6.3-6.2 6.3c-.2.2-.3.4-.3.7s.1.5.3.7c.2.2.4.3.7.3h11c.3 0 .5-.1.7-.3.2-.2.3-.5.3-.7s-.1-.5-.3-.7zM5.8 14.7l6.2 6.3 6.2-6.3c.2-.2.3-.5.3-.7s-.1-.5-.3-.7c-.2-.2-.4-.3-.7-.3h-11c-.3 0-.5.1-.7.3-.2.2-.3.5-.3.7s.1.5.3.7z\"\/><\/svg><\/span><\/span><\/span><\/a><\/span><\/div>\n<nav><ul class='ez-toc-list ez-toc-list-level-1 ' ><li class='ez-toc-page-1 ez-toc-heading-level-2'><a class=\"ez-toc-link ez-toc-heading-1\" href=\"https:\/\/enfoquenoticioso.com\/?p=48651\/#Una_apuesta_personal\" >Una apuesta personal<\/a><\/li><\/ul><\/nav><\/div>\n<h2><span class=\"ez-toc-section\" id=\"Una_apuesta_personal\"><\/span>Una apuesta personal<span class=\"ez-toc-section-end\"><\/span><\/h2>\n<p>El cineasta ya hab\u00eda dirigido a Scott en su pel\u00edcula de 2013 &#8216;L<a class=\"text-outboundlink\" href=\"https:\/\/www.espinof.com\/criticas\/la-vida-secreta-de-walter-mitty-magia-destenida\" data-vars-post-title=\"&#039;La vida secreta de Walter Mitty&#039;, magia deste\u00f1ida \" data-vars-post-url=\"https:\/\/www.espinof.com\/criticas\/la-vida-secreta-de-walter-mitty-magia-destenida\" target=\"_blank\" rel=\"noopener\">a vida secreta de Walter Mit<\/a>ty&#8217;. Respecto a c\u00f3mo eligi\u00f3 a Scott para su ambicioso proyecto, <strong>cit\u00f3 como elemento clave la sitcom de la NBC<\/strong> &#8216;<a class=\"text-outboundlink\" href=\"https:\/\/www.espinof.com\/series-de-ficcion\/parks-and-recreation-la-otra-maravillosa-comedia-del-creador-de-the-good-place\" data-vars-post-title=\"&#039;Parks and Recreation&#039;: la otra maravillosa comedia del creador de &#039;The good place&#039;\" data-vars-post-url=\"https:\/\/www.espinof.com\/series-de-ficcion\/parks-and-recreation-la-otra-maravillosa-comedia-del-creador-de-the-good-place\" target=\"_blank\" rel=\"noopener\">Parks and Rec<\/a>&#8216;, otra comedia sobre el lugar de trabajo.<\/p>\n<p><!-- BREAK 2 --><\/p>\n<blockquote><p>\u00abGran parte de la serie &#8216;Severance&#8217; se basa en &#8216;The Office&#8217; y &#8216;Parks and Rec&#8217; y &#8216;Trabajo Basura&#8217;, y en ese g\u00e9nero. El humor del guion que escribi\u00f3 Dan Erickson, el creador, estaba en ese mundo, pero ten\u00eda otra capa. El casting consist\u00eda en averiguar qui\u00e9n pod\u00eda funcionar en ese campo\u00bb.<\/p><\/blockquote>\n<div class=\"article-asset article-asset-normal article-asset-center\">\n<div class=\"desvio-container\">\n<div class=\"desvio\">\n<div class=\"desvio-figure js-desvio-figure\">\n    <a href=\"https:\/\/www.espinof.com\/series-de-ficcion\/te-voy-a-echar-mucho-de-menos-parks-and-recreation\" class=\"pivot-outboundlink\" data-vars-post-title=\"Te voy a echar mucho de menos, &#039;Parks and Recreation&#039;\" target=\"_blank\" rel=\"noopener\"><br \/>\n     <img loading=\"lazy\" decoding=\"async\" alt=\"Te voy a echar mucho de menos, 'Parks and Recreation'\" width=\"375\" height=\"142\" src=\"https:\/\/i.blogs.es\/074740\/650_1000_parks-and-recreation\/375_142.jpg\"\/><br \/>\n    <\/a>\n   <\/div>\n<\/p><\/div>\n<\/p><\/div>\n<\/div>\n<p>Incluso Scott sab\u00eda que <strong>era un riesgo que le dieran el papel protagonista<\/strong>.<\/p>\n<blockquote><p>\u00abNo pod\u00eda culpar a Apple en ese momento. Se pensaba que yo era m\u00e1s una persona c\u00f3mica, y es un gran cambio. Ben realmente apost\u00f3 por m\u00ed, nunca hab\u00eda experimentado algo as\u00ed en el mundo del espect\u00e1culo. Nunca nadie se hab\u00eda jugado el cuello por m\u00ed de esa manera\u00bb.<\/p><\/blockquote>\n<div class=\"article-asset-image article-asset-normal article-asset-center\">\n<div class=\"asset-content\">\n                   <img class=\"centro_sinmarco\" height=\"1000\" width=\"2000\" loading=\"lazy\" decoding=\"async\" sizes=\"auto, 100vw\" fetchpriority=\"high\" srcset=\"https:\/\/i.blogs.es\/53f60f\/parks-and-rec-leslie-ben\/450_1000.jpeg 450w, https:\/\/i.blogs.es\/53f60f\/parks-and-rec-leslie-ben\/650_1200.jpeg 681w,https:\/\/i.blogs.es\/53f60f\/parks-and-rec-leslie-ben\/1024_2000.jpeg 1024w, https:\/\/i.blogs.es\/53f60f\/parks-and-rec-leslie-ben\/1366_2000.jpeg 1366w\" src=\"https:\/\/i.blogs.es\/53f60f\/parks-and-rec-leslie-ben\/450_1000.jpeg\" alt=\"Parks And Rec Leslie Ben\"\/><br \/>\n   <img decoding=\"async\" alt=\"Parks And Rec Leslie Ben\" class=\"centro_sinmarco\" src=\"https:\/\/i.blogs.es\/53f60f\/parks-and-rec-leslie-ben\/450_1000.jpeg\"\/><\/p><\/div>\n<\/div>\n<p>Stiller dijo anteriormente durante el programa &#8216;Hot Ones&#8217; \u00a0que <strong>la direcci\u00f3n creativa de &#8216;Separaci\u00f3n&#8217; cambi\u00f3 durante el desarrollo de la serie.<\/strong><\/p>\n<blockquote><p>\u00abPara m\u00ed, siempre empez\u00f3 como una comedia, porque es una especie de comedia en el lugar de trabajo, pero tambi\u00e9n es muy, muy extra\u00f1a y puede que un poco terror\u00edfica. Y luego, a medida que la serie se desarrollaba, se volvi\u00f3 un poco m\u00e1s rara y extra\u00f1a y quiz\u00e1 menos c\u00f3mica de lo que yo hab\u00eda pensado en un principio. Pero creo que esa es siempre la ra\u00edz de la serie, la comedia en el lugar de trabajo, al estilo de series como &#8216;The Office&#8217; o &#8216;Parks and Rec&#8217;. Para m\u00ed, esas series estaban en el ADN de la serie&#8217;.\u00bb<\/p><\/blockquote>\n<p>En Espinof | <a class=\"text-outboundlink\" href=\"https:\/\/www.espinof.com\/listas\/mejores-animes-netflix\" data-vars-post-title=\"Anime en Netflix: 12 potentes series recomendadas para todos los gustos\" data-vars-post-url=\"https:\/\/www.espinof.com\/listas\/mejores-animes-netflix\" target=\"_blank\" rel=\"noopener\">Anime en Netflix: 10 potentes series recomendadas para todos los gustos<\/a><\/p>\n<p>En Espinof | <a class=\"text-outboundlink\" href=\"https:\/\/www.espinof.com\/listas\/mejores-series-ciencia-ficcion-netflix-hbo-amazon-prime-video-disney-plus\" data-vars-post-title=\"Las 28 mejores series de ciencia ficci\u00f3n que puedes ver en Netflix, HBO Max, Amazon Prime Video, Disney+ y Apple TV+\" data-vars-post-url=\"https:\/\/www.espinof.com\/listas\/mejores-series-ciencia-ficcion-netflix-hbo-amazon-prime-video-disney-plus\" target=\"_blank\" rel=\"noopener\">Las mejores series de ciencia ficci\u00f3n en streaming<\/a><\/p>\n<\/p><\/div>\n<p><a href=\"https:\/\/www.espinof.com\/actores-y-actrices\/nunca-nadie-se-habia-jugado-cuello-mi-esa-forma-ben-stiller-tuvo-que-luchar-apple-para-meter-a-adam-scott-separacion\" class=\" target=\" title=\"\" Nunca nadie se  jugado el cuello por de esa Ben Stiller tuvo que luchar con Apple para meter Adam Scott en target=\"_blank\" rel=\"noopener\">Ver fuente<\/a><\/p>\n","protected":false},"excerpt":{"rendered":"<p>Al parecer, Ben Stiller tuvo que montar una guerra en Apple TV+ \u00a0para que Adam Scott fuera el protagonista de la brillante &#8216;Severance&#8216;. Ahora que su temporada 2 est\u00e1 triunfando, el actor ha comentado con The Hollywood Reporter que fue primordial convencer a la plataforma de streaming para que diera a Scott la oportunidad de [&hellip;]<\/p>\n","protected":false},"author":2,"featured_media":48652,"comment_status":"open","ping_status":"closed","sticky":false,"template":"","format":"standard","meta":{"footnotes":""},"categories":[8],"tags":[],"class_list":["post-48651","post","type-post","status-publish","format-standard","has-post-thumbnail","hentry","category-entretenimiento"],"_links":{"self":[{"href":"https:\/\/enfoquenoticioso.com\/index.php?rest_route=\/wp\/v2\/posts\/48651","targetHints":{"allow":["GET"]}}],"collection":[{"href":"https:\/\/enfoquenoticioso.com\/index.php?rest_route=\/wp\/v2\/posts"}],"about":[{"href":"https:\/\/enfoquenoticioso.com\/index.php?rest_route=\/wp\/v2\/types\/post"}],"author":[{"embeddable":true,"href":"https:\/\/enfoquenoticioso.com\/index.php?rest_route=\/wp\/v2\/users\/2"}],"replies":[{"embeddable":true,"href":"https:\/\/enfoquenoticioso.com\/index.php?rest_route=%2Fwp%2Fv2%2Fcomments&post=48651"}],"version-history":[{"count":0,"href":"https:\/\/enfoquenoticioso.com\/index.php?rest_route=\/wp\/v2\/posts\/48651\/revisions"}],"wp:featuredmedia":[{"embeddable":true,"href":"https:\/\/enfoquenoticioso.com\/index.php?rest_route=\/wp\/v2\/media\/48652"}],"wp:attachment":[{"href":"https:\/\/enfoquenoticioso.com\/index.php?rest_route=%2Fwp%2Fv2%2Fmedia&parent=48651"}],"wp:term":[{"taxonomy":"category","embeddable":true,"href":"https:\/\/enfoquenoticioso.com\/index.php?rest_route=%2Fwp%2Fv2%2Fcategories&post=48651"},{"taxonomy":"post_tag","embeddable":true,"href":"https:\/\/enfoquenoticioso.com\/index.php?rest_route=%2Fwp%2Fv2%2Ftags&post=48651"}],"curies":[{"name":"wp","href":"https:\/\/api.w.org\/{rel}","templated":true}]}}