{"id":48802,"date":"2025-02-07T18:06:01","date_gmt":"2025-02-07T18:06:01","guid":{"rendered":"https:\/\/enfoquenoticioso.com\/entretenimiento\/no-apoyo-ninguna-retorica-negativa-de-racismo-zoe-saldana-responde-a-karla-sofia-gascon-en-medio-de-la-campana-de-los-oscar-de-emilia-perez\/"},"modified":"2025-02-07T18:06:01","modified_gmt":"2025-02-07T18:06:01","slug":"no-apoyo-ninguna-retorica-negativa-de-racismo-zoe-saldana-responde-a-karla-sofia-gascon-en-medio-de-la-campana-de-los-oscar-de-emilia-perez","status":"publish","type":"post","link":"https:\/\/enfoquenoticioso.com\/?p=48802","title":{"rendered":"\u00abNo apoyo ninguna ret\u00f3rica negativa de racismo\u00bb. Zoe Salda\u00f1a responde a Karla Sof\u00eda Gasc\u00f3n en medio de la campa\u00f1a de los \u00d3scar de &#8216;Emilia P\u00e9rez&#8217;"},"content":{"rendered":"<div>\n<p>Zoe Salda\u00f1a se ha pronunciado sobre las <a class=\"text-outboundlink\" href=\"https:\/\/www.espinof.com\/netflix\/netflix-deja-fuera-a-karla-sofia-gascon-promocion-emilia-perez-rumbo-a-oscar-aseguran-que-busca-salvar-sus-demas-nominaciones\" data-vars-post-title=\"Netflix deja fuera a Karla Sof\u00eda Gasc\u00f3n de la promoci\u00f3n de &#039;Emilia P\u00e9rez&#039; rumbo a los \u00d3scar: aseguran que busca &#039;salvar&#039; sus dem\u00e1s nominaciones\" data-vars-post-url=\"https:\/\/www.espinof.com\/netflix\/netflix-deja-fuera-a-karla-sofia-gascon-promocion-emilia-perez-rumbo-a-oscar-aseguran-que-busca-salvar-sus-demas-nominaciones\" target=\"_blank\" rel=\"noopener\">pol\u00e9micas<\/a> que rodean a su compa\u00f1era de reparto en &#8216;<a class=\"text-outboundlink\" href=\"https:\/\/www.espinof.com\/criticas\/emilia-perez-mejores-peliculas-ano-jacques-audiard-basa-su-musical-imprevisibilidad-triunfa-cine-algoritmico-festival-san-sebastian-2024\" data-vars-post-title=\"&#039;Emilia P\u00e9rez&#039; es una de las mejores pel\u00edculas del a\u00f1o: Jacques Audiard basa su musical en la imprevisibilidad y triunfa ante el cine algor\u00edtmico | Festival de San Sebasti\u00e1n 2024\" data-vars-post-url=\"https:\/\/www.espinof.com\/criticas\/emilia-perez-mejores-peliculas-ano-jacques-audiard-basa-su-musical-imprevisibilidad-triunfa-cine-algoritmico-festival-san-sebastian-2024\" target=\"_blank\" rel=\"noopener\">Emilia P\u00e9rez<\/a>&#8216;, <strong>Karla Sof\u00eda Gasc\u00f3n<\/strong>, cuyas <a class=\"text-outboundlink\" href=\"https:\/\/www.espinof.com\/actores-y-actrices\/carrera-al-oscar-karla-sofia-gascon-sigue-tambaleandose-a-vez-que-resurgen-viejos-tweets-racistas-cuantas-veces-historia-tendra-que-expulsar-a-moros-espana\" data-vars-post-title=\"Karla Sof\u00eda Gasc\u00f3n se disculpa por sus viejos tweets racistas en plena campa\u00f1a de los Oscars. &quot;Lamento profundamente haber causado dolor&quot;\" data-vars-post-url=\"https:\/\/www.espinof.com\/actores-y-actrices\/carrera-al-oscar-karla-sofia-gascon-sigue-tambaleandose-a-vez-que-resurgen-viejos-tweets-racistas-cuantas-veces-historia-tendra-que-expulsar-a-moros-espana\" target=\"_blank\" rel=\"noopener\">publicaciones<\/a> en las redes sociales han resurgido, <strong>suscitando cr\u00edticas por su ret\u00f3rica ofensiva e islam\u00f3foba.<\/strong> La controversia ha eclipsado el hist\u00f3rico reconocimiento de la pel\u00edcula en los \u00d3scar, incluida la primera <a class=\"text-outboundlink\" href=\"https:\/\/www.espinof.com\/todo-lo-que-sabemos\/premios-oscar-2025-nominados-favoritos-fecha-gala-otros-detalles-gran-evento-cinematografico\" data-vars-post-title=\"Premios Oscar 2025: nominados, favoritos, fecha de la gala y otros detalles del gran evento cinematogr\u00e1fico\" data-vars-post-url=\"https:\/\/www.espinof.com\/todo-lo-que-sabemos\/premios-oscar-2025-nominados-favoritos-fecha-gala-otros-detalles-gran-evento-cinematografico\" target=\"_blank\" rel=\"noopener\">nominaci\u00f3n<\/a> de Salda\u00f1a al premio de la Academia a la mejor actriz de reparto.<\/p>\n<p><!-- BREAK 1 --> <\/p>\n<div id=\"ez-toc-container\" class=\"ez-toc-v2_0_81 counter-hierarchy ez-toc-counter ez-toc-grey ez-toc-container-direction\">\n<div class=\"ez-toc-title-container\">\n<p class=\"ez-toc-title\" style=\"cursor:inherit\">Tabla de Contenido<\/p>\n<span class=\"ez-toc-title-toggle\"><a href=\"#\" class=\"ez-toc-pull-right ez-toc-btn ez-toc-btn-xs ez-toc-btn-default ez-toc-toggle\" aria-label=\"Alternar tabla de contenidos\"><span class=\"ez-toc-js-icon-con\"><span class=\"\"><span class=\"eztoc-hide\" style=\"display:none;\">Toggle<\/span><span class=\"ez-toc-icon-toggle-span\"><svg style=\"fill: #999;color:#999\" xmlns=\"http:\/\/www.w3.org\/2000\/svg\" class=\"list-377408\" width=\"20px\" height=\"20px\" viewBox=\"0 0 24 24\" fill=\"none\"><path d=\"M6 6H4v2h2V6zm14 0H8v2h12V6zM4 11h2v2H4v-2zm16 0H8v2h12v-2zM4 16h2v2H4v-2zm16 0H8v2h12v-2z\" fill=\"currentColor\"><\/path><\/svg><svg style=\"fill: #999;color:#999\" class=\"arrow-unsorted-368013\" xmlns=\"http:\/\/www.w3.org\/2000\/svg\" width=\"10px\" height=\"10px\" viewBox=\"0 0 24 24\" version=\"1.2\" baseProfile=\"tiny\"><path d=\"M18.2 9.3l-6.2-6.3-6.2 6.3c-.2.2-.3.4-.3.7s.1.5.3.7c.2.2.4.3.7.3h11c.3 0 .5-.1.7-.3.2-.2.3-.5.3-.7s-.1-.5-.3-.7zM5.8 14.7l6.2 6.3 6.2-6.3c.2-.2.3-.5.3-.7s-.1-.5-.3-.7c-.2-.2-.4-.3-.7-.3h-11c-.3 0-.5.1-.7.3-.2.2-.3.5-.3.7s.1.5.3.7z\"\/><\/svg><\/span><\/span><\/span><\/a><\/span><\/div>\n<nav><ul class='ez-toc-list ez-toc-list-level-1 ' ><li class='ez-toc-page-1 ez-toc-heading-level-2'><a class=\"ez-toc-link ez-toc-heading-1\" href=\"https:\/\/enfoquenoticioso.com\/?p=48802\/#Cuando_el_problema_salpica_fuera\" >Cuando el problema salpica fuera<\/a><\/li><\/ul><\/nav><\/div>\n<h2><span class=\"ez-toc-section\" id=\"Cuando_el_problema_salpica_fuera\"><\/span>Cuando el problema salpica fuera<span class=\"ez-toc-section-end\"><\/span><\/h2>\n<p>En una entrevista de <a rel=\"noopener, noreferrer\" href=\"https:\/\/variety.com\/2025\/film\/news\/zoe-saldana-karla-sofia-gascon-backlash-emilia-perez-oscars-1236298354\/\" target=\"_blank\">Variety<\/a>, Salda\u00f1a expres\u00f3 su tristeza por la situaci\u00f3n, haciendo hincapi\u00e9 en que <strong>la pel\u00edcula fue creada con la intenci\u00f3n de mostrar inclusividad<\/strong> y amor.<\/p>\n<p><!-- BREAK 2 --><\/p>\n<blockquote><p>\u00abEstoy triste. Una y otra vez, esa es la palabra porque ese es el sentimiento que ha estado viviendo en mi pecho desde que todo sucedi\u00f3. Tambi\u00e9n estoy decepcionada. No puedo hablar por las acciones de otras personas. S\u00f3lo puedo dar fe de mi experiencia, y ni en un mill\u00f3n de a\u00f1os cre\u00ed que estar\u00edamos aqu\u00ed.\u00bb<\/p><\/blockquote>\n<div class=\"article-asset article-asset-normal article-asset-center\">\n<div class=\"desvio-container\">\n<div class=\"desvio\">\n<div class=\"desvio-figure js-desvio-figure\">\n    <a href=\"https:\/\/www.espinof.com\/directores-y-guionistas\/esta-momento-autodestructivo-director-emilia-perez-se-niega-rotundo-a-volver-a-hablar-karla-sofia-gascon\" class=\"pivot-outboundlink\" data-vars-post-title=\"&quot;Est\u00e1 en un momento autodestructivo&quot;. El director de &#039;Emilia P\u00e9rez&#039; se niega en rotundo a volver a hablar con Karla Sof\u00eda Gasc\u00f3n \" target=\"_blank\" rel=\"noopener\"><br \/>\n     <img loading=\"lazy\" decoding=\"async\" alt=\"&quot;Est\u00e1 en un momento autodestructivo&quot;. El director de 'Emilia P\u00e9rez' se niega en rotundo a volver a hablar con Karla Sof\u00eda Gasc\u00f3n \" width=\"375\" height=\"142\" src=\"https:\/\/i.blogs.es\/4b1b86\/karla\/375_142.jpeg\"\/><br \/>\n    <\/a>\n   <\/div>\n<\/p><\/div>\n<\/p><\/div>\n<\/div>\n<p>El drama dirigido por Jacques Audiard, recibi\u00f3 13 nominaciones a los Oscar, convirti\u00e9ndose en <strong>la pel\u00edcula de habla no inglesa m\u00e1s nominada en la historia de los premios de la Academia. <\/strong>Sin embargo, la reaparici\u00f3n de las declaraciones pasadas de Gasc\u00f3n en Twitter\/X ha complicado la campa\u00f1a de premios de la pel\u00edcula, y muchos miembros de la industria se preguntan c\u00f3mo separar los logros de la pel\u00edcula de la pol\u00e9mica. Salda\u00f1a, que act\u00faa junto a <strong>Gasc\u00f3n, Selena G\u00f3mez, Adriana Paz y \u00c9dgar Ram\u00edrez<\/strong>, no coment\u00f3 directamente si hab\u00eda hablado con Gasc\u00f3n desde que estall\u00f3 la pol\u00e9mica.<\/p>\n<p><!-- BREAK 3 --> <\/p>\n<blockquote><p>\u00abSiento que he hablado lo suficiente al respecto, todav\u00eda estoy procesando la situaci\u00f3n. No es algo que tengamos que resolver inmediatamente\u00bb.<\/p><\/blockquote>\n<div class=\"article-asset-image article-asset-normal article-asset-center\">\n<div class=\"asset-content\">\n                   <img class=\"centro_sinmarco\" height=\"1404\" width=\"2496\" loading=\"lazy\" decoding=\"async\" sizes=\"auto, 100vw\" fetchpriority=\"high\" srcset=\"https:\/\/i.blogs.es\/aacb2f\/emilia\/450_1000.jpeg 450w, https:\/\/i.blogs.es\/aacb2f\/emilia\/650_1200.jpeg 681w,https:\/\/i.blogs.es\/aacb2f\/emilia\/1024_2000.jpeg 1024w, https:\/\/i.blogs.es\/aacb2f\/emilia\/1366_2000.jpeg 1366w\" src=\"https:\/\/i.blogs.es\/aacb2f\/emilia\/450_1000.jpeg\" alt=\"Emilia\"\/><br \/>\n   <img decoding=\"async\" alt=\"Emilia\" class=\"centro_sinmarco\" src=\"https:\/\/i.blogs.es\/aacb2f\/emilia\/450_1000.jpeg\"\/><\/p><\/div>\n<\/div>\n<p>Sin embargo, cuando se le pregunt\u00f3 al respecto de una entrevista en CNN Espa\u00f1ol, en la que Gasc\u00f3n afirm\u00f3 que Salda\u00f1a y G\u00f3mez \u00able apoyan al 200%\u00bb, Salda\u00f1a, con un largo parpadeo, no confirm\u00f3 esa afirmaci\u00f3n. En su lugar,<strong> se remiti\u00f3 a unas declaraciones que hizo en Londres, en las que denunciaba el fanatismo y el racismo.<\/strong><\/p>\n<p><!-- BREAK 4 --><\/p>\n<blockquote><p>\u00abNo apoyo ninguna ret\u00f3rica negativa de racismo y fanatismo hacia ning\u00fan grupo de personas. Eso es lo que quiero defender. Siempre ser\u00e9 una persona con esperanza. No me educaron para juzgar negativamente a las personas de ning\u00fan grupo de ninguna comunidad. Siendo esa persona, puedo seguir defendiendo una obra de la que puedo estar orgullosa\u00bb.<\/p><\/blockquote>\n<p>En Espinof | <a class=\"text-outboundlink\" href=\"https:\/\/www.espinof.com\/criticas\/emilia-perez-libertad-absoluta-como-sinonimo-buen-cine\" data-vars-post-title=\"&#039;Emilia P\u00e9rez&#039;. La libertad absoluta como sin\u00f3nimo de buen cine\" data-vars-post-url=\"https:\/\/www.espinof.com\/criticas\/emilia-perez-libertad-absoluta-como-sinonimo-buen-cine\" target=\"_blank\" rel=\"noopener\">&#8216;Emilia P\u00e9rez&#8217;. La libertad absoluta como sin\u00f3nimo de buen cine<\/a><\/p>\n<p>En Espinof | <a class=\"text-outboundlink\" href=\"https:\/\/www.espinof.com\/listas\/mejores-bandas-sonoras-cine-decada\" data-vars-post-title=\"Las 41 mejores bandas sonoras del cine de la d\u00e9cada\" data-vars-post-url=\"https:\/\/www.espinof.com\/listas\/mejores-bandas-sonoras-cine-decada\" target=\"_blank\" rel=\"noopener\">Las 41 mejores bandas sonoras del cine de la d\u00e9cada<\/a><\/p>\n<\/p><\/div>\n<p><a href=\"https:\/\/www.espinof.com\/premios-oscar\/no-apoyo-ninguna-retorica-negativa-racismo-zoe-saldana-responde-a-karla-sofia-gascon-medio-campana-oscar-emilia-perez\" class=\" target=\" title=\"\" No apoyo ninguna  negativa de Zoe  responde Karla   en medio la los  &#039;Emilia target=\"_blank\" rel=\"noopener\">Ver fuente<\/a><\/p>\n","protected":false},"excerpt":{"rendered":"<p>Zoe Salda\u00f1a se ha pronunciado sobre las pol\u00e9micas que rodean a su compa\u00f1era de reparto en &#8216;Emilia P\u00e9rez&#8216;, Karla Sof\u00eda Gasc\u00f3n, cuyas publicaciones en las redes sociales han resurgido, suscitando cr\u00edticas por su ret\u00f3rica ofensiva e islam\u00f3foba. La controversia ha eclipsado el hist\u00f3rico reconocimiento de la pel\u00edcula en los \u00d3scar, incluida la primera nominaci\u00f3n de [&hellip;]<\/p>\n","protected":false},"author":2,"featured_media":48803,"comment_status":"open","ping_status":"closed","sticky":false,"template":"","format":"standard","meta":{"footnotes":""},"categories":[8],"tags":[],"class_list":["post-48802","post","type-post","status-publish","format-standard","has-post-thumbnail","hentry","category-entretenimiento"],"_links":{"self":[{"href":"https:\/\/enfoquenoticioso.com\/index.php?rest_route=\/wp\/v2\/posts\/48802","targetHints":{"allow":["GET"]}}],"collection":[{"href":"https:\/\/enfoquenoticioso.com\/index.php?rest_route=\/wp\/v2\/posts"}],"about":[{"href":"https:\/\/enfoquenoticioso.com\/index.php?rest_route=\/wp\/v2\/types\/post"}],"author":[{"embeddable":true,"href":"https:\/\/enfoquenoticioso.com\/index.php?rest_route=\/wp\/v2\/users\/2"}],"replies":[{"embeddable":true,"href":"https:\/\/enfoquenoticioso.com\/index.php?rest_route=%2Fwp%2Fv2%2Fcomments&post=48802"}],"version-history":[{"count":0,"href":"https:\/\/enfoquenoticioso.com\/index.php?rest_route=\/wp\/v2\/posts\/48802\/revisions"}],"wp:featuredmedia":[{"embeddable":true,"href":"https:\/\/enfoquenoticioso.com\/index.php?rest_route=\/wp\/v2\/media\/48803"}],"wp:attachment":[{"href":"https:\/\/enfoquenoticioso.com\/index.php?rest_route=%2Fwp%2Fv2%2Fmedia&parent=48802"}],"wp:term":[{"taxonomy":"category","embeddable":true,"href":"https:\/\/enfoquenoticioso.com\/index.php?rest_route=%2Fwp%2Fv2%2Fcategories&post=48802"},{"taxonomy":"post_tag","embeddable":true,"href":"https:\/\/enfoquenoticioso.com\/index.php?rest_route=%2Fwp%2Fv2%2Ftags&post=48802"}],"curies":[{"name":"wp","href":"https:\/\/api.w.org\/{rel}","templated":true}]}}