{"id":4886,"date":"2024-06-05T09:22:37","date_gmt":"2024-06-05T09:22:37","guid":{"rendered":"https:\/\/enfoquenoticioso.com\/tecnologia\/mediamarkt-llega-cargado-de-rebajas-en-aires-acondicionados-y-ventiladores-para-enfrentarte-al-verano-con-garantias\/"},"modified":"2024-06-05T09:22:37","modified_gmt":"2024-06-05T09:22:37","slug":"mediamarkt-llega-cargado-de-rebajas-en-aires-acondicionados-y-ventiladores-para-enfrentarte-al-verano-con-garantias","status":"publish","type":"post","link":"https:\/\/enfoquenoticioso.com\/?p=4886","title":{"rendered":"MediaMarkt llega cargado de rebajas en aires acondicionados y ventiladores para enfrentarte al verano con garant\u00edas"},"content":{"rendered":"<div>\n<p>El verano no ha llegado a\u00fan de forma oficial, pero s\u00ed lo ha hecho de forma oficiosa. Las altas temperaturas ya son un valor habitual en las \u00faltimas semanas en gran parte de Espa\u00f1a y para hacer frente a ellas este verano, debemos contar con dispositivos modernos y flexibles para no sufrir el calor en ninguna estancia de la casa. En <strong>MediaMarkt<\/strong> est\u00e1n de ofertas en <strong>Hogar y Climatizaci\u00f3n<\/strong> y puedes aprovechar para llegar a los d\u00edas m\u00e1s t\u00f3rridos del verano mejor preparado que nunca.<\/p>\n<p><!-- BREAK 1 --> <\/p>\n<div id=\"ez-toc-container\" class=\"ez-toc-v2_0_81 counter-hierarchy ez-toc-counter ez-toc-grey ez-toc-container-direction\">\n<div class=\"ez-toc-title-container\">\n<p class=\"ez-toc-title\" style=\"cursor:inherit\">Tabla de Contenido<\/p>\n<span class=\"ez-toc-title-toggle\"><a href=\"#\" class=\"ez-toc-pull-right ez-toc-btn ez-toc-btn-xs ez-toc-btn-default ez-toc-toggle\" aria-label=\"Alternar tabla de contenidos\"><span class=\"ez-toc-js-icon-con\"><span class=\"\"><span class=\"eztoc-hide\" style=\"display:none;\">Toggle<\/span><span class=\"ez-toc-icon-toggle-span\"><svg style=\"fill: #999;color:#999\" xmlns=\"http:\/\/www.w3.org\/2000\/svg\" class=\"list-377408\" width=\"20px\" height=\"20px\" viewBox=\"0 0 24 24\" fill=\"none\"><path d=\"M6 6H4v2h2V6zm14 0H8v2h12V6zM4 11h2v2H4v-2zm16 0H8v2h12v-2zM4 16h2v2H4v-2zm16 0H8v2h12v-2z\" fill=\"currentColor\"><\/path><\/svg><svg style=\"fill: #999;color:#999\" class=\"arrow-unsorted-368013\" xmlns=\"http:\/\/www.w3.org\/2000\/svg\" width=\"10px\" height=\"10px\" viewBox=\"0 0 24 24\" version=\"1.2\" baseProfile=\"tiny\"><path d=\"M18.2 9.3l-6.2-6.3-6.2 6.3c-.2.2-.3.4-.3.7s.1.5.3.7c.2.2.4.3.7.3h11c.3 0 .5-.1.7-.3.2-.2.3-.5.3-.7s-.1-.5-.3-.7zM5.8 14.7l6.2 6.3 6.2-6.3c.2-.2.3-.5.3-.7s-.1-.5-.3-.7c-.2-.2-.4-.3-.7-.3h-11c-.3 0-.5.1-.7.3-.2.2-.3.5-.3.7s.1.5.3.7z\"\/><\/svg><\/span><\/span><\/span><\/a><\/span><\/div>\n<nav><ul class='ez-toc-list ez-toc-list-level-1 ' ><li class='ez-toc-page-1 ez-toc-heading-level-2'><a class=\"ez-toc-link ez-toc-heading-1\" href=\"https:\/\/enfoquenoticioso.com\/?p=4886\/#OK_OAC_7023_W_ES\" >OK OAC 7023 W ES<\/a><\/li><li class='ez-toc-page-1 ez-toc-heading-level-2'><a class=\"ez-toc-link ez-toc-heading-2\" href=\"https:\/\/enfoquenoticioso.com\/?p=4886\/#Cecotec_EnergySilence_Aero_460\" >Cecotec EnergySilence Aero 460<\/a><\/li><li class='ez-toc-page-1 ez-toc-heading-level-2'><a class=\"ez-toc-link ez-toc-heading-3\" href=\"https:\/\/enfoquenoticioso.com\/?p=4886\/#Rowenta_Eole_Ultra_VU6871F0\" >Rowenta Eole Ultra VU6871F0<\/a><\/li><li class='ez-toc-page-1 ez-toc-heading-level-2'><a class=\"ez-toc-link ez-toc-heading-4\" href=\"https:\/\/enfoquenoticioso.com\/?p=4886\/#Beko_BEHPI_120\" >Beko BEHPI 120<\/a><\/li><li class='ez-toc-page-1 ez-toc-heading-level-2'><a class=\"ez-toc-link ez-toc-heading-5\" href=\"https:\/\/enfoquenoticioso.com\/?p=4886\/#Rowenta_VU4420F2\" >Rowenta VU4420F2<\/a><\/li><\/ul><\/nav><\/div>\n<h2><span class=\"ez-toc-section\" id=\"OK_OAC_7023_W_ES\"><\/span>OK OAC 7023 W ES<span class=\"ez-toc-section-end\"><\/span><\/h2>\n<div class=\"article-asset-image article-asset-normal article-asset-center\">\n<div class=\"asset-content\">\n                    <a rel=\"nofollow, sponsored, noopener, noreferrer noopener\" target=\"_blank\" class=\"js-ecommerce\" href=\"https:\/\/www.xataka.com\/redirect?url=https%3A%2F%2Fwww.mediamarkt.es%2Fes%2Fproduct%2F_aire-acondicionado-portatil-ok-oac-7023-w-es-1720-fgh-lcd-display-deshumificador-blanco-1549931.html&amp;category=seleccion&amp;ecomPostExpiration=everlasting&amp;postId=302457\" data-vars-affiliate-url=\"https:\/\/www.xataka.com\/redirect?url=https%3A%2F%2Fwww.mediamarkt.es%2Fes%2Fproduct%2F_aire-acondicionado-portatil-ok-oac-7023-w-es-1720-fgh-lcd-display-deshumificador-blanco-1549931.html&amp;category=seleccion&amp;ecomPostExpiration=everlasting&amp;postId=302457\"><br \/>\n         <img class=\"centro_sinmarco\" height=\"662\" width=\"1505\" loading=\"lazy\" decoding=\"async\" sizes=\"auto, 100vw\" fetchpriority=\"high\" srcset=\"https:\/\/i.blogs.es\/bc0e19\/captura-de-pantalla-2024-06-04-a-las-15.15.57\/450_1000.png 450w, https:\/\/i.blogs.es\/bc0e19\/captura-de-pantalla-2024-06-04-a-las-15.15.57\/650_1200.png 681w,https:\/\/i.blogs.es\/bc0e19\/captura-de-pantalla-2024-06-04-a-las-15.15.57\/1024_2000.png 1024w, https:\/\/i.blogs.es\/bc0e19\/captura-de-pantalla-2024-06-04-a-las-15.15.57\/1366_2000.png 1366w\" src=\"https:\/\/i.blogs.es\/bc0e19\/captura-de-pantalla-2024-06-04-a-las-15.15.57\/450_1000.png\" alt=\"Captura De Pantalla 2024 06 04 A Las 15 15 57\"\/><br \/>\n    <img decoding=\"async\" alt=\"Captura De Pantalla 2024 06 04 A Las 15 15 57\" class=\"centro_sinmarco\" src=\"https:\/\/i.blogs.es\/bc0e19\/captura-de-pantalla-2024-06-04-a-las-15.15.57\/450_1000.png\"\/><br \/>\n     <\/a><\/p><\/div>\n<\/div>\n<p>Con un precio oficial y habitual de 229 euros, este aire acondicionado de <strong>OK OAC cae de precio 50 euros <\/strong>y se queda en los actuales <a rel=\"nofollow, sponsored, noopener, noreferrer noopener\" target=\"_blank\" class=\"js-ecommerce\" href=\"https:\/\/www.xataka.com\/redirect?url=https%3A%2F%2Fwww.mediamarkt.es%2Fes%2Fproduct%2F_aire-acondicionado-portatil-ok-oac-7023-w-es-1720-fgh-lcd-display-deshumificador-blanco-1549931.html&amp;category=seleccion&amp;ecomPostExpiration=everlasting&amp;postId=302457\" data-vars-affiliate-url=\"https:\/\/www.xataka.com\/redirect?url=https%3A%2F%2Fwww.mediamarkt.es%2Fes%2Fproduct%2F_aire-acondicionado-portatil-ok-oac-7023-w-es-1720-fgh-lcd-display-deshumificador-blanco-1549931.html&amp;category=seleccion&amp;ecomPostExpiration=everlasting&amp;postId=302457\">179 euros<\/a> con el env\u00edo sin coste a\u00f1adido.<\/p>\n<p><!-- BREAK 2 --><\/p>\n<p>Se trata de un aire acondicionado port\u00e1til, que puedes llevar de un lado a otro con ruedas sin mayor esfuerzo y alberga una capacidad de <strong>producci\u00f3n de fr\u00edo de hasta 2.0 kW<\/strong>. Aparte, ofrece funci\u00f3n de deshumificar<strong> hasta 19.2 litros en un d\u00eda. <\/strong>Te permite controlar el temporizador y <strong>configurar hasta qu\u00e9 momento<\/strong> quieres que deje de enfriar la habitaci\u00f3n. Sus <strong>1.720 frigor\u00edas<\/strong> son ideales para enfriar una habitaci\u00f3n de hasta 32 metros cuadrados.<\/p>\n<p><!-- BREAK 3 --><br \/>\n<!-- PIVOT START --><\/p>\n<div class=\"pivot-ecommerce-container m-pivot-ecommerce-redesign article-asset-normal article-asset-center\">\n<div class=\"pivot-ecommerce\">\n<div class=\"pivot-ecommerce-figure\">\n  <a rel=\"nofollow, sponsored, noopener, noreferrer noopener\" target=\"_blank\" href=\"https:\/\/www.xataka.com\/redirect?url=https%3A%2F%2Fwww.mediamarkt.es%2Fes%2Fproduct%2F_aire-acondicionado-portatil-ok-oac-7023-w-es-1720-fgh-lcd-display-deshumificador-blanco-1549931.html&amp;category=seleccion&amp;pivot=1&amp;ecomPostExpiration=everlasting&amp;postId=302457\"><br \/>\n   <img loading=\"lazy\" decoding=\"async\" alt=\"Aire acondicionado port\u00e1til - OK OAC 7023 W ES, 1720 fg\/h, LCD Display, Deshumidificador, Blanco&#10;\" width=\"662\" height=\"661\" src=\"https:\/\/i.blogs.es\/2b089e\/blob\/original.png\"\/><br \/>\n  <\/a>\n  <\/div>\n<div class=\"pivot-ecommerce-summary\">\n<p class=\"pivot-ecommerce-desc\">Aire acondicionado port\u00e1til &#8211; OK OAC 7023 W ES, 1720 fg\/h, LCD Display, Deshumidificador, Blanco\n<\/p>\n<\/p><\/div>\n<\/p><\/div>\n<p>* Alg\u00fan precio puede haber cambiado desde la \u00faltima revisi\u00f3n<\/p>\n<\/p><\/div>\n<p><!-- PIVOT END --><\/p>\n<h2><span class=\"ez-toc-section\" id=\"Cecotec_EnergySilence_Aero_460\"><\/span>Cecotec EnergySilence Aero 460<span class=\"ez-toc-section-end\"><\/span><\/h2>\n<div class=\"article-asset-image article-asset-normal article-asset-center\">\n<div class=\"asset-content\">\n                    <a rel=\"nofollow, sponsored, noopener, noreferrer noopener\" target=\"_blank\" class=\"js-ecommerce\" href=\"https:\/\/www.xataka.com\/redirect?url=https%3A%2F%2Fwww.mediamarkt.es%2Fes%2Fproduct%2F_ventilador-de-techo-cecotec-energysilence-aero-460-55-w-mando-a-distancia-3-velocidades-3-aspas-blanco-1501604.html&amp;category=seleccion&amp;ecomPostExpiration=everlasting&amp;postId=302457\" data-vars-affiliate-url=\"https:\/\/www.xataka.com\/redirect?url=https%3A%2F%2Fwww.mediamarkt.es%2Fes%2Fproduct%2F_ventilador-de-techo-cecotec-energysilence-aero-460-55-w-mando-a-distancia-3-velocidades-3-aspas-blanco-1501604.html&amp;category=seleccion&amp;ecomPostExpiration=everlasting&amp;postId=302457\"><br \/>\n         <img class=\"centro_sinmarco\" height=\"494\" width=\"1264\" loading=\"lazy\" decoding=\"async\" sizes=\"auto, 100vw\" fetchpriority=\"high\" srcset=\"https:\/\/i.blogs.es\/a3d813\/captura-de-pantalla-2024-06-04-a-las-15.39.44\/450_1000.png 450w, https:\/\/i.blogs.es\/a3d813\/captura-de-pantalla-2024-06-04-a-las-15.39.44\/650_1200.png 681w,https:\/\/i.blogs.es\/a3d813\/captura-de-pantalla-2024-06-04-a-las-15.39.44\/1024_2000.png 1024w, https:\/\/i.blogs.es\/a3d813\/captura-de-pantalla-2024-06-04-a-las-15.39.44\/1366_2000.png 1366w\" src=\"https:\/\/i.blogs.es\/a3d813\/captura-de-pantalla-2024-06-04-a-las-15.39.44\/450_1000.png\" alt=\"Captura De Pantalla 2024 06 04 A Las 15 39 44\"\/><br \/>\n    <img decoding=\"async\" alt=\"Captura De Pantalla 2024 06 04 A Las 15 39 44\" class=\"centro_sinmarco\" src=\"https:\/\/i.blogs.es\/a3d813\/captura-de-pantalla-2024-06-04-a-las-15.39.44\/450_1000.png\"\/><br \/>\n     <\/a><\/p><\/div>\n<\/div>\n<p>Este ventilador de techo de <strong>Cecotec<\/strong> costaba anteriormente 104 euros en MediaMarkt. Ahora, con una <strong>rebaja de 22,10 euros<\/strong>, su precio cae hasta los <a rel=\"nofollow, sponsored, noopener, noreferrer noopener\" target=\"_blank\" class=\"js-ecommerce\" href=\"https:\/\/www.xataka.com\/redirect?url=https%3A%2F%2Fwww.mediamarkt.es%2Fes%2Fproduct%2F_ventilador-de-techo-cecotec-energysilence-aero-460-55-w-mando-a-distancia-3-velocidades-3-aspas-blanco-1501604.html&amp;category=seleccion&amp;ecomPostExpiration=everlasting&amp;postId=302457\" data-vars-affiliate-url=\"https:\/\/www.xataka.com\/redirect?url=https%3A%2F%2Fwww.mediamarkt.es%2Fes%2Fproduct%2F_ventilador-de-techo-cecotec-energysilence-aero-460-55-w-mando-a-distancia-3-velocidades-3-aspas-blanco-1501604.html&amp;category=seleccion&amp;ecomPostExpiration=everlasting&amp;postId=302457\">81,90 euros<\/a>.<\/p>\n<p><!-- BREAK 4 --><\/p>\n<p>Este est\u00e9tico ventilador de techo tiene<strong> 55 W<\/strong> de potencia y ofrece tres velocidades para adecuarse a tus necesidades y a la temperatura de cada momento. Sus <strong>aspas de grandes dimensiones<\/strong> aumentan la cobertura de aire fresco en la estancia y cuenta con un <strong>sistema de inversi\u00f3n de giro<\/strong> del motor para realizar la <strong>funci\u00f3n de verano\/invierno <\/strong>que en invierno impulsa el aire caliente concentrado en el techo hacia el suelo.<\/p>\n<p><!-- BREAK 5 --><!-- PIVOT START --><\/p>\n<div class=\"pivot-ecommerce-container m-pivot-ecommerce-redesign article-asset-normal article-asset-center\">\n<div class=\"pivot-ecommerce\">\n<div class=\"pivot-ecommerce-figure\">\n  <a rel=\"nofollow, sponsored, noopener, noreferrer noopener\" target=\"_blank\" href=\"https:\/\/www.xataka.com\/redirect?url=https%3A%2F%2Fwww.amazon.es%2Fdp%2FB0913DWQ9V%3Ftag%3Dxataka-21%26linkCode%3Dogi%26th%3D1%26psc%3D1&amp;category=seleccion&amp;pivot=1&amp;ecomPostExpiration=everlasting&amp;postId=302457\"><br \/>\n   <img loading=\"lazy\" decoding=\"async\" alt=\"Cecotec Ventilador de Techo con Mando a Distancia, Temporizador y Luz LED EnergySilence Aero 460. 49 W, 106 cm de Di\u00e1metro, 3 Aspas, 3 Velocidades, Funci\u00f3n Invierno, Dise\u00f1o en blanco\" width=\"500\" height=\"500\" src=\"https:\/\/i.blogs.es\/1751e1\/21erffs4xil._sl500_\/original.jpeg\"\/><br \/>\n  <\/a>\n  <\/div>\n<div class=\"pivot-ecommerce-summary\">\n<p class=\"pivot-ecommerce-desc\">Cecotec Ventilador de Techo con Mando a Distancia, Temporizador y Luz LED EnergySilence Aero 460. 49 W, 106 cm de Di\u00e1metro, 3 Aspas, 3 Velocidades, Funci\u00f3n Invierno, Dise\u00f1o en blanco<\/p>\n<\/p><\/div>\n<\/p><\/div>\n<p>* Alg\u00fan precio puede haber cambiado desde la \u00faltima revisi\u00f3n<\/p>\n<\/p><\/div>\n<p><!-- PIVOT END --><\/p>\n<h2><span class=\"ez-toc-section\" id=\"Rowenta_Eole_Ultra_VU6871F0\"><\/span>Rowenta Eole Ultra VU6871F0<span class=\"ez-toc-section-end\"><\/span><\/h2>\n<div class=\"article-asset-image article-asset-normal article-asset-center\">\n<div class=\"asset-content\">\n                    <a rel=\"nofollow, sponsored, noopener, noreferrer noopener\" target=\"_blank\" class=\"js-ecommerce\" href=\"https:\/\/www.xataka.com\/redirect?url=https%3A%2F%2Fwww.mediamarkt.es%2Fes%2Fproduct%2F_ventilador-de-pie-rowenta-eole-ultra-vu6871f0-40-w-52-db-1938-mh-oscilacion-60-o-3-vel-2-modos-autom-control-remototemporizador-blanco-1547096.html&amp;category=seleccion&amp;ecomPostExpiration=everlasting&amp;postId=302457\" data-vars-affiliate-url=\"https:\/\/www.xataka.com\/redirect?url=https%3A%2F%2Fwww.mediamarkt.es%2Fes%2Fproduct%2F_ventilador-de-pie-rowenta-eole-ultra-vu6871f0-40-w-52-db-1938-mh-oscilacion-60-o-3-vel-2-modos-autom-control-remototemporizador-blanco-1547096.html&amp;category=seleccion&amp;ecomPostExpiration=everlasting&amp;postId=302457\"><br \/>\n         <img class=\"centro_sinmarco\" height=\"704\" width=\"1645\" loading=\"lazy\" decoding=\"async\" sizes=\"auto, 100vw\" fetchpriority=\"high\" srcset=\"https:\/\/i.blogs.es\/0e3f14\/captura-de-pantalla-2024-06-04-a-las-16.03.32\/450_1000.png 450w, https:\/\/i.blogs.es\/0e3f14\/captura-de-pantalla-2024-06-04-a-las-16.03.32\/650_1200.png 681w,https:\/\/i.blogs.es\/0e3f14\/captura-de-pantalla-2024-06-04-a-las-16.03.32\/1024_2000.png 1024w, https:\/\/i.blogs.es\/0e3f14\/captura-de-pantalla-2024-06-04-a-las-16.03.32\/1366_2000.png 1366w\" src=\"https:\/\/i.blogs.es\/0e3f14\/captura-de-pantalla-2024-06-04-a-las-16.03.32\/450_1000.png\" alt=\"Captura De Pantalla 2024 06 04 A Las 16 03 32\"\/><br \/>\n    <img decoding=\"async\" alt=\"Captura De Pantalla 2024 06 04 A Las 16 03 32\" class=\"centro_sinmarco\" src=\"https:\/\/i.blogs.es\/0e3f14\/captura-de-pantalla-2024-06-04-a-las-16.03.32\/450_1000.png\"\/><br \/>\n     <\/a><\/p><\/div>\n<\/div>\n<p><strong>Rowenta<\/strong> tiene este ventilador de torre en MediaMarkt rebajado desde su precio anterior de 149,99 euros hasta los actuales <a rel=\"nofollow, sponsored, noopener, noreferrer noopener\" target=\"_blank\" class=\"js-ecommerce\" href=\"https:\/\/www.xataka.com\/redirect?url=https%3A%2F%2Fwww.mediamarkt.es%2Fes%2Fproduct%2F_ventilador-de-pie-rowenta-eole-ultra-vu6871f0-40-w-52-db-1938-mh-oscilacion-60-o-3-vel-2-modos-autom-control-remototemporizador-blanco-1547096.html&amp;category=seleccion&amp;ecomPostExpiration=everlasting&amp;postId=302457\" data-vars-affiliate-url=\"https:\/\/www.xataka.com\/redirect?url=https%3A%2F%2Fwww.mediamarkt.es%2Fes%2Fproduct%2F_ventilador-de-pie-rowenta-eole-ultra-vu6871f0-40-w-52-db-1938-mh-oscilacion-60-o-3-vel-2-modos-autom-control-remototemporizador-blanco-1547096.html&amp;category=seleccion&amp;ecomPostExpiration=everlasting&amp;postId=302457\">119 euros<\/a>, lo que suponen <strong>30 euros de ahorro<\/strong>.<\/p>\n<p><!-- BREAK 6 --> <\/p>\n<p>Este ventilador en forma de torre de <strong>un metro de altura<\/strong> cuenta con una rejilla que reparte el aire equitativamente por toda la estancia. Dispone de un temporizador para ahorrar energ\u00eda y con mando a distancia. Su chorro de aire <strong>alcanza una distancia de hasta seis metros <\/strong>y con solo <strong>52 dB(A)<\/strong> es lo suficientemente silencioso para que funcione dej\u00e1ndote dormir o estudiar. Tambi\u00e9n tiene <strong>tres velocidades manuales y dos modos autom\u00e1ticos<\/strong>, incluyendo el modo nocturno y el modo de brisa natural.<\/p>\n<p><!-- BREAK 7 --><!-- PIVOT START --><\/p>\n<div class=\"pivot-ecommerce-container m-pivot-ecommerce-redesign article-asset-normal article-asset-center\">\n<div class=\"pivot-ecommerce\">\n<div class=\"pivot-ecommerce-figure\">\n  <a rel=\"nofollow, sponsored, noopener, noreferrer noopener\" target=\"_blank\" href=\"https:\/\/www.xataka.com\/redirect?url=https%3A%2F%2Fwww.elcorteingles.es%2Felectrodomesticos%2FA48020816-ventilador-de-torre-rownta-eole-ultra-vu6871-3-velocidades-con-temporizador%2F&amp;category=seleccion&amp;pivot=1&amp;ecomPostExpiration=everlasting&amp;postId=302457\"><br \/>\n   <img loading=\"lazy\" decoding=\"async\" alt=\"Rowenta Eole Ultra VU6871 Ventilador de torre con 40 W de potencia y hasta 6 metros de rango, silencioso, funci\u00f3n nocturna, 3 ajustes, panel de control electr\u00f3nico, apagado autom\u00e1tico, blanco\" width=\"500\" height=\"500\" src=\"https:\/\/i.blogs.es\/624046\/310vlz62cyl._sl500_\/original.jpeg\"\/><br \/>\n  <\/a>\n  <\/div>\n<div class=\"pivot-ecommerce-summary\">\n<p class=\"pivot-ecommerce-desc\">Rowenta Eole Ultra VU6871 Ventilador de torre con 40 W de potencia y hasta 6 metros de rango, silencioso, funci\u00f3n nocturna, 3 ajustes, panel de control electr\u00f3nico, apagado autom\u00e1tico, blanco<\/p>\n<\/p><\/div>\n<\/p><\/div>\n<p>* Alg\u00fan precio puede haber cambiado desde la \u00faltima revisi\u00f3n<\/p>\n<\/p><\/div>\n<p><!-- PIVOT END --><\/p>\n<h2><span class=\"ez-toc-section\" id=\"Beko_BEHPI_120\"><\/span>Beko BEHPI 120<span class=\"ez-toc-section-end\"><\/span><\/h2>\n<div class=\"article-asset-image article-asset-normal article-asset-center\">\n<div class=\"asset-content\">\n                    <a rel=\"nofollow, sponsored, noopener, noreferrer noopener\" target=\"_blank\" class=\"js-ecommerce\" href=\"https:\/\/www.xataka.com\/redirect?url=https%3A%2F%2Fwww.mediamarkt.es%2Fes%2Fproduct%2F_aire-acondicionado-split-1-x-1-beko-behpi-120-behpi-121-inverter-3010-fgh-60-dba-deshumidificacion-blanco-1568321.html&amp;category=seleccion&amp;ecomPostExpiration=everlasting&amp;postId=302457\" data-vars-affiliate-url=\"https:\/\/www.xataka.com\/redirect?url=https%3A%2F%2Fwww.mediamarkt.es%2Fes%2Fproduct%2F_aire-acondicionado-split-1-x-1-beko-behpi-120-behpi-121-inverter-3010-fgh-60-dba-deshumidificacion-blanco-1568321.html&amp;category=seleccion&amp;ecomPostExpiration=everlasting&amp;postId=302457\"><br \/>\n         <img class=\"centro_sinmarco\" height=\"449\" width=\"1227\" loading=\"lazy\" decoding=\"async\" sizes=\"auto, 100vw\" fetchpriority=\"high\" srcset=\"https:\/\/i.blogs.es\/5ade6a\/captura-de-pantalla-2024-06-04-a-las-16.10.51\/450_1000.png 450w, https:\/\/i.blogs.es\/5ade6a\/captura-de-pantalla-2024-06-04-a-las-16.10.51\/650_1200.png 681w,https:\/\/i.blogs.es\/5ade6a\/captura-de-pantalla-2024-06-04-a-las-16.10.51\/1024_2000.png 1024w, https:\/\/i.blogs.es\/5ade6a\/captura-de-pantalla-2024-06-04-a-las-16.10.51\/1366_2000.png 1366w\" src=\"https:\/\/i.blogs.es\/5ade6a\/captura-de-pantalla-2024-06-04-a-las-16.10.51\/450_1000.png\" alt=\"Captura De Pantalla 2024 06 04 A Las 16 10 51\"\/><br \/>\n    <img decoding=\"async\" alt=\"Captura De Pantalla 2024 06 04 A Las 16 10 51\" class=\"centro_sinmarco\" src=\"https:\/\/i.blogs.es\/5ade6a\/captura-de-pantalla-2024-06-04-a-las-16.10.51\/450_1000.png\"\/><br \/>\n     <\/a><\/p><\/div>\n<\/div>\n<p>Este split de <strong>Beko<\/strong> costaba habitualmente en MediaMarkt 399 euros. Ahora, su precio <strong>baja 50 euros<\/strong> y se queda en <a rel=\"nofollow, sponsored, noopener, noreferrer noopener\" target=\"_blank\" class=\"js-ecommerce\" href=\"https:\/\/www.xataka.com\/redirect?url=https%3A%2F%2Fwww.mediamarkt.es%2Fes%2Fproduct%2F_aire-acondicionado-split-1-x-1-beko-behpi-120-behpi-121-inverter-3010-fgh-60-dba-deshumidificacion-blanco-1568321.html&amp;category=seleccion&amp;ecomPostExpiration=everlasting&amp;postId=302457\" data-vars-affiliate-url=\"https:\/\/www.xataka.com\/redirect?url=https%3A%2F%2Fwww.mediamarkt.es%2Fes%2Fproduct%2F_aire-acondicionado-split-1-x-1-beko-behpi-120-behpi-121-inverter-3010-fgh-60-dba-deshumidificacion-blanco-1568321.html&amp;category=seleccion&amp;ecomPostExpiration=everlasting&amp;postId=302457\">349 euros<\/a>.<\/p>\n<p>Estamos ante un aire acondicionado en forma split que necesita instalaci\u00f3n que cuenta <strong>2.6 kW para su calefacci\u00f3n y 3.5 en refrigeraci\u00f3n<\/strong>. Su motor con <strong>funci\u00f3n inverter <\/strong>ajusta autom\u00e1ticamente la potencia para mantener la temperatura que deseas de manera constante, ahorrando energ\u00eda. Tambi\u00e9n ofrece <strong>deshumidificaci\u00f3n<\/strong>, que elimina el exceso de humedad en el aire. Su <strong>temporizador<\/strong> tiene un modo noche que ofrece un funcionamiento muy silencioso.<\/p>\n<p><!-- BREAK 8 --><!-- PIVOT START --><\/p>\n<div class=\"pivot-ecommerce-container m-pivot-ecommerce-redesign article-asset-normal article-asset-center\">\n<div class=\"pivot-ecommerce\">\n<div class=\"pivot-ecommerce-figure\">\n  <a rel=\"nofollow, sponsored, noopener, noreferrer noopener\" target=\"_blank\" href=\"https:\/\/www.xataka.com\/redirect?url=https%3A%2F%2Fwww.mediamarkt.es%2Fes%2Fproduct%2F_aire-acondicionado-split-1-x-1-beko-behpi-120-behpi-121-inverter-3010-fgh-60-dba-deshumidificacion-blanco-1568321.html&amp;category=seleccion&amp;pivot=1&amp;ecomPostExpiration=everlasting&amp;postId=302457\"><br \/>\n   <img loading=\"lazy\" decoding=\"async\" alt=\"Aire acondicionado Split 1 x 1 - Beko BEHPI 120\/ BEHPI 121, Inverter, 3010 fg\/h, 60 dB(A), Deshumidificaci\u00f3n, Wifi, Blanco&#10;\" width=\"729\" height=\"729\" src=\"https:\/\/i.blogs.es\/b71963\/blob\/original.png\"\/><br \/>\n  <\/a>\n  <\/div>\n<div class=\"pivot-ecommerce-summary\">\n<p class=\"pivot-ecommerce-desc\">Aire acondicionado Split 1 x 1 &#8211; Beko BEHPI 120\/ BEHPI 121, Inverter, 3010 fg\/h, 60 dB(A), Deshumidificaci\u00f3n, Wifi, Blanco\n<\/p>\n<\/p><\/div>\n<\/p><\/div>\n<p>* Alg\u00fan precio puede haber cambiado desde la \u00faltima revisi\u00f3n<\/p>\n<\/p><\/div>\n<p><!-- PIVOT END --><\/p>\n<h2><span class=\"ez-toc-section\" id=\"Rowenta_VU4420F2\"><\/span>Rowenta VU4420F2<span class=\"ez-toc-section-end\"><\/span><\/h2>\n<div class=\"article-asset-image article-asset-normal article-asset-center\">\n<div class=\"asset-content\">\n                    <a rel=\"nofollow, sponsored, noopener, noreferrer noopener\" target=\"_blank\" class=\"js-ecommerce\" href=\"https:\/\/www.xataka.com\/redirect?url=https%3A%2F%2Fwww.mediamarkt.es%2Fes%2Fproduct%2F_ventilador-de-pie-rowenta-vu4420f0-60-w-1-3-m-54-db-55-m%25C2%25B3-min-antimosquitos-3-velocidades-negro-1499823.html&amp;category=seleccion&amp;ecomPostExpiration=everlasting&amp;postId=302457\" data-vars-affiliate-url=\"https:\/\/www.xataka.com\/redirect?url=https%3A%2F%2Fwww.mediamarkt.es%2Fes%2Fproduct%2F_ventilador-de-pie-rowenta-vu4420f0-60-w-1-3-m-54-db-55-m%25C2%25B3-min-antimosquitos-3-velocidades-negro-1499823.html&amp;category=seleccion&amp;ecomPostExpiration=everlasting&amp;postId=302457\"><br \/>\n         <img class=\"centro_sinmarco\" height=\"581\" width=\"1558\" loading=\"lazy\" decoding=\"async\" sizes=\"auto, 100vw\" fetchpriority=\"high\" srcset=\"https:\/\/i.blogs.es\/b78884\/captura-de-pantalla-2024-06-04-a-las-16.22.26\/450_1000.png 450w, https:\/\/i.blogs.es\/b78884\/captura-de-pantalla-2024-06-04-a-las-16.22.26\/650_1200.png 681w,https:\/\/i.blogs.es\/b78884\/captura-de-pantalla-2024-06-04-a-las-16.22.26\/1024_2000.png 1024w, https:\/\/i.blogs.es\/b78884\/captura-de-pantalla-2024-06-04-a-las-16.22.26\/1366_2000.png 1366w\" src=\"https:\/\/i.blogs.es\/b78884\/captura-de-pantalla-2024-06-04-a-las-16.22.26\/450_1000.png\" alt=\"Captura De Pantalla 2024 06 04 A Las 16 22 26\"\/><br \/>\n    <img decoding=\"async\" alt=\"Captura De Pantalla 2024 06 04 A Las 16 22 26\" class=\"centro_sinmarco\" src=\"https:\/\/i.blogs.es\/b78884\/captura-de-pantalla-2024-06-04-a-las-16.22.26\/450_1000.png\"\/><br \/>\n     <\/a><\/p><\/div>\n<\/div>\n<p>Con un precio oficial de 109,99 euros, este ventilador de pie <strong>Rowenta<\/strong> <strong>cae 20 euros <\/strong>y ahora puede ser tuyo con descuento de 20 euros, el cual lo deja en <a rel=\"nofollow, sponsored, noopener, noreferrer noopener\" target=\"_blank\" class=\"js-ecommerce\" href=\"https:\/\/www.xataka.com\/redirect?url=https%3A%2F%2Fwww.mediamarkt.es%2Fes%2Fproduct%2F_ventilador-de-pie-rowenta-vu4420f0-60-w-1-3-m-54-db-55-m%25C2%25B3-min-antimosquitos-3-velocidades-negro-1499823.html&amp;category=seleccion&amp;ecomPostExpiration=everlasting&amp;postId=302457\" data-vars-affiliate-url=\"https:\/\/www.xataka.com\/redirect?url=https%3A%2F%2Fwww.mediamarkt.es%2Fes%2Fproduct%2F_ventilador-de-pie-rowenta-vu4420f0-60-w-1-3-m-54-db-55-m%25C2%25B3-min-antimosquitos-3-velocidades-negro-1499823.html&amp;category=seleccion&amp;ecomPostExpiration=everlasting&amp;postId=302457\">89,99 euros<\/a>.<\/p>\n<p><!-- BREAK 9 --><\/p>\n<p>Se trata de un ventilador con tres velocidades y<strong> 60 W<\/strong> de potencia en el que puedes <strong>ajustar su orientaci\u00f3n<\/strong> y activar la <strong>oscilaci\u00f3n autom\u00e1tica<\/strong> para repartir el aire por toda la estancia. Ofrece un flujo de aire de <strong>hasta 55 m3\/min.<\/strong> en velocidad m\u00e1xima y cuenta con funci\u00f3n antimosquitos, ya que puedes <strong>instalar y reemplazar el bote de repelente<\/strong> gracias a su compatibilidad con la mayor\u00eda de estos botes, aunque incluye un adaptador.<\/p>\n<p><!-- BREAK 10 --><br \/>\n<!-- PIVOT START --><\/p>\n<div class=\"pivot-ecommerce-container m-pivot-ecommerce-redesign article-asset-normal article-asset-center\">\n<div class=\"pivot-ecommerce\">\n<div class=\"pivot-ecommerce-figure\">\n  <a rel=\"nofollow, sponsored, noopener, noreferrer noopener\" target=\"_blank\" href=\"https:\/\/www.xataka.com\/redirect?url=https%3A%2F%2Fwww.rowenta.es%2Fp%2Fessential-antimosquitos%2F4100000734&amp;category=seleccion&amp;pivot=1&amp;ecomPostExpiration=everlasting&amp;postId=302457\"><br \/>\n   <img loading=\"lazy\" decoding=\"async\" alt=\"Rowenta Ventilador de pie Essential+ antimosquito VU4420 flujo de aire de 55 m3\/min, 3 velocidades, alto rendimiento, oscilaci\u00f3n autom\u00e1tica, orientaci\u00f3n y altura ajustables, 54 dB(A), negro\" width=\"500\" height=\"500\" src=\"https:\/\/i.blogs.es\/7ad68a\/41uu-kjtcwl._sl500_\/original.jpeg\"\/><br \/>\n  <\/a>\n  <\/div>\n<div class=\"pivot-ecommerce-summary\">\n<p class=\"pivot-ecommerce-desc\">Rowenta Ventilador de pie Essential+ antimosquito VU4420 flujo de aire de 55 m3\/min, 3 velocidades, alto rendimiento, oscilaci\u00f3n autom\u00e1tica, orientaci\u00f3n y altura ajustables, 54 dB(A), negro<\/p>\n<\/p><\/div>\n<\/p><\/div>\n<p>* Alg\u00fan precio puede haber cambiado desde la \u00faltima revisi\u00f3n<\/p>\n<\/p><\/div>\n<p><!-- PIVOT END --><\/p>\n<p><em>Algunos de los enlaces de este art\u00edculo son afiliados y pueden reportar un beneficio a Xataka<\/em>.<\/p>\n<p>Im\u00e1genes | Cecotec, Rowenta, OK OAC, Beko, <a rel=\"noopener, noreferrer\" href=\"https:\/\/unsplash.com\/es\/@delaneyvan?utm_content=creditCopyText&amp;utm_medium=referral&amp;utm_source=unsplash\" target=\"_blank\">Delaney Van en Unsplash<\/a><\/p>\n<p>En Xataka | <a href=\"https:\/\/www.xataka.com\/seleccion\/que-aire-acondicionado-inteligente-comprar-como-elegir-sistema-climatizacion-conectado-modelos-destacados\" target=\"_blank\" rel=\"noopener\">Qu\u00e9 aire acondicionado inteligente comprar: c\u00f3mo elegir un sistema de climatizaci\u00f3n conectado y modelos destacados<\/a><\/p>\n<p>En Xataka | <a href=\"https:\/\/www.xataka.com\/investigacion\/como-dormir-cuando-hace-mucho-calor-no-tienes-aire-acondicionado-que-dice-ciencia-1\" target=\"_blank\" rel=\"noopener\">C\u00f3mo dormir cuando hace mucho calor y no tienes aire acondicionado: lo que dice la ciencia<\/a><\/p>\n<\/p><\/div>\n<p><a href=\"https:\/\/www.xataka.com\/seleccion\/mediamarkt-llega-cargado-rebajas-aires-acondicionados-ventiladores-para-enfrentarte-al-verano-garantias\" class=\" target=\" title=\"MediaMarkt llega cargado de rebajas en aires acondicionados y ventiladores para enfrentarte al verano con garant\u00edas\" target=\"_blank\" rel=\"noopener\">Ver fuente<\/a><\/p>\n","protected":false},"excerpt":{"rendered":"<p>El verano no ha llegado a\u00fan de forma oficial, pero s\u00ed lo ha hecho de forma oficiosa. Las altas temperaturas ya son un valor habitual en las \u00faltimas semanas en gran parte de Espa\u00f1a y para hacer frente a ellas este verano, debemos contar con dispositivos modernos y flexibles para no sufrir el calor en [&hellip;]<\/p>\n","protected":false},"author":2,"featured_media":4887,"comment_status":"open","ping_status":"closed","sticky":false,"template":"","format":"standard","meta":{"footnotes":""},"categories":[9],"tags":[],"class_list":["post-4886","post","type-post","status-publish","format-standard","has-post-thumbnail","hentry","category-tecnologia"],"_links":{"self":[{"href":"https:\/\/enfoquenoticioso.com\/index.php?rest_route=\/wp\/v2\/posts\/4886","targetHints":{"allow":["GET"]}}],"collection":[{"href":"https:\/\/enfoquenoticioso.com\/index.php?rest_route=\/wp\/v2\/posts"}],"about":[{"href":"https:\/\/enfoquenoticioso.com\/index.php?rest_route=\/wp\/v2\/types\/post"}],"author":[{"embeddable":true,"href":"https:\/\/enfoquenoticioso.com\/index.php?rest_route=\/wp\/v2\/users\/2"}],"replies":[{"embeddable":true,"href":"https:\/\/enfoquenoticioso.com\/index.php?rest_route=%2Fwp%2Fv2%2Fcomments&post=4886"}],"version-history":[{"count":0,"href":"https:\/\/enfoquenoticioso.com\/index.php?rest_route=\/wp\/v2\/posts\/4886\/revisions"}],"wp:featuredmedia":[{"embeddable":true,"href":"https:\/\/enfoquenoticioso.com\/index.php?rest_route=\/wp\/v2\/media\/4887"}],"wp:attachment":[{"href":"https:\/\/enfoquenoticioso.com\/index.php?rest_route=%2Fwp%2Fv2%2Fmedia&parent=4886"}],"wp:term":[{"taxonomy":"category","embeddable":true,"href":"https:\/\/enfoquenoticioso.com\/index.php?rest_route=%2Fwp%2Fv2%2Fcategories&post=4886"},{"taxonomy":"post_tag","embeddable":true,"href":"https:\/\/enfoquenoticioso.com\/index.php?rest_route=%2Fwp%2Fv2%2Ftags&post=4886"}],"curies":[{"name":"wp","href":"https:\/\/api.w.org\/{rel}","templated":true}]}}