{"id":4896,"date":"2024-06-05T10:41:53","date_gmt":"2024-06-05T10:41:53","guid":{"rendered":"https:\/\/enfoquenoticioso.com\/entretenimiento\/viggo-mortensen-incluyo-la-espada-de-aragorn-en-su-nuevo-western\/"},"modified":"2024-06-05T10:41:53","modified_gmt":"2024-06-05T10:41:53","slug":"viggo-mortensen-incluyo-la-espada-de-aragorn-en-su-nuevo-western","status":"publish","type":"post","link":"https:\/\/enfoquenoticioso.com\/?p=4896","title":{"rendered":"Viggo Mortensen incluy\u00f3 la espada de Aragorn en su nuevo western"},"content":{"rendered":"<div>\n<p>Si vives en Madrid, <strong>es posible que te hayas encontrado m\u00e1s de una vez a Viggo Mortensen<\/strong> dando un paseo junto a Ariadna Gil. De hecho, ha acudido en persona a los coloquios de su \u00faltima pel\u00edcula, &#8216;<strong>Hasta el fin del mundo<\/strong>&#8216; (&#8216;The Dead Don&#8217;t Hurt&#8217;). Y si tienes la oportunidad de verla no te la pierdas, porque <strong>esconde un secreto que solo pueden ver los m\u00e1s fans<\/strong> de <a href=\"https:\/\/www.espinof.com\/listas\/que-orden-ver-saga-senor-anillos-hobbit-serie-amazon-te-deja-ganas-volver-a-tierra-media\" target=\"_blank\" rel=\"noopener\">&#8216;El se\u00f1or de los anillos&#8217;<\/a>&#8230; si agudizan bien el ojo.<\/p>\n<p><!-- BREAK 1 --> <\/p>\n<div id=\"ez-toc-container\" class=\"ez-toc-v2_0_81 counter-hierarchy ez-toc-counter ez-toc-grey ez-toc-container-direction\">\n<div class=\"ez-toc-title-container\">\n<p class=\"ez-toc-title\" style=\"cursor:inherit\">Tabla de Contenido<\/p>\n<span class=\"ez-toc-title-toggle\"><a href=\"#\" class=\"ez-toc-pull-right ez-toc-btn ez-toc-btn-xs ez-toc-btn-default ez-toc-toggle\" aria-label=\"Alternar tabla de contenidos\"><span class=\"ez-toc-js-icon-con\"><span class=\"\"><span class=\"eztoc-hide\" style=\"display:none;\">Toggle<\/span><span class=\"ez-toc-icon-toggle-span\"><svg style=\"fill: #999;color:#999\" xmlns=\"http:\/\/www.w3.org\/2000\/svg\" class=\"list-377408\" width=\"20px\" height=\"20px\" viewBox=\"0 0 24 24\" fill=\"none\"><path d=\"M6 6H4v2h2V6zm14 0H8v2h12V6zM4 11h2v2H4v-2zm16 0H8v2h12v-2zM4 16h2v2H4v-2zm16 0H8v2h12v-2z\" fill=\"currentColor\"><\/path><\/svg><svg style=\"fill: #999;color:#999\" class=\"arrow-unsorted-368013\" xmlns=\"http:\/\/www.w3.org\/2000\/svg\" width=\"10px\" height=\"10px\" viewBox=\"0 0 24 24\" version=\"1.2\" baseProfile=\"tiny\"><path d=\"M18.2 9.3l-6.2-6.3-6.2 6.3c-.2.2-.3.4-.3.7s.1.5.3.7c.2.2.4.3.7.3h11c.3 0 .5-.1.7-.3.2-.2.3-.5.3-.7s-.1-.5-.3-.7zM5.8 14.7l6.2 6.3 6.2-6.3c.2-.2.3-.5.3-.7s-.1-.5-.3-.7c-.2-.2-.4-.3-.7-.3h-11c-.3 0-.5.1-.7.3-.2.2-.3.5-.3.7s.1.5.3.7z\"\/><\/svg><\/span><\/span><\/span><\/a><\/span><\/div>\n<nav><ul class='ez-toc-list ez-toc-list-level-1 ' ><li class='ez-toc-page-1 ez-toc-heading-level-2'><a class=\"ez-toc-link ez-toc-heading-1\" href=\"https:\/\/enfoquenoticioso.com\/?p=4896\/#De_Aragorn_a_Madrid\" >De Aragorn a Madrid<\/a><\/li><\/ul><\/nav><\/div>\n<h2><span class=\"ez-toc-section\" id=\"De_Aragorn_a_Madrid\"><\/span>De Aragorn a Madrid<span class=\"ez-toc-section-end\"><\/span><\/h2>\n<p><strong>Mortensen guioniza, produce, dirige, pone la banda sonora y protagoniza &#8216;Hasta el fin del mundo&#8217;<\/strong>, como si fuera un hombre orquesta con dedicaci\u00f3n m\u00e1s que admirable en estos tiempos. Y, adem\u00e1s, ha aprovechado para meter un gui\u00f1o al pasado en forma de espada de &#8216;El se\u00f1or de los anillos&#8217;.<\/p>\n<p><!-- BREAK 2 --><\/p>\n<p>Ver\u00e9is: al terminar su trabajo en la adaptaci\u00f3n de J.R.R. Tolkien, <strong>Mortensen se llev\u00f3 la espada de Aragorn para tenerla de recuerdo en su casa<\/strong>, pero en esta pel\u00edcula vio la oportunidad de descolgarla de nuevo, como le ha contado a <a rel=\"noopener, noreferrer\" href=\"https:\/\/www.gq-magazine.co.uk\/article\/viggo-mortensen-interview-2024\" target=\"_blank\">GQ<\/a>.<\/p>\n<p><!-- BREAK 3 --> <\/p>\n<blockquote><p>\u00abTen\u00edamos todo preparado para esta escena con un caballero. Hab\u00edamos encontrado un caballo magn\u00edfico, el sill\u00edn perfecto, hicimos una especie de manta medieval y ten\u00edamos el traje para el caballero. Todo era perfecto, y entonces cre\u00ed que deber\u00edamos tener una espada. Y <strong>pens\u00e9 que ser\u00eda mejor utilizar la que tengo porque es realmente buena<\/strong>. Pero sab\u00eda que tendr\u00eda que pedir permiso.\u00bb<\/p><\/blockquote>\n<div class=\"article-asset article-asset-normal article-asset-center\">\n<div class=\"desvio-container\">\n<div class=\"desvio\">\n<div class=\"desvio-figure js-desvio-figure\">\n    <a href=\"https:\/\/www.espinof.com\/divulgacion\/increible-conexion-senor-anillos-bertin-osborne\" target=\"_blank\" rel=\"noopener\"><br \/>\n     <img loading=\"lazy\" decoding=\"async\" alt=\"El secreto espa\u00f1ol detr\u00e1s de 'El se\u00f1or de los anillos', la conexi\u00f3n entre Tolkien y Bert\u00edn Osborne que nadie esperaba\" width=\"375\" height=\"142\" src=\"https:\/\/i.blogs.es\/a7b359\/lotr-1-\/375_142.jpeg\"\/><br \/>\n    <\/a>\n   <\/div>\n<\/p><\/div>\n<\/p><\/div>\n<\/div>\n<p>Dicho y hecho: <strong>se puso manos a la obra a hacer llamadas aqu\u00ed y all\u00ed<\/strong>: <em>\u00abPregunt\u00e9 a <\/em><a href=\"https:\/\/www.espinof.com\/listas\/todas-peliculas-peter-jackson-ordenadas-peor-a-mejor\" target=\"_blank\" rel=\"noopener\"><em>Peter Jackson<\/em><\/a><em> si le parec\u00eda bien y pregunt\u00f3, &#8216;Bueno, \u00bfes muy importante en la historia?&#8217;. Yo le dije que no, la verdad. Apenas se va a notar, pero probablemente alguien lo haga. \u00c9l dijo que<\/em><em><strong> le parec\u00eda bien pero deber\u00eda preguntar a la productora<\/strong><\/em><em>\u00ab<\/em>. Un peque\u00f1o l\u00edo burocr\u00e1tico que acab\u00f3 bien para \u00e9l.<\/p>\n<p><!-- BREAK 4 --><\/p>\n<blockquote><p>\u00abSe dieron cuenta de que no era esencial, no iba a atraer toda la atenci\u00f3n. Y fueron muy amables, nos dieron permiso. Por eso lo hicimos, porque se sent\u00eda correcto. Fue un accidente de \u00faltima hora.\u00bb<\/p><\/blockquote>\n<p>Accidente de \u00faltima hora o no, &#8216;Hasta el fin del mundo&#8217; a\u00fan sigue en cines, as\u00ed que <strong>es el momento ideal para volver, al menos durante unos segundos, a la Tierra Media<\/strong>. \u00a1Por Gondor!<\/p>\n<p><!-- BREAK 5 --><\/p>\n<p>En Espinof | <a href=\"https:\/\/www.espinof.com\/actores-y-actrices\/todavia-tenia-espiritu-tolkien-clavaba-todo-rato-viggo-mortensen-elige-su-pelicula-favorita-senor-anillos-aclara-su-rajada-peter-jackson\" target=\"_blank\" rel=\"noopener\">Viggo Mortensen aclara su bronca con Peter Jackson y tiene claro cu\u00e1l es la mejor pel\u00edcula de &#8216;El se\u00f1or de los anillos&#8217;: \u00abTen\u00eda el esp\u00edritu de Tolkien, lo clavaba todo el rato\u00bb<\/a><\/p>\n<p><!-- BREAK 6 --> <\/p>\n<p>En Espinof | <a href=\"https:\/\/www.espinof.com\/listas\/mejores-peliculas-2024\" target=\"_blank\" rel=\"noopener\">Las mejores pel\u00edculas de 2024<\/a><\/p>\n<\/p><\/div>\n<p><a href=\"https:\/\/www.espinof.com\/directores-y-guionistas\/viggo-mortensen-utilizo-espada-aragorn-senor-anillos-para-su-ultima-pelicula-conseguirla-no-fue-facil\" class=\" target=\" title=\"Viggo Mortensen incluy\u00f3 la espada de Aragorn en su nuevo western\" target=\"_blank\" rel=\"noopener\">Ver fuente<\/a><\/p>\n","protected":false},"excerpt":{"rendered":"<p>Si vives en Madrid, es posible que te hayas encontrado m\u00e1s de una vez a Viggo Mortensen dando un paseo junto a Ariadna Gil. De hecho, ha acudido en persona a los coloquios de su \u00faltima pel\u00edcula, &#8216;Hasta el fin del mundo&#8216; (&#8216;The Dead Don&#8217;t Hurt&#8217;). Y si tienes la oportunidad de verla no te [&hellip;]<\/p>\n","protected":false},"author":2,"featured_media":4897,"comment_status":"open","ping_status":"closed","sticky":false,"template":"","format":"standard","meta":{"footnotes":""},"categories":[8],"tags":[],"class_list":["post-4896","post","type-post","status-publish","format-standard","has-post-thumbnail","hentry","category-entretenimiento"],"_links":{"self":[{"href":"https:\/\/enfoquenoticioso.com\/index.php?rest_route=\/wp\/v2\/posts\/4896","targetHints":{"allow":["GET"]}}],"collection":[{"href":"https:\/\/enfoquenoticioso.com\/index.php?rest_route=\/wp\/v2\/posts"}],"about":[{"href":"https:\/\/enfoquenoticioso.com\/index.php?rest_route=\/wp\/v2\/types\/post"}],"author":[{"embeddable":true,"href":"https:\/\/enfoquenoticioso.com\/index.php?rest_route=\/wp\/v2\/users\/2"}],"replies":[{"embeddable":true,"href":"https:\/\/enfoquenoticioso.com\/index.php?rest_route=%2Fwp%2Fv2%2Fcomments&post=4896"}],"version-history":[{"count":0,"href":"https:\/\/enfoquenoticioso.com\/index.php?rest_route=\/wp\/v2\/posts\/4896\/revisions"}],"wp:featuredmedia":[{"embeddable":true,"href":"https:\/\/enfoquenoticioso.com\/index.php?rest_route=\/wp\/v2\/media\/4897"}],"wp:attachment":[{"href":"https:\/\/enfoquenoticioso.com\/index.php?rest_route=%2Fwp%2Fv2%2Fmedia&parent=4896"}],"wp:term":[{"taxonomy":"category","embeddable":true,"href":"https:\/\/enfoquenoticioso.com\/index.php?rest_route=%2Fwp%2Fv2%2Fcategories&post=4896"},{"taxonomy":"post_tag","embeddable":true,"href":"https:\/\/enfoquenoticioso.com\/index.php?rest_route=%2Fwp%2Fv2%2Ftags&post=4896"}],"curies":[{"name":"wp","href":"https:\/\/api.w.org\/{rel}","templated":true}]}}