{"id":4944,"date":"2024-06-05T19:00:01","date_gmt":"2024-06-05T19:00:01","guid":{"rendered":"https:\/\/enfoquenoticioso.com\/entretenimiento\/resena-de-peliculero-libro-de-alberto-rey\/"},"modified":"2024-06-05T19:00:01","modified_gmt":"2024-06-05T19:00:01","slug":"resena-de-peliculero-libro-de-alberto-rey","status":"publish","type":"post","link":"https:\/\/enfoquenoticioso.com\/?p=4944","title":{"rendered":"Rese\u00f1a de Peliculero, libro de Alberto Rey"},"content":{"rendered":"<div id=\"mvp-content-main\">\n<p>Gracias al fant\u00e1stico equipo de<strong> Grupo Planeta<\/strong> hace unos d\u00edas llegaba a mis manos <strong><em>Peliculero<\/em>, de Alberto Rey<\/strong>. Un <a href=\"https:\/\/soydecine.com\/libros-cine-indispensables\/\" target=\"_blank\" rel=\"noopener\">libro sobre cine<\/a><\/p>\n<div id=\"ez-toc-container\" class=\"ez-toc-v2_0_81 counter-hierarchy ez-toc-counter ez-toc-grey ez-toc-container-direction\">\n<div class=\"ez-toc-title-container\">\n<p class=\"ez-toc-title\" style=\"cursor:inherit\">Tabla de Contenido<\/p>\n<span class=\"ez-toc-title-toggle\"><a href=\"#\" class=\"ez-toc-pull-right ez-toc-btn ez-toc-btn-xs ez-toc-btn-default ez-toc-toggle\" aria-label=\"Alternar tabla de contenidos\"><span class=\"ez-toc-js-icon-con\"><span class=\"\"><span class=\"eztoc-hide\" style=\"display:none;\">Toggle<\/span><span class=\"ez-toc-icon-toggle-span\"><svg style=\"fill: #999;color:#999\" xmlns=\"http:\/\/www.w3.org\/2000\/svg\" class=\"list-377408\" width=\"20px\" height=\"20px\" viewBox=\"0 0 24 24\" fill=\"none\"><path d=\"M6 6H4v2h2V6zm14 0H8v2h12V6zM4 11h2v2H4v-2zm16 0H8v2h12v-2zM4 16h2v2H4v-2zm16 0H8v2h12v-2z\" fill=\"currentColor\"><\/path><\/svg><svg style=\"fill: #999;color:#999\" class=\"arrow-unsorted-368013\" xmlns=\"http:\/\/www.w3.org\/2000\/svg\" width=\"10px\" height=\"10px\" viewBox=\"0 0 24 24\" version=\"1.2\" baseProfile=\"tiny\"><path d=\"M18.2 9.3l-6.2-6.3-6.2 6.3c-.2.2-.3.4-.3.7s.1.5.3.7c.2.2.4.3.7.3h11c.3 0 .5-.1.7-.3.2-.2.3-.5.3-.7s-.1-.5-.3-.7zM5.8 14.7l6.2 6.3 6.2-6.3c.2-.2.3-.5.3-.7s-.1-.5-.3-.7c-.2-.2-.4-.3-.7-.3h-11c-.3 0-.5.1-.7.3-.2.2-.3.5-.3.7s.1.5.3.7z\"\/><\/svg><\/span><\/span><\/span><\/a><\/span><\/div>\n<nav><ul class='ez-toc-list ez-toc-list-level-1 ' ><li class='ez-toc-page-1 ez-toc-heading-level-2'><a class=\"ez-toc-link ez-toc-heading-1\" href=\"https:\/\/enfoquenoticioso.com\/?p=4944\/#Quien_es_Alberto_Rey\" >Qui\u00e9n es Alberto Rey<\/a><\/li><li class='ez-toc-page-1 ez-toc-heading-level-2'><a class=\"ez-toc-link ez-toc-heading-2\" href=\"https:\/\/enfoquenoticioso.com\/?p=4944\/#Sobre_Peliculero_un_viaje_sentimental_por_las_series_peliculas_y_estrellas_que_han_definido_a_una_generacion\" >Sobre Peliculero, un viaje sentimental por las series, pel\u00edculas y estrellas que han definido a una generaci\u00f3n<\/a><ul class='ez-toc-list-level-3' ><li class='ez-toc-heading-level-3'><a class=\"ez-toc-link ez-toc-heading-3\" href=\"https:\/\/enfoquenoticioso.com\/?p=4944\/#Resena\" >Rese\u00f1a<\/a><\/li><\/ul><\/li><\/ul><\/nav><\/div>\n<h2 class=\"wp-block-heading\"><span class=\"ez-toc-section\" id=\"Quien_es_Alberto_Rey\"><\/span>Qui\u00e9n es Alberto Rey<span class=\"ez-toc-section-end\"><\/span><\/h2>\n<p>Alberto Rey, para muchos una figura destacada del periodismo y la comunicaci\u00f3n en Espa\u00f1a, se ha labrado una carrera multifac\u00e9tica que abarca desde la escritura y la presentaci\u00f3n, hasta la colaboraci\u00f3n en radio y televisi\u00f3n. Con una especializaci\u00f3n en <a href=\"https:\/\/soydecine.com\/series\/\" target=\"_blank\" rel=\"noopener\">series<\/a> y cine, su voz resuena en medios de renombre como <strong>El Mundo, Esquire, Fuera de Series, Icon, Vanity Fair, GQ, Hola y Cond\u00e9 Nast Traveler<\/strong>.<\/p>\n<p>Desde 2015, Alberto se ha convertido en un rostro habitual de los especiales televisivos de los premios Emmy, Feroz, <a href=\"https:\/\/soydecine.com\/tag\/premios-oscar\/\" target=\"_blank\" rel=\"noopener\">\u00d3scar<\/a> y Globos de Oro en <a href=\"https:\/\/soydecine.com\/tag\/movistar-plus\/\" target=\"_blank\" rel=\"noopener\">Movistar+<\/a>. Fue uno de los pioneros en el canal #0 de la plataforma, participando en programas emblem\u00e1ticos como Likes, Pool Fiction y Taller. Su presencia en eventos en vivo y estrenos de pel\u00edculas y series, donde ha compartido escenario con estrellas de la talla de Brad Pitt y Jerry O\u2019Connell, ha consolidado su reputaci\u00f3n. Las colaboraciones con gigantes del entretenimiento como <a href=\"https:\/\/soydecine.com\/tag\/netflix\/\" target=\"_blank\" rel=\"noopener\">Netflix<\/a>, Sony Pictures, Fox y Entertainment One son testimonio de su versatilidad y prestigio. Adem\u00e1s, su aparici\u00f3n en cadenas como TVE, Canal+, Onda Cero y la SER, junto a su participaci\u00f3n habitual desde 2022 en Zapeando, de La Sexta, lo han establecido como una figura reconocible en el panorama medi\u00e1tico espa\u00f1ol.<\/p>\n<p><span id=\"more-41036\"\/><\/p>\n<h2 class=\"wp-block-heading\"><span class=\"ez-toc-section\" id=\"Sobre_Peliculero_un_viaje_sentimental_por_las_series_peliculas_y_estrellas_que_han_definido_a_una_generacion\"><\/span>Sobre Peliculero, un viaje sentimental por las series, pel\u00edculas y estrellas que han definido a una generaci\u00f3n<span class=\"ez-toc-section-end\"><\/span><\/h2>\n<figure class=\"wp-block-embed is-type-video is-provider-youtube wp-block-embed-youtube wp-embed-aspect-16-9 wp-has-aspect-ratio\">\n<p>\n<iframe loading=\"lazy\" title=\"Rese\u00f1a de Peliculero, de Alberto Rey | Libros de cine\" width=\"640\" height=\"360\" src=\"https:\/\/www.youtube.com\/embed\/usUCBijqWhA?feature=oembed\" frameborder=\"0\" allow=\"accelerometer; autoplay; clipboard-write; encrypted-media; gyroscope; picture-in-picture; web-share\" referrerpolicy=\"strict-origin-when-cross-origin\" allowfullscreen><\/iframe>\n<\/p><figcaption class=\"wp-element-caption\"><a href=\"https:\/\/www.youtube.com\/channel\/UC_hMVMyWaeiBGB9jgJiSyqA?sub_confirmation=1\" target=\"_blank\" rel=\"noopener\">CANAL DE SOYDECINE.COM<\/a><\/figcaption><\/figure>\n<p>Hace menos de tres a\u00f1os parec\u00eda que el cine estaba muerto, que nadie volver\u00eda nunca a las salas, que las grandes estrellas no exist\u00edan y que solo las pel\u00edculas de superh\u00e9roes eran viables econ\u00f3micamente. Y entonces lleg\u00f3 <em>Barbie<\/em>.<\/p>\n<p>Este es un recorrido personal \u2014tan personal que es casi universal\u2014 por la historia m\u00e1s reciente del cine, y en particular del cine palomitero, ese cine comercial, orgulloso de serlo, que ha moldeado nuestro imaginario colectivo. Un mundo de dinosaurios, naves gal\u00e1cticas, agentes secretos y sirenas que Alberto empez\u00f3 viendo primero desde el sof\u00e1 de casa para poco a poco adentrarse en \u00e9l profesionalmente. El libro se inmiscuye en rodajes de series y pel\u00edculas, en junkets de prensa, fiestas y premios que, junto a las mismas pel\u00edculas que luego vemos en la sala, configuran un universo que mezcla ficci\u00f3n y realidad y del que ning\u00fan peliculero podr\u00e1 escapar nunca.<\/p>\n<h3 class=\"wp-block-heading\"><span class=\"ez-toc-section\" id=\"Resena\"><\/span>Rese\u00f1a<span class=\"ez-toc-section-end\"><\/span><\/h3>\n<p>Alberto Rey, con su larga experiencia en el periodismo cinematogr\u00e1fico, ofrece en <em>Peliculero <\/em>un recorrido por su vida a trav\u00e9s de algunas de las producciones m\u00e1s ic\u00f3nicas del cine y la televisi\u00f3n. La portada del libro, llamativa y colorida, atrap\u00f3 nuestra atenci\u00f3n desde el primer vistazo, siendo un reflejo de lo que vamos a encontrar en su interior<\/p>\n<p>Esta obra es una lectura ligera y accesible, ideal para los amantes del cine y las series, gracias a su narrativa personal y fluida que permite sumergirse en las an\u00e9cdotas de la carrera de Rey y disfrutar de los cap\u00edtulos de manera independiente.<\/p>\n<p>El libro aborda una amplia variedad de temas, desde experiencias personales con pel\u00edculas como \u201cAlien, el octavo pasajero\u201d hasta reflexiones sobre la evoluci\u00f3n del cine y la televisi\u00f3n en Espa\u00f1a. Rey ofrece un punto de vista bastante \u00edntimo sobre su relaci\u00f3n con el cine, conectando emocionalmente con el lector y permitiendo que reconozcan sus propias vivencias cinematogr\u00e1ficas en las historias que comparte. Si bien es cierto que en ocasiones puede parecer algo sobervio, la honestidad y profundidad con la que se expresa acaban generando una conexi\u00f3n con el lector, haciendo que comprendamos mejor su pasi\u00f3n y personalidad.<\/p>\n<p>Adem\u00e1s, <em>Peliculero <\/em>rinde homenaje a grandes figuras del cine espa\u00f1ol e internacional analizando la evoluci\u00f3n del medio a lo largo de los a\u00f1os. Estas disertaciones enriquecen la narrativa al aportar contexto hist\u00f3rico y cultural, haciendo que la lectura sea a\u00fan m\u00e1s interesante para aquellos familiarizados con la cultura audiovisual en general. Tambi\u00e9n me atrever\u00eda a decir que la estructura fragmentada del libro permite una lectura no lineal, facilitando que los cap\u00edtulos sean disfrutados de manera independiente, lo cual es un punto fuerte para quienes prefieren lecturas que no requieren seguir un orden espec\u00edfico.<\/p>\n<p>Sin ser especial conocedor del trabajo de Alberto Rey, esta obra me ha sorprendido gratamente. En ella, combina la cr\u00edtica cinematogr\u00e1fica con la autobiograf\u00eda, brind\u00e1ndonos un vistazo al mundo del cine y la televisi\u00f3n, su evoluci\u00f3n y, por supuesto, tambi\u00e9n toda clase de an\u00e9cdotas relacionadas con su profesi\u00f3n.<\/p>\n<p>Al abrir sus p\u00e1ginas te dar\u00e1s cuenta de que en <em>Peliculero <\/em>vive una generaci\u00f3n marcada por el cine palomitero mientras Rey comparte sus propias experiencias y reflexiones, haciendo de esta obra una lectura enriquecedora y honesta para los amantes del s\u00e9ptimo arte y del trabajo de su autor.<\/p>\n<\/p><\/div>\n<p><a href=\"https:\/\/soydecine.com\/peliculero-alberto-rey-libro-resena\/\" class=\" target=\" title=\"Rese\u00f1a de Peliculero, libro de Alberto Rey\" target=\"_blank\" rel=\"noopener\">Ver fuente<\/a><\/p>\n","protected":false},"excerpt":{"rendered":"<p>Gracias al fant\u00e1stico equipo de Grupo Planeta hace unos d\u00edas llegaba a mis manos Peliculero, de Alberto Rey. Un libro sobre cine Qui\u00e9n es Alberto Rey Alberto Rey, para muchos una figura destacada del periodismo y la comunicaci\u00f3n en Espa\u00f1a, se ha labrado una carrera multifac\u00e9tica que abarca desde la escritura y la presentaci\u00f3n, hasta [&hellip;]<\/p>\n","protected":false},"author":2,"featured_media":4945,"comment_status":"open","ping_status":"closed","sticky":false,"template":"","format":"standard","meta":{"footnotes":""},"categories":[8],"tags":[],"class_list":["post-4944","post","type-post","status-publish","format-standard","has-post-thumbnail","hentry","category-entretenimiento"],"_links":{"self":[{"href":"https:\/\/enfoquenoticioso.com\/index.php?rest_route=\/wp\/v2\/posts\/4944","targetHints":{"allow":["GET"]}}],"collection":[{"href":"https:\/\/enfoquenoticioso.com\/index.php?rest_route=\/wp\/v2\/posts"}],"about":[{"href":"https:\/\/enfoquenoticioso.com\/index.php?rest_route=\/wp\/v2\/types\/post"}],"author":[{"embeddable":true,"href":"https:\/\/enfoquenoticioso.com\/index.php?rest_route=\/wp\/v2\/users\/2"}],"replies":[{"embeddable":true,"href":"https:\/\/enfoquenoticioso.com\/index.php?rest_route=%2Fwp%2Fv2%2Fcomments&post=4944"}],"version-history":[{"count":0,"href":"https:\/\/enfoquenoticioso.com\/index.php?rest_route=\/wp\/v2\/posts\/4944\/revisions"}],"wp:featuredmedia":[{"embeddable":true,"href":"https:\/\/enfoquenoticioso.com\/index.php?rest_route=\/wp\/v2\/media\/4945"}],"wp:attachment":[{"href":"https:\/\/enfoquenoticioso.com\/index.php?rest_route=%2Fwp%2Fv2%2Fmedia&parent=4944"}],"wp:term":[{"taxonomy":"category","embeddable":true,"href":"https:\/\/enfoquenoticioso.com\/index.php?rest_route=%2Fwp%2Fv2%2Fcategories&post=4944"},{"taxonomy":"post_tag","embeddable":true,"href":"https:\/\/enfoquenoticioso.com\/index.php?rest_route=%2Fwp%2Fv2%2Ftags&post=4944"}],"curies":[{"name":"wp","href":"https:\/\/api.w.org\/{rel}","templated":true}]}}