{"id":4954,"date":"2024-06-05T20:34:07","date_gmt":"2024-06-05T20:34:07","guid":{"rendered":"https:\/\/enfoquenoticioso.com\/tecnologia\/espana-sube-la-edad-minima-para-poder-usar-redes-sociales-como-instagram-o-tiktok\/"},"modified":"2024-06-05T20:34:07","modified_gmt":"2024-06-05T20:34:07","slug":"espana-sube-la-edad-minima-para-poder-usar-redes-sociales-como-instagram-o-tiktok","status":"publish","type":"post","link":"https:\/\/enfoquenoticioso.com\/?p=4954","title":{"rendered":"Espa\u00f1a sube la edad m\u00ednima para poder usar redes sociales como Instagram o TikTok"},"content":{"rendered":"<div>\n<p>La edad m\u00ednima para que los <strong>menores<\/strong> puedan crearse una cuenta y acceder a las diferentes redes sociales, tales como Instagram, X (Twitter) o TikTok, podr\u00eda cambiar en los pr\u00f3ximos meses. El Consejo de Ministros <strong><a href=\"https:\/\/www.lamoncloa.gob.es\/consejodeministros\/referencias\/Paginas\/2024\/20240604-referencia-rueda-de-prensa-ministros.aspx#menores\" target=\"_blank\" rel=\"noopener\">ha aprobado<\/a> un nuevo Anteproyecto de Ley<\/strong> que modifica este requisito, presente en la Ley de Protecci\u00f3n de Menores en Entornos Digitales. <\/p>\n<p>Actualmente, la edad m\u00ednima a la que los menores pueden acceder a redes sociales <strong>est\u00e1 fijada en los 14 a\u00f1os<\/strong>, aunque no todas las plataformas se ajustan a esta normativa. Facebook o Instagram, por ejemplo, permiten el uso a menores de 13 a\u00f1os. Mientras que otras, como YouTube, s\u00ed que se ci\u00f1e a la edad legal de cada regi\u00f3n. <\/p>\n<p>Con la nueva ley, <strong>la edad cambiar\u00e1 a un m\u00ednimo de 16 a\u00f1os.<\/strong> Estos, adem\u00e1s, deber\u00e1n contar con la autorizaci\u00f3n de sus padres para poder crearse e iniciar sesi\u00f3n en TikTok, Instagram X (Twitter) o cualquier otra red social que funcione en el territorio. Otros 10 los estados miembros de la Uni\u00f3n Europea tambi\u00e9n cuentan con esta edad como l\u00edmite para acceder a las diferentes plataformas. <\/p>\n<blockquote class=\"wp-block-quote is-layout-flow wp-block-quote-is-layout-flow\">\n<p>El objetivo de esta norma es garantizar los derechos de los menores en el \u00e1mbito digital, especialmente el derecho a la intimidad, al honor y a la propia imagen, as\u00ed como el derecho a la protecci\u00f3n de sus datos personales y al acceso a contenidos adecuados para su edad.<\/p>\n<p><cite>Han destacado en el Consejo de Ministros celebrado el paso martes, 4 de junio.<\/cite><\/p><\/blockquote>\n<div id=\"ez-toc-container\" class=\"ez-toc-v2_0_81 counter-hierarchy ez-toc-counter ez-toc-grey ez-toc-container-direction\">\n<div class=\"ez-toc-title-container\">\n<p class=\"ez-toc-title\" style=\"cursor:inherit\">Tabla de Contenido<\/p>\n<span class=\"ez-toc-title-toggle\"><a href=\"#\" class=\"ez-toc-pull-right ez-toc-btn ez-toc-btn-xs ez-toc-btn-default ez-toc-toggle\" aria-label=\"Alternar tabla de contenidos\"><span class=\"ez-toc-js-icon-con\"><span class=\"\"><span class=\"eztoc-hide\" style=\"display:none;\">Toggle<\/span><span class=\"ez-toc-icon-toggle-span\"><svg style=\"fill: #999;color:#999\" xmlns=\"http:\/\/www.w3.org\/2000\/svg\" class=\"list-377408\" width=\"20px\" height=\"20px\" viewBox=\"0 0 24 24\" fill=\"none\"><path d=\"M6 6H4v2h2V6zm14 0H8v2h12V6zM4 11h2v2H4v-2zm16 0H8v2h12v-2zM4 16h2v2H4v-2zm16 0H8v2h12v-2z\" fill=\"currentColor\"><\/path><\/svg><svg style=\"fill: #999;color:#999\" class=\"arrow-unsorted-368013\" xmlns=\"http:\/\/www.w3.org\/2000\/svg\" width=\"10px\" height=\"10px\" viewBox=\"0 0 24 24\" version=\"1.2\" baseProfile=\"tiny\"><path d=\"M18.2 9.3l-6.2-6.3-6.2 6.3c-.2.2-.3.4-.3.7s.1.5.3.7c.2.2.4.3.7.3h11c.3 0 .5-.1.7-.3.2-.2.3-.5.3-.7s-.1-.5-.3-.7zM5.8 14.7l6.2 6.3 6.2-6.3c.2-.2.3-.5.3-.7s-.1-.5-.3-.7c-.2-.2-.4-.3-.7-.3h-11c-.3 0-.5.1-.7.3-.2.2-.3.5-.3.7s.1.5.3.7z\"\/><\/svg><\/span><\/span><\/span><\/a><\/span><\/div>\n<nav><ul class='ez-toc-list ez-toc-list-level-1 ' ><li class='ez-toc-page-1 ez-toc-heading-level-2'><a class=\"ez-toc-link ez-toc-heading-1\" href=\"https:\/\/enfoquenoticioso.com\/?p=4954\/#Un_control_de_acceso_a_las_redes_sociales_mas_estricto\" >Un control de acceso a las redes sociales m\u00e1s estricto<\/a><ul class='ez-toc-list-level-4' ><li class='ez-toc-heading-level-4'><ul class='ez-toc-list-level-4' ><li class='ez-toc-heading-level-4'><a class=\"ez-toc-link ez-toc-heading-2\" href=\"https:\/\/enfoquenoticioso.com\/?p=4954\/#Tambien_en_Hipertextual\" >Tambi\u00e9n en Hipertextual:<\/a><\/li><\/ul><\/li><\/ul><\/li><\/ul><\/nav><\/div>\n<h2 class=\"wp-block-heading has-text-align-left\" id=\"h-un-control-de-acceso-a-las-redes-sociales-mas-estricto\"><span class=\"ez-toc-section\" id=\"Un_control_de_acceso_a_las_redes_sociales_mas_estricto\"><\/span>Un control de acceso a las redes sociales m\u00e1s estricto<span class=\"ez-toc-section-end\"><\/span><\/h2>\n<figure class=\"wp-block-image alignwide size-large\"><img loading=\"lazy\" decoding=\"async\" width=\"780\" height=\"520\" alt=\"Logotipo de TikTok\" class=\"wp-image-1777740 perfmatters-lazy\" data-recalc-dims=\"1\" src=\"https:\/\/i0.wp.com\/imgs.hipertextual.com\/wp-content\/uploads\/2024\/01\/tiktok-003-1500x1000.jpg?resize=780%2C520&amp;quality=55&amp;strip=all&amp;ssl=1\" srcset=\"https:\/\/i0.wp.com\/imgs.hipertextual.com\/wp-content\/uploads\/2024\/01\/tiktok-003.jpg?resize=1500%2C1000&amp;quality=55&amp;strip=all&amp;ssl=1 1500w, https:\/\/i0.wp.com\/imgs.hipertextual.com\/wp-content\/uploads\/2024\/01\/tiktok-003.jpg?resize=800%2C533&amp;quality=55&amp;strip=all&amp;ssl=1 800w, https:\/\/i0.wp.com\/imgs.hipertextual.com\/wp-content\/uploads\/2024\/01\/tiktok-003.jpg?resize=768%2C512&amp;quality=55&amp;strip=all&amp;ssl=1 768w, https:\/\/i0.wp.com\/imgs.hipertextual.com\/wp-content\/uploads\/2024\/01\/tiktok-003.jpg?resize=1536%2C1024&amp;quality=55&amp;strip=all&amp;ssl=1 1536w, https:\/\/i0.wp.com\/imgs.hipertextual.com\/wp-content\/uploads\/2024\/01\/tiktok-003.jpg?resize=1200%2C800&amp;quality=55&amp;strip=all&amp;ssl=1 1200w, https:\/\/i0.wp.com\/imgs.hipertextual.com\/wp-content\/uploads\/2024\/01\/tiktok-003.jpg?resize=740%2C494&amp;quality=55&amp;strip=all&amp;ssl=1 740w, https:\/\/i0.wp.com\/imgs.hipertextual.com\/wp-content\/uploads\/2024\/01\/tiktok-003.jpg?resize=1024%2C683&amp;quality=55&amp;strip=all&amp;ssl=1 1024w, https:\/\/i0.wp.com\/imgs.hipertextual.com\/wp-content\/uploads\/2024\/01\/tiktok-003.jpg?resize=1568%2C1045&amp;quality=55&amp;strip=all&amp;ssl=1 1568w, https:\/\/i0.wp.com\/imgs.hipertextual.com\/wp-content\/uploads\/2024\/01\/tiktok-003.jpg?resize=400%2C267&amp;quality=55&amp;strip=all&amp;ssl=1 400w, https:\/\/i0.wp.com\/imgs.hipertextual.com\/wp-content\/uploads\/2024\/01\/tiktok-003.jpg?w=1920&amp;quality=55&amp;strip=all&amp;ssl=1 1920w, https:\/\/i0.wp.com\/imgs.hipertextual.com\/wp-content\/uploads\/2024\/01\/tiktok-003-1500x1000.jpg?w=370&amp;quality=55&amp;strip=all&amp;ssl=1 370w\" data-sizes=\"(max-width: 780px) 100vw, 780px\"\/><img loading=\"lazy\" decoding=\"async\" width=\"780\" height=\"520\" src=\"https:\/\/i0.wp.com\/imgs.hipertextual.com\/wp-content\/uploads\/2024\/01\/tiktok-003-1500x1000.jpg?resize=780%2C520&amp;quality=55&amp;strip=all&amp;ssl=1\" alt=\"Logotipo de TikTok\" class=\"wp-image-1777740\" srcset=\"https:\/\/i0.wp.com\/imgs.hipertextual.com\/wp-content\/uploads\/2024\/01\/tiktok-003.jpg?resize=1500%2C1000&amp;quality=55&amp;strip=all&amp;ssl=1 1500w, https:\/\/i0.wp.com\/imgs.hipertextual.com\/wp-content\/uploads\/2024\/01\/tiktok-003.jpg?resize=800%2C533&amp;quality=55&amp;strip=all&amp;ssl=1 800w, https:\/\/i0.wp.com\/imgs.hipertextual.com\/wp-content\/uploads\/2024\/01\/tiktok-003.jpg?resize=768%2C512&amp;quality=55&amp;strip=all&amp;ssl=1 768w, https:\/\/i0.wp.com\/imgs.hipertextual.com\/wp-content\/uploads\/2024\/01\/tiktok-003.jpg?resize=1536%2C1024&amp;quality=55&amp;strip=all&amp;ssl=1 1536w, https:\/\/i0.wp.com\/imgs.hipertextual.com\/wp-content\/uploads\/2024\/01\/tiktok-003.jpg?resize=1200%2C800&amp;quality=55&amp;strip=all&amp;ssl=1 1200w, https:\/\/i0.wp.com\/imgs.hipertextual.com\/wp-content\/uploads\/2024\/01\/tiktok-003.jpg?resize=740%2C494&amp;quality=55&amp;strip=all&amp;ssl=1 740w, https:\/\/i0.wp.com\/imgs.hipertextual.com\/wp-content\/uploads\/2024\/01\/tiktok-003.jpg?resize=1024%2C683&amp;quality=55&amp;strip=all&amp;ssl=1 1024w, https:\/\/i0.wp.com\/imgs.hipertextual.com\/wp-content\/uploads\/2024\/01\/tiktok-003.jpg?resize=1568%2C1045&amp;quality=55&amp;strip=all&amp;ssl=1 1568w, https:\/\/i0.wp.com\/imgs.hipertextual.com\/wp-content\/uploads\/2024\/01\/tiktok-003.jpg?resize=400%2C267&amp;quality=55&amp;strip=all&amp;ssl=1 400w, https:\/\/i0.wp.com\/imgs.hipertextual.com\/wp-content\/uploads\/2024\/01\/tiktok-003.jpg?w=1920&amp;quality=55&amp;strip=all&amp;ssl=1 1920w, https:\/\/i0.wp.com\/imgs.hipertextual.com\/wp-content\/uploads\/2024\/01\/tiktok-003-1500x1000.jpg?w=370&amp;quality=55&amp;strip=all&amp;ssl=1 370w\" sizes=\"auto, (max-width: 780px) 100vw, 780px\" data-recalc-dims=\"1\"\/><\/figure>\n<p>El nuevo anteproyecto de Ley, que, reiteramos, corresponde a una modificaci\u00f3n de la Ley de Protecci\u00f3n de Menores en Entornos Digitales, tambi\u00e9n traer\u00e1 consigo<strong> una modificaci\u00f3n en el control de acceso a dichas redes sociales. <\/strong><\/p>\n<p>Aunque plataformas como Facebook o Instagram est\u00e1n <a href=\"https:\/\/hipertextual.com\/2024\/01\/instagram-facebook-nuevas-funciones-contra-el-abuso-infantil\" target=\"_blank\" rel=\"noopener\">luchando constantemente por la protecci\u00f3n infantil<\/a>, cuentan con procesos de verificaci\u00f3n demasiado escasos. <strong>Es el propio usuario quien debe confirmar su edad al crearse una cuenta<\/strong>; no hay una revisi\u00f3n de ning\u00fan tipo, por lo que simplemente el menor puede mentir en su fecha de nacimiento y hacerle creer a la red social que tiene una edad permitida para hacer uso de la misma. <\/p>\n<p>La Agencia Espa\u00f1ola de Protecci\u00f3n de Datos (AEPD), sin embargo, lleva meses trabajando en un<strong> sistema de identificaci\u00f3n <\/strong>para que los menores puedan burlar la comprobaci\u00f3n de edad al crearse una cuenta en las diferentes redes sociales, Tambi\u00e9n en las p\u00e1ginas de contenido para adultos, que normalmente solo muestran una ventana que permite aceptar que el usuario es mayor de edad. <\/p>\n<p>Este sistema consiste en una<strong> acreditaci\u00f3n mediante un documento oficial <\/strong>(como el DNI), para determinar si se trata de una persona mayor o menor de edad. Se lanzar\u00e1 pr\u00f3ximamente; probablemente, cuando este Anteproyecto de Ley se apruebe. <\/p>\n<section id=\"block-25\" class=\"below-content widget widget_block\">\n<div class=\"wp-block-group is-style-default hiper-newsletter-box has-background\" style=\"background:linear-gradient(180deg,rgb(0,23,188) 28%,rgb(0,15,131) 100%);padding-top:15px;padding-right:15px;padding-bottom:15px;padding-left:15px\">\n<div class=\"wp-block-group__inner-container is-layout-constrained wp-block-group-is-layout-constrained\">\n<p class=\"has-white-color has-text-color\">Recibe cada ma\u00f1ana nuestra <a rel=\"noreferrer noopener\" href=\"https:\/\/hipertextual.com\/newsletter\" target=\"_blank\">newsletter<\/a>. Una gu\u00eda para entender lo que importa en relaci\u00f3n con la tecnolog\u00eda, la ciencia y la cultura digital.<\/p>\n<div class=\"wp-block-jetpack-mailchimp\" data-blog-id=\"190110665\">\n<p>\nProcesando&#8230; <\/p>\n<p>\n\u00a1Listo! Ya est\u00e1s suscrito <\/p>\n<p>\nHubo un error, actualiza la p\u00e1gina e int\u00e9ntalo nuevamente <\/p>\n<\/div>\n<\/div>\n<\/div>\n<\/section>\n<section id=\"block-74\" class=\"below-content widget widget_block\">\n<\/section>\n<section id=\"block-71\" class=\"below-content widget widget_block\">\n<h4 class=\"wp-block-heading tambien-en-hipertextual\" id=\"h-tambien-en-hipertextual\" style=\"padding-top:0.8em;padding-right:0px;padding-bottom:0px;padding-left:0px\"><span class=\"ez-toc-section\" id=\"Tambien_en_Hipertextual\"><\/span>Tambi\u00e9n en Hipertextual:<span class=\"ez-toc-section-end\"><\/span><\/h4>\n<\/section>\n<section id=\"block-32\" class=\"below-content widget widget_block\">\n<nav class=\"jp-relatedposts-i2 jp-related-hipertextual wp-block-jetpack-related-posts has-normal-font-size\" style=\"padding-bottom:0px;padding-left:0px;padding-top:0px;padding-right:1.5em;\" data-layout=\"list\" aria-label=\"Entradas relacionadas\"\/><\/section>\n<\/p><\/div>\n<p><a href=\"https:\/\/hipertextual.com\/2024\/06\/espana-fija-una-nueva-edad-minima-para-poder-usar-redes-sociales\" class=\" target=\" title=\"Espa\u00f1a sube la edad m\u00ednima para poder usar redes sociales como Instagram o TikTok\" target=\"_blank\" rel=\"noopener\">Ver fuente<\/a><\/p>\n","protected":false},"excerpt":{"rendered":"<p>La edad m\u00ednima para que los menores puedan crearse una cuenta y acceder a las diferentes redes sociales, tales como Instagram, X (Twitter) o TikTok, podr\u00eda cambiar en los pr\u00f3ximos meses. El Consejo de Ministros ha aprobado un nuevo Anteproyecto de Ley que modifica este requisito, presente en la Ley de Protecci\u00f3n de Menores en [&hellip;]<\/p>\n","protected":false},"author":2,"featured_media":4955,"comment_status":"open","ping_status":"closed","sticky":false,"template":"","format":"standard","meta":{"footnotes":""},"categories":[9],"tags":[],"class_list":["post-4954","post","type-post","status-publish","format-standard","has-post-thumbnail","hentry","category-tecnologia"],"_links":{"self":[{"href":"https:\/\/enfoquenoticioso.com\/index.php?rest_route=\/wp\/v2\/posts\/4954","targetHints":{"allow":["GET"]}}],"collection":[{"href":"https:\/\/enfoquenoticioso.com\/index.php?rest_route=\/wp\/v2\/posts"}],"about":[{"href":"https:\/\/enfoquenoticioso.com\/index.php?rest_route=\/wp\/v2\/types\/post"}],"author":[{"embeddable":true,"href":"https:\/\/enfoquenoticioso.com\/index.php?rest_route=\/wp\/v2\/users\/2"}],"replies":[{"embeddable":true,"href":"https:\/\/enfoquenoticioso.com\/index.php?rest_route=%2Fwp%2Fv2%2Fcomments&post=4954"}],"version-history":[{"count":0,"href":"https:\/\/enfoquenoticioso.com\/index.php?rest_route=\/wp\/v2\/posts\/4954\/revisions"}],"wp:featuredmedia":[{"embeddable":true,"href":"https:\/\/enfoquenoticioso.com\/index.php?rest_route=\/wp\/v2\/media\/4955"}],"wp:attachment":[{"href":"https:\/\/enfoquenoticioso.com\/index.php?rest_route=%2Fwp%2Fv2%2Fmedia&parent=4954"}],"wp:term":[{"taxonomy":"category","embeddable":true,"href":"https:\/\/enfoquenoticioso.com\/index.php?rest_route=%2Fwp%2Fv2%2Fcategories&post=4954"},{"taxonomy":"post_tag","embeddable":true,"href":"https:\/\/enfoquenoticioso.com\/index.php?rest_route=%2Fwp%2Fv2%2Ftags&post=4954"}],"curies":[{"name":"wp","href":"https:\/\/api.w.org\/{rel}","templated":true}]}}