{"id":4958,"date":"2024-06-05T21:15:03","date_gmt":"2024-06-05T21:15:03","guid":{"rendered":"https:\/\/enfoquenoticioso.com\/deporte\/vinotinto-femenina-ya-tiene-rivales-para-el-mundial\/"},"modified":"2024-06-05T21:15:03","modified_gmt":"2024-06-05T21:15:03","slug":"vinotinto-femenina-ya-tiene-rivales-para-el-mundial","status":"publish","type":"post","link":"https:\/\/enfoquenoticioso.com\/?p=4958","title":{"rendered":"Vinotinto Femenina ya tiene rivales para el Mundial"},"content":{"rendered":"<div data-td-block-uid=\"tdi_91\">\n<div class=\"tdb-block-inner td-fix-index\">\n<p>La selecci\u00f3n femenina de Venezuela conoci\u00f3 este mi\u00e9rcoles los equipos a los que se tendr\u00e1n que enfrentar en la Fase de Grupos del Mundial Femenino Sub-20 que se realizar\u00e1 en Bogot\u00e1.<\/p>\n<p>Durante el sorteo celebrado en horas de la ma\u00f1ana se conoci\u00f3 que el cuadro Vinotinto qued\u00f3 ubicado en el grupo D contra las selecciones de Alemania, Nigeria y Corea.<\/p>\n<figure class=\"wp-block-embed is-type-rich is-provider-twitter wp-block-embed-twitter\">\n<div class=\"wp-block-embed__wrapper\">\n<blockquote class=\"twitter-tweet\" data-width=\"550\" data-dnt=\"true\">\n<p lang=\"en\" dir=\"ltr\">The path to <a href=\"https:\/\/twitter.com\/hashtag\/U20WWC?src=hash&amp;ref_src=twsrc%5Etfw\" target=\"_blank\" rel=\"noopener\">#U20WWC<\/a> glory is set. \ud83d\udd10<\/p>\n<p>Who are you rooting for? \ud83c\udfc6<\/p>\n<p>\u2014 FIFA Women&#8217;s World Cup (@FIFAWWC) <a href=\"https:\/\/twitter.com\/FIFAWWC\/status\/1798383895940919580?ref_src=twsrc%5Etfw\" target=\"_blank\" rel=\"noopener\">June 5, 2024<\/a><\/p><\/blockquote>\n<\/div>\n<\/figure>\n<p>Las criollas tendr\u00e1n una dif\u00edcil tarea al enfrentarse contra Alemania, que es considerada como una de las favoritas para llevarse el t\u00edtulo de campe\u00f3n en este certamen.<\/p>\n<p>El torneo arrancar\u00e1 el pr\u00f3ximo 31 de agosto en la ciudad de Bogot\u00e1 con el partido inaugural entre Colombia y su rival, para finalizar el 22 de septiembre en el estadio Estadio Nemesio Camacho \u2018El Camp\u00edn\u2019<a href=\"https:\/\/x.com\/FemeninoFVF\/status\/1797427576471953785\/photo\/1\">.<\/a><\/p>\n<p><strong>Lee tambi\u00e9n: <a href=\"https:\/\/www.liderendeportes.com\/noticias\/futbol\/europeo\/real-madrid-presento-el-uniforme-que-usara-mbappe\/\" target=\"_blank\" rel=\"noopener\">Real Madrid present\u00f3 el uniforme que usar\u00e1 Mbapp\u00e9<\/a><\/strong><\/p>\n<p>As\u00ed quedaron los Grupos para el Mundial Femenino Sub-20:<\/p>\n<ul>\n<li>Grupo A<\/li>\n<li>Colombia<\/li>\n<li>Australia<\/li>\n<li>Camer\u00fan<\/li>\n<li>M\u00e9xico<\/li>\n<\/ul>\n<ul>\n<li>Grupo B<\/li>\n<li>Francia<\/li>\n<li>Canad\u00e1<\/li>\n<li>Brasil<\/li>\n<li>Fiyi<\/li>\n<\/ul>\n<ul>\n<li>Grupo C<\/li>\n<li>Espa\u00f1a<\/li>\n<li>Estados Unidos<\/li>\n<li>Paraguay<\/li>\n<li>Marruecos<\/li>\n<\/ul>\n<ul>\n<li>Grupo D<\/li>\n<li>Alemania<\/li>\n<li>Venezuela<\/li>\n<li>Nigeria<\/li>\n<li>Rep\u00fablica de Corea(Corea del Sur)<\/li>\n<\/ul>\n<ul>\n<li>Grupo E<\/li>\n<li>Jap\u00f3n<\/li>\n<li>Nueva Zelanda<\/li>\n<li>Ghana<\/li>\n<li>\u200bAustria<\/li>\n<\/ul>\n<ul>\n<li>Grupo F<\/li>\n<li>RPD de Corea (Corea del Norte)<\/li>\n<li>Argentina<\/li>\n<li>Costa Rica<\/li>\n<li>Pa\u00edses Bajos<\/li>\n<\/ul>\n<\/div>\n<\/div>\n<p><script async src=\"\/\/platform.twitter.com\/widgets.js\" charset=\"utf-8\"><\/script><br \/>\n<br \/><a href=\"https:\/\/www.liderendeportes.com\/noticias\/vinotinto\/vinotinto-femenina-ya-tiene-rivales-para-el-mundial\/\" class=\" target=\" title=\"Vinotinto Femenina ya tiene rivales para el Mundial\" target=\"_blank\" rel=\"noopener\">Ver fuente<\/a><\/p>\n","protected":false},"excerpt":{"rendered":"<p>La selecci\u00f3n femenina de Venezuela conoci\u00f3 este mi\u00e9rcoles los equipos a los que se tendr\u00e1n que enfrentar en la Fase de Grupos del Mundial Femenino Sub-20 que se realizar\u00e1 en Bogot\u00e1. Durante el sorteo celebrado en horas de la ma\u00f1ana se conoci\u00f3 que el cuadro Vinotinto qued\u00f3 ubicado en el grupo D contra las selecciones [&hellip;]<\/p>\n","protected":false},"author":2,"featured_media":4959,"comment_status":"open","ping_status":"closed","sticky":false,"template":"","format":"standard","meta":{"footnotes":""},"categories":[7],"tags":[],"class_list":["post-4958","post","type-post","status-publish","format-standard","has-post-thumbnail","hentry","category-deporte"],"_links":{"self":[{"href":"https:\/\/enfoquenoticioso.com\/index.php?rest_route=\/wp\/v2\/posts\/4958","targetHints":{"allow":["GET"]}}],"collection":[{"href":"https:\/\/enfoquenoticioso.com\/index.php?rest_route=\/wp\/v2\/posts"}],"about":[{"href":"https:\/\/enfoquenoticioso.com\/index.php?rest_route=\/wp\/v2\/types\/post"}],"author":[{"embeddable":true,"href":"https:\/\/enfoquenoticioso.com\/index.php?rest_route=\/wp\/v2\/users\/2"}],"replies":[{"embeddable":true,"href":"https:\/\/enfoquenoticioso.com\/index.php?rest_route=%2Fwp%2Fv2%2Fcomments&post=4958"}],"version-history":[{"count":0,"href":"https:\/\/enfoquenoticioso.com\/index.php?rest_route=\/wp\/v2\/posts\/4958\/revisions"}],"wp:featuredmedia":[{"embeddable":true,"href":"https:\/\/enfoquenoticioso.com\/index.php?rest_route=\/wp\/v2\/media\/4959"}],"wp:attachment":[{"href":"https:\/\/enfoquenoticioso.com\/index.php?rest_route=%2Fwp%2Fv2%2Fmedia&parent=4958"}],"wp:term":[{"taxonomy":"category","embeddable":true,"href":"https:\/\/enfoquenoticioso.com\/index.php?rest_route=%2Fwp%2Fv2%2Fcategories&post=4958"},{"taxonomy":"post_tag","embeddable":true,"href":"https:\/\/enfoquenoticioso.com\/index.php?rest_route=%2Fwp%2Fv2%2Ftags&post=4958"}],"curies":[{"name":"wp","href":"https:\/\/api.w.org\/{rel}","templated":true}]}}