{"id":5014,"date":"2024-06-06T06:02:50","date_gmt":"2024-06-06T06:02:50","guid":{"rendered":"https:\/\/enfoquenoticioso.com\/entretenimiento\/es-una-de-las-grandes-sorpresas-del-cine-de-terror-este-ano-y-acaba-de-estrenarse-en-streaming-pura-tension-y-horror-para-los-que-temen-ver-un-bicho-en-su-casa\/"},"modified":"2024-06-06T06:02:50","modified_gmt":"2024-06-06T06:02:50","slug":"es-una-de-las-grandes-sorpresas-del-cine-de-terror-este-ano-y-acaba-de-estrenarse-en-streaming-pura-tension-y-horror-para-los-que-temen-ver-un-bicho-en-su-casa","status":"publish","type":"post","link":"https:\/\/enfoquenoticioso.com\/?p=5014","title":{"rendered":"Es una de las grandes sorpresas del cine de terror este a\u00f1o y acaba de estrenarse en streaming. Pura tensi\u00f3n y horror para los que temen ver un bicho en su casa"},"content":{"rendered":"<div>\n<p>Por fortuna, parece que hemos dejado atr\u00e1s los tiempos de denominar a determinadas pel\u00edculas de g\u00e9nero como \u201cterror elevado\u201d, intentando dotar de una condici\u00f3n mayor a pel\u00edculas que tocaban temas m\u00e1s existencialistas o sociales. Una etiqueta que ignoraba deliberadamente la <strong>capacidad del fant\u00e1stico para tocar todos estos temas<\/strong> en el pasado, aunque fuera combin\u00e1ndola desde un prisma de entretenimiento.<\/p>\n<p><!-- BREAK 1 --> <\/p>\n<p>As\u00ed, podemos encontrar ahora mismo <strong>pel\u00edculas que son capaces de tenerlo todo<\/strong>, la ambici\u00f3n visual y textual con la capacidad de tener capturado al espectador con entretenimiento oscuro. Incluso desde una premisa aparentemente tan b\u00e1sica como una explotaci\u00f3n ar\u00e1cnida podemos encontrar inquietudes como las que trata de desarrollar \u2018<a href=\"https:\/\/www.espinof.com\/criticas\/vermin-plaga-primer-gran-bombazo-terror-ano-oda-al-repelus-que-gente-aracnofobia-deberia-evitar-su-bien\" target=\"_blank\" rel=\"noopener\">Vermin: La plaga<\/a>\u2019.<\/p>\n<p><!-- BREAK 2 --><\/p>\n<div id=\"ez-toc-container\" class=\"ez-toc-v2_0_81 counter-hierarchy ez-toc-counter ez-toc-grey ez-toc-container-direction\">\n<div class=\"ez-toc-title-container\">\n<p class=\"ez-toc-title\" style=\"cursor:inherit\">Tabla de Contenido<\/p>\n<span class=\"ez-toc-title-toggle\"><a href=\"#\" class=\"ez-toc-pull-right ez-toc-btn ez-toc-btn-xs ez-toc-btn-default ez-toc-toggle\" aria-label=\"Alternar tabla de contenidos\"><span class=\"ez-toc-js-icon-con\"><span class=\"\"><span class=\"eztoc-hide\" style=\"display:none;\">Toggle<\/span><span class=\"ez-toc-icon-toggle-span\"><svg style=\"fill: #999;color:#999\" xmlns=\"http:\/\/www.w3.org\/2000\/svg\" class=\"list-377408\" width=\"20px\" height=\"20px\" viewBox=\"0 0 24 24\" fill=\"none\"><path d=\"M6 6H4v2h2V6zm14 0H8v2h12V6zM4 11h2v2H4v-2zm16 0H8v2h12v-2zM4 16h2v2H4v-2zm16 0H8v2h12v-2z\" fill=\"currentColor\"><\/path><\/svg><svg style=\"fill: #999;color:#999\" class=\"arrow-unsorted-368013\" xmlns=\"http:\/\/www.w3.org\/2000\/svg\" width=\"10px\" height=\"10px\" viewBox=\"0 0 24 24\" version=\"1.2\" baseProfile=\"tiny\"><path d=\"M18.2 9.3l-6.2-6.3-6.2 6.3c-.2.2-.3.4-.3.7s.1.5.3.7c.2.2.4.3.7.3h11c.3 0 .5-.1.7-.3.2-.2.3-.5.3-.7s-.1-.5-.3-.7zM5.8 14.7l6.2 6.3 6.2-6.3c.2-.2.3-.5.3-.7s-.1-.5-.3-.7c-.2-.2-.4-.3-.7-.3h-11c-.3 0-.5.1-.7.3-.2.2-.3.5-.3.7s.1.5.3.7z\"\/><\/svg><\/span><\/span><\/span><\/a><\/span><\/div>\n<nav><ul class='ez-toc-list ez-toc-list-level-1 ' ><li class='ez-toc-page-1 ez-toc-heading-level-2'><a class=\"ez-toc-link ez-toc-heading-1\" href=\"https:\/\/enfoquenoticioso.com\/?p=5014\/#Un_edificio_en_ruinas_y_unas_patas_muy_largas\" >Un edificio en ruinas y unas patas muy largas<\/a><\/li><li class='ez-toc-page-1 ez-toc-heading-level-2'><a class=\"ez-toc-link ez-toc-heading-2\" href=\"https:\/\/enfoquenoticioso.com\/?p=5014\/#%E2%80%98Vermin_La_plaga_terror_que_trepa\" >\u2018Vermin: La plaga\u2019: terror que trepa<\/a><\/li><\/ul><\/nav><\/div>\n<h2><span class=\"ez-toc-section\" id=\"Un_edificio_en_ruinas_y_unas_patas_muy_largas\"><\/span>Un edificio en ruinas y unas patas muy largas<span class=\"ez-toc-section-end\"><\/span><\/h2>\n<p><strong>Uno de los estrenos de terror m\u00e1s interesantes y efectivos<\/strong> de lo que llevamos de a\u00f1o, con el director <strong>S\u00e9bastien Vanicek<\/strong> haciendo su primer largometraje. Aracnofobia y thriller social se complementan en esta tremenda pel\u00edcula francesa que hoy se puede <a rel=\"noopener, noreferrer\" href=\"https:\/\/www.movistarplus.es\/cine\/vermin-la-plaga\/ficha?tipo=E&amp;id=3236415\" target=\"_blank\">ver en streaming a trav\u00e9s de Movistar+<\/a>.<\/p>\n<p><!-- BREAK 3 --> <\/p>\n<div class=\"article-asset article-asset-normal article-asset-center\">\n<div class=\"desvio-container\">\n<div class=\"desvio\">\n<div class=\"desvio-figure js-desvio-figure\">\n    <a href=\"https:\/\/www.espinof.com\/otros\/cine-terror-extremo-frances-cuando-pantalla-se-inunda-rouge\" target=\"_blank\" rel=\"noopener\"><br \/>\n     <img loading=\"lazy\" decoding=\"async\" alt=\"Cine de terror extremo franc\u00e9s: cuando la pantalla se inunda de 'rouge'\" width=\"375\" height=\"142\" src=\"https:\/\/i.blogs.es\/68f70d\/a-l-interieur-gore\/375_142.jpg\"\/><br \/>\n    <\/a>\n   <\/div>\n<\/p><\/div>\n<\/p><\/div>\n<\/div>\n<p>El joven Kaleb intenta sobrellevar la vida como puede, intentando sacar adelante un negocio clandestino de venta de zapatillas mientras sigue enfrentado con su hermana tras la muerte de su madre, as\u00ed como enemistado con su mejor amigo. Todo mientras vive en un edificio descuidado, casi ruinoso. Lo que nadie le puede quitar es su pasi\u00f3n por los animales ex\u00f3ticos, que le lleva a <strong>traer a casa una especie rara de ara\u00f1a venenosa<\/strong> tra\u00edda desde el desierto del norte de \u00c1frica. Pero esta ara\u00f1a se desarrollar\u00e1 a una velocidad anormal y tambi\u00e9n se reproducir\u00e1 de manera descontrolada, provocando una r\u00e1pida plaga por el edificio.<\/p>\n<p><!-- BREAK 4 --><\/p>\n<p>El terror con esta clase de insectos que suelen causar repel\u00fas o incluso p\u00e1nico es una manera muy efectiva de causar terror, y Vanicek se lo pasa en grande en la medida de lo posible haciendo secuencias de tensi\u00f3n con estas ara\u00f1as. As\u00ed logra hacer menos obvias sus otras intenciones con la pel\u00edcula, que pasan por un tipo de <strong>thriller social que es muy habitual en el cine franc\u00e9s reciente<\/strong>.<\/p>\n<p><!-- BREAK 5 --><\/p>\n<h2><span class=\"ez-toc-section\" id=\"%E2%80%98Vermin_La_plaga_terror_que_trepa\"><\/span>\u2018Vermin: La plaga\u2019: terror que trepa<span class=\"ez-toc-section-end\"><\/span><\/h2>\n<div class=\"article-asset-image article-asset-normal article-asset-center\">\n<div class=\"asset-content\">\n                   <img class=\"centro_sinmarco\" height=\"806\" width=\"1467\" loading=\"lazy\" decoding=\"async\" sizes=\"auto, 100vw\" fetchpriority=\"high\" srcset=\"https:\/\/i.blogs.es\/67fd0e\/vermin-la-plaga\/450_1000.jpeg 450w, https:\/\/i.blogs.es\/67fd0e\/vermin-la-plaga\/650_1200.jpeg 681w,https:\/\/i.blogs.es\/67fd0e\/vermin-la-plaga\/1024_2000.jpeg 1024w, https:\/\/i.blogs.es\/67fd0e\/vermin-la-plaga\/1366_2000.jpeg 1366w\" src=\"https:\/\/i.blogs.es\/67fd0e\/vermin-la-plaga\/450_1000.jpeg\" alt=\"Vermin La Plaga\"\/><br \/>\n   <img decoding=\"async\" alt=\"Vermin La Plaga\" class=\"centro_sinmarco\" src=\"https:\/\/i.blogs.es\/67fd0e\/vermin-la-plaga\/450_1000.jpeg\"\/><\/p><\/div>\n<\/div>\n<p>Los diferentes individuos que se van encontrando en el edificio, todos en un contexto socioecon\u00f3mico concreto, y la inacci\u00f3n por parte de autoridades francesas es una oportunidad de denuncia no muy alejado de pel\u00edculas como las de <a href=\"https:\/\/www.espinof.com\/tag\/ladj-ly\" target=\"_blank\" rel=\"noopener\">Ladj Ly<\/a>. Pero \u2018Vermin: La plaga\u2019 lo lleva por el <strong>espect\u00e1culo fant\u00e1stico en todas sus consecuencias<\/strong>, dise\u00f1ando en el proceso algunas secuencias espeluznantes o algunas de acci\u00f3n musculosa.<\/p>\n<p><!-- BREAK 6 --> <\/p>\n<div class=\"article-asset article-asset-normal article-asset-center\">\n<div class=\"desvio-container\">\n<div class=\"desvio\">\n<div class=\"desvio-figure js-desvio-figure\">\n    <a href=\"https:\/\/www.espinof.com\/netflix\/mejor-pelicula-original-netflix-este-ano-espectacular-retrato-escalada-violencia-tiempos-emergencia-social-que-recuerda-a-michael-mann-1917\" target=\"_blank\" rel=\"noopener\"><br \/>\n     <img loading=\"lazy\" decoding=\"async\" alt=\"Es la mejor pel\u00edcula original de Netflix este a\u00f1o: un espectacular retrato de la escalada de violencia en tiempos de emergencia social que recuerda a Michael Mann y '1917'\" width=\"375\" height=\"142\" src=\"https:\/\/i.blogs.es\/12682d\/atenea-2022-romain-gavras\/375_142.jpeg\"\/><br \/>\n    <\/a>\n   <\/div>\n<\/p><\/div>\n<\/p><\/div>\n<\/div>\n<p>As\u00ed, Vanicek es capaz de sorprender a todo aquel que entra en la propuesta esperando una cl\u00e1sica explotaci\u00f3n aracnof\u00f3bica con la que rellenar la tarde. Su cuidado en los aspectos visuales dotan de fuerza a la pel\u00edcula, permitiendo que el terror vaya trepando con sus patas hasta introducirse en tu piel. Es un potente debut con el que <strong>colocarse como un cineasta a seguir en el g\u00e9nero<\/strong>, y que su pr\u00f3xima pel\u00edcula vaya a ser una de \u2018<a href=\"https:\/\/www.espinof.com\/listas\/evil-dead-todas-peliculas-series-saga-posesion-infernal-ordenadas-peor-a-mejor\" target=\"_blank\" rel=\"noopener\">Evil Dead<\/a>\u2019 resulta bastante prometedor.<\/p>\n<p><!-- BREAK 7 --><\/p>\n<p>En Espinof | <a href=\"https:\/\/www.espinof.com\/listas\/mejores-peliculas-terror-todos-tiempos\" target=\"_blank\" rel=\"noopener\">Las mejores pel\u00edculas de terror de la historia<\/a><\/p>\n<p>En Espinof | <a href=\"https:\/\/www.espinof.com\/listas\/mejores-peliculas-2024\" target=\"_blank\" rel=\"noopener\">Las mejores pel\u00edculas de 2024<\/a><\/p>\n<\/p><\/div>\n<p><a href=\"https:\/\/www.espinof.com\/cine-europeo\/grandes-sorpresas-cine-terror-este-ano-acaba-estrenarse-streaming-pura-tension-horror-para-que-temen-ver-bicho-su-casa\" class=\" target=\" title=\"Es una de las grandes sorpresas del cine de terror este a\u00f1o y acaba de estrenarse en streaming. Pura tensi\u00f3n y horror para los que temen ver un bicho en su casa\" target=\"_blank\" rel=\"noopener\">Ver fuente<\/a><\/p>\n","protected":false},"excerpt":{"rendered":"<p>Por fortuna, parece que hemos dejado atr\u00e1s los tiempos de denominar a determinadas pel\u00edculas de g\u00e9nero como \u201cterror elevado\u201d, intentando dotar de una condici\u00f3n mayor a pel\u00edculas que tocaban temas m\u00e1s existencialistas o sociales. Una etiqueta que ignoraba deliberadamente la capacidad del fant\u00e1stico para tocar todos estos temas en el pasado, aunque fuera combin\u00e1ndola desde [&hellip;]<\/p>\n","protected":false},"author":2,"featured_media":5015,"comment_status":"open","ping_status":"closed","sticky":false,"template":"","format":"standard","meta":{"footnotes":""},"categories":[8],"tags":[],"class_list":["post-5014","post","type-post","status-publish","format-standard","has-post-thumbnail","hentry","category-entretenimiento"],"_links":{"self":[{"href":"https:\/\/enfoquenoticioso.com\/index.php?rest_route=\/wp\/v2\/posts\/5014","targetHints":{"allow":["GET"]}}],"collection":[{"href":"https:\/\/enfoquenoticioso.com\/index.php?rest_route=\/wp\/v2\/posts"}],"about":[{"href":"https:\/\/enfoquenoticioso.com\/index.php?rest_route=\/wp\/v2\/types\/post"}],"author":[{"embeddable":true,"href":"https:\/\/enfoquenoticioso.com\/index.php?rest_route=\/wp\/v2\/users\/2"}],"replies":[{"embeddable":true,"href":"https:\/\/enfoquenoticioso.com\/index.php?rest_route=%2Fwp%2Fv2%2Fcomments&post=5014"}],"version-history":[{"count":0,"href":"https:\/\/enfoquenoticioso.com\/index.php?rest_route=\/wp\/v2\/posts\/5014\/revisions"}],"wp:featuredmedia":[{"embeddable":true,"href":"https:\/\/enfoquenoticioso.com\/index.php?rest_route=\/wp\/v2\/media\/5015"}],"wp:attachment":[{"href":"https:\/\/enfoquenoticioso.com\/index.php?rest_route=%2Fwp%2Fv2%2Fmedia&parent=5014"}],"wp:term":[{"taxonomy":"category","embeddable":true,"href":"https:\/\/enfoquenoticioso.com\/index.php?rest_route=%2Fwp%2Fv2%2Fcategories&post=5014"},{"taxonomy":"post_tag","embeddable":true,"href":"https:\/\/enfoquenoticioso.com\/index.php?rest_route=%2Fwp%2Fv2%2Ftags&post=5014"}],"curies":[{"name":"wp","href":"https:\/\/api.w.org\/{rel}","templated":true}]}}