{"id":5067,"date":"2024-06-06T14:48:52","date_gmt":"2024-06-06T14:48:52","guid":{"rendered":"https:\/\/enfoquenoticioso.com\/entretenimiento\/quien-mato-a-lucrecia-perez-disney-se-invita-a-descubrirlo\/"},"modified":"2024-06-06T14:48:52","modified_gmt":"2024-06-06T14:48:52","slug":"quien-mato-a-lucrecia-perez-disney-se-invita-a-descubrirlo","status":"publish","type":"post","link":"https:\/\/enfoquenoticioso.com\/?p=5067","title":{"rendered":"\u00bfQui\u00e9n mat\u00f3 a Lucrecia P\u00e9rez? Disney+ se invita a descubrirlo"},"content":{"rendered":"<div id=\"mvp-content-main\">\n<p>Cada mes seguimos descubriendo nuevos estrenos de <a href=\"https:\/\/soydecine.com\/tag\/disney-plus\/\" target=\"_blank\" rel=\"noopener\"><strong>Disney plus<\/strong><\/a> que hacen las delicias de los suscriptores a su plataforma. En estos d\u00edas tendremos la posibilidad de descubrir una nueva serie documental que indagar\u00e1 en un crimen que conmocion\u00f3 a la poblaci\u00f3n. Su t\u00edtulo es <em><strong>Lucrecia: un crimen de odio<\/strong><\/em>.<\/p>\n<p><span id=\"more-41058\"\/><\/p>\n<div id=\"ez-toc-container\" class=\"ez-toc-v2_0_81 counter-hierarchy ez-toc-counter ez-toc-grey ez-toc-container-direction\">\n<div class=\"ez-toc-title-container\">\n<p class=\"ez-toc-title\" style=\"cursor:inherit\">Tabla de Contenido<\/p>\n<span class=\"ez-toc-title-toggle\"><a href=\"#\" class=\"ez-toc-pull-right ez-toc-btn ez-toc-btn-xs ez-toc-btn-default ez-toc-toggle\" aria-label=\"Alternar tabla de contenidos\"><span class=\"ez-toc-js-icon-con\"><span class=\"\"><span class=\"eztoc-hide\" style=\"display:none;\">Toggle<\/span><span class=\"ez-toc-icon-toggle-span\"><svg style=\"fill: #999;color:#999\" xmlns=\"http:\/\/www.w3.org\/2000\/svg\" class=\"list-377408\" width=\"20px\" height=\"20px\" viewBox=\"0 0 24 24\" fill=\"none\"><path d=\"M6 6H4v2h2V6zm14 0H8v2h12V6zM4 11h2v2H4v-2zm16 0H8v2h12v-2zM4 16h2v2H4v-2zm16 0H8v2h12v-2z\" fill=\"currentColor\"><\/path><\/svg><svg style=\"fill: #999;color:#999\" class=\"arrow-unsorted-368013\" xmlns=\"http:\/\/www.w3.org\/2000\/svg\" width=\"10px\" height=\"10px\" viewBox=\"0 0 24 24\" version=\"1.2\" baseProfile=\"tiny\"><path d=\"M18.2 9.3l-6.2-6.3-6.2 6.3c-.2.2-.3.4-.3.7s.1.5.3.7c.2.2.4.3.7.3h11c.3 0 .5-.1.7-.3.2-.2.3-.5.3-.7s-.1-.5-.3-.7zM5.8 14.7l6.2 6.3 6.2-6.3c.2-.2.3-.5.3-.7s-.1-.5-.3-.7c-.2-.2-.4-.3-.7-.3h-11c-.3 0-.5.1-.7.3-.2.2-.3.5-.3.7s.1.5.3.7z\"\/><\/svg><\/span><\/span><\/span><\/a><\/span><\/div>\n<nav><ul class='ez-toc-list ez-toc-list-level-1 ' ><li class='ez-toc-page-1 ez-toc-heading-level-2'><a class=\"ez-toc-link ez-toc-heading-1\" href=\"https:\/\/enfoquenoticioso.com\/?p=5067\/#Sinopsis_y_trailer_de_Lucrecia_un_crimen_de_odio\" >Sinopsis y tr\u00e1iler de Lucrecia: un crimen de odio<\/a><\/li><li class='ez-toc-page-1 ez-toc-heading-level-2'><a class=\"ez-toc-link ez-toc-heading-2\" href=\"https:\/\/enfoquenoticioso.com\/?p=5067\/#La_historia_de_Lucrecia_Perez_mas_viva_que_nunca\" >La historia de Lucrecia P\u00e9rez m\u00e1s viva que nunca.<\/a><\/li><\/ul><\/nav><\/div>\n<h2 class=\"wp-block-heading\"><span class=\"ez-toc-section\" id=\"Sinopsis_y_trailer_de_Lucrecia_un_crimen_de_odio\"><\/span>Sinopsis y tr\u00e1iler de Lucrecia: un crimen de odio<span class=\"ez-toc-section-end\"><\/span><\/h2>\n<figure class=\"wp-block-embed is-type-video is-provider-youtube wp-block-embed-youtube wp-embed-aspect-16-9 wp-has-aspect-ratio\">\n<p>\n<iframe loading=\"lazy\" title=\"Tr\u00e1iler de LUCRECIA: UN CRIMEN DE ODIO en espa\u00f1ol | Disney+\" width=\"640\" height=\"360\" src=\"https:\/\/www.youtube.com\/embed\/a1kiwLqC7q4?feature=oembed\" frameborder=\"0\" allow=\"accelerometer; autoplay; clipboard-write; encrypted-media; gyroscope; picture-in-picture; web-share\" referrerpolicy=\"strict-origin-when-cross-origin\" allowfullscreen><\/iframe>\n<\/p><figcaption class=\"wp-element-caption\">TR\u00c1ILER DE LUCRECIA: UN CRIMEN DE ODIO EN ESPA\u00d1OL<\/figcaption><\/figure>\n<p><em>Lucrecia: un crimen de odio<\/em> cuenta c\u00f3mo el asesinato a tiros de una mujer negra e inmigrante en las ruinas de una discoteca de Madrid en 1992 conmociona a la sociedad espa\u00f1ola y provoca una reacci\u00f3n social sin precedentes. Tras la imagen de pa\u00eds moderno y democr\u00e1tico que Espa\u00f1a ha proyectado al mundo con las Olimpiadas de Barcelona y la Expo\u201992 celebrada en Sevilla, crece un movimiento inquietante que conecta directamente con la actualidad: los grupos extremistas, el racismo y la violencia. <\/p>\n<p>Tres d\u00e9cadas despu\u00e9s, <strong>la historia de Lucrecia P\u00e9rez se convierte en un viaje a las ra\u00edces del odio<\/strong>. Un relato emocionante con material de archivo in\u00e9dito y testimonios en primera persona del crimen que pas\u00f3 a la historia como el primer asesinato racista de Espa\u00f1a.<\/p>\n<p>La serie documental dirigida por <em>David Cabrera<\/em> (Six Dreams, El Pionero) y <strong>Garbi\u00f1e Armentia<\/strong> (Muerte en Le\u00f3n. Caso Cerrado, Six Dreams) cuenta con Justin Webster (El Pionero, Muerte en Le\u00f3n) como guionista y productor ejecutivo junto a Sumpta Ayuso (Nisman. El fiscal, la presidenta y el esp\u00eda). <em>Lucrecia: un crimen de odio<\/em> narra en <strong>sus 4 episodios<\/strong> el asesinato de la inmigrante dominicana Lucrecia P\u00e9rez y su investigaci\u00f3n a trav\u00e9s de material de archivo in\u00e9dito y testimonios de la familia y amigos de Lucrecia, incluyendo a su hija Kenia. Tambi\u00e9n participan polic\u00edas y jueces instructores que investigaron el caso, periodistas testigos directos de lo sucedido, as\u00ed como abogados de los inculpados y de la acusaci\u00f3n que protagonizaron el emblem\u00e1tico juicio posterior.<\/p>\n<h2 class=\"wp-block-heading\"><span class=\"ez-toc-section\" id=\"La_historia_de_Lucrecia_Perez_mas_viva_que_nunca\"><\/span>La historia de Lucrecia P\u00e9rez m\u00e1s viva que nunca.<span class=\"ez-toc-section-end\"><\/span><\/h2>\n<p>Seg\u00fan la propia Disney, David Cabrera, co-director de <em>Lucrecia: un crimen de odio<\/em>, ha afirmado: \u201c<em>Tres d\u00e9cadas despu\u00e9s, la historia de Lucrecia es un viaje a las ra\u00edces del odio, un manual de c\u00f3mo se propaga el odio en la sociedad. Sucedi\u00f3 entonces y puede volver a suceder ma\u00f1ana si no aprendemos del pasado<\/em>\u201d. Por su parte, Garbi\u00f1e Armentia, co-directora, ha comentado: \u201c<em>Para nosotros ha sido fundamental dar vida a Lucrecia, pero ten\u00edamos una gran dificultad: solo existe una foto de ella. \u00bfC\u00f3mo evocar, en un documental cinematogr\u00e1fico, a una persona de la que no hay m\u00e1s que una imagen? La soluci\u00f3n la encontramos en la riqueza del archivo. Pudimos proyectar a Lucrecia en decenas de mujeres que estaban en los mismos lugares y en su misma \u00e9poca. A trav\u00e9s de esas im\u00e1genes, de forma emocionante, Lucrecia cobra vida en el relato<\/em>\u201d.<\/p>\n<\/p><\/div>\n<p><a href=\"https:\/\/soydecine.com\/lucrecia-crimen-odio-serie-disney-plus\/\" class=\" target=\" title=\"\u00bfQui\u00e9n mat\u00f3 a Lucrecia P\u00e9rez? Disney+ se invita a descubrirlo\" target=\"_blank\" rel=\"noopener\">Ver fuente<\/a><\/p>\n","protected":false},"excerpt":{"rendered":"<p>Cada mes seguimos descubriendo nuevos estrenos de Disney plus que hacen las delicias de los suscriptores a su plataforma. En estos d\u00edas tendremos la posibilidad de descubrir una nueva serie documental que indagar\u00e1 en un crimen que conmocion\u00f3 a la poblaci\u00f3n. Su t\u00edtulo es Lucrecia: un crimen de odio. Sinopsis y tr\u00e1iler de Lucrecia: un [&hellip;]<\/p>\n","protected":false},"author":2,"featured_media":5068,"comment_status":"open","ping_status":"closed","sticky":false,"template":"","format":"standard","meta":{"footnotes":""},"categories":[8],"tags":[],"class_list":["post-5067","post","type-post","status-publish","format-standard","has-post-thumbnail","hentry","category-entretenimiento"],"_links":{"self":[{"href":"https:\/\/enfoquenoticioso.com\/index.php?rest_route=\/wp\/v2\/posts\/5067","targetHints":{"allow":["GET"]}}],"collection":[{"href":"https:\/\/enfoquenoticioso.com\/index.php?rest_route=\/wp\/v2\/posts"}],"about":[{"href":"https:\/\/enfoquenoticioso.com\/index.php?rest_route=\/wp\/v2\/types\/post"}],"author":[{"embeddable":true,"href":"https:\/\/enfoquenoticioso.com\/index.php?rest_route=\/wp\/v2\/users\/2"}],"replies":[{"embeddable":true,"href":"https:\/\/enfoquenoticioso.com\/index.php?rest_route=%2Fwp%2Fv2%2Fcomments&post=5067"}],"version-history":[{"count":0,"href":"https:\/\/enfoquenoticioso.com\/index.php?rest_route=\/wp\/v2\/posts\/5067\/revisions"}],"wp:featuredmedia":[{"embeddable":true,"href":"https:\/\/enfoquenoticioso.com\/index.php?rest_route=\/wp\/v2\/media\/5068"}],"wp:attachment":[{"href":"https:\/\/enfoquenoticioso.com\/index.php?rest_route=%2Fwp%2Fv2%2Fmedia&parent=5067"}],"wp:term":[{"taxonomy":"category","embeddable":true,"href":"https:\/\/enfoquenoticioso.com\/index.php?rest_route=%2Fwp%2Fv2%2Fcategories&post=5067"},{"taxonomy":"post_tag","embeddable":true,"href":"https:\/\/enfoquenoticioso.com\/index.php?rest_route=%2Fwp%2Fv2%2Ftags&post=5067"}],"curies":[{"name":"wp","href":"https:\/\/api.w.org\/{rel}","templated":true}]}}