{"id":5078,"date":"2024-06-06T16:15:43","date_gmt":"2024-06-06T16:15:43","guid":{"rendered":"https:\/\/enfoquenoticioso.com\/entretenimiento\/lamentable-fallecio-la-presentadora-de-television-daniella-calatrava\/"},"modified":"2024-06-06T16:15:43","modified_gmt":"2024-06-06T16:15:43","slug":"lamentable-fallecio-la-presentadora-de-television-daniella-calatrava","status":"publish","type":"post","link":"https:\/\/enfoquenoticioso.com\/?p=5078","title":{"rendered":"\u00a1Lamentable! Falleci\u00f3 la presentadora de televisi\u00f3n Daniella Calatrava"},"content":{"rendered":"<div>\n<p>La presentadora de televisi\u00f3n<strong>\u00a0Daniella Calatrava<\/strong>, entr\u00f3 entre las tendencias de las plataformas digitales y encabez\u00f3 los titulares de la prensa internacional, tras conocerse la lamentable noticia de su fallecimiento a los 34 a\u00f1os de edad, luego de su lucha contra una mortal enfermedad.<span id=\"more-530081\"\/><\/p>\n<p>En este sentido, la informaci\u00f3n la dio a conocer su propia madre,<strong>\u00a0Miryam Ballesteros Bola\u00f1os<\/strong>, quien a trav\u00e9s de las redes sociales public\u00f3 un comunicado para confirmar el deceso de su hija, quien resid\u00eda en\u00a0<strong>Tamaulipas<\/strong>.<\/p>\n<p>\u00abGracias padre celestial por haberme tenido la confianza de prestarme para tener como hija en esta tierra y ser un pedacito de cielo que hac\u00eda brillar mi casa\u00bb, expres\u00f3 la mujer en horas de la ma\u00f1ana del martes 04 de junio de 2024.<\/p>\n<p>De esta manera, se conoci\u00f3 que,\u00a0<strong>Daniella Calatrava<\/strong>, quien se desempe\u00f1\u00f3 como tv host, del programa\u00a0<em><strong>\u00a1Ya le va!<\/strong><\/em>, perteneciente a la cadena televisiva\u00a0<strong>Televisa del Golfo<\/strong>, recibi\u00f3 ven 2016 el diagn\u00f3stico de c\u00e1ncer de mama, y desde entonces luch\u00f3 para superar enfermedad.<\/p>\n<div id=\"ez-toc-container\" class=\"ez-toc-v2_0_81 counter-hierarchy ez-toc-counter ez-toc-grey ez-toc-container-direction\">\n<div class=\"ez-toc-title-container\">\n<p class=\"ez-toc-title\" style=\"cursor:inherit\">Tabla de Contenido<\/p>\n<span class=\"ez-toc-title-toggle\"><a href=\"#\" class=\"ez-toc-pull-right ez-toc-btn ez-toc-btn-xs ez-toc-btn-default ez-toc-toggle\" aria-label=\"Alternar tabla de contenidos\"><span class=\"ez-toc-js-icon-con\"><span class=\"\"><span class=\"eztoc-hide\" style=\"display:none;\">Toggle<\/span><span class=\"ez-toc-icon-toggle-span\"><svg style=\"fill: #999;color:#999\" xmlns=\"http:\/\/www.w3.org\/2000\/svg\" class=\"list-377408\" width=\"20px\" height=\"20px\" viewBox=\"0 0 24 24\" fill=\"none\"><path d=\"M6 6H4v2h2V6zm14 0H8v2h12V6zM4 11h2v2H4v-2zm16 0H8v2h12v-2zM4 16h2v2H4v-2zm16 0H8v2h12v-2z\" fill=\"currentColor\"><\/path><\/svg><svg style=\"fill: #999;color:#999\" class=\"arrow-unsorted-368013\" xmlns=\"http:\/\/www.w3.org\/2000\/svg\" width=\"10px\" height=\"10px\" viewBox=\"0 0 24 24\" version=\"1.2\" baseProfile=\"tiny\"><path d=\"M18.2 9.3l-6.2-6.3-6.2 6.3c-.2.2-.3.4-.3.7s.1.5.3.7c.2.2.4.3.7.3h11c.3 0 .5-.1.7-.3.2-.2.3-.5.3-.7s-.1-.5-.3-.7zM5.8 14.7l6.2 6.3 6.2-6.3c.2-.2.3-.5.3-.7s-.1-.5-.3-.7c-.2-.2-.4-.3-.7-.3h-11c-.3 0-.5.1-.7.3-.2.2-.3.5-.3.7s.1.5.3.7z\"\/><\/svg><\/span><\/span><\/span><\/a><\/span><\/div>\n<nav><ul class='ez-toc-list ez-toc-list-level-1 ' ><li class='ez-toc-page-1 ez-toc-heading-level-4'><a class=\"ez-toc-link ez-toc-heading-1\" href=\"https:\/\/enfoquenoticioso.com\/?p=5078\/#Causa_de_la_muerte\" >Causa de la muerte<\/a><\/li><li class='ez-toc-page-1 ez-toc-heading-level-4'><a class=\"ez-toc-link ez-toc-heading-2\" href=\"https:\/\/enfoquenoticioso.com\/?p=5078\/#Sigue_al_canal_de_noticias_en_Whatsaap\" >Sigue al canal de noticias en Whatsaap\u00a0<\/a><\/li><\/ul><\/nav><\/div>\n<h4><span class=\"ez-toc-section\" id=\"Causa_de_la_muerte\"><\/span><strong>Causa de la muerte<\/strong><span class=\"ez-toc-section-end\"><\/span><\/h4>\n<p>Asimismo, dicha situaci\u00f3n la llev\u00f3 a someterse a un tratamiento oncol\u00f3gico que, en un principio, tuvo \u00e9xito. Sin embargo, en meses recientes la enfermedad regres\u00f3, y en el transcurso del 03 de junio de 2024 perdi\u00f3 la vida, seg\u00fan rese\u00f1aron algunos portales de informaci\u00f3n.<\/p>\n<p>Es importante destacar, que,\u00a0<strong>Daniella Calatrava<\/strong>, destac\u00f3 como presentadora de televisi\u00f3n, locutora y creadora digital su carisma y profesionalismo la convirtieron en una figura querida y respetada en\u00a0<strong>Tamaulipas<\/strong>, donde acumul\u00f3 grandes cantidades de admiradores.<\/p>\n<p>A su vez, los servicios funerarios se llevaron a cabo en\u00a0<strong>Secci\u00f3n Uno<\/strong>, un lugar ubicado en la ciudad mencionada anteriormente, donde gran parte de los ciudadanos se presentaron para darle el \u00faltimo adi\u00f3s.<\/p>\n<p>Finalmente, el canal en cuesti\u00f3n a trav\u00e9s de su cuenta de\u00a0<strong>Instagram<\/strong>, poste\u00f3 un obituario para enaltecer la trayectoria profesional, as\u00ed como, para enviar un mensaje de fortaleza a todos sus familiares por su lamentable partida f\u00edsica.<\/p>\n<blockquote class=\"instagram-media\" style=\"background: #FFF; border: 0; border-radius: 3px; box-shadow: 0 0 1px 0 rgba(0,0,0,0.5),0 1px 10px 0 rgba(0,0,0,0.15); margin: 1px; max-width: 540px; min-width: 326px; padding: 0; width: calc(100% - 2px);\" data-instgrm-captioned=\"\" data-instgrm-permalink=\"https:\/\/www.instagram.com\/p\/C7zID_FuYHe\/?utm_source=ig_embed&amp;utm_campaign=loading\" data-instgrm-version=\"14\">\n<\/blockquote>\n<h4><span class=\"ez-toc-section\" id=\"Sigue_al_canal_de_noticias_en_Whatsaap\"><\/span><strong><a href=\"https:\/\/whatsapp.com\/channel\/0029VaDXFnLId7nFFiDdVI26?fbclid=IwAR1LnVJqcByTELJH4Ht086FYRmdx18pRnV7CrkzmTJ5JaLHYY0igukfL9Yk\" target=\"_blank\" rel=\"noopener\">Sigue al canal de noticias en Whatsaap\u00a0<\/a><\/strong><span class=\"ez-toc-section-end\"><\/span><\/h4>\n<\/div>\n<p><script async src=\"\/\/www.instagram.com\/embed.js\"><\/script><br \/>\n<br \/><a href=\"https:\/\/noticiasaldiayalahora.co\/entretenimiento\/lamentable-fallecio-la-presentadora-de-television-daniella-calatrava\/\" class=\" target=\" title=\"\u00a1Lamentable! Falleci\u00f3 la presentadora de televisi\u00f3n Daniella Calatrava\" target=\"_blank\" rel=\"noopener\">Ver fuente<\/a><\/p>\n","protected":false},"excerpt":{"rendered":"<p>La presentadora de televisi\u00f3n\u00a0Daniella Calatrava, entr\u00f3 entre las tendencias de las plataformas digitales y encabez\u00f3 los titulares de la prensa internacional, tras conocerse la lamentable noticia de su fallecimiento a los 34 a\u00f1os de edad, luego de su lucha contra una mortal enfermedad. En este sentido, la informaci\u00f3n la dio a conocer su propia madre,\u00a0Miryam [&hellip;]<\/p>\n","protected":false},"author":2,"featured_media":5079,"comment_status":"open","ping_status":"closed","sticky":false,"template":"","format":"standard","meta":{"footnotes":""},"categories":[8],"tags":[],"class_list":["post-5078","post","type-post","status-publish","format-standard","has-post-thumbnail","hentry","category-entretenimiento"],"_links":{"self":[{"href":"https:\/\/enfoquenoticioso.com\/index.php?rest_route=\/wp\/v2\/posts\/5078","targetHints":{"allow":["GET"]}}],"collection":[{"href":"https:\/\/enfoquenoticioso.com\/index.php?rest_route=\/wp\/v2\/posts"}],"about":[{"href":"https:\/\/enfoquenoticioso.com\/index.php?rest_route=\/wp\/v2\/types\/post"}],"author":[{"embeddable":true,"href":"https:\/\/enfoquenoticioso.com\/index.php?rest_route=\/wp\/v2\/users\/2"}],"replies":[{"embeddable":true,"href":"https:\/\/enfoquenoticioso.com\/index.php?rest_route=%2Fwp%2Fv2%2Fcomments&post=5078"}],"version-history":[{"count":0,"href":"https:\/\/enfoquenoticioso.com\/index.php?rest_route=\/wp\/v2\/posts\/5078\/revisions"}],"wp:featuredmedia":[{"embeddable":true,"href":"https:\/\/enfoquenoticioso.com\/index.php?rest_route=\/wp\/v2\/media\/5079"}],"wp:attachment":[{"href":"https:\/\/enfoquenoticioso.com\/index.php?rest_route=%2Fwp%2Fv2%2Fmedia&parent=5078"}],"wp:term":[{"taxonomy":"category","embeddable":true,"href":"https:\/\/enfoquenoticioso.com\/index.php?rest_route=%2Fwp%2Fv2%2Fcategories&post=5078"},{"taxonomy":"post_tag","embeddable":true,"href":"https:\/\/enfoquenoticioso.com\/index.php?rest_route=%2Fwp%2Fv2%2Ftags&post=5078"}],"curies":[{"name":"wp","href":"https:\/\/api.w.org\/{rel}","templated":true}]}}