{"id":5086,"date":"2024-06-06T19:15:57","date_gmt":"2024-06-06T19:15:57","guid":{"rendered":"https:\/\/enfoquenoticioso.com\/entretenimiento\/cristina-pedroche-estalla-en-el-hormiguero-contra-la-prensa-y-el-acoso-en-redes-sociales-me-parecio-muy-ruin-y-me-senti-muy-sola\/"},"modified":"2024-06-06T19:15:57","modified_gmt":"2024-06-06T19:15:57","slug":"cristina-pedroche-estalla-en-el-hormiguero-contra-la-prensa-y-el-acoso-en-redes-sociales-me-parecio-muy-ruin-y-me-senti-muy-sola","status":"publish","type":"post","link":"https:\/\/enfoquenoticioso.com\/?p=5086","title":{"rendered":"Cristina Pedroche estalla en &#8216;El hormiguero&#8217; contra la prensa y el acoso en redes sociales. \u00abMe pareci\u00f3 muy ruin y me sent\u00ed muy sola\u00bb"},"content":{"rendered":"<div>\n<p>Anoche, <a href=\"https:\/\/www.espinof.com\/tag\/el-hormiguero\" target=\"_blank\" rel=\"noopener\">&#8216;El hormiguero&#8217;<\/a> recibi\u00f3 a Cristina Pedroche. La presentadora habl\u00f3 de su nuevo libro, basado en sus propias experiencias, incluyendo la de <strong>c\u00f3mo ha sobrellevado lo de ser una madre famosa<\/strong> y la forma en que han tratado el tema los medios y las redes sociales.<\/p>\n<p><!-- BREAK 1 --> <\/p>\n<div id=\"ez-toc-container\" class=\"ez-toc-v2_0_81 counter-hierarchy ez-toc-counter ez-toc-grey ez-toc-container-direction\">\n<div class=\"ez-toc-title-container\">\n<p class=\"ez-toc-title\" style=\"cursor:inherit\">Tabla de Contenido<\/p>\n<span class=\"ez-toc-title-toggle\"><a href=\"#\" class=\"ez-toc-pull-right ez-toc-btn ez-toc-btn-xs ez-toc-btn-default ez-toc-toggle\" aria-label=\"Alternar tabla de contenidos\"><span class=\"ez-toc-js-icon-con\"><span class=\"\"><span class=\"eztoc-hide\" style=\"display:none;\">Toggle<\/span><span class=\"ez-toc-icon-toggle-span\"><svg style=\"fill: #999;color:#999\" xmlns=\"http:\/\/www.w3.org\/2000\/svg\" class=\"list-377408\" width=\"20px\" height=\"20px\" viewBox=\"0 0 24 24\" fill=\"none\"><path d=\"M6 6H4v2h2V6zm14 0H8v2h12V6zM4 11h2v2H4v-2zm16 0H8v2h12v-2zM4 16h2v2H4v-2zm16 0H8v2h12v-2z\" fill=\"currentColor\"><\/path><\/svg><svg style=\"fill: #999;color:#999\" class=\"arrow-unsorted-368013\" xmlns=\"http:\/\/www.w3.org\/2000\/svg\" width=\"10px\" height=\"10px\" viewBox=\"0 0 24 24\" version=\"1.2\" baseProfile=\"tiny\"><path d=\"M18.2 9.3l-6.2-6.3-6.2 6.3c-.2.2-.3.4-.3.7s.1.5.3.7c.2.2.4.3.7.3h11c.3 0 .5-.1.7-.3.2-.2.3-.5.3-.7s-.1-.5-.3-.7zM5.8 14.7l6.2 6.3 6.2-6.3c.2-.2.3-.5.3-.7s-.1-.5-.3-.7c-.2-.2-.4-.3-.7-.3h-11c-.3 0-.5.1-.7.3-.2.2-.3.5-.3.7s.1.5.3.7z\"\/><\/svg><\/span><\/span><\/span><\/a><\/span><\/div>\n<nav><ul class='ez-toc-list ez-toc-list-level-1 ' ><li class='ez-toc-page-1 ez-toc-heading-level-2'><a class=\"ez-toc-link ez-toc-heading-1\" href=\"https:\/\/enfoquenoticioso.com\/?p=5086\/#%C2%ABDe_mi_que_digan_lo_que_quieran_pero_de_mi_hija_no%C2%BB\" >\u00abDe m\u00ed que digan lo que quieran, pero de mi hija no\u00bb<\/a><\/li><\/ul><\/nav><\/div>\n<h2><span class=\"ez-toc-section\" id=\"%C2%ABDe_mi_que_digan_lo_que_quieran_pero_de_mi_hija_no%C2%BB\"><\/span>\u00abDe m\u00ed que digan lo que quieran, pero de mi hija no\u00bb<span class=\"ez-toc-section-end\"><\/span><\/h2>\n<p>Cristina Pedroche present\u00f3 en &#8216;El hormiguero&#8217; su libro autobiogr\u00e1fico &#8216;Gracias al miedo&#8217;. Entre los temas de los que habla el libro est\u00e1 la maternidad, y la presentadora <a rel=\"noopener, noreferrer\" href=\"https:\/\/www.antena3.com\/programas\/el-hormiguero\/entrevista\/revive-entrevista-completa-cristina-pedroche_202406056660d18ff4db1400011266f2.html\" target=\"_blank\">le cont\u00f3<\/a> a Pablo Motos c\u00f3mo se sinti\u00f3 <strong>cuando su maternidad se filtr\u00f3 en los medios<\/strong>:<\/p>\n<p><!-- BREAK 2 --><\/p>\n<blockquote><p>\u00abDesde el momento en que se filtr\u00f3 la noticia, yo ya me vine abajo e intent\u00e9 refugiarme en mi casa. Lo anunciaron el 28 de diciembre, por si era mentira decir que era una inocentada. Fue tan sucio y tan feo que alguien me obligara a decir (que estaba embarazada), cuando yo ten\u00eda tanto miedo de que no saliera bien. Me pareci\u00f3 ruin y me sent\u00ed muy sola\u00bb.<\/p><\/blockquote>\n<div class=\"article-asset article-asset-normal article-asset-center\">\n<div class=\"desvio-container\">\n<div class=\"desvio\">\n<div class=\"desvio-figure js-desvio-figure\">\n    <a href=\"https:\/\/www.espinof.com\/series-de-ficcion\/dura-6-horas-sorpresas-ano-drama-australiano-epoca-como-cambio-periodismo-televisado\" target=\"_blank\" rel=\"noopener\"><br \/>\n     <img loading=\"lazy\" decoding=\"async\" alt=\"Dura menos de 6 horas y es una de las sorpresas del a\u00f1o: un drama australiano de \u00e9poca sobre c\u00f3mo cambi\u00f3 el periodismo televisado\" width=\"375\" height=\"142\" src=\"https:\/\/i.blogs.es\/c6327c\/the-newsreader-2021\/375_142.jpeg\"\/><br \/>\n    <\/a>\n   <\/div>\n<\/p><\/div>\n<\/p><\/div>\n<\/div>\n<p>Adem\u00e1s, Pedroche tambi\u00e9n habl\u00f3 sobre lo que implica ser una madre famosa y su <strong>negativa a compartir fotos en redes sociales de su hija<\/strong>:<\/p>\n<blockquote><p>\u00abJam\u00e1s (publicar\u00e9 fotos de mi hija en redes sociales). Cuando ella sea mayor, que ella decida. En las redes sociales, no sabes qui\u00e9n puede estar viendo eso. Casi todas las semanas recibo fotos muy feas en mi mail, en privados de Instagram&#8230; incluso v\u00eddeos con IA en los que ponen mi cara a gente haciendo cosas que no est\u00e1n bien. No me gusta verme as\u00ed y no les voy a dar fotos de mi hija. De m\u00ed, que digan lo que quieran, pero de mi hija, no\u00bb.<\/p><\/blockquote>\n<p>En Espinof | <a href=\"https:\/\/www.espinof.com\/la-1\/creo-que-david-broncano-va-a-perder-hormiguero-tve-no-quiere-competir-sino-renovarse-a-desesperada\" target=\"_blank\" rel=\"noopener\">Creo que David Broncano va a perder contra &#8216;El hormiguero&#8217;, pero TVE no quiere competir sino renovarse a la desesperada<\/a><\/p>\n<\/p><\/div>\n<p><a href=\"https:\/\/www.espinof.com\/reality\/cristina-pedroche-estalla-hormiguero-prensa-acoso-redes-sociales-me-parecio-muy-ruin-me-senti-muy-sola\" class=\" target=\" title=\"Cristina Pedroche estalla en &#039;El hormiguero&#039; contra la prensa y el acoso en redes sociales. \" Me muy ruin me target=\"_blank\" rel=\"noopener\">Ver fuente<\/a><\/p>\n","protected":false},"excerpt":{"rendered":"<p>Anoche, &#8216;El hormiguero&#8217; recibi\u00f3 a Cristina Pedroche. La presentadora habl\u00f3 de su nuevo libro, basado en sus propias experiencias, incluyendo la de c\u00f3mo ha sobrellevado lo de ser una madre famosa y la forma en que han tratado el tema los medios y las redes sociales. \u00abDe m\u00ed que digan lo que quieran, pero de [&hellip;]<\/p>\n","protected":false},"author":2,"featured_media":5087,"comment_status":"open","ping_status":"closed","sticky":false,"template":"","format":"standard","meta":{"footnotes":""},"categories":[8],"tags":[],"class_list":["post-5086","post","type-post","status-publish","format-standard","has-post-thumbnail","hentry","category-entretenimiento"],"_links":{"self":[{"href":"https:\/\/enfoquenoticioso.com\/index.php?rest_route=\/wp\/v2\/posts\/5086","targetHints":{"allow":["GET"]}}],"collection":[{"href":"https:\/\/enfoquenoticioso.com\/index.php?rest_route=\/wp\/v2\/posts"}],"about":[{"href":"https:\/\/enfoquenoticioso.com\/index.php?rest_route=\/wp\/v2\/types\/post"}],"author":[{"embeddable":true,"href":"https:\/\/enfoquenoticioso.com\/index.php?rest_route=\/wp\/v2\/users\/2"}],"replies":[{"embeddable":true,"href":"https:\/\/enfoquenoticioso.com\/index.php?rest_route=%2Fwp%2Fv2%2Fcomments&post=5086"}],"version-history":[{"count":0,"href":"https:\/\/enfoquenoticioso.com\/index.php?rest_route=\/wp\/v2\/posts\/5086\/revisions"}],"wp:featuredmedia":[{"embeddable":true,"href":"https:\/\/enfoquenoticioso.com\/index.php?rest_route=\/wp\/v2\/media\/5087"}],"wp:attachment":[{"href":"https:\/\/enfoquenoticioso.com\/index.php?rest_route=%2Fwp%2Fv2%2Fmedia&parent=5086"}],"wp:term":[{"taxonomy":"category","embeddable":true,"href":"https:\/\/enfoquenoticioso.com\/index.php?rest_route=%2Fwp%2Fv2%2Fcategories&post=5086"},{"taxonomy":"post_tag","embeddable":true,"href":"https:\/\/enfoquenoticioso.com\/index.php?rest_route=%2Fwp%2Fv2%2Ftags&post=5086"}],"curies":[{"name":"wp","href":"https:\/\/api.w.org\/{rel}","templated":true}]}}