{"id":5112,"date":"2024-06-07T03:05:56","date_gmt":"2024-06-07T03:05:56","guid":{"rendered":"https:\/\/enfoquenoticioso.com\/deporte\/el-oso-silva-destaca-el-juego-colectivo-de-frontinos\/"},"modified":"2024-06-07T03:05:56","modified_gmt":"2024-06-07T03:05:56","slug":"el-oso-silva-destaca-el-juego-colectivo-de-frontinos","status":"publish","type":"post","link":"https:\/\/enfoquenoticioso.com\/?p=5112","title":{"rendered":"\u00abEl Oso\u00bb Silva destaca el juego colectivo de Frontinos"},"content":{"rendered":"<div data-td-block-uid=\"tdi_91\">\n<div class=\"tdb-block-inner td-fix-index\">\n<p>Con 42 a\u00f1os de edad, C\u00e9sar \u201cEl Oso\u201d Silva sigue dejando destellos de calidad en el baloncesto nacional. En la SPB 2024, el alero es el capit\u00e1n de Frontinos del T\u00e1chira y saca su jerarqu\u00eda para llevar los hilos de la j\u00f3ven franquicia.<\/p>\n<p>Este mi\u00e9rcoles 5 de junio, el caraque\u00f1o tuvo una actuaci\u00f3n de 18 puntos, y 10 rebotes ante Broncos de Caracas que le dio la victoria a su equipo 88-80.<\/p>\n<p>\u201cFrontinos viene dando pasos agigantados, hemos mejorado bastante. Pero el trabajo es colectivo, no es solo m\u00edo, sino de todos los muchachos\u201d, declar\u00f3 Silva para L\u00edder en Deportes.<\/p>\n<p>Ante los caballos salvajes, Silva concret\u00f3 seis triples y dos de ellos fueron el clutch para sentenciar la victoria.<\/p>\n<figure class=\"wp-block-embed is-type-rich is-provider-instagram wp-block-embed-instagram\"\/>\n<p>\u201cHay que aprovechar las oportunidades que me da el entrenador (Hebert Bayona), posicionandome bien en la cancha. En la primera mitad me toc\u00f3 fallar, pero en el ajuste sent\u00ed que me estaban dejando muy solo y ah\u00ed empez\u00f3 a caer la pelota en el aro, lo que gener\u00f3 m\u00e1s confianza en mis lanzamientos\u201d, dijo Silva.<\/p>\n<p><strong>Lee tambi\u00e9n: <a href=\"https:\/\/www.liderendeportes.com\/noticias\/basketball\/baloncesto-superliga\/hebert-bayona-sabe-mover-las-piezas-en-frontinos\/\" target=\"_blank\" rel=\"noopener\">Hebert Bayona sabe mover las piezas en Frontinos<\/a><\/strong><\/p>\n<p>El alero es optimista con lo que queda del conjunto andino en la SPB 2024.<\/p>\n<p>\u201cNuestra identidad parte de la defensa y con ello identificamos a los jugadores que tienen la pelota, con mucha paciencia, disciplina y compromiso. Eso es Frontinos del T\u00e1chira este a\u00f1o\u201d, cerr\u00f3 Silva.<\/p>\n<\/div>\n<\/div>\n<p><a href=\"https:\/\/www.liderendeportes.com\/noticias\/basketball\/baloncesto-superliga\/el-oso-silva-destaca-el-juego-colectivo-de-frontinos\/\" class=\" target=\" title=\"\" El Silva destaca el juego colectivo de target=\"_blank\" rel=\"noopener\">Ver fuente<\/a><\/p>\n","protected":false},"excerpt":{"rendered":"<p>Con 42 a\u00f1os de edad, C\u00e9sar \u201cEl Oso\u201d Silva sigue dejando destellos de calidad en el baloncesto nacional. En la SPB 2024, el alero es el capit\u00e1n de Frontinos del T\u00e1chira y saca su jerarqu\u00eda para llevar los hilos de la j\u00f3ven franquicia. Este mi\u00e9rcoles 5 de junio, el caraque\u00f1o tuvo una actuaci\u00f3n de 18 [&hellip;]<\/p>\n","protected":false},"author":2,"featured_media":5113,"comment_status":"open","ping_status":"closed","sticky":false,"template":"","format":"standard","meta":{"footnotes":""},"categories":[7],"tags":[],"class_list":["post-5112","post","type-post","status-publish","format-standard","has-post-thumbnail","hentry","category-deporte"],"_links":{"self":[{"href":"https:\/\/enfoquenoticioso.com\/index.php?rest_route=\/wp\/v2\/posts\/5112","targetHints":{"allow":["GET"]}}],"collection":[{"href":"https:\/\/enfoquenoticioso.com\/index.php?rest_route=\/wp\/v2\/posts"}],"about":[{"href":"https:\/\/enfoquenoticioso.com\/index.php?rest_route=\/wp\/v2\/types\/post"}],"author":[{"embeddable":true,"href":"https:\/\/enfoquenoticioso.com\/index.php?rest_route=\/wp\/v2\/users\/2"}],"replies":[{"embeddable":true,"href":"https:\/\/enfoquenoticioso.com\/index.php?rest_route=%2Fwp%2Fv2%2Fcomments&post=5112"}],"version-history":[{"count":0,"href":"https:\/\/enfoquenoticioso.com\/index.php?rest_route=\/wp\/v2\/posts\/5112\/revisions"}],"wp:featuredmedia":[{"embeddable":true,"href":"https:\/\/enfoquenoticioso.com\/index.php?rest_route=\/wp\/v2\/media\/5113"}],"wp:attachment":[{"href":"https:\/\/enfoquenoticioso.com\/index.php?rest_route=%2Fwp%2Fv2%2Fmedia&parent=5112"}],"wp:term":[{"taxonomy":"category","embeddable":true,"href":"https:\/\/enfoquenoticioso.com\/index.php?rest_route=%2Fwp%2Fv2%2Fcategories&post=5112"},{"taxonomy":"post_tag","embeddable":true,"href":"https:\/\/enfoquenoticioso.com\/index.php?rest_route=%2Fwp%2Fv2%2Ftags&post=5112"}],"curies":[{"name":"wp","href":"https:\/\/api.w.org\/{rel}","templated":true}]}}