{"id":5118,"date":"2024-06-07T05:18:43","date_gmt":"2024-06-07T05:18:43","guid":{"rendered":"https:\/\/enfoquenoticioso.com\/entretenimiento\/la-serie-de-hbo-max-tendra-menos-episodios\/"},"modified":"2024-06-07T05:18:43","modified_gmt":"2024-06-07T05:18:43","slug":"la-serie-de-hbo-max-tendra-menos-episodios","status":"publish","type":"post","link":"https:\/\/enfoquenoticioso.com\/?p=5118","title":{"rendered":"la serie de HBO Max tendr\u00e1 menos episodios"},"content":{"rendered":"<div>\n<p>Se ol\u00eda un poco cuando hace unos meses supimos el plantel de directores pero finalmente los creadores de <a href=\"https:\/\/www.espinof.com\/fecha-de-estreno\/the-last-of-us-temporada-2-fecha-estreno-trailer-todo-que-sabemos-serie-hbo-pedro-pascal-bella-ramsey\" target=\"_blank\" rel=\"noopener\">&#8216;The Last of Us&#8217; han confirmado que la temporada 2<\/a> de la adaptaci\u00f3n del videojuego ser\u00e1 significativamente m\u00e1s corta que la primera tanda. En concreto, han desvelado que <strong>tendr\u00e1 solamente siete episodios<\/strong> (respecto a los nueve de la 1).<\/p>\n<p><!-- BREAK 1 --> <\/p>\n<p>Eso s\u00ed, para \u00abcompensar\u00bb de alg\u00fan modo esta cuesti\u00f3n, <strong>Craig Mazin y Neil Druckmann<\/strong> <a rel=\"noopener, noreferrer\" href=\"https:\/\/deadline.com\/2024\/06\/the-last-of-us-season-2-episode-count-season-4-roadmap-1235945923\/\" target=\"_blank\">aseguran en Deadline<\/a> que la <strong>temporada 3 ser\u00e1 significativamente m\u00e1s larga<\/strong> que esta pr\u00f3xima tanda. Y que ni siquiera as\u00ed est\u00e1n seguros de si podr\u00e1n meter toda la historia de &#8216;The Last of Us Parte II&#8217; o necesitar\u00e1n de una cuarta temporada.<\/p>\n<p><!-- BREAK 2 --><\/p>\n<div class=\"article-asset article-asset-normal article-asset-center\">\n<div class=\"desvio-container\">\n<div class=\"desvio\">\n<div class=\"desvio-figure js-desvio-figure\">\n    <a href=\"https:\/\/www.espinof.com\/actores-y-actrices\/probablemente-no-sano-bella-ramsey-uso-binder-casi-todo-rodaje-the-last-of-us-destaca-apoyo-pedro-pascal-cuestiones-genero\" target=\"_blank\" rel=\"noopener\"><br \/>\n     <img loading=\"lazy\" decoding=\"async\" alt=\"&quot;Probablemente no es sano&quot;. Bella Ramsey us\u00f3 un &quot;binder&quot; en casi todo el rodaje de 'The Last of Us' y destaca el apoyo de Pedro Pascal en cuestiones de g\u00e9nero \" width=\"375\" height=\"142\" src=\"https:\/\/i.blogs.es\/f282cc\/thelastofus_waifu2x_art_noise1_scale\/375_142.png\"\/><br \/>\n    <\/a>\n   <\/div>\n<\/p><\/div>\n<\/p><\/div>\n<\/div>\n<p>Todo, eso s\u00ed, si <strong>desde HBO siguen renovando la serie<\/strong>. En palabras de Mazin:<\/p>\n<blockquote><p>\u00abNo creo que podamos ser capaces de contar la historia incluso en dos temporadas [2 y 3] porque nos estamos tomando nuestro tiempo y vamos por rutas interesantes, lo que hicimos un poco en la temporada 1. Nos parece que casi seguro va a ser el caso, mientras la gente siga viendo y nosotros podamos seguir haciendo televisi\u00f3n, que la temporada 3 ser\u00e1 significativamente m\u00e1s larga. Y, claro, la historia puede requerir temporada 4.\u00bb<\/p><\/blockquote>\n<div id=\"ez-toc-container\" class=\"ez-toc-v2_0_81 counter-hierarchy ez-toc-counter ez-toc-grey ez-toc-container-direction\">\n<div class=\"ez-toc-title-container\">\n<p class=\"ez-toc-title\" style=\"cursor:inherit\">Tabla de Contenido<\/p>\n<span class=\"ez-toc-title-toggle\"><a href=\"#\" class=\"ez-toc-pull-right ez-toc-btn ez-toc-btn-xs ez-toc-btn-default ez-toc-toggle\" aria-label=\"Alternar tabla de contenidos\"><span class=\"ez-toc-js-icon-con\"><span class=\"\"><span class=\"eztoc-hide\" style=\"display:none;\">Toggle<\/span><span class=\"ez-toc-icon-toggle-span\"><svg style=\"fill: #999;color:#999\" xmlns=\"http:\/\/www.w3.org\/2000\/svg\" class=\"list-377408\" width=\"20px\" height=\"20px\" viewBox=\"0 0 24 24\" fill=\"none\"><path d=\"M6 6H4v2h2V6zm14 0H8v2h12V6zM4 11h2v2H4v-2zm16 0H8v2h12v-2zM4 16h2v2H4v-2zm16 0H8v2h12v-2z\" fill=\"currentColor\"><\/path><\/svg><svg style=\"fill: #999;color:#999\" class=\"arrow-unsorted-368013\" xmlns=\"http:\/\/www.w3.org\/2000\/svg\" width=\"10px\" height=\"10px\" viewBox=\"0 0 24 24\" version=\"1.2\" baseProfile=\"tiny\"><path d=\"M18.2 9.3l-6.2-6.3-6.2 6.3c-.2.2-.3.4-.3.7s.1.5.3.7c.2.2.4.3.7.3h11c.3 0 .5-.1.7-.3.2-.2.3-.5.3-.7s-.1-.5-.3-.7zM5.8 14.7l6.2 6.3 6.2-6.3c.2-.2.3-.5.3-.7s-.1-.5-.3-.7c-.2-.2-.4-.3-.7-.3h-11c-.3 0-.5.1-.7.3-.2.2-.3.5-.3.7s.1.5.3.7z\"\/><\/svg><\/span><\/span><\/span><\/a><\/span><\/div>\n<nav><ul class='ez-toc-list ez-toc-list-level-1 ' ><li class='ez-toc-page-1 ez-toc-heading-level-2'><a class=\"ez-toc-link ez-toc-heading-1\" href=\"https:\/\/enfoquenoticioso.com\/?p=5118\/#Pasito_a_pasito\" >Pasito a pasito<\/a><\/li><\/ul><\/nav><\/div>\n<h2><span class=\"ez-toc-section\" id=\"Pasito_a_pasito\"><\/span>Pasito a pasito<span class=\"ez-toc-section-end\"><\/span><\/h2>\n<p><em>\u00abUna cosa es completamente segura\u00bb<\/em>, sentencia el cocreador de la serie, <em>\u00abno veo c\u00f3mo la historia que queda tras la Temporada 2 est\u00e9 completa en una temporada m\u00e1s\u00bb<\/em>. Y es que, Mazin y Druckmann tienen claro que <strong>quieren tomarse las cosas con calma<\/strong> para contar todo lo que se cuece en esa segunda entrega del videojuego.<\/p>\n<p><!-- BREAK 3 --> <\/p>\n<blockquote><p>\u00abQueremos tranquilizar a la gente con la idea de que esta temporada que viene es un poco m\u00e1s corta que la primera no es porque nos estemos tomando menos tiempo para contar las historias, es porque queremos tomarnos m\u00e1s tiempo. La historia que estamos contando es mucho mayor que la de la temporada 1, hay mucho m\u00e1s, es mucho m\u00e1s complicado de producir, pero queremos que cada episodio parezca su propio blockbuster, para seros sincero.\u00bb<\/p><\/blockquote>\n<p>De hecho, adelantan en este sentido que alguno de los episodios va a tener una duraci\u00f3n considerable. Por lo dem\u00e1s, la elecci\u00f3n del n\u00famero de episodios lleg\u00f3 tras una larga y cuidadosa consideraci\u00f3n al desplegar la narraci\u00f3n de la Parte II <strong>ya teniendo en cuenta varias temporadas en mente<\/strong>. Fue entonces cuando se dieron cuenta que <strong>tras el episodio 7 ven\u00eda un punto natural<\/strong> para cerrar la temporada.<\/p>\n<p><!-- BREAK 4 --><\/p>\n<p>En Espinof | <a href=\"https:\/\/www.espinof.com\/listas\/6-peliculas-que-se-inspiro-the-last-of-us-donde-puedes-verlas-streaming-esperas-nuevo-episodio-serie-hbo\" target=\"_blank\" rel=\"noopener\">6 pel\u00edculas en las que se inspir\u00f3 &#8216;The Last of Us&#8217; y que puedes ver en streaming<\/a><\/p>\n<p>En Espinof | <a href=\"https:\/\/www.espinof.com\/listas\/mejores-series-hbo-max-2024\" target=\"_blank\" rel=\"noopener\">Las mejores series de 2024 en Max<\/a><\/p>\n<\/p><\/div>\n<p><a href=\"https:\/\/www.espinof.com\/hbo\/drastica-decision-temporada-2-the-last-of-us-creadores-serie-hbo-explican-que-va-a-tener-episodios\" class=\" target=\" title=\"la serie de HBO Max tendr\u00e1 menos episodios\" target=\"_blank\" rel=\"noopener\">Ver fuente<\/a><\/p>\n","protected":false},"excerpt":{"rendered":"<p>Se ol\u00eda un poco cuando hace unos meses supimos el plantel de directores pero finalmente los creadores de &#8216;The Last of Us&#8217; han confirmado que la temporada 2 de la adaptaci\u00f3n del videojuego ser\u00e1 significativamente m\u00e1s corta que la primera tanda. En concreto, han desvelado que tendr\u00e1 solamente siete episodios (respecto a los nueve de [&hellip;]<\/p>\n","protected":false},"author":2,"featured_media":5119,"comment_status":"open","ping_status":"closed","sticky":false,"template":"","format":"standard","meta":{"footnotes":""},"categories":[8],"tags":[],"class_list":["post-5118","post","type-post","status-publish","format-standard","has-post-thumbnail","hentry","category-entretenimiento"],"_links":{"self":[{"href":"https:\/\/enfoquenoticioso.com\/index.php?rest_route=\/wp\/v2\/posts\/5118","targetHints":{"allow":["GET"]}}],"collection":[{"href":"https:\/\/enfoquenoticioso.com\/index.php?rest_route=\/wp\/v2\/posts"}],"about":[{"href":"https:\/\/enfoquenoticioso.com\/index.php?rest_route=\/wp\/v2\/types\/post"}],"author":[{"embeddable":true,"href":"https:\/\/enfoquenoticioso.com\/index.php?rest_route=\/wp\/v2\/users\/2"}],"replies":[{"embeddable":true,"href":"https:\/\/enfoquenoticioso.com\/index.php?rest_route=%2Fwp%2Fv2%2Fcomments&post=5118"}],"version-history":[{"count":0,"href":"https:\/\/enfoquenoticioso.com\/index.php?rest_route=\/wp\/v2\/posts\/5118\/revisions"}],"wp:featuredmedia":[{"embeddable":true,"href":"https:\/\/enfoquenoticioso.com\/index.php?rest_route=\/wp\/v2\/media\/5119"}],"wp:attachment":[{"href":"https:\/\/enfoquenoticioso.com\/index.php?rest_route=%2Fwp%2Fv2%2Fmedia&parent=5118"}],"wp:term":[{"taxonomy":"category","embeddable":true,"href":"https:\/\/enfoquenoticioso.com\/index.php?rest_route=%2Fwp%2Fv2%2Fcategories&post=5118"},{"taxonomy":"post_tag","embeddable":true,"href":"https:\/\/enfoquenoticioso.com\/index.php?rest_route=%2Fwp%2Fv2%2Ftags&post=5118"}],"curies":[{"name":"wp","href":"https:\/\/api.w.org\/{rel}","templated":true}]}}