{"id":5120,"date":"2024-06-07T05:39:17","date_gmt":"2024-06-07T05:39:17","guid":{"rendered":"https:\/\/enfoquenoticioso.com\/deporte\/yulimar-avanza-en-su-recuperacion\/"},"modified":"2024-06-07T05:39:17","modified_gmt":"2024-06-07T05:39:17","slug":"yulimar-avanza-en-su-recuperacion","status":"publish","type":"post","link":"https:\/\/enfoquenoticioso.com\/?p=5120","title":{"rendered":"Yulimar avanza en su recuperaci\u00f3n\u00a0"},"content":{"rendered":"<div data-td-block-uid=\"tdi_91\">\n<div class=\"tdb-block-inner td-fix-index\">\n<p>Dos meses han transcurrido desde que la campeona ol\u00edmpica Yulimar Rojas fue operada para reparar la rotura del tend\u00f3n de aquiles de su pierna izquierda, una lesi\u00f3n que la dej\u00f3 fuera de los Juegos Ol\u00edmpicos, Par\u00eds 2024. Este jueves comparti\u00f3 nuevos avances.\u00a0<\/p>\n<p>A trav\u00e9s de sus redes sociales, la siete veces campeona del mundo en Salto Triple ha mostrado su proceso de rehabilitaci\u00f3n, que cumple seis semanas y ya le est\u00e1 permitiendo caminar sin protecci\u00f3n.\u00a0<\/p>\n<p>\u201c\u00a1Boom! FUERA BOTA ORTOP\u00c9DICA, CADA PROGRESO NOS ACERCA M\u00c1S AL REGRESO\u201d, escribi\u00f3 Yulimar en sus redes sociales junto a un video.\u00a0<\/p>\n<figure class=\"wp-block-embed is-type-rich is-provider-instagram wp-block-embed-instagram\"\/>\n<p>Una vez m\u00e1s, la tenacidad de la criolla sorprendi\u00f3 a propios y extra\u00f1os. Y es que, aunque cuando se conoci\u00f3 la noticia confes\u00f3 tener el coraz\u00f3n roto, Yulimar Rojas no ha parado de trabajar por volver m\u00e1s fuerte, ni tampoco ha dejado de buscar formas de ayudar a la delegaci\u00f3n criolla.\u00a0<\/p>\n<p>De hecho, recientemente entreg\u00f3 becas a 15 atletas, 10 de ellos con un boleto seguro Par\u00eds y el resto en ruta de clasificaci\u00f3n.<\/p>\n<p><strong>Lee tambi\u00e9n:<a href=\"https:\/\/www.liderendeportes.com\/noticias\/mas-deportes\/yulimar-rojas-apoya-a-atletas-en-ruta-olimpica\/\" target=\"_blank\" rel=\"noopener\"> Yulimar Rojas apoya a atletas en ruta ol\u00edmpica<\/a><\/strong><\/p>\n<p>\u201c Aunque no estar\u00e9 compitiendo en Par\u00eds, voy a estar en esos corazones, esas ganas, esa lucha de los atletas que s\u00e9 que dar\u00e1n todo por el pa\u00eds\u201d, dijo entonces la campeona de Tokio 2020 y subcampeona de R\u00edo 2016.<\/p>\n<\/div>\n<\/div>\n<p><a href=\"https:\/\/www.liderendeportes.com\/noticias\/yulimar\/yulimar-avanza-en-su-recuperacion\/\" class=\" target=\" title=\"Yulimar avanza en su recuperaci\u00f3n\u00a0\" target=\"_blank\" rel=\"noopener\">Ver fuente<\/a><\/p>\n","protected":false},"excerpt":{"rendered":"<p>Dos meses han transcurrido desde que la campeona ol\u00edmpica Yulimar Rojas fue operada para reparar la rotura del tend\u00f3n de aquiles de su pierna izquierda, una lesi\u00f3n que la dej\u00f3 fuera de los Juegos Ol\u00edmpicos, Par\u00eds 2024. Este jueves comparti\u00f3 nuevos avances.\u00a0 A trav\u00e9s de sus redes sociales, la siete veces campeona del mundo en [&hellip;]<\/p>\n","protected":false},"author":2,"featured_media":5121,"comment_status":"open","ping_status":"closed","sticky":false,"template":"","format":"standard","meta":{"footnotes":""},"categories":[7],"tags":[],"class_list":["post-5120","post","type-post","status-publish","format-standard","has-post-thumbnail","hentry","category-deporte"],"_links":{"self":[{"href":"https:\/\/enfoquenoticioso.com\/index.php?rest_route=\/wp\/v2\/posts\/5120","targetHints":{"allow":["GET"]}}],"collection":[{"href":"https:\/\/enfoquenoticioso.com\/index.php?rest_route=\/wp\/v2\/posts"}],"about":[{"href":"https:\/\/enfoquenoticioso.com\/index.php?rest_route=\/wp\/v2\/types\/post"}],"author":[{"embeddable":true,"href":"https:\/\/enfoquenoticioso.com\/index.php?rest_route=\/wp\/v2\/users\/2"}],"replies":[{"embeddable":true,"href":"https:\/\/enfoquenoticioso.com\/index.php?rest_route=%2Fwp%2Fv2%2Fcomments&post=5120"}],"version-history":[{"count":0,"href":"https:\/\/enfoquenoticioso.com\/index.php?rest_route=\/wp\/v2\/posts\/5120\/revisions"}],"wp:featuredmedia":[{"embeddable":true,"href":"https:\/\/enfoquenoticioso.com\/index.php?rest_route=\/wp\/v2\/media\/5121"}],"wp:attachment":[{"href":"https:\/\/enfoquenoticioso.com\/index.php?rest_route=%2Fwp%2Fv2%2Fmedia&parent=5120"}],"wp:term":[{"taxonomy":"category","embeddable":true,"href":"https:\/\/enfoquenoticioso.com\/index.php?rest_route=%2Fwp%2Fv2%2Fcategories&post=5120"},{"taxonomy":"post_tag","embeddable":true,"href":"https:\/\/enfoquenoticioso.com\/index.php?rest_route=%2Fwp%2Fv2%2Ftags&post=5120"}],"curies":[{"name":"wp","href":"https:\/\/api.w.org\/{rel}","templated":true}]}}