{"id":5145,"date":"2024-06-07T15:45:45","date_gmt":"2024-06-07T15:45:45","guid":{"rendered":"https:\/\/enfoquenoticioso.com\/tecnologia\/el-precio-del-aceite-de-oliva-ha-subido-tanto-que-los-ladrones-estan-empezando-a-talar-olivos-para-llevarselos-enteros\/"},"modified":"2024-06-07T15:45:45","modified_gmt":"2024-06-07T15:45:45","slug":"el-precio-del-aceite-de-oliva-ha-subido-tanto-que-los-ladrones-estan-empezando-a-talar-olivos-para-llevarselos-enteros","status":"publish","type":"post","link":"https:\/\/enfoquenoticioso.com\/?p=5145","title":{"rendered":"El precio del aceite de oliva ha subido tanto que los ladrones est\u00e1n empezando a talar olivos para llev\u00e1rselos enteros"},"content":{"rendered":"<div>\n<p>Ahora mismo la Guardia Civil <a rel=\"noopener, noreferrer\" href=\"https:\/\/www.hoy.es\/sociedad\/descubierta-almazara-comprado-500-toneladas-aceituna-robada-20240605111844-ntrc.html\" target=\"_blank\">tiene precintados<\/a> en una almazara de la provincia de Ciudad Real 45.000 litros de aceite de oliva que iban a ser vendidos pese a \u00abno contar con las m\u00ednimas condiciones sanitarias\u00bb. Y no es lo \u00fanico que han encontrado: los agentes <a rel=\"noopener, noreferrer\" href=\"https:\/\/www.telemadrid.es\/noticias\/madrid\/Detenidas-8-personas-por-robar-mas-de-5-toneladas-de-aceitunas-en-fincas-de-Madrid-y-venderlas-en-Ciudad-Real-0-2676332349--20240605094600.html\" target=\"_blank\">han dado con documentaci\u00f3n<\/a> que acredita la compra fraudulenta de 574.908 kilos de aceitunas y facturas de venta de aceite por un valor de m\u00e1s de 850.000.<\/p>\n<p><!-- BREAK 1 --> <\/p>\n<p>Y, aunque parece apenas un dato llamativo, se trata de un problema enorme que no s\u00f3lo provoca p\u00e9rdidas millonarias, sino que ha ido un paso m\u00e1s all\u00e1. Tanto que en C\u00f3rdoba <a rel=\"noopener, noreferrer\" href=\"https:\/\/www.cuatro.com\/noticias\/sociedad\/20240603\/inquietud-olivareros-cordoba-cortan-arboles-aceitunas_18_012661870.html\" target=\"_blank\">se ha llegado a talar 30 \u00e1rboles<\/a> para llevarse unos 70 kilos de aceitunas.<\/p>\n<p><!-- BREAK 2 --><\/p>\n<p><strong>El gran robo de la aceituna.<\/strong> En marzo, la delegaci\u00f3n del Gobierno en Andaluc\u00eda <a rel=\"noopener, noreferrer\" href=\"https:\/\/efe.com\/andalucia\/2024-03-14\/disminuyen-los-robos-en-la-ultima-campana-de-la-aceituna-pero-hay-mas-investigados\/\" target=\"_blank\">cifraba los robos<\/a> de aceitunas en la comunidad durante la \u00faltima campa\u00f1a en 523.568 kilos. Se quedaba corta, muy corta. <a rel=\"noopener, noreferrer\" href=\"https:\/\/www.campogalego.es\/galicia-sufre-un-incremento-de-un-57-en-robos-en-explotaciones-agricolas-y-ganaderas\/\" target=\"_blank\">Casi todas las provincias espa\u00f1olas<\/a> han visto como este tipo de delincuencia agraria crec\u00eda.<\/p>\n<p><!-- BREAK 3 --> <\/p>\n<p>En los \u00faltimos a\u00f1os, con el precio de la aceituna disparado, su robo se han generalizado, la guardia civil ha tenido que redoblar esfuerzos y las autoridades <a rel=\"noopener, noreferrer\" href=\"https:\/\/www.elperiodicoextremadura.com\/extremadura\/2024\/04\/01\/nuevo-decreto-evitar-robos-aceituna-100360984.html\" target=\"_blank\">han tenido que tomar medidas<\/a> para tratar de agilizar las investigaciones y frenar unos robos que convert\u00edan al campo en un polvor\u00edn.<\/p>\n<p><!-- BREAK 4 --><\/p>\n<div class=\"article-asset article-asset-normal article-asset-center\">\n<div class=\"desvio-container\">\n<div class=\"desvio\">\n<div class=\"desvio-figure js-desvio-figure\">\n    <a href=\"https:\/\/www.xataka.com\/ecologia-y-naturaleza\/olivar-espanol-acaba-superar-uno-sus-momentos-criticos-floracion-optima-empieza-a-ver-luz-al-final-tunel\" target=\"_blank\" rel=\"noopener\"><br \/>\n     <img loading=\"lazy\" decoding=\"async\" alt=\"El aceite de oliva espa\u00f1ol acaba de superar uno de sus momentos m\u00e1s cr\u00edticos: una floraci\u00f3n \u00f3ptima de los olivares\" width=\"375\" height=\"142\" src=\"https:\/\/i.blogs.es\/85315a\/3627326627_8024ba5b92_k\/375_142.jpeg\"\/><br \/>\n    <\/a>\n   <\/div>\n<\/p><\/div>\n<\/p><\/div>\n<\/div>\n<p><strong>Pero no solo hablamos de aceitunas.<\/strong> <a rel=\"noopener, noreferrer\" href=\"https:\/\/www.europapress.es\/economia\/noticia-robos-campo-repuntan-2020-31-robos-dia-2023-union-uniones-20240514133223.html\" target=\"_blank\">Seg\u00fan los datos del Ministerio del Interior y la Uni\u00f3n de Uniones<\/a>, los robos en el campo han aumentado un 3,5% en 2023 con respecto al a\u00f1o anterior. Hablamos de una media de 31 robos al d\u00eda. Lamentablemente, no es raro: desde 2020, la tendencia es clara y la delincuencia no ha dejado de subir.<\/p>\n<p><!-- BREAK 5 --><\/p>\n<p>El resultado es que las redes de tr\u00e1fico ilegal de aceite (como la que <a rel=\"noopener, noreferrer\" href=\"https:\/\/www.cuatro.com\/noticias\/sociedad\/20240603\/inquietud-olivareros-cordoba-cortan-arboles-aceitunas_18_012661870.html\" target=\"_blank\">ha desarticulado en Ciudad Real y el sur de Madrid<\/a>) han crecido y <a rel=\"noopener, noreferrer\" href=\"https:\/\/www.cordobahoy.es\/tags\/robo-de-aceitunas\/\" target=\"_blank\">se han propagado<\/a> por un territorio cada vez m\u00e1s despoblado.<\/p>\n<p><!-- BREAK 6 --> <\/p>\n<p><strong>Pero estamos entrando en otro nivel.<\/strong> No hay otra forma de describir lo que ha ocurrido en la sierra de C\u00f3rdoba estos d\u00edas. Una finca de la provincia <a rel=\"noopener, noreferrer\" href=\"https:\/\/www.cuatro.com\/noticias\/sociedad\/20240603\/inquietud-olivareros-cordoba-cortan-arboles-aceitunas_18_012661870.html\" target=\"_blank\">ha denunciado<\/a> que han talado con motosierra 30 olivos (cargados de unos 70 kilos de aceitunas) y se los han llevado enteros.<\/p>\n<p><!-- BREAK 7 --><\/p>\n<p>Por ahora se trata de un hecho aislado y los investigadores no pueden descartar que no se trate solo un robo (a finales de la d\u00e9cada pasada hubo <a rel=\"noopener, noreferrer\" href=\"https:\/\/www.diariojaen.es\/provincia\/denuncian-la-tala-de-olivos-en-actos-vandalicos-en-porcuna-IX4761039\" target=\"_blank\">ciertos actos vand\u00e1licos relacionados con la tala de olivos<\/a>, aunque el <em>modus operandi<\/em> era distinto). No obstante, como informan desde Cuatro, la comarca respira intranquila. Sea cual sea el motivo, es un ejemplo m\u00e1s de la inseguridad cada vez mayor que existe en <a href=\"https:\/\/www.xataka.com\/magnet\/espana-vaciada-produce-ciudades-consumen-desigualdad-energetica-espana-mapa\" target=\"_blank\" rel=\"noopener\">la Espa\u00f1a Vaciada<\/a>.<\/p>\n<p><!-- BREAK 8 --><\/p>\n<p>Imagen | <a rel=\"noopener, noreferrer\" href=\"https:\/\/unsplash.com\/es\/fotos\/motosierra-bosch-negra-1FaMcK1FLWg\" target=\"_blank\">Sven Brandsma<\/a>\/<a rel=\"noopener, noreferrer\" href=\"https:\/\/unsplash.com\/es\/fotos\/arboles-verdes-en-el-campo-durante-el-dia-hLP3LHQVTfc\" target=\"_blank\">Vincent Eisfeld<\/a><\/p>\n<p>En Xataka | <a href=\"https:\/\/www.xataka.com\/ecologia-y-naturaleza\/gran-desastre-aceite-oliva-espanol-calor-esta-quemando-flor-aceituna-no-podemos-hacer-nada\" target=\"_blank\" rel=\"noopener\">Hace tanto calor que la flor de la aceituna ya se est\u00e1 quemando. Es un desastre para el aceite de oliva<\/a><\/p>\n<\/p><\/div>\n<p><a href=\"https:\/\/www.xataka.com\/ecologia-y-naturaleza\/precio-aceite-oliva-esta-alto-que-ladrones-aceitunas-estan-empezando-a-talar-olivos-para-llevarselos-enteros\" class=\" target=\" title=\"El precio del aceite de oliva ha subido tanto que los ladrones est\u00e1n empezando a talar olivos para llev\u00e1rselos enteros\" target=\"_blank\" rel=\"noopener\">Ver fuente<\/a><\/p>\n","protected":false},"excerpt":{"rendered":"<p>Ahora mismo la Guardia Civil tiene precintados en una almazara de la provincia de Ciudad Real 45.000 litros de aceite de oliva que iban a ser vendidos pese a \u00abno contar con las m\u00ednimas condiciones sanitarias\u00bb. Y no es lo \u00fanico que han encontrado: los agentes han dado con documentaci\u00f3n que acredita la compra fraudulenta [&hellip;]<\/p>\n","protected":false},"author":2,"featured_media":5146,"comment_status":"open","ping_status":"closed","sticky":false,"template":"","format":"standard","meta":{"footnotes":""},"categories":[9],"tags":[],"class_list":["post-5145","post","type-post","status-publish","format-standard","has-post-thumbnail","hentry","category-tecnologia"],"_links":{"self":[{"href":"https:\/\/enfoquenoticioso.com\/index.php?rest_route=\/wp\/v2\/posts\/5145","targetHints":{"allow":["GET"]}}],"collection":[{"href":"https:\/\/enfoquenoticioso.com\/index.php?rest_route=\/wp\/v2\/posts"}],"about":[{"href":"https:\/\/enfoquenoticioso.com\/index.php?rest_route=\/wp\/v2\/types\/post"}],"author":[{"embeddable":true,"href":"https:\/\/enfoquenoticioso.com\/index.php?rest_route=\/wp\/v2\/users\/2"}],"replies":[{"embeddable":true,"href":"https:\/\/enfoquenoticioso.com\/index.php?rest_route=%2Fwp%2Fv2%2Fcomments&post=5145"}],"version-history":[{"count":0,"href":"https:\/\/enfoquenoticioso.com\/index.php?rest_route=\/wp\/v2\/posts\/5145\/revisions"}],"wp:featuredmedia":[{"embeddable":true,"href":"https:\/\/enfoquenoticioso.com\/index.php?rest_route=\/wp\/v2\/media\/5146"}],"wp:attachment":[{"href":"https:\/\/enfoquenoticioso.com\/index.php?rest_route=%2Fwp%2Fv2%2Fmedia&parent=5145"}],"wp:term":[{"taxonomy":"category","embeddable":true,"href":"https:\/\/enfoquenoticioso.com\/index.php?rest_route=%2Fwp%2Fv2%2Fcategories&post=5145"},{"taxonomy":"post_tag","embeddable":true,"href":"https:\/\/enfoquenoticioso.com\/index.php?rest_route=%2Fwp%2Fv2%2Ftags&post=5145"}],"curies":[{"name":"wp","href":"https:\/\/api.w.org\/{rel}","templated":true}]}}