{"id":5148,"date":"2024-06-07T15:51:09","date_gmt":"2024-06-07T15:51:09","guid":{"rendered":"https:\/\/enfoquenoticioso.com\/entretenimiento\/recuerdas-a-el-chacal-de-la-trompeta-revelamos-la-historia-del-iconico-personaje-de-sabado-gigante\/"},"modified":"2024-06-07T15:51:09","modified_gmt":"2024-06-07T15:51:09","slug":"recuerdas-a-el-chacal-de-la-trompeta-revelamos-la-historia-del-iconico-personaje-de-sabado-gigante","status":"publish","type":"post","link":"https:\/\/enfoquenoticioso.com\/?p=5148","title":{"rendered":"\u00bfRecuerdas a \u201cEl chacal de la trompeta\u201d? Revelamos la historia del ic\u00f3nico personaje de \u201cS\u00e1bado Gigante\u201d"},"content":{"rendered":"<div>\n<p>Poco despu\u00e9s del lanzamiento en televisi\u00f3n de S\u00e1bado Gigante, comenz\u00f3 a aparecer un curioso personaje que llevaba por nombre El chacal de la trompeta. Al principio, le llamaban Bulnes, el chacal de la trompeta y estaba vestido con una m\u00e1scara y una capucha.<span id=\"more-530147\"\/><\/p>\n<p>Por<a href=\"https:\/\/peopleenespanol.com\/quien-era-el-chacal-de-la-trompeta-de-sabado-gigante-8659218\" target=\"_blank\" rel=\"noopener\">\u00a0People en Espa\u00f1ol\u00a0<\/a><\/p>\n<p>Seg\u00fan narr\u00f3 Don Francisco, titular de la famosa emisi\u00f3n, en un video que dio a conocer en su cuenta de Instagram, que cuando el programa lleg\u00f3 a Estados Unidos le agregaron el vestuario con el que fue reconocido, una t\u00fanica y una capucha completa que cubr\u00eda el rostro, ambas en color oscuro, con decoraciones en dorado o plateado. Como sello caracter\u00edstico ten\u00eda dicho instrumento que hac\u00eda sonar estruendosamente cuando alguien desafinaba en un concurso de talentos.<\/p>\n<p>As\u00ed, se convirti\u00f3 en uno de los miembros importantes de la emisi\u00f3n. Durante a\u00f1os, fue un misterio su identidad. Leonardo N\u00fa\u00f1ez Guerrero, un m\u00fasico, fue uno de ellos y trabaj\u00f3 en esta producci\u00f3n por dos d\u00e9cadas, seg\u00fan el mismo dio a conocer hace unos a\u00f1os.<\/p>\n<p>\u201cTuvimos muchos chacales diferentes. A uno de ellos le dio Alzheimer, en medio de sus actuaciones, y tuvimos que cambiarlo por otro\u201d, relat\u00f3 Don Francisco en dicho audiovisual. \u201cHubo un chacal que estuvo muchos a\u00f1os con nosotros, que era un chileno que ven\u00eda especialmente a nuestros programas\u201d.<\/p>\n<p>El \u00faltimo que represent\u00f3 a este simp\u00e1tico personaje fue, nada m\u00e1s y nada menos,\u00a0<strong>Juli\u00e1n Gil,<\/strong>\u00a0quien permaneci\u00f3 con el traje hasta el \u00faltimo momento. \u201cAl final, Juli\u00e1n Gil, en el \u00faltimo programa quiso hacer de chacal, se sac\u00f3 la m\u00e1scara y apareci\u00f3 Juli\u00e1n\u201d, concluy\u00f3 Don Francisco.<\/p>\n<blockquote class=\"instagram-media\" style=\"background: #FFF; border: 0; border-radius: 3px; box-shadow: 0 0 1px 0 rgba(0,0,0,0.5),0 1px 10px 0 rgba(0,0,0,0.15); margin: 1px; max-width: 540px; min-width: 326px; padding: 0; width: calc(100% - 2px);\" data-instgrm-captioned=\"\" data-instgrm-permalink=\"https:\/\/www.instagram.com\/reel\/C70YbRoMGrj\/?utm_source=ig_embed&amp;utm_campaign=loading\" data-instgrm-version=\"14\">\n<\/blockquote>\n<p>Sin duda\u00a0<em>El chacal de la trompeta<\/em>, que permaneci\u00f3 en\u00a0<em>S\u00e1bado Gigante<\/em>\u00a0durante sus 50 a\u00f1os de transmisi\u00f3n, ya es un ic\u00f3nico personaje que qued\u00f3 en los anales de la historia de la televisi\u00f3n.<\/p>\n<div id=\"ez-toc-container\" class=\"ez-toc-v2_0_81 counter-hierarchy ez-toc-counter ez-toc-grey ez-toc-container-direction\">\n<div class=\"ez-toc-title-container\">\n<p class=\"ez-toc-title\" style=\"cursor:inherit\">Tabla de Contenido<\/p>\n<span class=\"ez-toc-title-toggle\"><a href=\"#\" class=\"ez-toc-pull-right ez-toc-btn ez-toc-btn-xs ez-toc-btn-default ez-toc-toggle\" aria-label=\"Alternar tabla de contenidos\"><span class=\"ez-toc-js-icon-con\"><span class=\"\"><span class=\"eztoc-hide\" style=\"display:none;\">Toggle<\/span><span class=\"ez-toc-icon-toggle-span\"><svg style=\"fill: #999;color:#999\" xmlns=\"http:\/\/www.w3.org\/2000\/svg\" class=\"list-377408\" width=\"20px\" height=\"20px\" viewBox=\"0 0 24 24\" fill=\"none\"><path d=\"M6 6H4v2h2V6zm14 0H8v2h12V6zM4 11h2v2H4v-2zm16 0H8v2h12v-2zM4 16h2v2H4v-2zm16 0H8v2h12v-2z\" fill=\"currentColor\"><\/path><\/svg><svg style=\"fill: #999;color:#999\" class=\"arrow-unsorted-368013\" xmlns=\"http:\/\/www.w3.org\/2000\/svg\" width=\"10px\" height=\"10px\" viewBox=\"0 0 24 24\" version=\"1.2\" baseProfile=\"tiny\"><path d=\"M18.2 9.3l-6.2-6.3-6.2 6.3c-.2.2-.3.4-.3.7s.1.5.3.7c.2.2.4.3.7.3h11c.3 0 .5-.1.7-.3.2-.2.3-.5.3-.7s-.1-.5-.3-.7zM5.8 14.7l6.2 6.3 6.2-6.3c.2-.2.3-.5.3-.7s-.1-.5-.3-.7c-.2-.2-.4-.3-.7-.3h-11c-.3 0-.5.1-.7.3-.2.2-.3.5-.3.7s.1.5.3.7z\"\/><\/svg><\/span><\/span><\/span><\/a><\/span><\/div>\n<nav><ul class='ez-toc-list ez-toc-list-level-1 ' ><li class='ez-toc-page-1 ez-toc-heading-level-4'><a class=\"ez-toc-link ez-toc-heading-1\" href=\"https:\/\/enfoquenoticioso.com\/?p=5148\/#Sigue_al_canal_de_noticias_en_Whatsaap\" >Sigue al canal de noticias en Whatsaap\u00a0<\/a><\/li><\/ul><\/nav><\/div>\n<h4><span class=\"ez-toc-section\" id=\"Sigue_al_canal_de_noticias_en_Whatsaap\"><\/span><strong><a href=\"https:\/\/whatsapp.com\/channel\/0029VaDXFnLId7nFFiDdVI26?fbclid=IwAR1LnVJqcByTELJH4Ht086FYRmdx18pRnV7CrkzmTJ5JaLHYY0igukfL9Yk\" target=\"_blank\" rel=\"noopener\">Sigue al canal de noticias en Whatsaap\u00a0<\/a><\/strong><span class=\"ez-toc-section-end\"><\/span><\/h4>\n<\/div>\n<p><script async src=\"\/\/www.instagram.com\/embed.js\"><\/script><br \/>\n<br \/><a href=\"https:\/\/noticiasaldiayalahora.co\/entretenimiento\/recuerdas-a-el-chacal-de-la-trompeta-revelamos-la-historia-del-iconico-personaje-de-sabado-gigante\/\" class=\" target=\" title=\"\u00bfRecuerdas a \u201cEl chacal de la trompeta\u201d? Revelamos la historia del ic\u00f3nico personaje de \u201cS\u00e1bado Gigante\u201d\" target=\"_blank\" rel=\"noopener\">Ver fuente<\/a><\/p>\n","protected":false},"excerpt":{"rendered":"<p>Poco despu\u00e9s del lanzamiento en televisi\u00f3n de S\u00e1bado Gigante, comenz\u00f3 a aparecer un curioso personaje que llevaba por nombre El chacal de la trompeta. Al principio, le llamaban Bulnes, el chacal de la trompeta y estaba vestido con una m\u00e1scara y una capucha. Por\u00a0People en Espa\u00f1ol\u00a0 Seg\u00fan narr\u00f3 Don Francisco, titular de la famosa emisi\u00f3n, [&hellip;]<\/p>\n","protected":false},"author":2,"featured_media":5149,"comment_status":"open","ping_status":"closed","sticky":false,"template":"","format":"standard","meta":{"footnotes":""},"categories":[8],"tags":[],"class_list":["post-5148","post","type-post","status-publish","format-standard","has-post-thumbnail","hentry","category-entretenimiento"],"_links":{"self":[{"href":"https:\/\/enfoquenoticioso.com\/index.php?rest_route=\/wp\/v2\/posts\/5148","targetHints":{"allow":["GET"]}}],"collection":[{"href":"https:\/\/enfoquenoticioso.com\/index.php?rest_route=\/wp\/v2\/posts"}],"about":[{"href":"https:\/\/enfoquenoticioso.com\/index.php?rest_route=\/wp\/v2\/types\/post"}],"author":[{"embeddable":true,"href":"https:\/\/enfoquenoticioso.com\/index.php?rest_route=\/wp\/v2\/users\/2"}],"replies":[{"embeddable":true,"href":"https:\/\/enfoquenoticioso.com\/index.php?rest_route=%2Fwp%2Fv2%2Fcomments&post=5148"}],"version-history":[{"count":0,"href":"https:\/\/enfoquenoticioso.com\/index.php?rest_route=\/wp\/v2\/posts\/5148\/revisions"}],"wp:featuredmedia":[{"embeddable":true,"href":"https:\/\/enfoquenoticioso.com\/index.php?rest_route=\/wp\/v2\/media\/5149"}],"wp:attachment":[{"href":"https:\/\/enfoquenoticioso.com\/index.php?rest_route=%2Fwp%2Fv2%2Fmedia&parent=5148"}],"wp:term":[{"taxonomy":"category","embeddable":true,"href":"https:\/\/enfoquenoticioso.com\/index.php?rest_route=%2Fwp%2Fv2%2Fcategories&post=5148"},{"taxonomy":"post_tag","embeddable":true,"href":"https:\/\/enfoquenoticioso.com\/index.php?rest_route=%2Fwp%2Fv2%2Ftags&post=5148"}],"curies":[{"name":"wp","href":"https:\/\/api.w.org\/{rel}","templated":true}]}}