{"id":5152,"date":"2024-06-07T17:00:32","date_gmt":"2024-06-07T17:00:32","guid":{"rendered":"https:\/\/enfoquenoticioso.com\/tecnologia\/malas-noticias-para-la-garantia-del-iphone-adios-a-esta-reparacion\/"},"modified":"2024-06-07T17:00:32","modified_gmt":"2024-06-07T17:00:32","slug":"malas-noticias-para-la-garantia-del-iphone-adios-a-esta-reparacion","status":"publish","type":"post","link":"https:\/\/enfoquenoticioso.com\/?p=5152","title":{"rendered":"Malas noticias para la garant\u00eda del iPhone: adi\u00f3s a esta reparaci\u00f3n"},"content":{"rendered":"<div>\n<p>Si tienes un <a href=\"https:\/\/hipertextual.com\/2024\/04\/iphone-16-fecha-de-lanzamiento-precio-caracteristicas\" target=\"_blank\" rel=\"noopener\">iPhone<\/a> o un <a href=\"https:\/\/hipertextual.com\/2024\/04\/apple-watch-patente-detecta-ahogamientos-en-piscina\" target=\"_blank\" rel=\"noopener\">Apple Watch<\/a> debes saber que <strong>su garant\u00eda acaba de sufrir una modificaci\u00f3n<\/strong>. Apple ha comunicado a sus tiendas y a los reparadores oficiales que deben actualizar la pol\u00edtica de reparaciones bajo el periodo de garant\u00eda. Y no, los cambios no son para nada buenos. La compa\u00f1\u00eda de Cupertino ha realizado un <em>downgrade<\/em> en toda regla, haciendo que los usuarios <strong>pierdan un arreglo que hist\u00f3ricamente ha sido gratuito<\/strong>. <\/p>\n<p>\u00bfDe qu\u00e9 se trata? Seg\u00fan podemos leer en <a href=\"https:\/\/9to5mac.com\/2024\/06\/05\/iphone-screen-repair-warranty\/\" target=\"_blank\" rel=\"noopener\"><em>9to5mac<\/em><\/a>, <strong>Apple ha dejado de reparar las &#8216;single hairline cracks&#8217; bajo la garant\u00eda de los iPhone y los Apple Watch<\/strong>. \u00bfQu\u00e9 son? La traducci\u00f3n tiene varias posibilidades, pero entendemos que se trata de las &#8216;<strong>grietas finas<\/strong>&#8216; que pueden aparecen en la pantalla. <\/p>\n<p>Desde hace a\u00f1os, Apple realiza la reparaci\u00f3n de estas peque\u00f1as grietas de forma gratuita si tu iPhone o Watch est\u00e1n en garant\u00eda, <strong>y siempre que el dispositivo no muestre signos de ca\u00eddas o golpes<\/strong>. De hecho, las grietas deben ser simples y no tener una clara zona de rotura derivada de un &#8216;picotazo&#8217;. <\/p>\n<p>Puede parecer algo extremadamente raro, pero sorprendentemente Apple hasta ayer mismo ten\u00eda esta pol\u00edtica. A pesar de que la garant\u00eda <strong>est\u00e1 para cubrir defectos de fabricaci\u00f3n<\/strong>, si tu iPhone, Apple Watch, iPad o Mac sufr\u00edan una de estas &#8216;grietas finas&#8217; pod\u00edas ir a una Apple Store a que te <strong>cambiasen la pantalla de forma gratuita<\/strong>. <\/p>\n<p>Y s\u00ed, como te puedes imaginar, esta reparaci\u00f3n es <strong>incre\u00edblemente ambigua<\/strong> y puede ser valorada de forma diferente dependiendo del <em>Genuis Bar<\/em> que elijas. Es m\u00e1s, en los foros hay casos de usuarios que se encontraban con la negativa en unas tiendas, mientras que en otras s\u00ed le realizaban la reparaci\u00f3n de forma gratuita. <\/p>\n<figure class=\"wp-block-image size-large\"><img loading=\"lazy\" decoding=\"async\" width=\"780\" height=\"431\" alt=\"REparaci\u00f3n iPad y iPhone\" class=\"wp-image-1796784 perfmatters-lazy\" data-recalc-dims=\"1\" src=\"https:\/\/i0.wp.com\/imgs.hipertextual.com\/wp-content\/uploads\/2024\/06\/Apple-Grietas-finas-1500x829.jpeg?resize=780%2C431&amp;quality=55&amp;strip=all&amp;ssl=1\" srcset=\"https:\/\/i0.wp.com\/imgs.hipertextual.com\/wp-content\/uploads\/2024\/06\/Apple-Grietas-finas.jpeg?resize=1500%2C829&amp;quality=55&amp;strip=all&amp;ssl=1 1500w, https:\/\/i0.wp.com\/imgs.hipertextual.com\/wp-content\/uploads\/2024\/06\/Apple-Grietas-finas.jpeg?resize=800%2C442&amp;quality=55&amp;strip=all&amp;ssl=1 800w, https:\/\/i0.wp.com\/imgs.hipertextual.com\/wp-content\/uploads\/2024\/06\/Apple-Grietas-finas.jpeg?resize=768%2C425&amp;quality=55&amp;strip=all&amp;ssl=1 768w, https:\/\/i0.wp.com\/imgs.hipertextual.com\/wp-content\/uploads\/2024\/06\/Apple-Grietas-finas.jpeg?resize=1536%2C849&amp;quality=55&amp;strip=all&amp;ssl=1 1536w, https:\/\/i0.wp.com\/imgs.hipertextual.com\/wp-content\/uploads\/2024\/06\/Apple-Grietas-finas.jpeg?resize=2048%2C1132&amp;quality=55&amp;strip=all&amp;ssl=1 2048w, https:\/\/i0.wp.com\/imgs.hipertextual.com\/wp-content\/uploads\/2024\/06\/Apple-Grietas-finas.jpeg?resize=1200%2C663&amp;quality=55&amp;strip=all&amp;ssl=1 1200w, https:\/\/i0.wp.com\/imgs.hipertextual.com\/wp-content\/uploads\/2024\/06\/Apple-Grietas-finas.jpeg?resize=1024%2C566&amp;quality=55&amp;strip=all&amp;ssl=1 1024w, https:\/\/i0.wp.com\/imgs.hipertextual.com\/wp-content\/uploads\/2024\/06\/Apple-Grietas-finas.jpeg?resize=1568%2C867&amp;quality=55&amp;strip=all&amp;ssl=1 1568w, https:\/\/i0.wp.com\/imgs.hipertextual.com\/wp-content\/uploads\/2024\/06\/Apple-Grietas-finas.jpeg?resize=2000%2C1106&amp;quality=55&amp;strip=all&amp;ssl=1 2000w, https:\/\/i0.wp.com\/imgs.hipertextual.com\/wp-content\/uploads\/2024\/06\/Apple-Grietas-finas.jpeg?resize=400%2C221&amp;quality=55&amp;strip=all&amp;ssl=1 400w, https:\/\/i0.wp.com\/imgs.hipertextual.com\/wp-content\/uploads\/2024\/06\/Apple-Grietas-finas.jpeg?w=2340&amp;quality=55&amp;strip=all&amp;ssl=1 2340w, https:\/\/i0.wp.com\/imgs.hipertextual.com\/wp-content\/uploads\/2024\/06\/Apple-Grietas-finas-1500x829.jpeg?w=370&amp;quality=55&amp;strip=all&amp;ssl=1 370w\" data-sizes=\"(max-width: 780px) 100vw, 780px\"\/><img loading=\"lazy\" decoding=\"async\" width=\"780\" height=\"431\" src=\"https:\/\/i0.wp.com\/imgs.hipertextual.com\/wp-content\/uploads\/2024\/06\/Apple-Grietas-finas-1500x829.jpeg?resize=780%2C431&amp;quality=55&amp;strip=all&amp;ssl=1\" alt=\"REparaci\u00f3n iPad y iPhone\" class=\"wp-image-1796784\" srcset=\"https:\/\/i0.wp.com\/imgs.hipertextual.com\/wp-content\/uploads\/2024\/06\/Apple-Grietas-finas.jpeg?resize=1500%2C829&amp;quality=55&amp;strip=all&amp;ssl=1 1500w, https:\/\/i0.wp.com\/imgs.hipertextual.com\/wp-content\/uploads\/2024\/06\/Apple-Grietas-finas.jpeg?resize=800%2C442&amp;quality=55&amp;strip=all&amp;ssl=1 800w, https:\/\/i0.wp.com\/imgs.hipertextual.com\/wp-content\/uploads\/2024\/06\/Apple-Grietas-finas.jpeg?resize=768%2C425&amp;quality=55&amp;strip=all&amp;ssl=1 768w, https:\/\/i0.wp.com\/imgs.hipertextual.com\/wp-content\/uploads\/2024\/06\/Apple-Grietas-finas.jpeg?resize=1536%2C849&amp;quality=55&amp;strip=all&amp;ssl=1 1536w, https:\/\/i0.wp.com\/imgs.hipertextual.com\/wp-content\/uploads\/2024\/06\/Apple-Grietas-finas.jpeg?resize=2048%2C1132&amp;quality=55&amp;strip=all&amp;ssl=1 2048w, https:\/\/i0.wp.com\/imgs.hipertextual.com\/wp-content\/uploads\/2024\/06\/Apple-Grietas-finas.jpeg?resize=1200%2C663&amp;quality=55&amp;strip=all&amp;ssl=1 1200w, https:\/\/i0.wp.com\/imgs.hipertextual.com\/wp-content\/uploads\/2024\/06\/Apple-Grietas-finas.jpeg?resize=1024%2C566&amp;quality=55&amp;strip=all&amp;ssl=1 1024w, https:\/\/i0.wp.com\/imgs.hipertextual.com\/wp-content\/uploads\/2024\/06\/Apple-Grietas-finas.jpeg?resize=1568%2C867&amp;quality=55&amp;strip=all&amp;ssl=1 1568w, https:\/\/i0.wp.com\/imgs.hipertextual.com\/wp-content\/uploads\/2024\/06\/Apple-Grietas-finas.jpeg?resize=2000%2C1106&amp;quality=55&amp;strip=all&amp;ssl=1 2000w, https:\/\/i0.wp.com\/imgs.hipertextual.com\/wp-content\/uploads\/2024\/06\/Apple-Grietas-finas.jpeg?resize=400%2C221&amp;quality=55&amp;strip=all&amp;ssl=1 400w, https:\/\/i0.wp.com\/imgs.hipertextual.com\/wp-content\/uploads\/2024\/06\/Apple-Grietas-finas.jpeg?w=2340&amp;quality=55&amp;strip=all&amp;ssl=1 2340w, https:\/\/i0.wp.com\/imgs.hipertextual.com\/wp-content\/uploads\/2024\/06\/Apple-Grietas-finas-1500x829.jpeg?w=370&amp;quality=55&amp;strip=all&amp;ssl=1 370w\" sizes=\"auto, (max-width: 780px) 100vw, 780px\" data-recalc-dims=\"1\"\/><figcaption class=\"wp-element-caption\">Ejemplo de &#8216;grieta fina&#8217; reparada por Apple de forma gratuita | Apple Support Communities <\/figcaption><\/figure>\n<div id=\"ez-toc-container\" class=\"ez-toc-v2_0_81 counter-hierarchy ez-toc-counter ez-toc-grey ez-toc-container-direction\">\n<div class=\"ez-toc-title-container\">\n<p class=\"ez-toc-title\" style=\"cursor:inherit\">Tabla de Contenido<\/p>\n<span class=\"ez-toc-title-toggle\"><a href=\"#\" class=\"ez-toc-pull-right ez-toc-btn ez-toc-btn-xs ez-toc-btn-default ez-toc-toggle\" aria-label=\"Alternar tabla de contenidos\"><span class=\"ez-toc-js-icon-con\"><span class=\"\"><span class=\"eztoc-hide\" style=\"display:none;\">Toggle<\/span><span class=\"ez-toc-icon-toggle-span\"><svg style=\"fill: #999;color:#999\" xmlns=\"http:\/\/www.w3.org\/2000\/svg\" class=\"list-377408\" width=\"20px\" height=\"20px\" viewBox=\"0 0 24 24\" fill=\"none\"><path d=\"M6 6H4v2h2V6zm14 0H8v2h12V6zM4 11h2v2H4v-2zm16 0H8v2h12v-2zM4 16h2v2H4v-2zm16 0H8v2h12v-2z\" fill=\"currentColor\"><\/path><\/svg><svg style=\"fill: #999;color:#999\" class=\"arrow-unsorted-368013\" xmlns=\"http:\/\/www.w3.org\/2000\/svg\" width=\"10px\" height=\"10px\" viewBox=\"0 0 24 24\" version=\"1.2\" baseProfile=\"tiny\"><path d=\"M18.2 9.3l-6.2-6.3-6.2 6.3c-.2.2-.3.4-.3.7s.1.5.3.7c.2.2.4.3.7.3h11c.3 0 .5-.1.7-.3.2-.2.3-.5.3-.7s-.1-.5-.3-.7zM5.8 14.7l6.2 6.3 6.2-6.3c.2-.2.3-.5.3-.7s-.1-.5-.3-.7c-.2-.2-.4-.3-.7-.3h-11c-.3 0-.5.1-.7.3-.2.2-.3.5-.3.7s.1.5.3.7z\"\/><\/svg><\/span><\/span><\/span><\/a><\/span><\/div>\n<nav><ul class='ez-toc-list ez-toc-list-level-1 ' ><li class='ez-toc-page-1 ez-toc-heading-level-2'><a class=\"ez-toc-link ez-toc-heading-1\" href=\"https:\/\/enfoquenoticioso.com\/?p=5152\/#Apple_saca_las_%E2%80%98grietas_finas_de_su_garantia_para_el_iPhone_y_el_Watch\" >Apple saca las &#8216;grietas finas&#8217; de su garant\u00eda para el iPhone y el Watch<\/a><\/li><li class='ez-toc-page-1 ez-toc-heading-level-2'><a class=\"ez-toc-link ez-toc-heading-2\" href=\"https:\/\/enfoquenoticioso.com\/?p=5152\/#El_iPad_y_el_Mac_en_el_punto_de_mira\" >El iPad y el Mac en el punto de mira<\/a><ul class='ez-toc-list-level-4' ><li class='ez-toc-heading-level-4'><ul class='ez-toc-list-level-4' ><li class='ez-toc-heading-level-4'><a class=\"ez-toc-link ez-toc-heading-3\" href=\"https:\/\/enfoquenoticioso.com\/?p=5152\/#Tambien_en_Hipertextual\" >Tambi\u00e9n en Hipertextual:<\/a><\/li><\/ul><\/li><\/ul><\/li><\/ul><\/nav><\/div>\n<h2 class=\"wp-block-heading\" id=\"h-apple-saca-las-grietas-finas-de-su-garantia-para-el-iphone-y-el-watch\"><span class=\"ez-toc-section\" id=\"Apple_saca_las_%E2%80%98grietas_finas_de_su_garantia_para_el_iPhone_y_el_Watch\"><\/span>Apple saca las &#8216;grietas finas&#8217; de su garant\u00eda para el iPhone y el Watch<span class=\"ez-toc-section-end\"><\/span><\/h2>\n<p>Pues bien, todo apunta a que esta disparidad, <strong>y la complicaci\u00f3n por determinar la procedencia de estas &#8216;<em>single hairline cracks<\/em>&#8216;<\/strong>, ha acabado elimin\u00e1ndolas de la garant\u00eda oficial. Todas las <em>Genius Bar<\/em> ahora tienen la obligaci\u00f3n de declinar la reparaci\u00f3n gratuita y deben indicarte cu\u00e1nto cuesta cambiar la pantalla. Ya no hay ambig\u00fcedad, an\u00e1lisis o respuestas dispares: directamente desaparece. <\/p>\n<p>Si tienes una de estas &#8216;grietas finas&#8217; <strong>Apple las identifica como un da\u00f1o accidental<\/strong> y te hace pagar para repararlas. El coste, de hecho, no difiere de un cambio de pantalla tradicional y el precio depende del iPhone o el Apple Watch que tengas. Puedes consultar las tarifas de la compa\u00f1\u00eda desde su <a href=\"https:\/\/support.apple.com\/es-es\/iphone\/repair\/screen-replacement\" target=\"_blank\" rel=\"noopener\">p\u00e1gina de soporte<\/a>. <\/p>\n<h2 class=\"wp-block-heading\" id=\"h-el-ipad-y-el-mac-en-el-punto-de-mira\"><span class=\"ez-toc-section\" id=\"El_iPad_y_el_Mac_en_el_punto_de_mira\"><\/span>El iPad y el Mac en el punto de mira<span class=\"ez-toc-section-end\"><\/span><\/h2>\n<p>Ahora bien, m\u00e1s arriba te hemos comentado que esta <strong>reparaci\u00f3n gratuita bajo garant\u00eda tambi\u00e9n est\u00e1 disponible para los iPad y los Mac<\/strong>. Y as\u00ed sigue siendo. La actualizaci\u00f3n solo ha afectado \u2014por el momento\u2014 a los iPhone y Apple Watch, pero no a los otros dos dispositivos de la lista. Es decir, que puedes aprovechar si tienes una peque\u00f1a grieta o ara\u00f1azo para repararlo gratuitamente. <\/p>\n<p>Porque s\u00ed, todo apunta que <strong>es cuesti\u00f3n de tiempo que el iPad y el Mac tambi\u00e9n sean noticia por dejar de incluir las &#8216;grietas finas&#8217; en su periodo de garant\u00eda<\/strong>. De hecho, no entendemos muy bien como una compa\u00f1\u00eda como Apple ha estado aceptando esta reparaci\u00f3n gratuita durante los \u00faltimos a\u00f1os. <\/p>\n<p>Nuestra teor\u00eda, coment\u00e1ndolo con gente del equipo, <strong>es que casi nadie conoc\u00eda esta reparaci\u00f3n.<\/strong> Es poco com\u00fan pensar que si has ocasionado una grieta en tu pantalla Apple la vaya a reparar de forma gratuita, por lo que los usuarios simplemente deb\u00edan pasarlo por alto y ni preguntaban en las tiendas de la compa\u00f1\u00eda. Seguro que muchos ahora mismo se est\u00e1n arrepintiendo de no haber le\u00eddo ese peque\u00f1o folleto de garant\u00eda que incluye el iPhone. <\/p>\n<aside class=\"scaip scaip-2    \">\n<aside id=\"newspack-ads-widget-53\" class=\"widget_newspack-ads-widget clearfix\"\/>\n<aside id=\"block-134\" class=\"widget_block clearfix\">\n<hr class=\"wp-block-separator has-alpha-channel-opacity is-style-wide\"\/>\n<\/aside>\n<aside id=\"block-132\" class=\"widget_block clearfix\">\n<div class=\"wp-block-group\">\n<div class=\"wp-block-group__inner-container is-layout-constrained wp-block-group-is-layout-constrained\">\n<figure class=\"wp-block-embed is-type-video is-provider-youtube wp-block-embed-youtube wp-embed-aspect-16-9 wp-has-aspect-ratio\">\n<p>\n<a href=\"https:\/\/www.youtube.com\/watch?v=videoseries\" target=\"_blank\" rel=\"noopener\">https:\/\/www.youtube.com\/watch?v=videoseries<\/a><noscript><a href=\"https:\/\/www.youtube.com\/watch?v=videoseries\" target=\"_blank\" rel=\"noopener\">https:\/\/www.youtube.com\/watch?v=videoseries<\/a><\/noscript>\n<\/p>\n<\/figure>\n<hr class=\"wp-block-separator has-alpha-channel-opacity is-style-wide\"\/>\n<\/div>\n<\/div>\n<\/aside>\n<\/aside>\n<section id=\"block-25\" class=\"below-content widget widget_block\">\n<div class=\"wp-block-group is-style-default hiper-newsletter-box has-background\" style=\"background:linear-gradient(180deg,rgb(0,23,188) 28%,rgb(0,15,131) 100%);padding-top:15px;padding-right:15px;padding-bottom:15px;padding-left:15px\">\n<div class=\"wp-block-group__inner-container is-layout-constrained wp-block-group-is-layout-constrained\">\n<p class=\"has-white-color has-text-color\">Recibe cada ma\u00f1ana nuestra <a rel=\"noreferrer noopener\" href=\"https:\/\/hipertextual.com\/newsletter\" target=\"_blank\">newsletter<\/a>. Una gu\u00eda para entender lo que importa en relaci\u00f3n con la tecnolog\u00eda, la ciencia y la cultura digital.<\/p>\n<div class=\"wp-block-jetpack-mailchimp\" data-blog-id=\"190110665\">\n<p>\nProcesando&#8230; <\/p>\n<p>\n\u00a1Listo! Ya est\u00e1s suscrito <\/p>\n<p>\nHubo un error, actualiza la p\u00e1gina e int\u00e9ntalo nuevamente <\/p>\n<\/div>\n<\/div>\n<\/div>\n<\/section>\n<section id=\"block-74\" class=\"below-content widget widget_block\">\n<\/section>\n<section id=\"block-71\" class=\"below-content widget widget_block\">\n<h4 class=\"wp-block-heading tambien-en-hipertextual\" id=\"h-tambien-en-hipertextual\" style=\"padding-top:0.8em;padding-right:0px;padding-bottom:0px;padding-left:0px\"><span class=\"ez-toc-section\" id=\"Tambien_en_Hipertextual\"><\/span>Tambi\u00e9n en Hipertextual:<span class=\"ez-toc-section-end\"><\/span><\/h4>\n<\/section>\n<section id=\"block-32\" class=\"below-content widget widget_block\">\n<nav class=\"jp-relatedposts-i2 jp-related-hipertextual wp-block-jetpack-related-posts has-normal-font-size\" style=\"padding-bottom:0px;padding-left:0px;padding-top:0px;padding-right:1.5em;\" data-layout=\"list\" aria-label=\"Entradas relacionadas\"\/><\/section>\n<\/p><\/div>\n<p><a href=\"https:\/\/hipertextual.com\/2024\/06\/malas-noticias-para-la-garantia-del-iphone-apple-te-hara-pagar-por-una-reparacion-que-antes-era-gratis\" class=\" target=\" title=\"Malas noticias para la garant\u00eda del iPhone: adi\u00f3s a esta reparaci\u00f3n\" target=\"_blank\" rel=\"noopener\">Ver fuente<\/a><\/p>\n","protected":false},"excerpt":{"rendered":"<p>Si tienes un iPhone o un Apple Watch debes saber que su garant\u00eda acaba de sufrir una modificaci\u00f3n. Apple ha comunicado a sus tiendas y a los reparadores oficiales que deben actualizar la pol\u00edtica de reparaciones bajo el periodo de garant\u00eda. Y no, los cambios no son para nada buenos. La compa\u00f1\u00eda de Cupertino ha [&hellip;]<\/p>\n","protected":false},"author":2,"featured_media":5153,"comment_status":"open","ping_status":"closed","sticky":false,"template":"","format":"standard","meta":{"footnotes":""},"categories":[9],"tags":[],"class_list":["post-5152","post","type-post","status-publish","format-standard","has-post-thumbnail","hentry","category-tecnologia"],"_links":{"self":[{"href":"https:\/\/enfoquenoticioso.com\/index.php?rest_route=\/wp\/v2\/posts\/5152","targetHints":{"allow":["GET"]}}],"collection":[{"href":"https:\/\/enfoquenoticioso.com\/index.php?rest_route=\/wp\/v2\/posts"}],"about":[{"href":"https:\/\/enfoquenoticioso.com\/index.php?rest_route=\/wp\/v2\/types\/post"}],"author":[{"embeddable":true,"href":"https:\/\/enfoquenoticioso.com\/index.php?rest_route=\/wp\/v2\/users\/2"}],"replies":[{"embeddable":true,"href":"https:\/\/enfoquenoticioso.com\/index.php?rest_route=%2Fwp%2Fv2%2Fcomments&post=5152"}],"version-history":[{"count":0,"href":"https:\/\/enfoquenoticioso.com\/index.php?rest_route=\/wp\/v2\/posts\/5152\/revisions"}],"wp:featuredmedia":[{"embeddable":true,"href":"https:\/\/enfoquenoticioso.com\/index.php?rest_route=\/wp\/v2\/media\/5153"}],"wp:attachment":[{"href":"https:\/\/enfoquenoticioso.com\/index.php?rest_route=%2Fwp%2Fv2%2Fmedia&parent=5152"}],"wp:term":[{"taxonomy":"category","embeddable":true,"href":"https:\/\/enfoquenoticioso.com\/index.php?rest_route=%2Fwp%2Fv2%2Fcategories&post=5152"},{"taxonomy":"post_tag","embeddable":true,"href":"https:\/\/enfoquenoticioso.com\/index.php?rest_route=%2Fwp%2Fv2%2Ftags&post=5152"}],"curies":[{"name":"wp","href":"https:\/\/api.w.org\/{rel}","templated":true}]}}